{"id":8411,"date":"2020-12-28T18:54:18","date_gmt":"2020-12-28T18:54:18","guid":{"rendered":"https:\/\/www.valparaisocreativo.cl\/?p=5675"},"modified":"2020-12-28T18:54:18","modified_gmt":"2020-12-28T18:54:18","slug":"participa-en-la-encuesta-de-trabajadores-y-emprendedores-del-sector-musical-regional","status":"publish","type":"post","link":"https:\/\/dev.antudigital.cl\/sites\/vc\/participa-en-la-encuesta-de-trabajadores-y-emprendedores-del-sector-musical-regional\/","title":{"rendered":"Participa en la Encuesta de trabajadores y emprendedores del sector musical regional"},"content":{"rendered":"<p class=\"p1\">Necesitamos tu voz ????????<\/p>\n<p class=\"p1\">Participa en la <strong>Encuesta de trabajadores y emprendedores del sector musical regional<\/strong>. T\u00fa eres la br\u00fajula que nos guiar\u00e1 a la pr\u00f3xima etapa como Regi\u00f3n Creativa y Ciudad Musical.<\/p>\n<p class=\"p1\">Esto va dirigido a <strong>artistas, emprendedores y trabajadores<\/strong> de la cadena de valor del sector musical en su expresi\u00f3n m\u00e1s amplia (sellos, estudios, agencias, managers, medios, productores y m\u00e1s). El prop\u00f3sito es validar las fortalezas y priorizar las oportunidades e iniciativas que necesitamos que se desarrollen para seguir avanzando.<\/p>\n<p>Tu experiencia y opini\u00f3n son importantes en el siguiente paso para la conformaci\u00f3n de Valpara\u00edso Ciudad Musical. Mientras m\u00e1s respuestas tengamos, podemos vislumbrar de mejor manera las decisiones que dirigir\u00e1n el crecimiento del sector musical en el territorio. A la vez, nos permitir\u00e1 tener una visi\u00f3n m\u00e1s certera de la realidad post-pandemia en el rubro.<\/p>\n<h4><strong>Responde hoy aqu\u00ed <span class=\"s1\">????<\/span><span class=\"s2\"> <a href=\"http:\/\/bit.ly\/cuestionariomusica\">http:\/\/bit.ly\/cuestionariomusica<\/a><\/span><\/strong><\/h4>\n<p class=\"p1\">Coordinan: Valpara\u00edso Creativo, Ilustre Municipalidad de Valpara\u00edso, Fanear Labs.<\/p>\n<p class=\"p3\">\n","protected":false},"excerpt":{"rendered":"<p>Necesitamos tu voz ???????? Participa en la Encuesta de trabajadores y emprendedores del sector musical regional. T\u00fa eres la br\u00fajula que nos guiar\u00e1 a la pr\u00f3xima etapa como Regi\u00f3n Creativa y Ciudad Musical. Esto va dirigido a artistas, emprendedores y trabajadores de la cadena de valor del sector musical en su expresi\u00f3n m\u00e1s amplia (sellos, [&hellip;]<\/p>\n","protected":false},"author":3,"featured_media":8412,"comment_status":"closed","ping_status":"closed","sticky":false,"template":"","format":"standard","meta":{"_acf_changed":false,"footnotes":""},"categories":[8],"tags":[],"class_list":["post-8411","post","type-post","status-publish","format-standard","has-post-thumbnail","hentry","category-noticia"],"acf":[],"yoast_head":"<!-- This site is optimized with the Yoast SEO plugin v27.1.1 - https:\/\/yoast.com\/product\/yoast-seo-wordpress\/ -->\n<title>Participa en la Encuesta de trabajadores y emprendedores del sector musical regional - Valpara\u00ed\u00adso Creativo<\/title>\n<meta name=\"robots\" content=\"index, follow, max-snippet:-1, max-image-preview:large, max-video-preview:-1\" \/>\n<link rel=\"canonical\" href=\"https:\/\/dev.antudigital.cl\/sites\/vc\/participa-en-la-encuesta-de-trabajadores-y-emprendedores-del-sector-musical-regional\/\" \/>\n<meta property=\"og:locale\" content=\"es_ES\" \/>\n<meta property=\"og:type\" content=\"article\" \/>\n<meta property=\"og:title\" content=\"Participa en la Encuesta de trabajadores y emprendedores del sector musical regional - Valpara\u00ed\u00adso Creativo\" \/>\n<meta property=\"og:description\" content=\"Necesitamos tu voz ???????? Participa en la Encuesta de trabajadores y emprendedores del sector musical regional. T\u00fa eres la br\u00fajula que nos guiar\u00e1 a la pr\u00f3xima etapa como Regi\u00f3n Creativa y Ciudad Musical. Esto va dirigido a artistas, emprendedores y trabajadores de la cadena de valor del sector musical en su expresi\u00f3n m\u00e1s amplia (sellos, [&hellip;]\" \/>\n<meta property=\"og:url\" content=\"https:\/\/dev.antudigital.cl\/sites\/vc\/participa-en-la-encuesta-de-trabajadores-y-emprendedores-del-sector-musical-regional\/\" \/>\n<meta property=\"og:site_name\" content=\"Valpara\u00ed\u00adso Creativo\" \/>\n<meta property=\"article:published_time\" content=\"2020-12-28T18:54:18+00:00\" \/>\n<meta property=\"og:image\" content=\"https:\/\/dev.antudigital.cl\/sites\/vc\/wp-content\/uploads\/2020\/12\/bajada1-1.jpg\" \/>\n\t<meta property=\"og:image:width\" content=\"1080\" \/>\n\t<meta property=\"og:image:height\" content=\"663\" \/>\n\t<meta property=\"og:image:type\" content=\"image\/jpeg\" \/>\n<meta name=\"author\" content=\"Valparaiso Creativo\" \/>\n<meta name=\"twitter:card\" content=\"summary_large_image\" \/>\n<meta name=\"twitter:label1\" content=\"Escrito por\" \/>\n\t<meta name=\"twitter:data1\" content=\"Valparaiso Creativo\" \/>\n\t<meta name=\"twitter:label2\" content=\"Tiempo de lectura\" \/>\n\t<meta name=\"twitter:data2\" content=\"1 minuto\" \/>\n<script type=\"application\/ld+json\" class=\"yoast-schema-graph\">{\"@context\":\"https:\/\/schema.org\",\"@graph\":[{\"@type\":\"Article\",\"@id\":\"https:\/\/dev.antudigital.cl\/sites\/vc\/participa-en-la-encuesta-de-trabajadores-y-emprendedores-del-sector-musical-regional\/#article\",\"isPartOf\":{\"@id\":\"https:\/\/dev.antudigital.cl\/sites\/vc\/participa-en-la-encuesta-de-trabajadores-y-emprendedores-del-sector-musical-regional\/\"},\"author\":{\"name\":\"Valparaiso Creativo\",\"@id\":\"https:\/\/dev.antudigital.cl\/sites\/vc\/#\/schema\/person\/81d1dcd51abd542b5dfc00f5f951a0f1\"},\"headline\":\"Participa en la Encuesta de trabajadores y emprendedores del sector musical regional\",\"datePublished\":\"2020-12-28T18:54:18+00:00\",\"mainEntityOfPage\":{\"@id\":\"https:\/\/dev.antudigital.cl\/sites\/vc\/participa-en-la-encuesta-de-trabajadores-y-emprendedores-del-sector-musical-regional\/\"},\"wordCount\":180,\"image\":{\"@id\":\"https:\/\/dev.antudigital.cl\/sites\/vc\/participa-en-la-encuesta-de-trabajadores-y-emprendedores-del-sector-musical-regional\/#primaryimage\"},\"thumbnailUrl\":\"https:\/\/dev.antudigital.cl\/sites\/vc\/wp-content\/uploads\/2020\/12\/bajada1-1.jpg\",\"articleSection\":[\"Noticia\"],\"inLanguage\":\"es\"},{\"@type\":\"WebPage\",\"@id\":\"https:\/\/dev.antudigital.cl\/sites\/vc\/participa-en-la-encuesta-de-trabajadores-y-emprendedores-del-sector-musical-regional\/\",\"url\":\"https:\/\/dev.antudigital.cl\/sites\/vc\/participa-en-la-encuesta-de-trabajadores-y-emprendedores-del-sector-musical-regional\/\",\"name\":\"Participa en la Encuesta de trabajadores y emprendedores del sector musical regional - Valpara\u00ed\u00adso Creativo\",\"isPartOf\":{\"@id\":\"https:\/\/dev.antudigital.cl\/sites\/vc\/#website\"},\"primaryImageOfPage\":{\"@id\":\"https:\/\/dev.antudigital.cl\/sites\/vc\/participa-en-la-encuesta-de-trabajadores-y-emprendedores-del-sector-musical-regional\/#primaryimage\"},\"image\":{\"@id\":\"https:\/\/dev.antudigital.cl\/sites\/vc\/participa-en-la-encuesta-de-trabajadores-y-emprendedores-del-sector-musical-regional\/#primaryimage\"},\"thumbnailUrl\":\"https:\/\/dev.antudigital.cl\/sites\/vc\/wp-content\/uploads\/2020\/12\/bajada1-1.jpg\",\"datePublished\":\"2020-12-28T18:54:18+00:00\",\"author\":{\"@id\":\"https:\/\/dev.antudigital.cl\/sites\/vc\/#\/schema\/person\/81d1dcd51abd542b5dfc00f5f951a0f1\"},\"breadcrumb\":{\"@id\":\"https:\/\/dev.antudigital.cl\/sites\/vc\/participa-en-la-encuesta-de-trabajadores-y-emprendedores-del-sector-musical-regional\/#breadcrumb\"},\"inLanguage\":\"es\",\"potentialAction\":[{\"@type\":\"ReadAction\",\"target\":[\"https:\/\/dev.antudigital.cl\/sites\/vc\/participa-en-la-encuesta-de-trabajadores-y-emprendedores-del-sector-musical-regional\/\"]}]},{\"@type\":\"ImageObject\",\"inLanguage\":\"es\",\"@id\":\"https:\/\/dev.antudigital.cl\/sites\/vc\/participa-en-la-encuesta-de-trabajadores-y-emprendedores-del-sector-musical-regional\/#primaryimage\",\"url\":\"https:\/\/dev.antudigital.cl\/sites\/vc\/wp-content\/uploads\/2020\/12\/bajada1-1.jpg\",\"contentUrl\":\"https:\/\/dev.antudigital.cl\/sites\/vc\/wp-content\/uploads\/2020\/12\/bajada1-1.jpg\",\"width\":1080,\"height\":663},{\"@type\":\"BreadcrumbList\",\"@id\":\"https:\/\/dev.antudigital.cl\/sites\/vc\/participa-en-la-encuesta-de-trabajadores-y-emprendedores-del-sector-musical-regional\/#breadcrumb\",\"itemListElement\":[{\"@type\":\"ListItem\",\"position\":1,\"name\":\"Home\",\"item\":\"https:\/\/dev.antudigital.cl\/sites\/vc\/\"},{\"@type\":\"ListItem\",\"position\":2,\"name\":\"Participa en la Encuesta de trabajadores y emprendedores del sector musical regional\"}]},{\"@type\":\"WebSite\",\"@id\":\"https:\/\/dev.antudigital.cl\/sites\/vc\/#website\",\"url\":\"https:\/\/dev.antudigital.cl\/sites\/vc\/\",\"name\":\"Valpara\u00ed\u00adso Creativo\",\"description\":\"\",\"potentialAction\":[{\"@type\":\"SearchAction\",\"target\":{\"@type\":\"EntryPoint\",\"urlTemplate\":\"https:\/\/dev.antudigital.cl\/sites\/vc\/?s={search_term_string}\"},\"query-input\":{\"@type\":\"PropertyValueSpecification\",\"valueRequired\":true,\"valueName\":\"search_term_string\"}}],\"inLanguage\":\"es\"},{\"@type\":\"Person\",\"@id\":\"https:\/\/dev.antudigital.cl\/sites\/vc\/#\/schema\/person\/81d1dcd51abd542b5dfc00f5f951a0f1\",\"name\":\"Valparaiso Creativo\",\"url\":\"https:\/\/dev.antudigital.cl\/sites\/vc\/author\/valparaiso-creativo\/\"}]}<\/script>\n<!-- \/ Yoast SEO plugin. -->","yoast_head_json":{"title":"Participa en la Encuesta de trabajadores y emprendedores del sector musical regional - Valpara\u00ed\u00adso Creativo","robots":{"index":"index","follow":"follow","max-snippet":"max-snippet:-1","max-image-preview":"max-image-preview:large","max-video-preview":"max-video-preview:-1"},"canonical":"https:\/\/dev.antudigital.cl\/sites\/vc\/participa-en-la-encuesta-de-trabajadores-y-emprendedores-del-sector-musical-regional\/","og_locale":"es_ES","og_type":"article","og_title":"Participa en la Encuesta de trabajadores y emprendedores del sector musical regional - Valpara\u00ed\u00adso Creativo","og_description":"Necesitamos tu voz ???????? Participa en la Encuesta de trabajadores y emprendedores del sector musical regional. T\u00fa eres la br\u00fajula que nos guiar\u00e1 a la pr\u00f3xima etapa como Regi\u00f3n Creativa y Ciudad Musical. Esto va dirigido a artistas, emprendedores y trabajadores de la cadena de valor del sector musical en su expresi\u00f3n m\u00e1s amplia (sellos, [&hellip;]","og_url":"https:\/\/dev.antudigital.cl\/sites\/vc\/participa-en-la-encuesta-de-trabajadores-y-emprendedores-del-sector-musical-regional\/","og_site_name":"Valpara\u00ed\u00adso Creativo","article_published_time":"2020-12-28T18:54:18+00:00","og_image":[{"width":1080,"height":663,"url":"https:\/\/dev.antudigital.cl\/sites\/vc\/wp-content\/uploads\/2020\/12\/bajada1-1.jpg","type":"image\/jpeg"}],"author":"Valparaiso Creativo","twitter_card":"summary_large_image","twitter_misc":{"Escrito por":"Valparaiso Creativo","Tiempo de lectura":"1 minuto"},"schema":{"@context":"https:\/\/schema.org","@graph":[{"@type":"Article","@id":"https:\/\/dev.antudigital.cl\/sites\/vc\/participa-en-la-encuesta-de-trabajadores-y-emprendedores-del-sector-musical-regional\/#article","isPartOf":{"@id":"https:\/\/dev.antudigital.cl\/sites\/vc\/participa-en-la-encuesta-de-trabajadores-y-emprendedores-del-sector-musical-regional\/"},"author":{"name":"Valparaiso Creativo","@id":"https:\/\/dev.antudigital.cl\/sites\/vc\/#\/schema\/person\/81d1dcd51abd542b5dfc00f5f951a0f1"},"headline":"Participa en la Encuesta de trabajadores y emprendedores del sector musical regional","datePublished":"2020-12-28T18:54:18+00:00","mainEntityOfPage":{"@id":"https:\/\/dev.antudigital.cl\/sites\/vc\/participa-en-la-encuesta-de-trabajadores-y-emprendedores-del-sector-musical-regional\/"},"wordCount":180,"image":{"@id":"https:\/\/dev.antudigital.cl\/sites\/vc\/participa-en-la-encuesta-de-trabajadores-y-emprendedores-del-sector-musical-regional\/#primaryimage"},"thumbnailUrl":"https:\/\/dev.antudigital.cl\/sites\/vc\/wp-content\/uploads\/2020\/12\/bajada1-1.jpg","articleSection":["Noticia"],"inLanguage":"es"},{"@type":"WebPage","@id":"https:\/\/dev.antudigital.cl\/sites\/vc\/participa-en-la-encuesta-de-trabajadores-y-emprendedores-del-sector-musical-regional\/","url":"https:\/\/dev.antudigital.cl\/sites\/vc\/participa-en-la-encuesta-de-trabajadores-y-emprendedores-del-sector-musical-regional\/","name":"Participa en la Encuesta de trabajadores y emprendedores del sector musical regional - Valpara\u00ed\u00adso Creativo","isPartOf":{"@id":"https:\/\/dev.antudigital.cl\/sites\/vc\/#website"},"primaryImageOfPage":{"@id":"https:\/\/dev.antudigital.cl\/sites\/vc\/participa-en-la-encuesta-de-trabajadores-y-emprendedores-del-sector-musical-regional\/#primaryimage"},"image":{"@id":"https:\/\/dev.antudigital.cl\/sites\/vc\/participa-en-la-encuesta-de-trabajadores-y-emprendedores-del-sector-musical-regional\/#primaryimage"},"thumbnailUrl":"https:\/\/dev.antudigital.cl\/sites\/vc\/wp-content\/uploads\/2020\/12\/bajada1-1.jpg","datePublished":"2020-12-28T18:54:18+00:00","author":{"@id":"https:\/\/dev.antudigital.cl\/sites\/vc\/#\/schema\/person\/81d1dcd51abd542b5dfc00f5f951a0f1"},"breadcrumb":{"@id":"https:\/\/dev.antudigital.cl\/sites\/vc\/participa-en-la-encuesta-de-trabajadores-y-emprendedores-del-sector-musical-regional\/#breadcrumb"},"inLanguage":"es","potentialAction":[{"@type":"ReadAction","target":["https:\/\/dev.antudigital.cl\/sites\/vc\/participa-en-la-encuesta-de-trabajadores-y-emprendedores-del-sector-musical-regional\/"]}]},{"@type":"ImageObject","inLanguage":"es","@id":"https:\/\/dev.antudigital.cl\/sites\/vc\/participa-en-la-encuesta-de-trabajadores-y-emprendedores-del-sector-musical-regional\/#primaryimage","url":"https:\/\/dev.antudigital.cl\/sites\/vc\/wp-content\/uploads\/2020\/12\/bajada1-1.jpg","contentUrl":"https:\/\/dev.antudigital.cl\/sites\/vc\/wp-content\/uploads\/2020\/12\/bajada1-1.jpg","width":1080,"height":663},{"@type":"BreadcrumbList","@id":"https:\/\/dev.antudigital.cl\/sites\/vc\/participa-en-la-encuesta-de-trabajadores-y-emprendedores-del-sector-musical-regional\/#breadcrumb","itemListElement":[{"@type":"ListItem","position":1,"name":"Home","item":"https:\/\/dev.antudigital.cl\/sites\/vc\/"},{"@type":"ListItem","position":2,"name":"Participa en la Encuesta de trabajadores y emprendedores del sector musical regional"}]},{"@type":"WebSite","@id":"https:\/\/dev.antudigital.cl\/sites\/vc\/#website","url":"https:\/\/dev.antudigital.cl\/sites\/vc\/","name":"Valpara\u00ed\u00adso Creativo","description":"","potentialAction":[{"@type":"SearchAction","target":{"@type":"EntryPoint","urlTemplate":"https:\/\/dev.antudigital.cl\/sites\/vc\/?s={search_term_string}"},"query-input":{"@type":"PropertyValueSpecification","valueRequired":true,"valueName":"search_term_string"}}],"inLanguage":"es"},{"@type":"Person","@id":"https:\/\/dev.antudigital.cl\/sites\/vc\/#\/schema\/person\/81d1dcd51abd542b5dfc00f5f951a0f1","name":"Valparaiso Creativo","url":"https:\/\/dev.antudigital.cl\/sites\/vc\/author\/valparaiso-creativo\/"}]}},"_links":{"self":[{"href":"https:\/\/dev.antudigital.cl\/sites\/vc\/wp-json\/wp\/v2\/posts\/8411","targetHints":{"allow":["GET"]}}],"collection":[{"href":"https:\/\/dev.antudigital.cl\/sites\/vc\/wp-json\/wp\/v2\/posts"}],"about":[{"href":"https:\/\/dev.antudigital.cl\/sites\/vc\/wp-json\/wp\/v2\/types\/post"}],"author":[{"embeddable":true,"href":"https:\/\/dev.antudigital.cl\/sites\/vc\/wp-json\/wp\/v2\/users\/3"}],"replies":[{"embeddable":true,"href":"https:\/\/dev.antudigital.cl\/sites\/vc\/wp-json\/wp\/v2\/comments?post=8411"}],"version-history":[{"count":0,"href":"https:\/\/dev.antudigital.cl\/sites\/vc\/wp-json\/wp\/v2\/posts\/8411\/revisions"}],"wp:featuredmedia":[{"embeddable":true,"href":"https:\/\/dev.antudigital.cl\/sites\/vc\/wp-json\/wp\/v2\/media\/8412"}],"wp:attachment":[{"href":"https:\/\/dev.antudigital.cl\/sites\/vc\/wp-json\/wp\/v2\/media?parent=8411"}],"wp:term":[{"taxonomy":"category","embeddable":true,"href":"https:\/\/dev.antudigital.cl\/sites\/vc\/wp-json\/wp\/v2\/categories?post=8411"},{"taxonomy":"post_tag","embeddable":true,"href":"https:\/\/dev.antudigital.cl\/sites\/vc\/wp-json\/wp\/v2\/tags?post=8411"}],"curies":[{"name":"wp","href":"https:\/\/api.w.org\/{rel}","templated":true}]}}