{"id":8413,"date":"2020-12-28T15:05:27","date_gmt":"2020-12-28T15:05:27","guid":{"rendered":"https:\/\/www.valparaisocreativo.cl\/?p=5670"},"modified":"2020-12-28T15:05:27","modified_gmt":"2020-12-28T15:05:27","slug":"democratizando-los-espacios-el-caso-del-vagon-multiespacio","status":"publish","type":"post","link":"https:\/\/dev.antudigital.cl\/sites\/vc\/democratizando-los-espacios-el-caso-del-vagon-multiespacio\/","title":{"rendered":"Democratizando los espacios culturales: el caso del Vag\u00f3n Multiespacio"},"content":{"rendered":"<p>Entrevistamos a Luis Tabilo, quien lidera el equipo tras El Vag\u00f3n, un espacio emblem\u00e1tico de <strong>La Calera<\/strong>. Hace 7 a\u00f1os, Luis uni\u00f3 fuerzas y movi\u00f3 hilos con otros actores, en pos de ocupar y restaurar un espacio ya olvidado &#8211; anteriormente una estaci\u00f3n de trenes de la ciudad &#8211; y habilitarlo para la escena cultural local. Ac\u00e1 conversamos un poco sobre esta idea y c\u00f3mo se mantiene a flote:<\/p>\n<p><b>&#8211; Luis, cu\u00e9ntanos, \u00bfc\u00f3mo nace la idea del Vag\u00f3n?<\/b><\/p>\n<p><span style=\"font-weight: 400;\">&#8211; Comienza como una idea personal, y ve\u00eda que en La Calera hay una falta de espacios para desarrollar las artes. Yo soy m\u00fasico <em>(La Floripondio, Chico Trujillo, Feocci de Caraccioli)<\/em>, y me vi con ese desaf\u00edo. Encontr\u00e9 este lugar y la primera vez invit\u00e9 a algunos artistas callejeros a que lo conocieran. Nace como respuesta ante la carencia de espacios en nuestra comuna.<\/span><\/p>\n<p><b><img fetchpriority=\"high\" decoding=\"async\" class=\"alignleft size-medium wp-image-5673\" src=\"https:\/\/www.valparaisocreativo.cl\/wp-content\/uploads\/2020\/12\/vago\u0301n-1-300x300.jpg\" alt=\"\" width=\"300\" height=\"300\" \/>&#8211; \u00bfC\u00f3mo fue gest\u00e1ndose el espacio?<\/b><\/p>\n<p>&#8211;\u00a0<span style=\"font-weight: 400;\">En un principio partimos trabajando unos 5, quienes fuimos \u00aba morir\u00bb no m\u00e1s con el cuento. Todo inici\u00f3 con un poco de rechazo por parte de las autoridades locales, pero hoy tenemos documento que acredita que estamos en ese espacio.\u00a0<\/span><\/p>\n<p><span style=\"font-weight: 400;\"><span style=\"text-decoration: underline;\">Tenemos un grupo, del cual yo soy el Presidente de la Organizaci\u00f3n, pero estoy con dos compa\u00f1eros: Rosa Cerda y Jean Moncada<\/span>.<\/span><\/p>\n<p><strong>&#8211; \u00bfQu\u00e9 actividades usualmente se encuentran en el Vag\u00f3n?<\/strong><\/p>\n<p>&#8211; Hoy por ejemplo tenemos t<span style=\"font-weight: 400;\">alleres online de hip hop, un taller de lira, y otro de pintura. Por ahora estamos arreglando el espacio hasta que pase la emergencia sanitaria. Usualmente funciona como escenario para bandas, lugar para talleres, ferias de todo tipo. Hacemos jardiner\u00eda para el mismo espacio, y as\u00ed va pasando de todo realmente. A<span style=\"text-decoration: underline;\">qu\u00ed ya hemos hecho m\u00e1s de 150 actividades culturales, entre talleres, ferias de artesanos, conciertos y presentaciones de diversas disciplinas.<\/span><\/span><\/p>\n<p>&#8211;\u00a0<span style=\"font-weight: 400;\">Cuando yo llegu\u00e9, pens\u00e9 m\u00e1s en la m\u00fasica, entonces las bandas no ten\u00edan donde tocar y necesit\u00e1bamos un espacio urgente. De ese momento comenzaron a salir otras organizaciones, de alguna manera pas\u00f3 algo para que todos aprendieramos. Es un punto de encuentro de artistas de personas, de intercambio de conocimiento. <\/span><\/p>\n<p><strong>&#8211; \u00bfC\u00f3mo ves el impacto en la ciudadan\u00eda y en la gente de La Calera?<\/strong><\/p>\n<p><span style=\"font-weight: 400;\">&#8211; Tuvo un real impacto, la gente comenz\u00f3 a llegar. Se empez\u00f3 a comenzar una familia de El Vag\u00f3n, lo que gener\u00f3 un cambio en el acercamiento a la cultura en La Calera.\u00a0<\/span><\/p>\n<p><b>&#8211; \u00bfQu\u00e9 es lo que proyectan ahora?<\/b><\/p>\n<p><span style=\"font-weight: 400;\">&#8211; Estamos enfocados en seguir arreglando el espacio, debido al contexto. Cuidar el lugar, queremos tenerlo listo para cuando se levanten las medidas respectivas para vernos. M\u00e1s que nada eso es nuestra mayor preocupaci\u00f3n. El resto fluye como tiene que fluir.<\/span><\/p>\n<p>&nbsp;<\/p>\n<h3>Conoce m\u00e1s de su labor en sus redes sociales:<\/h3>\n<h3>El Vag\u00f3n Multiespacio en <a href=\"https:\/\/www.facebook.com\/ElVagonMultiespacio\">Facebook<\/a> \/ <a href=\"https:\/\/www.instagram.com\/el_vagon_multiespacio\/\">en Instagram<\/a><\/h3>\n","protected":false},"excerpt":{"rendered":"<p>Entrevistamos a Luis Tabilo, quien lidera el equipo tras El Vag\u00f3n, un espacio emblem\u00e1tico de La Calera. Hace 7 a\u00f1os, Luis uni\u00f3 fuerzas y movi\u00f3 hilos con otros actores, en pos de ocupar y restaurar un espacio ya olvidado &#8211; anteriormente una estaci\u00f3n de trenes de la ciudad &#8211; y habilitarlo para la escena cultural [&hellip;]<\/p>\n","protected":false},"author":3,"featured_media":8415,"comment_status":"closed","ping_status":"closed","sticky":false,"template":"","format":"standard","meta":{"_acf_changed":false,"footnotes":""},"categories":[8],"tags":[],"class_list":["post-8413","post","type-post","status-publish","format-standard","has-post-thumbnail","hentry","category-noticia"],"acf":[],"yoast_head":"<!-- This site is optimized with the Yoast SEO plugin v27.1.1 - https:\/\/yoast.com\/product\/yoast-seo-wordpress\/ -->\n<title>Democratizando los espacios culturales: el caso del Vag\u00f3n Multiespacio - Valpara\u00ed\u00adso Creativo<\/title>\n<meta name=\"robots\" content=\"index, follow, max-snippet:-1, max-image-preview:large, max-video-preview:-1\" \/>\n<link rel=\"canonical\" href=\"https:\/\/dev.antudigital.cl\/sites\/vc\/democratizando-los-espacios-el-caso-del-vagon-multiespacio\/\" \/>\n<meta property=\"og:locale\" content=\"es_ES\" \/>\n<meta property=\"og:type\" content=\"article\" \/>\n<meta property=\"og:title\" content=\"Democratizando los espacios culturales: el caso del Vag\u00f3n Multiespacio - Valpara\u00ed\u00adso Creativo\" \/>\n<meta property=\"og:description\" content=\"Entrevistamos a Luis Tabilo, quien lidera el equipo tras El Vag\u00f3n, un espacio emblem\u00e1tico de La Calera. Hace 7 a\u00f1os, Luis uni\u00f3 fuerzas y movi\u00f3 hilos con otros actores, en pos de ocupar y restaurar un espacio ya olvidado &#8211; anteriormente una estaci\u00f3n de trenes de la ciudad &#8211; y habilitarlo para la escena cultural [&hellip;]\" \/>\n<meta property=\"og:url\" content=\"https:\/\/dev.antudigital.cl\/sites\/vc\/democratizando-los-espacios-el-caso-del-vagon-multiespacio\/\" \/>\n<meta property=\"og:site_name\" content=\"Valpara\u00ed\u00adso Creativo\" \/>\n<meta property=\"article:published_time\" content=\"2020-12-28T15:05:27+00:00\" \/>\n<meta property=\"og:image\" content=\"https:\/\/dev.antudigital.cl\/sites\/vc\/wp-content\/uploads\/2020\/12\/Captura-de-Pantalla-2020-12-28-a-las-14.45.45.png\" \/>\n\t<meta property=\"og:image:width\" content=\"1053\" \/>\n\t<meta property=\"og:image:height\" content=\"590\" \/>\n\t<meta property=\"og:image:type\" content=\"image\/png\" \/>\n<meta name=\"author\" content=\"Valparaiso Creativo\" \/>\n<meta name=\"twitter:card\" content=\"summary_large_image\" \/>\n<meta name=\"twitter:label1\" content=\"Escrito por\" \/>\n\t<meta name=\"twitter:data1\" content=\"Valparaiso Creativo\" \/>\n\t<meta name=\"twitter:label2\" content=\"Tiempo de lectura\" \/>\n\t<meta name=\"twitter:data2\" content=\"2 minutos\" \/>\n<script type=\"application\/ld+json\" class=\"yoast-schema-graph\">{\"@context\":\"https:\/\/schema.org\",\"@graph\":[{\"@type\":\"Article\",\"@id\":\"https:\/\/dev.antudigital.cl\/sites\/vc\/democratizando-los-espacios-el-caso-del-vagon-multiespacio\/#article\",\"isPartOf\":{\"@id\":\"https:\/\/dev.antudigital.cl\/sites\/vc\/democratizando-los-espacios-el-caso-del-vagon-multiespacio\/\"},\"author\":{\"name\":\"Valparaiso Creativo\",\"@id\":\"https:\/\/dev.antudigital.cl\/sites\/vc\/#\/schema\/person\/81d1dcd51abd542b5dfc00f5f951a0f1\"},\"headline\":\"Democratizando los espacios culturales: el caso del Vag\u00f3n Multiespacio\",\"datePublished\":\"2020-12-28T15:05:27+00:00\",\"mainEntityOfPage\":{\"@id\":\"https:\/\/dev.antudigital.cl\/sites\/vc\/democratizando-los-espacios-el-caso-del-vagon-multiespacio\/\"},\"wordCount\":497,\"image\":{\"@id\":\"https:\/\/dev.antudigital.cl\/sites\/vc\/democratizando-los-espacios-el-caso-del-vagon-multiespacio\/#primaryimage\"},\"thumbnailUrl\":\"https:\/\/dev.antudigital.cl\/sites\/vc\/wp-content\/uploads\/2020\/12\/Captura-de-Pantalla-2020-12-28-a-las-14.45.45.png\",\"articleSection\":[\"Noticia\"],\"inLanguage\":\"es\"},{\"@type\":\"WebPage\",\"@id\":\"https:\/\/dev.antudigital.cl\/sites\/vc\/democratizando-los-espacios-el-caso-del-vagon-multiespacio\/\",\"url\":\"https:\/\/dev.antudigital.cl\/sites\/vc\/democratizando-los-espacios-el-caso-del-vagon-multiespacio\/\",\"name\":\"Democratizando los espacios culturales: el caso del Vag\u00f3n Multiespacio - Valpara\u00ed\u00adso Creativo\",\"isPartOf\":{\"@id\":\"https:\/\/dev.antudigital.cl\/sites\/vc\/#website\"},\"primaryImageOfPage\":{\"@id\":\"https:\/\/dev.antudigital.cl\/sites\/vc\/democratizando-los-espacios-el-caso-del-vagon-multiespacio\/#primaryimage\"},\"image\":{\"@id\":\"https:\/\/dev.antudigital.cl\/sites\/vc\/democratizando-los-espacios-el-caso-del-vagon-multiespacio\/#primaryimage\"},\"thumbnailUrl\":\"https:\/\/dev.antudigital.cl\/sites\/vc\/wp-content\/uploads\/2020\/12\/Captura-de-Pantalla-2020-12-28-a-las-14.45.45.png\",\"datePublished\":\"2020-12-28T15:05:27+00:00\",\"author\":{\"@id\":\"https:\/\/dev.antudigital.cl\/sites\/vc\/#\/schema\/person\/81d1dcd51abd542b5dfc00f5f951a0f1\"},\"breadcrumb\":{\"@id\":\"https:\/\/dev.antudigital.cl\/sites\/vc\/democratizando-los-espacios-el-caso-del-vagon-multiespacio\/#breadcrumb\"},\"inLanguage\":\"es\",\"potentialAction\":[{\"@type\":\"ReadAction\",\"target\":[\"https:\/\/dev.antudigital.cl\/sites\/vc\/democratizando-los-espacios-el-caso-del-vagon-multiespacio\/\"]}]},{\"@type\":\"ImageObject\",\"inLanguage\":\"es\",\"@id\":\"https:\/\/dev.antudigital.cl\/sites\/vc\/democratizando-los-espacios-el-caso-del-vagon-multiespacio\/#primaryimage\",\"url\":\"https:\/\/dev.antudigital.cl\/sites\/vc\/wp-content\/uploads\/2020\/12\/Captura-de-Pantalla-2020-12-28-a-las-14.45.45.png\",\"contentUrl\":\"https:\/\/dev.antudigital.cl\/sites\/vc\/wp-content\/uploads\/2020\/12\/Captura-de-Pantalla-2020-12-28-a-las-14.45.45.png\",\"width\":1053,\"height\":590},{\"@type\":\"BreadcrumbList\",\"@id\":\"https:\/\/dev.antudigital.cl\/sites\/vc\/democratizando-los-espacios-el-caso-del-vagon-multiespacio\/#breadcrumb\",\"itemListElement\":[{\"@type\":\"ListItem\",\"position\":1,\"name\":\"Home\",\"item\":\"https:\/\/dev.antudigital.cl\/sites\/vc\/\"},{\"@type\":\"ListItem\",\"position\":2,\"name\":\"Democratizando los espacios culturales: el caso del Vag\u00f3n Multiespacio\"}]},{\"@type\":\"WebSite\",\"@id\":\"https:\/\/dev.antudigital.cl\/sites\/vc\/#website\",\"url\":\"https:\/\/dev.antudigital.cl\/sites\/vc\/\",\"name\":\"Valpara\u00ed\u00adso Creativo\",\"description\":\"\",\"potentialAction\":[{\"@type\":\"SearchAction\",\"target\":{\"@type\":\"EntryPoint\",\"urlTemplate\":\"https:\/\/dev.antudigital.cl\/sites\/vc\/?s={search_term_string}\"},\"query-input\":{\"@type\":\"PropertyValueSpecification\",\"valueRequired\":true,\"valueName\":\"search_term_string\"}}],\"inLanguage\":\"es\"},{\"@type\":\"Person\",\"@id\":\"https:\/\/dev.antudigital.cl\/sites\/vc\/#\/schema\/person\/81d1dcd51abd542b5dfc00f5f951a0f1\",\"name\":\"Valparaiso Creativo\",\"url\":\"https:\/\/dev.antudigital.cl\/sites\/vc\/author\/valparaiso-creativo\/\"}]}<\/script>\n<!-- \/ Yoast SEO plugin. -->","yoast_head_json":{"title":"Democratizando los espacios culturales: el caso del Vag\u00f3n Multiespacio - Valpara\u00ed\u00adso Creativo","robots":{"index":"index","follow":"follow","max-snippet":"max-snippet:-1","max-image-preview":"max-image-preview:large","max-video-preview":"max-video-preview:-1"},"canonical":"https:\/\/dev.antudigital.cl\/sites\/vc\/democratizando-los-espacios-el-caso-del-vagon-multiespacio\/","og_locale":"es_ES","og_type":"article","og_title":"Democratizando los espacios culturales: el caso del Vag\u00f3n Multiespacio - Valpara\u00ed\u00adso Creativo","og_description":"Entrevistamos a Luis Tabilo, quien lidera el equipo tras El Vag\u00f3n, un espacio emblem\u00e1tico de La Calera. Hace 7 a\u00f1os, Luis uni\u00f3 fuerzas y movi\u00f3 hilos con otros actores, en pos de ocupar y restaurar un espacio ya olvidado &#8211; anteriormente una estaci\u00f3n de trenes de la ciudad &#8211; y habilitarlo para la escena cultural [&hellip;]","og_url":"https:\/\/dev.antudigital.cl\/sites\/vc\/democratizando-los-espacios-el-caso-del-vagon-multiespacio\/","og_site_name":"Valpara\u00ed\u00adso Creativo","article_published_time":"2020-12-28T15:05:27+00:00","og_image":[{"width":1053,"height":590,"url":"https:\/\/dev.antudigital.cl\/sites\/vc\/wp-content\/uploads\/2020\/12\/Captura-de-Pantalla-2020-12-28-a-las-14.45.45.png","type":"image\/png"}],"author":"Valparaiso Creativo","twitter_card":"summary_large_image","twitter_misc":{"Escrito por":"Valparaiso Creativo","Tiempo de lectura":"2 minutos"},"schema":{"@context":"https:\/\/schema.org","@graph":[{"@type":"Article","@id":"https:\/\/dev.antudigital.cl\/sites\/vc\/democratizando-los-espacios-el-caso-del-vagon-multiespacio\/#article","isPartOf":{"@id":"https:\/\/dev.antudigital.cl\/sites\/vc\/democratizando-los-espacios-el-caso-del-vagon-multiespacio\/"},"author":{"name":"Valparaiso Creativo","@id":"https:\/\/dev.antudigital.cl\/sites\/vc\/#\/schema\/person\/81d1dcd51abd542b5dfc00f5f951a0f1"},"headline":"Democratizando los espacios culturales: el caso del Vag\u00f3n Multiespacio","datePublished":"2020-12-28T15:05:27+00:00","mainEntityOfPage":{"@id":"https:\/\/dev.antudigital.cl\/sites\/vc\/democratizando-los-espacios-el-caso-del-vagon-multiespacio\/"},"wordCount":497,"image":{"@id":"https:\/\/dev.antudigital.cl\/sites\/vc\/democratizando-los-espacios-el-caso-del-vagon-multiespacio\/#primaryimage"},"thumbnailUrl":"https:\/\/dev.antudigital.cl\/sites\/vc\/wp-content\/uploads\/2020\/12\/Captura-de-Pantalla-2020-12-28-a-las-14.45.45.png","articleSection":["Noticia"],"inLanguage":"es"},{"@type":"WebPage","@id":"https:\/\/dev.antudigital.cl\/sites\/vc\/democratizando-los-espacios-el-caso-del-vagon-multiespacio\/","url":"https:\/\/dev.antudigital.cl\/sites\/vc\/democratizando-los-espacios-el-caso-del-vagon-multiespacio\/","name":"Democratizando los espacios culturales: el caso del Vag\u00f3n Multiespacio - Valpara\u00ed\u00adso Creativo","isPartOf":{"@id":"https:\/\/dev.antudigital.cl\/sites\/vc\/#website"},"primaryImageOfPage":{"@id":"https:\/\/dev.antudigital.cl\/sites\/vc\/democratizando-los-espacios-el-caso-del-vagon-multiespacio\/#primaryimage"},"image":{"@id":"https:\/\/dev.antudigital.cl\/sites\/vc\/democratizando-los-espacios-el-caso-del-vagon-multiespacio\/#primaryimage"},"thumbnailUrl":"https:\/\/dev.antudigital.cl\/sites\/vc\/wp-content\/uploads\/2020\/12\/Captura-de-Pantalla-2020-12-28-a-las-14.45.45.png","datePublished":"2020-12-28T15:05:27+00:00","author":{"@id":"https:\/\/dev.antudigital.cl\/sites\/vc\/#\/schema\/person\/81d1dcd51abd542b5dfc00f5f951a0f1"},"breadcrumb":{"@id":"https:\/\/dev.antudigital.cl\/sites\/vc\/democratizando-los-espacios-el-caso-del-vagon-multiespacio\/#breadcrumb"},"inLanguage":"es","potentialAction":[{"@type":"ReadAction","target":["https:\/\/dev.antudigital.cl\/sites\/vc\/democratizando-los-espacios-el-caso-del-vagon-multiespacio\/"]}]},{"@type":"ImageObject","inLanguage":"es","@id":"https:\/\/dev.antudigital.cl\/sites\/vc\/democratizando-los-espacios-el-caso-del-vagon-multiespacio\/#primaryimage","url":"https:\/\/dev.antudigital.cl\/sites\/vc\/wp-content\/uploads\/2020\/12\/Captura-de-Pantalla-2020-12-28-a-las-14.45.45.png","contentUrl":"https:\/\/dev.antudigital.cl\/sites\/vc\/wp-content\/uploads\/2020\/12\/Captura-de-Pantalla-2020-12-28-a-las-14.45.45.png","width":1053,"height":590},{"@type":"BreadcrumbList","@id":"https:\/\/dev.antudigital.cl\/sites\/vc\/democratizando-los-espacios-el-caso-del-vagon-multiespacio\/#breadcrumb","itemListElement":[{"@type":"ListItem","position":1,"name":"Home","item":"https:\/\/dev.antudigital.cl\/sites\/vc\/"},{"@type":"ListItem","position":2,"name":"Democratizando los espacios culturales: el caso del Vag\u00f3n Multiespacio"}]},{"@type":"WebSite","@id":"https:\/\/dev.antudigital.cl\/sites\/vc\/#website","url":"https:\/\/dev.antudigital.cl\/sites\/vc\/","name":"Valpara\u00ed\u00adso Creativo","description":"","potentialAction":[{"@type":"SearchAction","target":{"@type":"EntryPoint","urlTemplate":"https:\/\/dev.antudigital.cl\/sites\/vc\/?s={search_term_string}"},"query-input":{"@type":"PropertyValueSpecification","valueRequired":true,"valueName":"search_term_string"}}],"inLanguage":"es"},{"@type":"Person","@id":"https:\/\/dev.antudigital.cl\/sites\/vc\/#\/schema\/person\/81d1dcd51abd542b5dfc00f5f951a0f1","name":"Valparaiso Creativo","url":"https:\/\/dev.antudigital.cl\/sites\/vc\/author\/valparaiso-creativo\/"}]}},"_links":{"self":[{"href":"https:\/\/dev.antudigital.cl\/sites\/vc\/wp-json\/wp\/v2\/posts\/8413","targetHints":{"allow":["GET"]}}],"collection":[{"href":"https:\/\/dev.antudigital.cl\/sites\/vc\/wp-json\/wp\/v2\/posts"}],"about":[{"href":"https:\/\/dev.antudigital.cl\/sites\/vc\/wp-json\/wp\/v2\/types\/post"}],"author":[{"embeddable":true,"href":"https:\/\/dev.antudigital.cl\/sites\/vc\/wp-json\/wp\/v2\/users\/3"}],"replies":[{"embeddable":true,"href":"https:\/\/dev.antudigital.cl\/sites\/vc\/wp-json\/wp\/v2\/comments?post=8413"}],"version-history":[{"count":0,"href":"https:\/\/dev.antudigital.cl\/sites\/vc\/wp-json\/wp\/v2\/posts\/8413\/revisions"}],"wp:featuredmedia":[{"embeddable":true,"href":"https:\/\/dev.antudigital.cl\/sites\/vc\/wp-json\/wp\/v2\/media\/8415"}],"wp:attachment":[{"href":"https:\/\/dev.antudigital.cl\/sites\/vc\/wp-json\/wp\/v2\/media?parent=8413"}],"wp:term":[{"taxonomy":"category","embeddable":true,"href":"https:\/\/dev.antudigital.cl\/sites\/vc\/wp-json\/wp\/v2\/categories?post=8413"},{"taxonomy":"post_tag","embeddable":true,"href":"https:\/\/dev.antudigital.cl\/sites\/vc\/wp-json\/wp\/v2\/tags?post=8413"}],"curies":[{"name":"wp","href":"https:\/\/api.w.org\/{rel}","templated":true}]}}