{"id":8416,"date":"2020-12-28T14:26:22","date_gmt":"2020-12-28T14:26:22","guid":{"rendered":"https:\/\/www.valparaisocreativo.cl\/?p=5665"},"modified":"2020-12-28T14:26:22","modified_gmt":"2020-12-28T14:26:22","slug":"no-te-pierdas-la-serie-documental-ciudad-de-la-musica","status":"publish","type":"post","link":"https:\/\/dev.antudigital.cl\/sites\/vc\/no-te-pierdas-la-serie-documental-ciudad-de-la-musica\/","title":{"rendered":"No te pierdas la serie documental \u00abCiudad de la m\u00fasica\u00bb"},"content":{"rendered":"<p>Recientemente se lanz\u00f3 <strong>Ciudad de la M\u00fasica,\u00a0<\/strong>serie documental de 7 cap\u00edtulos que cuenta las historias de j\u00f3venes, ni\u00f1os y adultos que han transformado sus vidas por medio del arte musical en un entorno dotado de oportunidades de formaci\u00f3n e inspiraci\u00f3n, y de un trabajo colectivo unido a las artes y la creatividad, en <strong>Frutillar.<\/strong><\/p>\n<p>Todo esto en el marco de Frutillar como Ciudad Creativa de la M\u00fasica seg\u00fan UNESCO, y c\u00f3mo se han transformado vidas en torno a la m\u00fasica en la ciudad.<\/p>\n<p>Esta producci\u00f3n permite visibilizar el trabajo e impulso en torno a la Ciudad Musical &#8211; tal como Valpara\u00edso lo es &#8211; y lo que la nominaci\u00f3n de la UNESCO conlleva.<\/p>\n<p>Desde el viernes 18 de diciembre se estar\u00e1 transmitiendo todas las semanas a las 22:30hrs. por Canal 13 Cable.<\/p>\n<p><strong>Direcci\u00f3n y Producci\u00f3n Ejecutiva:<\/strong> Macarena Ovalle, Maria Ignacia Court<\/p>\n<p>Direcci\u00f3n de Fotograf\u00eda: Mauricio Garc\u00eda<br \/>\nMontaje: Jael Valdivia<\/p>\n<p>Producido por <a href=\"http:\/\/www.muchamedia.cl\/\">Mucha Media<\/a>.<\/p>\n<p>Te invitamos a mirar el trailer:<\/p>\n<p><iframe src=\"https:\/\/player.vimeo.com\/video\/480825475\" width=\"640\" height=\"360\" frameborder=\"0\" allowfullscreen=\"allowfullscreen\"><\/iframe><\/p>\n<p>&nbsp;<\/p>\n<p><a href=\"https:\/\/vimeo.com\/480825475\">Trailer Ciudad de la M\u00fasica<\/a> from <a href=\"https:\/\/vimeo.com\/mariacourt\">Maria Court<\/a> on <a href=\"https:\/\/vimeo.com\">Vimeo<\/a>.<\/p>\n","protected":false},"excerpt":{"rendered":"<p>Recientemente se lanz\u00f3 Ciudad de la M\u00fasica,\u00a0serie documental de 7 cap\u00edtulos que cuenta las historias de j\u00f3venes, ni\u00f1os y adultos que han transformado sus vidas por medio del arte musical en un entorno dotado de oportunidades de formaci\u00f3n e inspiraci\u00f3n, y de un trabajo colectivo unido a las artes y la creatividad, en Frutillar. Todo [&hellip;]<\/p>\n","protected":false},"author":3,"featured_media":8417,"comment_status":"closed","ping_status":"closed","sticky":false,"template":"","format":"standard","meta":{"_acf_changed":false,"footnotes":""},"categories":[8],"tags":[],"class_list":["post-8416","post","type-post","status-publish","format-standard","has-post-thumbnail","hentry","category-noticia"],"acf":[],"yoast_head":"<!-- This site is optimized with the Yoast SEO plugin v27.1.1 - https:\/\/yoast.com\/product\/yoast-seo-wordpress\/ -->\n<title>No te pierdas la serie documental &quot;Ciudad de la m\u00fasica&quot; - Valpara\u00ed\u00adso Creativo<\/title>\n<meta name=\"robots\" content=\"index, follow, max-snippet:-1, max-image-preview:large, max-video-preview:-1\" \/>\n<link rel=\"canonical\" href=\"https:\/\/dev.antudigital.cl\/sites\/vc\/no-te-pierdas-la-serie-documental-ciudad-de-la-musica\/\" \/>\n<meta property=\"og:locale\" content=\"es_ES\" \/>\n<meta property=\"og:type\" content=\"article\" \/>\n<meta property=\"og:title\" content=\"No te pierdas la serie documental &quot;Ciudad de la m\u00fasica&quot; - Valpara\u00ed\u00adso Creativo\" \/>\n<meta property=\"og:description\" content=\"Recientemente se lanz\u00f3 Ciudad de la M\u00fasica,\u00a0serie documental de 7 cap\u00edtulos que cuenta las historias de j\u00f3venes, ni\u00f1os y adultos que han transformado sus vidas por medio del arte musical en un entorno dotado de oportunidades de formaci\u00f3n e inspiraci\u00f3n, y de un trabajo colectivo unido a las artes y la creatividad, en Frutillar. Todo [&hellip;]\" \/>\n<meta property=\"og:url\" content=\"https:\/\/dev.antudigital.cl\/sites\/vc\/no-te-pierdas-la-serie-documental-ciudad-de-la-musica\/\" \/>\n<meta property=\"og:site_name\" content=\"Valpara\u00ed\u00adso Creativo\" \/>\n<meta property=\"article:published_time\" content=\"2020-12-28T14:26:22+00:00\" \/>\n<meta property=\"og:image\" content=\"https:\/\/dev.antudigital.cl\/sites\/vc\/wp-content\/uploads\/2020\/12\/Captura-de-Pantalla-2020-12-28-a-las-14.25.18.png\" \/>\n\t<meta property=\"og:image:width\" content=\"1312\" \/>\n\t<meta property=\"og:image:height\" content=\"811\" \/>\n\t<meta property=\"og:image:type\" content=\"image\/png\" \/>\n<meta name=\"author\" content=\"Valparaiso Creativo\" \/>\n<meta name=\"twitter:card\" content=\"summary_large_image\" \/>\n<meta name=\"twitter:label1\" content=\"Escrito por\" \/>\n\t<meta name=\"twitter:data1\" content=\"Valparaiso Creativo\" \/>\n\t<meta name=\"twitter:label2\" content=\"Tiempo de lectura\" \/>\n\t<meta name=\"twitter:data2\" content=\"1 minuto\" \/>\n<script type=\"application\/ld+json\" class=\"yoast-schema-graph\">{\"@context\":\"https:\/\/schema.org\",\"@graph\":[{\"@type\":\"Article\",\"@id\":\"https:\/\/dev.antudigital.cl\/sites\/vc\/no-te-pierdas-la-serie-documental-ciudad-de-la-musica\/#article\",\"isPartOf\":{\"@id\":\"https:\/\/dev.antudigital.cl\/sites\/vc\/no-te-pierdas-la-serie-documental-ciudad-de-la-musica\/\"},\"author\":{\"name\":\"Valparaiso Creativo\",\"@id\":\"https:\/\/dev.antudigital.cl\/sites\/vc\/#\/schema\/person\/81d1dcd51abd542b5dfc00f5f951a0f1\"},\"headline\":\"No te pierdas la serie documental \u00abCiudad de la m\u00fasica\u00bb\",\"datePublished\":\"2020-12-28T14:26:22+00:00\",\"mainEntityOfPage\":{\"@id\":\"https:\/\/dev.antudigital.cl\/sites\/vc\/no-te-pierdas-la-serie-documental-ciudad-de-la-musica\/\"},\"wordCount\":198,\"image\":{\"@id\":\"https:\/\/dev.antudigital.cl\/sites\/vc\/no-te-pierdas-la-serie-documental-ciudad-de-la-musica\/#primaryimage\"},\"thumbnailUrl\":\"https:\/\/dev.antudigital.cl\/sites\/vc\/wp-content\/uploads\/2020\/12\/Captura-de-Pantalla-2020-12-28-a-las-14.25.18.png\",\"articleSection\":[\"Noticia\"],\"inLanguage\":\"es\"},{\"@type\":\"WebPage\",\"@id\":\"https:\/\/dev.antudigital.cl\/sites\/vc\/no-te-pierdas-la-serie-documental-ciudad-de-la-musica\/\",\"url\":\"https:\/\/dev.antudigital.cl\/sites\/vc\/no-te-pierdas-la-serie-documental-ciudad-de-la-musica\/\",\"name\":\"No te pierdas la serie documental \\\"Ciudad de la m\u00fasica\\\" - Valpara\u00ed\u00adso Creativo\",\"isPartOf\":{\"@id\":\"https:\/\/dev.antudigital.cl\/sites\/vc\/#website\"},\"primaryImageOfPage\":{\"@id\":\"https:\/\/dev.antudigital.cl\/sites\/vc\/no-te-pierdas-la-serie-documental-ciudad-de-la-musica\/#primaryimage\"},\"image\":{\"@id\":\"https:\/\/dev.antudigital.cl\/sites\/vc\/no-te-pierdas-la-serie-documental-ciudad-de-la-musica\/#primaryimage\"},\"thumbnailUrl\":\"https:\/\/dev.antudigital.cl\/sites\/vc\/wp-content\/uploads\/2020\/12\/Captura-de-Pantalla-2020-12-28-a-las-14.25.18.png\",\"datePublished\":\"2020-12-28T14:26:22+00:00\",\"author\":{\"@id\":\"https:\/\/dev.antudigital.cl\/sites\/vc\/#\/schema\/person\/81d1dcd51abd542b5dfc00f5f951a0f1\"},\"breadcrumb\":{\"@id\":\"https:\/\/dev.antudigital.cl\/sites\/vc\/no-te-pierdas-la-serie-documental-ciudad-de-la-musica\/#breadcrumb\"},\"inLanguage\":\"es\",\"potentialAction\":[{\"@type\":\"ReadAction\",\"target\":[\"https:\/\/dev.antudigital.cl\/sites\/vc\/no-te-pierdas-la-serie-documental-ciudad-de-la-musica\/\"]}]},{\"@type\":\"ImageObject\",\"inLanguage\":\"es\",\"@id\":\"https:\/\/dev.antudigital.cl\/sites\/vc\/no-te-pierdas-la-serie-documental-ciudad-de-la-musica\/#primaryimage\",\"url\":\"https:\/\/dev.antudigital.cl\/sites\/vc\/wp-content\/uploads\/2020\/12\/Captura-de-Pantalla-2020-12-28-a-las-14.25.18.png\",\"contentUrl\":\"https:\/\/dev.antudigital.cl\/sites\/vc\/wp-content\/uploads\/2020\/12\/Captura-de-Pantalla-2020-12-28-a-las-14.25.18.png\",\"width\":1312,\"height\":811},{\"@type\":\"BreadcrumbList\",\"@id\":\"https:\/\/dev.antudigital.cl\/sites\/vc\/no-te-pierdas-la-serie-documental-ciudad-de-la-musica\/#breadcrumb\",\"itemListElement\":[{\"@type\":\"ListItem\",\"position\":1,\"name\":\"Home\",\"item\":\"https:\/\/dev.antudigital.cl\/sites\/vc\/\"},{\"@type\":\"ListItem\",\"position\":2,\"name\":\"No te pierdas la serie documental \u00abCiudad de la m\u00fasica\u00bb\"}]},{\"@type\":\"WebSite\",\"@id\":\"https:\/\/dev.antudigital.cl\/sites\/vc\/#website\",\"url\":\"https:\/\/dev.antudigital.cl\/sites\/vc\/\",\"name\":\"Valpara\u00ed\u00adso Creativo\",\"description\":\"\",\"potentialAction\":[{\"@type\":\"SearchAction\",\"target\":{\"@type\":\"EntryPoint\",\"urlTemplate\":\"https:\/\/dev.antudigital.cl\/sites\/vc\/?s={search_term_string}\"},\"query-input\":{\"@type\":\"PropertyValueSpecification\",\"valueRequired\":true,\"valueName\":\"search_term_string\"}}],\"inLanguage\":\"es\"},{\"@type\":\"Person\",\"@id\":\"https:\/\/dev.antudigital.cl\/sites\/vc\/#\/schema\/person\/81d1dcd51abd542b5dfc00f5f951a0f1\",\"name\":\"Valparaiso Creativo\",\"url\":\"https:\/\/dev.antudigital.cl\/sites\/vc\/author\/valparaiso-creativo\/\"}]}<\/script>\n<!-- \/ Yoast SEO plugin. -->","yoast_head_json":{"title":"No te pierdas la serie documental \"Ciudad de la m\u00fasica\" - Valpara\u00ed\u00adso Creativo","robots":{"index":"index","follow":"follow","max-snippet":"max-snippet:-1","max-image-preview":"max-image-preview:large","max-video-preview":"max-video-preview:-1"},"canonical":"https:\/\/dev.antudigital.cl\/sites\/vc\/no-te-pierdas-la-serie-documental-ciudad-de-la-musica\/","og_locale":"es_ES","og_type":"article","og_title":"No te pierdas la serie documental \"Ciudad de la m\u00fasica\" - Valpara\u00ed\u00adso Creativo","og_description":"Recientemente se lanz\u00f3 Ciudad de la M\u00fasica,\u00a0serie documental de 7 cap\u00edtulos que cuenta las historias de j\u00f3venes, ni\u00f1os y adultos que han transformado sus vidas por medio del arte musical en un entorno dotado de oportunidades de formaci\u00f3n e inspiraci\u00f3n, y de un trabajo colectivo unido a las artes y la creatividad, en Frutillar. Todo [&hellip;]","og_url":"https:\/\/dev.antudigital.cl\/sites\/vc\/no-te-pierdas-la-serie-documental-ciudad-de-la-musica\/","og_site_name":"Valpara\u00ed\u00adso Creativo","article_published_time":"2020-12-28T14:26:22+00:00","og_image":[{"width":1312,"height":811,"url":"https:\/\/dev.antudigital.cl\/sites\/vc\/wp-content\/uploads\/2020\/12\/Captura-de-Pantalla-2020-12-28-a-las-14.25.18.png","type":"image\/png"}],"author":"Valparaiso Creativo","twitter_card":"summary_large_image","twitter_misc":{"Escrito por":"Valparaiso Creativo","Tiempo de lectura":"1 minuto"},"schema":{"@context":"https:\/\/schema.org","@graph":[{"@type":"Article","@id":"https:\/\/dev.antudigital.cl\/sites\/vc\/no-te-pierdas-la-serie-documental-ciudad-de-la-musica\/#article","isPartOf":{"@id":"https:\/\/dev.antudigital.cl\/sites\/vc\/no-te-pierdas-la-serie-documental-ciudad-de-la-musica\/"},"author":{"name":"Valparaiso Creativo","@id":"https:\/\/dev.antudigital.cl\/sites\/vc\/#\/schema\/person\/81d1dcd51abd542b5dfc00f5f951a0f1"},"headline":"No te pierdas la serie documental \u00abCiudad de la m\u00fasica\u00bb","datePublished":"2020-12-28T14:26:22+00:00","mainEntityOfPage":{"@id":"https:\/\/dev.antudigital.cl\/sites\/vc\/no-te-pierdas-la-serie-documental-ciudad-de-la-musica\/"},"wordCount":198,"image":{"@id":"https:\/\/dev.antudigital.cl\/sites\/vc\/no-te-pierdas-la-serie-documental-ciudad-de-la-musica\/#primaryimage"},"thumbnailUrl":"https:\/\/dev.antudigital.cl\/sites\/vc\/wp-content\/uploads\/2020\/12\/Captura-de-Pantalla-2020-12-28-a-las-14.25.18.png","articleSection":["Noticia"],"inLanguage":"es"},{"@type":"WebPage","@id":"https:\/\/dev.antudigital.cl\/sites\/vc\/no-te-pierdas-la-serie-documental-ciudad-de-la-musica\/","url":"https:\/\/dev.antudigital.cl\/sites\/vc\/no-te-pierdas-la-serie-documental-ciudad-de-la-musica\/","name":"No te pierdas la serie documental \"Ciudad de la m\u00fasica\" - Valpara\u00ed\u00adso Creativo","isPartOf":{"@id":"https:\/\/dev.antudigital.cl\/sites\/vc\/#website"},"primaryImageOfPage":{"@id":"https:\/\/dev.antudigital.cl\/sites\/vc\/no-te-pierdas-la-serie-documental-ciudad-de-la-musica\/#primaryimage"},"image":{"@id":"https:\/\/dev.antudigital.cl\/sites\/vc\/no-te-pierdas-la-serie-documental-ciudad-de-la-musica\/#primaryimage"},"thumbnailUrl":"https:\/\/dev.antudigital.cl\/sites\/vc\/wp-content\/uploads\/2020\/12\/Captura-de-Pantalla-2020-12-28-a-las-14.25.18.png","datePublished":"2020-12-28T14:26:22+00:00","author":{"@id":"https:\/\/dev.antudigital.cl\/sites\/vc\/#\/schema\/person\/81d1dcd51abd542b5dfc00f5f951a0f1"},"breadcrumb":{"@id":"https:\/\/dev.antudigital.cl\/sites\/vc\/no-te-pierdas-la-serie-documental-ciudad-de-la-musica\/#breadcrumb"},"inLanguage":"es","potentialAction":[{"@type":"ReadAction","target":["https:\/\/dev.antudigital.cl\/sites\/vc\/no-te-pierdas-la-serie-documental-ciudad-de-la-musica\/"]}]},{"@type":"ImageObject","inLanguage":"es","@id":"https:\/\/dev.antudigital.cl\/sites\/vc\/no-te-pierdas-la-serie-documental-ciudad-de-la-musica\/#primaryimage","url":"https:\/\/dev.antudigital.cl\/sites\/vc\/wp-content\/uploads\/2020\/12\/Captura-de-Pantalla-2020-12-28-a-las-14.25.18.png","contentUrl":"https:\/\/dev.antudigital.cl\/sites\/vc\/wp-content\/uploads\/2020\/12\/Captura-de-Pantalla-2020-12-28-a-las-14.25.18.png","width":1312,"height":811},{"@type":"BreadcrumbList","@id":"https:\/\/dev.antudigital.cl\/sites\/vc\/no-te-pierdas-la-serie-documental-ciudad-de-la-musica\/#breadcrumb","itemListElement":[{"@type":"ListItem","position":1,"name":"Home","item":"https:\/\/dev.antudigital.cl\/sites\/vc\/"},{"@type":"ListItem","position":2,"name":"No te pierdas la serie documental \u00abCiudad de la m\u00fasica\u00bb"}]},{"@type":"WebSite","@id":"https:\/\/dev.antudigital.cl\/sites\/vc\/#website","url":"https:\/\/dev.antudigital.cl\/sites\/vc\/","name":"Valpara\u00ed\u00adso Creativo","description":"","potentialAction":[{"@type":"SearchAction","target":{"@type":"EntryPoint","urlTemplate":"https:\/\/dev.antudigital.cl\/sites\/vc\/?s={search_term_string}"},"query-input":{"@type":"PropertyValueSpecification","valueRequired":true,"valueName":"search_term_string"}}],"inLanguage":"es"},{"@type":"Person","@id":"https:\/\/dev.antudigital.cl\/sites\/vc\/#\/schema\/person\/81d1dcd51abd542b5dfc00f5f951a0f1","name":"Valparaiso Creativo","url":"https:\/\/dev.antudigital.cl\/sites\/vc\/author\/valparaiso-creativo\/"}]}},"_links":{"self":[{"href":"https:\/\/dev.antudigital.cl\/sites\/vc\/wp-json\/wp\/v2\/posts\/8416","targetHints":{"allow":["GET"]}}],"collection":[{"href":"https:\/\/dev.antudigital.cl\/sites\/vc\/wp-json\/wp\/v2\/posts"}],"about":[{"href":"https:\/\/dev.antudigital.cl\/sites\/vc\/wp-json\/wp\/v2\/types\/post"}],"author":[{"embeddable":true,"href":"https:\/\/dev.antudigital.cl\/sites\/vc\/wp-json\/wp\/v2\/users\/3"}],"replies":[{"embeddable":true,"href":"https:\/\/dev.antudigital.cl\/sites\/vc\/wp-json\/wp\/v2\/comments?post=8416"}],"version-history":[{"count":0,"href":"https:\/\/dev.antudigital.cl\/sites\/vc\/wp-json\/wp\/v2\/posts\/8416\/revisions"}],"wp:featuredmedia":[{"embeddable":true,"href":"https:\/\/dev.antudigital.cl\/sites\/vc\/wp-json\/wp\/v2\/media\/8417"}],"wp:attachment":[{"href":"https:\/\/dev.antudigital.cl\/sites\/vc\/wp-json\/wp\/v2\/media?parent=8416"}],"wp:term":[{"taxonomy":"category","embeddable":true,"href":"https:\/\/dev.antudigital.cl\/sites\/vc\/wp-json\/wp\/v2\/categories?post=8416"},{"taxonomy":"post_tag","embeddable":true,"href":"https:\/\/dev.antudigital.cl\/sites\/vc\/wp-json\/wp\/v2\/tags?post=8416"}],"curies":[{"name":"wp","href":"https:\/\/api.w.org\/{rel}","templated":true}]}}