{"id":8427,"date":"2020-12-21T09:45:18","date_gmt":"2020-12-21T09:45:18","guid":{"rendered":"https:\/\/www.valparaisocreativo.cl\/?p=5640"},"modified":"2020-12-21T09:45:18","modified_gmt":"2020-12-21T09:45:18","slug":"del-12-al-15-de-enero-sumate-a-enexpro-el-encuentro-virtual-de-industrias-creativas","status":"publish","type":"post","link":"https:\/\/dev.antudigital.cl\/sites\/vc\/del-12-al-15-de-enero-sumate-a-enexpro-el-encuentro-virtual-de-industrias-creativas\/","title":{"rendered":"Del 19 al 22 de enero: s\u00famate a ENEXPRO, el encuentro virtual de Industrias Creativas"},"content":{"rendered":"<p><strong>ProChile<\/strong>, invita a las empresas chilenas de los sectores de Animaci\u00f3n, Artes Esc\u00e9nicas, Audiovisual, Editorial, Moda, M\u00fasica, Narrativa Gr\u00e1fica e Ilustraci\u00f3n, y Videojuegos a participar en<strong>\u00a0<span class=\"il\">ENEXPRO<\/span>\u00a0INDUSTRIAS CREATIVAS.<\/strong><\/p>\n<p>En este\u00a0<strong>Encuentro Exportador\u00a0<\/strong>que ser\u00e1 en formato 100% virtual, podr\u00e1s presentar tu oferta exportable y reunirte con los principales socios comerciales de los distintos mercados internacionales con el objetivo de reforzar, profundizar alianzas y redes estrat\u00e9gicas comerciales. Esto contemplar\u00e1 la realizaci\u00f3n de reuniones bilaterales de negocios entre potenciales compradores internacionales y cerca de 100 empresas chilenas, pertenecientes a los sectores de\u00a0<strong>Animaci\u00f3n, Artes Esc\u00e9nicas, Audiovisual, Editorial, Moda, M\u00fasica, Narrativa Gr\u00e1fica e Ilustraci\u00f3n, y Videojuegos.<\/strong><\/p>\n<h2 class=\"uppercase text-center\">QUI\u00c9NES PUEDEN PARTICIPAR<\/h2>\n<p class=\"lead text-left\">Empresas internacionales pertenecientes a los sectores de Industrias Creativas, que est\u00e9n en b\u00fasqueda de socios comerciales para abordar el mercado al que pertenecen. As\u00ed tambi\u00e9n empresas internacionales que deseen generar alianzas estrat\u00e9gicas y\/o comerciales de los sectores mencionados arriba.<\/p>\n<h2 class=\"uppercase text-center\">C\u00d3MO PARTICIPAR<\/h2>\n<p class=\"lead text-center\">Las postulaciones para participar de Enexpro Industrias Creativas 2021 estar\u00e1n abiertas a partir del 14 de diciembre y hasta el 4 de enero del 2021*. Una vez inscritas, las empresas postulantes ser\u00e1n evaluadas por la oficina comercial correspondiente al pa\u00eds de inscripci\u00f3n. Una vez aceptadas, las empresas seleccionadas ser\u00e1n notificadas por medio de la plataforma externa KOYAG, quienes les har\u00e1n llegar un link directo a su email donde podr\u00e1n administrar su perfil. En esta etapa las empresas aceptadas podr\u00e1n crear una clave de acceso, seleccionar su zona horaria, visualizar contrapartes comerciales inscritas, solicitar, recibir y\/o reagendar reuniones comerciales de su inter\u00e9s, entre otros.<\/p>\n<h3>Inscr\u00edbete y encuentra <strong><a href=\"https:\/\/www.prochile.gob.cl\/difusion\/varios\/enexpro_ic\/index.html\">m\u00e1s detalles ac\u00e1<\/a><\/strong>.<\/h3>\n","protected":false},"excerpt":{"rendered":"<p>ProChile, invita a las empresas chilenas de los sectores de Animaci\u00f3n, Artes Esc\u00e9nicas, Audiovisual, Editorial, Moda, M\u00fasica, Narrativa Gr\u00e1fica e Ilustraci\u00f3n, y Videojuegos a participar en\u00a0ENEXPRO\u00a0INDUSTRIAS CREATIVAS. En este\u00a0Encuentro Exportador\u00a0que ser\u00e1 en formato 100% virtual, podr\u00e1s presentar tu oferta exportable y reunirte con los principales socios comerciales de los distintos mercados internacionales con el objetivo [&hellip;]<\/p>\n","protected":false},"author":3,"featured_media":8428,"comment_status":"closed","ping_status":"closed","sticky":false,"template":"","format":"standard","meta":{"_acf_changed":false,"footnotes":""},"categories":[8],"tags":[],"class_list":["post-8427","post","type-post","status-publish","format-standard","has-post-thumbnail","hentry","category-noticia"],"acf":[],"yoast_head":"<!-- This site is optimized with the Yoast SEO plugin v27.1.1 - https:\/\/yoast.com\/product\/yoast-seo-wordpress\/ -->\n<title>Del 19 al 22 de enero: s\u00famate a ENEXPRO, el encuentro virtual de Industrias Creativas - Valpara\u00ed\u00adso Creativo<\/title>\n<meta name=\"robots\" content=\"index, follow, max-snippet:-1, max-image-preview:large, max-video-preview:-1\" \/>\n<link rel=\"canonical\" href=\"https:\/\/dev.antudigital.cl\/sites\/vc\/del-12-al-15-de-enero-sumate-a-enexpro-el-encuentro-virtual-de-industrias-creativas\/\" \/>\n<meta property=\"og:locale\" content=\"es_ES\" \/>\n<meta property=\"og:type\" content=\"article\" \/>\n<meta property=\"og:title\" content=\"Del 19 al 22 de enero: s\u00famate a ENEXPRO, el encuentro virtual de Industrias Creativas - Valpara\u00ed\u00adso Creativo\" \/>\n<meta property=\"og:description\" content=\"ProChile, invita a las empresas chilenas de los sectores de Animaci\u00f3n, Artes Esc\u00e9nicas, Audiovisual, Editorial, Moda, M\u00fasica, Narrativa Gr\u00e1fica e Ilustraci\u00f3n, y Videojuegos a participar en\u00a0ENEXPRO\u00a0INDUSTRIAS CREATIVAS. En este\u00a0Encuentro Exportador\u00a0que ser\u00e1 en formato 100% virtual, podr\u00e1s presentar tu oferta exportable y reunirte con los principales socios comerciales de los distintos mercados internacionales con el objetivo [&hellip;]\" \/>\n<meta property=\"og:url\" content=\"https:\/\/dev.antudigital.cl\/sites\/vc\/del-12-al-15-de-enero-sumate-a-enexpro-el-encuentro-virtual-de-industrias-creativas\/\" \/>\n<meta property=\"og:site_name\" content=\"Valpara\u00ed\u00adso Creativo\" \/>\n<meta property=\"article:published_time\" content=\"2020-12-21T09:45:18+00:00\" \/>\n<meta property=\"og:image\" content=\"https:\/\/dev.antudigital.cl\/sites\/vc\/wp-content\/uploads\/2020\/12\/ENEXPRO.jpg\" \/>\n\t<meta property=\"og:image:width\" content=\"1500\" \/>\n\t<meta property=\"og:image:height\" content=\"474\" \/>\n\t<meta property=\"og:image:type\" content=\"image\/jpeg\" \/>\n<meta name=\"author\" content=\"Valparaiso Creativo\" \/>\n<meta name=\"twitter:card\" content=\"summary_large_image\" \/>\n<meta name=\"twitter:label1\" content=\"Escrito por\" \/>\n\t<meta name=\"twitter:data1\" content=\"Valparaiso Creativo\" \/>\n\t<meta name=\"twitter:label2\" content=\"Tiempo de lectura\" \/>\n\t<meta name=\"twitter:data2\" content=\"1 minuto\" \/>\n<script type=\"application\/ld+json\" class=\"yoast-schema-graph\">{\"@context\":\"https:\/\/schema.org\",\"@graph\":[{\"@type\":\"Article\",\"@id\":\"https:\/\/dev.antudigital.cl\/sites\/vc\/del-12-al-15-de-enero-sumate-a-enexpro-el-encuentro-virtual-de-industrias-creativas\/#article\",\"isPartOf\":{\"@id\":\"https:\/\/dev.antudigital.cl\/sites\/vc\/del-12-al-15-de-enero-sumate-a-enexpro-el-encuentro-virtual-de-industrias-creativas\/\"},\"author\":{\"name\":\"Valparaiso Creativo\",\"@id\":\"https:\/\/dev.antudigital.cl\/sites\/vc\/#\/schema\/person\/81d1dcd51abd542b5dfc00f5f951a0f1\"},\"headline\":\"Del 19 al 22 de enero: s\u00famate a ENEXPRO, el encuentro virtual de Industrias Creativas\",\"datePublished\":\"2020-12-21T09:45:18+00:00\",\"mainEntityOfPage\":{\"@id\":\"https:\/\/dev.antudigital.cl\/sites\/vc\/del-12-al-15-de-enero-sumate-a-enexpro-el-encuentro-virtual-de-industrias-creativas\/\"},\"wordCount\":297,\"image\":{\"@id\":\"https:\/\/dev.antudigital.cl\/sites\/vc\/del-12-al-15-de-enero-sumate-a-enexpro-el-encuentro-virtual-de-industrias-creativas\/#primaryimage\"},\"thumbnailUrl\":\"https:\/\/dev.antudigital.cl\/sites\/vc\/wp-content\/uploads\/2020\/12\/ENEXPRO.jpg\",\"articleSection\":[\"Noticia\"],\"inLanguage\":\"es\"},{\"@type\":\"WebPage\",\"@id\":\"https:\/\/dev.antudigital.cl\/sites\/vc\/del-12-al-15-de-enero-sumate-a-enexpro-el-encuentro-virtual-de-industrias-creativas\/\",\"url\":\"https:\/\/dev.antudigital.cl\/sites\/vc\/del-12-al-15-de-enero-sumate-a-enexpro-el-encuentro-virtual-de-industrias-creativas\/\",\"name\":\"Del 19 al 22 de enero: s\u00famate a ENEXPRO, el encuentro virtual de Industrias Creativas - Valpara\u00ed\u00adso Creativo\",\"isPartOf\":{\"@id\":\"https:\/\/dev.antudigital.cl\/sites\/vc\/#website\"},\"primaryImageOfPage\":{\"@id\":\"https:\/\/dev.antudigital.cl\/sites\/vc\/del-12-al-15-de-enero-sumate-a-enexpro-el-encuentro-virtual-de-industrias-creativas\/#primaryimage\"},\"image\":{\"@id\":\"https:\/\/dev.antudigital.cl\/sites\/vc\/del-12-al-15-de-enero-sumate-a-enexpro-el-encuentro-virtual-de-industrias-creativas\/#primaryimage\"},\"thumbnailUrl\":\"https:\/\/dev.antudigital.cl\/sites\/vc\/wp-content\/uploads\/2020\/12\/ENEXPRO.jpg\",\"datePublished\":\"2020-12-21T09:45:18+00:00\",\"author\":{\"@id\":\"https:\/\/dev.antudigital.cl\/sites\/vc\/#\/schema\/person\/81d1dcd51abd542b5dfc00f5f951a0f1\"},\"breadcrumb\":{\"@id\":\"https:\/\/dev.antudigital.cl\/sites\/vc\/del-12-al-15-de-enero-sumate-a-enexpro-el-encuentro-virtual-de-industrias-creativas\/#breadcrumb\"},\"inLanguage\":\"es\",\"potentialAction\":[{\"@type\":\"ReadAction\",\"target\":[\"https:\/\/dev.antudigital.cl\/sites\/vc\/del-12-al-15-de-enero-sumate-a-enexpro-el-encuentro-virtual-de-industrias-creativas\/\"]}]},{\"@type\":\"ImageObject\",\"inLanguage\":\"es\",\"@id\":\"https:\/\/dev.antudigital.cl\/sites\/vc\/del-12-al-15-de-enero-sumate-a-enexpro-el-encuentro-virtual-de-industrias-creativas\/#primaryimage\",\"url\":\"https:\/\/dev.antudigital.cl\/sites\/vc\/wp-content\/uploads\/2020\/12\/ENEXPRO.jpg\",\"contentUrl\":\"https:\/\/dev.antudigital.cl\/sites\/vc\/wp-content\/uploads\/2020\/12\/ENEXPRO.jpg\",\"width\":1500,\"height\":474},{\"@type\":\"BreadcrumbList\",\"@id\":\"https:\/\/dev.antudigital.cl\/sites\/vc\/del-12-al-15-de-enero-sumate-a-enexpro-el-encuentro-virtual-de-industrias-creativas\/#breadcrumb\",\"itemListElement\":[{\"@type\":\"ListItem\",\"position\":1,\"name\":\"Home\",\"item\":\"https:\/\/dev.antudigital.cl\/sites\/vc\/\"},{\"@type\":\"ListItem\",\"position\":2,\"name\":\"Del 19 al 22 de enero: s\u00famate a ENEXPRO, el encuentro virtual de Industrias Creativas\"}]},{\"@type\":\"WebSite\",\"@id\":\"https:\/\/dev.antudigital.cl\/sites\/vc\/#website\",\"url\":\"https:\/\/dev.antudigital.cl\/sites\/vc\/\",\"name\":\"Valpara\u00ed\u00adso Creativo\",\"description\":\"\",\"potentialAction\":[{\"@type\":\"SearchAction\",\"target\":{\"@type\":\"EntryPoint\",\"urlTemplate\":\"https:\/\/dev.antudigital.cl\/sites\/vc\/?s={search_term_string}\"},\"query-input\":{\"@type\":\"PropertyValueSpecification\",\"valueRequired\":true,\"valueName\":\"search_term_string\"}}],\"inLanguage\":\"es\"},{\"@type\":\"Person\",\"@id\":\"https:\/\/dev.antudigital.cl\/sites\/vc\/#\/schema\/person\/81d1dcd51abd542b5dfc00f5f951a0f1\",\"name\":\"Valparaiso Creativo\",\"url\":\"https:\/\/dev.antudigital.cl\/sites\/vc\/author\/valparaiso-creativo\/\"}]}<\/script>\n<!-- \/ Yoast SEO plugin. -->","yoast_head_json":{"title":"Del 19 al 22 de enero: s\u00famate a ENEXPRO, el encuentro virtual de Industrias Creativas - Valpara\u00ed\u00adso Creativo","robots":{"index":"index","follow":"follow","max-snippet":"max-snippet:-1","max-image-preview":"max-image-preview:large","max-video-preview":"max-video-preview:-1"},"canonical":"https:\/\/dev.antudigital.cl\/sites\/vc\/del-12-al-15-de-enero-sumate-a-enexpro-el-encuentro-virtual-de-industrias-creativas\/","og_locale":"es_ES","og_type":"article","og_title":"Del 19 al 22 de enero: s\u00famate a ENEXPRO, el encuentro virtual de Industrias Creativas - Valpara\u00ed\u00adso Creativo","og_description":"ProChile, invita a las empresas chilenas de los sectores de Animaci\u00f3n, Artes Esc\u00e9nicas, Audiovisual, Editorial, Moda, M\u00fasica, Narrativa Gr\u00e1fica e Ilustraci\u00f3n, y Videojuegos a participar en\u00a0ENEXPRO\u00a0INDUSTRIAS CREATIVAS. En este\u00a0Encuentro Exportador\u00a0que ser\u00e1 en formato 100% virtual, podr\u00e1s presentar tu oferta exportable y reunirte con los principales socios comerciales de los distintos mercados internacionales con el objetivo [&hellip;]","og_url":"https:\/\/dev.antudigital.cl\/sites\/vc\/del-12-al-15-de-enero-sumate-a-enexpro-el-encuentro-virtual-de-industrias-creativas\/","og_site_name":"Valpara\u00ed\u00adso Creativo","article_published_time":"2020-12-21T09:45:18+00:00","og_image":[{"width":1500,"height":474,"url":"https:\/\/dev.antudigital.cl\/sites\/vc\/wp-content\/uploads\/2020\/12\/ENEXPRO.jpg","type":"image\/jpeg"}],"author":"Valparaiso Creativo","twitter_card":"summary_large_image","twitter_misc":{"Escrito por":"Valparaiso Creativo","Tiempo de lectura":"1 minuto"},"schema":{"@context":"https:\/\/schema.org","@graph":[{"@type":"Article","@id":"https:\/\/dev.antudigital.cl\/sites\/vc\/del-12-al-15-de-enero-sumate-a-enexpro-el-encuentro-virtual-de-industrias-creativas\/#article","isPartOf":{"@id":"https:\/\/dev.antudigital.cl\/sites\/vc\/del-12-al-15-de-enero-sumate-a-enexpro-el-encuentro-virtual-de-industrias-creativas\/"},"author":{"name":"Valparaiso Creativo","@id":"https:\/\/dev.antudigital.cl\/sites\/vc\/#\/schema\/person\/81d1dcd51abd542b5dfc00f5f951a0f1"},"headline":"Del 19 al 22 de enero: s\u00famate a ENEXPRO, el encuentro virtual de Industrias Creativas","datePublished":"2020-12-21T09:45:18+00:00","mainEntityOfPage":{"@id":"https:\/\/dev.antudigital.cl\/sites\/vc\/del-12-al-15-de-enero-sumate-a-enexpro-el-encuentro-virtual-de-industrias-creativas\/"},"wordCount":297,"image":{"@id":"https:\/\/dev.antudigital.cl\/sites\/vc\/del-12-al-15-de-enero-sumate-a-enexpro-el-encuentro-virtual-de-industrias-creativas\/#primaryimage"},"thumbnailUrl":"https:\/\/dev.antudigital.cl\/sites\/vc\/wp-content\/uploads\/2020\/12\/ENEXPRO.jpg","articleSection":["Noticia"],"inLanguage":"es"},{"@type":"WebPage","@id":"https:\/\/dev.antudigital.cl\/sites\/vc\/del-12-al-15-de-enero-sumate-a-enexpro-el-encuentro-virtual-de-industrias-creativas\/","url":"https:\/\/dev.antudigital.cl\/sites\/vc\/del-12-al-15-de-enero-sumate-a-enexpro-el-encuentro-virtual-de-industrias-creativas\/","name":"Del 19 al 22 de enero: s\u00famate a ENEXPRO, el encuentro virtual de Industrias Creativas - Valpara\u00ed\u00adso Creativo","isPartOf":{"@id":"https:\/\/dev.antudigital.cl\/sites\/vc\/#website"},"primaryImageOfPage":{"@id":"https:\/\/dev.antudigital.cl\/sites\/vc\/del-12-al-15-de-enero-sumate-a-enexpro-el-encuentro-virtual-de-industrias-creativas\/#primaryimage"},"image":{"@id":"https:\/\/dev.antudigital.cl\/sites\/vc\/del-12-al-15-de-enero-sumate-a-enexpro-el-encuentro-virtual-de-industrias-creativas\/#primaryimage"},"thumbnailUrl":"https:\/\/dev.antudigital.cl\/sites\/vc\/wp-content\/uploads\/2020\/12\/ENEXPRO.jpg","datePublished":"2020-12-21T09:45:18+00:00","author":{"@id":"https:\/\/dev.antudigital.cl\/sites\/vc\/#\/schema\/person\/81d1dcd51abd542b5dfc00f5f951a0f1"},"breadcrumb":{"@id":"https:\/\/dev.antudigital.cl\/sites\/vc\/del-12-al-15-de-enero-sumate-a-enexpro-el-encuentro-virtual-de-industrias-creativas\/#breadcrumb"},"inLanguage":"es","potentialAction":[{"@type":"ReadAction","target":["https:\/\/dev.antudigital.cl\/sites\/vc\/del-12-al-15-de-enero-sumate-a-enexpro-el-encuentro-virtual-de-industrias-creativas\/"]}]},{"@type":"ImageObject","inLanguage":"es","@id":"https:\/\/dev.antudigital.cl\/sites\/vc\/del-12-al-15-de-enero-sumate-a-enexpro-el-encuentro-virtual-de-industrias-creativas\/#primaryimage","url":"https:\/\/dev.antudigital.cl\/sites\/vc\/wp-content\/uploads\/2020\/12\/ENEXPRO.jpg","contentUrl":"https:\/\/dev.antudigital.cl\/sites\/vc\/wp-content\/uploads\/2020\/12\/ENEXPRO.jpg","width":1500,"height":474},{"@type":"BreadcrumbList","@id":"https:\/\/dev.antudigital.cl\/sites\/vc\/del-12-al-15-de-enero-sumate-a-enexpro-el-encuentro-virtual-de-industrias-creativas\/#breadcrumb","itemListElement":[{"@type":"ListItem","position":1,"name":"Home","item":"https:\/\/dev.antudigital.cl\/sites\/vc\/"},{"@type":"ListItem","position":2,"name":"Del 19 al 22 de enero: s\u00famate a ENEXPRO, el encuentro virtual de Industrias Creativas"}]},{"@type":"WebSite","@id":"https:\/\/dev.antudigital.cl\/sites\/vc\/#website","url":"https:\/\/dev.antudigital.cl\/sites\/vc\/","name":"Valpara\u00ed\u00adso Creativo","description":"","potentialAction":[{"@type":"SearchAction","target":{"@type":"EntryPoint","urlTemplate":"https:\/\/dev.antudigital.cl\/sites\/vc\/?s={search_term_string}"},"query-input":{"@type":"PropertyValueSpecification","valueRequired":true,"valueName":"search_term_string"}}],"inLanguage":"es"},{"@type":"Person","@id":"https:\/\/dev.antudigital.cl\/sites\/vc\/#\/schema\/person\/81d1dcd51abd542b5dfc00f5f951a0f1","name":"Valparaiso Creativo","url":"https:\/\/dev.antudigital.cl\/sites\/vc\/author\/valparaiso-creativo\/"}]}},"_links":{"self":[{"href":"https:\/\/dev.antudigital.cl\/sites\/vc\/wp-json\/wp\/v2\/posts\/8427","targetHints":{"allow":["GET"]}}],"collection":[{"href":"https:\/\/dev.antudigital.cl\/sites\/vc\/wp-json\/wp\/v2\/posts"}],"about":[{"href":"https:\/\/dev.antudigital.cl\/sites\/vc\/wp-json\/wp\/v2\/types\/post"}],"author":[{"embeddable":true,"href":"https:\/\/dev.antudigital.cl\/sites\/vc\/wp-json\/wp\/v2\/users\/3"}],"replies":[{"embeddable":true,"href":"https:\/\/dev.antudigital.cl\/sites\/vc\/wp-json\/wp\/v2\/comments?post=8427"}],"version-history":[{"count":0,"href":"https:\/\/dev.antudigital.cl\/sites\/vc\/wp-json\/wp\/v2\/posts\/8427\/revisions"}],"wp:featuredmedia":[{"embeddable":true,"href":"https:\/\/dev.antudigital.cl\/sites\/vc\/wp-json\/wp\/v2\/media\/8428"}],"wp:attachment":[{"href":"https:\/\/dev.antudigital.cl\/sites\/vc\/wp-json\/wp\/v2\/media?parent=8427"}],"wp:term":[{"taxonomy":"category","embeddable":true,"href":"https:\/\/dev.antudigital.cl\/sites\/vc\/wp-json\/wp\/v2\/categories?post=8427"},{"taxonomy":"post_tag","embeddable":true,"href":"https:\/\/dev.antudigital.cl\/sites\/vc\/wp-json\/wp\/v2\/tags?post=8427"}],"curies":[{"name":"wp","href":"https:\/\/api.w.org\/{rel}","templated":true}]}}