{"id":8429,"date":"2020-12-21T09:14:32","date_gmt":"2020-12-21T09:14:32","guid":{"rendered":"https:\/\/www.valparaisocreativo.cl\/?p=5635"},"modified":"2021-12-24T20:10:14","modified_gmt":"2021-12-24T20:10:14","slug":"artistas-locales-dan-una-nueva-cara-a-espacios-publicos-y-llegan-a-metro-valparaiso","status":"publish","type":"post","link":"https:\/\/dev.antudigital.cl\/sites\/vc\/artistas-locales-dan-una-nueva-cara-a-espacios-publicos-y-llegan-a-metro-valparaiso\/","title":{"rendered":"Artistas locales dan una nueva cara a espacios p\u00fablicos y llegan a Metro Valpara\u00edso"},"content":{"rendered":"<p>Reconocidos artistas del arte urbano son los autores del nuevo entorno de quienes transiten a trav\u00e9s de las estaciones de Metro Valpara\u00edso. Esto por una iniciativa in\u00e9dita en la Regi\u00f3n que une el arte con el transporte p\u00fablico.<\/p>\n<p>El proyecto es impulsado por la empresa de trenes junto a la <strong>Seremi de las Culturas, el Arte y el Patrimonio, y la ONG Valpara\u00edso en Colores, con apoyo de Pinturas Ceresita y Valpara\u00edso Creativo<\/strong>, y considera la creaci\u00f3n de obras de gran formato en\u00a014 estaciones\u00a0de la red ferroviaria que une la regi\u00f3n de Valpara\u00edso, en las comunas de Valpara\u00edso, Vi\u00f1a del Mar, Quilpu\u00e9, Villa Alemana y Limache.<\/p>\n<div>\n<p>Los primeros trazados de lo que ser\u00e1n estas obras de grandes dimensiones ya comenzaron en el exterior de la Estaci\u00f3n Vi\u00f1a del Mar a cargo del muralista Giova, con una creaci\u00f3n que tendr\u00e1 el sello de realismo m\u00e1gico para una escena cotidiana del viaje en tren; espacio en el que tambi\u00e9n trabajar\u00e1 el colectivo Aztekas. El proyecto considera m\u00e1s de una decena de artistas de renombre en el circuito del arte urbano nacional e internacional, como Inti (Estaci\u00f3n Puerto), Seco S\u00e1nchez (Chorrillos), Daniel Marceli (Miramar), Jotap\u00e9 (Hospital), Maida-K (Chorrillos), Alessia Innocenti (Hospital), Sim\u00f3n de Madera (Bar\u00f3n) y Allan Halley (Miramar), todos con una amplia trayectoria en la pintura y con obras realizadas en distintas regiones de Chile y el extranjero.<u><\/u><u><\/u><\/p>\n<p><u><\/u>Este proyecto es parte de la iniciativa \u201cEmerge Valpara\u00edso\u201d, de la Seremi de las Culturas, las Artes y el Patrimonio, de la Regi\u00f3n de Valpara\u00edso, que cuenta con el apoyo del \u00e1rea de Industrias Creativas del Ministerio, y que ha desarrollado un trabajo de intervenci\u00f3n de los espacios p\u00fablicos junto a las comunidades en diferentes sectores de la regi\u00f3n, relevando el arte urbano como un aporte al hermoseamiento de las ciudades y la identidad de los territorios.<\/p>\n<p>El director de ONG Valpara\u00edso en Colores, Horacio Silva indic\u00f3 que \u201cestamos muy contentos de participar en este proyecto pintando varias estaciones, las que tomar\u00e1n otra vida y color, dialogando con la comunidad, espec\u00edficamente los pasajeros de este medio de transporte que une a gran parte del Gran Valpara\u00edso. Pintar\u00e1 parte de nuestro equipo estable de artistas, todos de muy buen nivel que llevan a\u00f1os pintando dentro de nuestra iniciativa art\u00edstico-social\u201d.<\/p>\n<p>A trav\u00e9s de obras de gran formato, el proyecto busca ofrecer a los usuarios del tren y a la comunidad en general, la posibilidad de conocer y acceder a esta expresi\u00f3n art\u00edstica, generando una experiencia distinta en su tr\u00e1nsito cotidiano por las estaciones. El color, la luz y las formas presentes en las obras ser\u00e1n una invitaci\u00f3n a observar su entorno directo, a explorar y descubrir, generando una actitud positiva para el desarrollo de su jornada.<\/p>\n<p>El proyecto tambi\u00e9n considera la realizaci\u00f3n de talleres art\u00edsticos con alumnos de establecimientos educacionales de la regi\u00f3n y visitas guiadas a los murales, como parte de un trabajo de mediaci\u00f3n art\u00edstica que desarrolla la Seremi de las Culturas con su iniciativa \u201cEmerge Valpara\u00edso.\u201d<\/p>\n<p>La ministra de las Culturas, Consuelo Vald\u00e9s, destac\u00f3 que \u201ccon el trabajo de m\u00e1s de diez artistas urbanos y la colaboraci\u00f3n de diferentes agentes de la regi\u00f3n, este proyecto permitir\u00e1 convertir parte de las estaciones del metro de Valpara\u00edso en verdaderas galer\u00edas de arte, con obras originales y acceso para toda la ciudadan\u00eda que se desplaza en este medio. Como Ministerio sabemos que la cultura no es exclusiva de museos o galer\u00edas, y utilizar espacios de tr\u00e1nsito p\u00fablico se convierte en una iniciativa valiosa para replicar en distintas latitudes\u201d.<\/p>\n<\/div>\n","protected":false},"excerpt":{"rendered":"<p>Reconocidos artistas del arte urbano son los autores del nuevo entorno de quienes transiten a trav\u00e9s de las estaciones de Metro Valpara\u00edso. Esto por una iniciativa in\u00e9dita en la Regi\u00f3n que une el arte con el transporte p\u00fablico. El proyecto es impulsado por la empresa de trenes junto a la Seremi de las Culturas, el [&hellip;]<\/p>\n","protected":false},"author":3,"featured_media":8430,"comment_status":"closed","ping_status":"closed","sticky":false,"template":"","format":"standard","meta":{"_acf_changed":false,"footnotes":""},"categories":[8],"tags":[],"class_list":["post-8429","post","type-post","status-publish","format-standard","has-post-thumbnail","hentry","category-noticia"],"acf":[],"yoast_head":"<!-- This site is optimized with the Yoast SEO plugin v27.1.1 - https:\/\/yoast.com\/product\/yoast-seo-wordpress\/ -->\n<title>Artistas locales dan una nueva cara a espacios p\u00fablicos y llegan a Metro Valpara\u00edso - Valpara\u00ed\u00adso Creativo<\/title>\n<meta name=\"robots\" content=\"index, follow, max-snippet:-1, max-image-preview:large, max-video-preview:-1\" \/>\n<link rel=\"canonical\" href=\"https:\/\/dev.antudigital.cl\/sites\/vc\/artistas-locales-dan-una-nueva-cara-a-espacios-publicos-y-llegan-a-metro-valparaiso\/\" \/>\n<meta property=\"og:locale\" content=\"es_ES\" \/>\n<meta property=\"og:type\" content=\"article\" \/>\n<meta property=\"og:title\" content=\"Artistas locales dan una nueva cara a espacios p\u00fablicos y llegan a Metro Valpara\u00edso - Valpara\u00ed\u00adso Creativo\" \/>\n<meta property=\"og:description\" content=\"Reconocidos artistas del arte urbano son los autores del nuevo entorno de quienes transiten a trav\u00e9s de las estaciones de Metro Valpara\u00edso. Esto por una iniciativa in\u00e9dita en la Regi\u00f3n que une el arte con el transporte p\u00fablico. El proyecto es impulsado por la empresa de trenes junto a la Seremi de las Culturas, el [&hellip;]\" \/>\n<meta property=\"og:url\" content=\"https:\/\/dev.antudigital.cl\/sites\/vc\/artistas-locales-dan-una-nueva-cara-a-espacios-publicos-y-llegan-a-metro-valparaiso\/\" \/>\n<meta property=\"og:site_name\" content=\"Valpara\u00ed\u00adso Creativo\" \/>\n<meta property=\"article:published_time\" content=\"2020-12-21T09:14:32+00:00\" \/>\n<meta property=\"article:modified_time\" content=\"2021-12-24T20:10:14+00:00\" \/>\n<meta property=\"og:image\" content=\"https:\/\/dev.antudigital.cl\/sites\/vc\/wp-content\/uploads\/2020\/12\/Ceresita.jpg\" \/>\n\t<meta property=\"og:image:width\" content=\"2048\" \/>\n\t<meta property=\"og:image:height\" content=\"1150\" \/>\n\t<meta property=\"og:image:type\" content=\"image\/jpeg\" \/>\n<meta name=\"author\" content=\"Valparaiso Creativo\" \/>\n<meta name=\"twitter:card\" content=\"summary_large_image\" \/>\n<meta name=\"twitter:label1\" content=\"Escrito por\" \/>\n\t<meta name=\"twitter:data1\" content=\"Valparaiso Creativo\" \/>\n\t<meta name=\"twitter:label2\" content=\"Tiempo de lectura\" \/>\n\t<meta name=\"twitter:data2\" content=\"3 minutos\" \/>\n<script type=\"application\/ld+json\" class=\"yoast-schema-graph\">{\"@context\":\"https:\/\/schema.org\",\"@graph\":[{\"@type\":\"Article\",\"@id\":\"https:\/\/dev.antudigital.cl\/sites\/vc\/artistas-locales-dan-una-nueva-cara-a-espacios-publicos-y-llegan-a-metro-valparaiso\/#article\",\"isPartOf\":{\"@id\":\"https:\/\/dev.antudigital.cl\/sites\/vc\/artistas-locales-dan-una-nueva-cara-a-espacios-publicos-y-llegan-a-metro-valparaiso\/\"},\"author\":{\"name\":\"Valparaiso Creativo\",\"@id\":\"https:\/\/dev.antudigital.cl\/sites\/vc\/#\/schema\/person\/81d1dcd51abd542b5dfc00f5f951a0f1\"},\"headline\":\"Artistas locales dan una nueva cara a espacios p\u00fablicos y llegan a Metro Valpara\u00edso\",\"datePublished\":\"2020-12-21T09:14:32+00:00\",\"dateModified\":\"2021-12-24T20:10:14+00:00\",\"mainEntityOfPage\":{\"@id\":\"https:\/\/dev.antudigital.cl\/sites\/vc\/artistas-locales-dan-una-nueva-cara-a-espacios-publicos-y-llegan-a-metro-valparaiso\/\"},\"wordCount\":657,\"image\":{\"@id\":\"https:\/\/dev.antudigital.cl\/sites\/vc\/artistas-locales-dan-una-nueva-cara-a-espacios-publicos-y-llegan-a-metro-valparaiso\/#primaryimage\"},\"thumbnailUrl\":\"https:\/\/dev.antudigital.cl\/sites\/vc\/wp-content\/uploads\/2020\/12\/Ceresita.jpg\",\"articleSection\":[\"Noticia\"],\"inLanguage\":\"es\"},{\"@type\":\"WebPage\",\"@id\":\"https:\/\/dev.antudigital.cl\/sites\/vc\/artistas-locales-dan-una-nueva-cara-a-espacios-publicos-y-llegan-a-metro-valparaiso\/\",\"url\":\"https:\/\/dev.antudigital.cl\/sites\/vc\/artistas-locales-dan-una-nueva-cara-a-espacios-publicos-y-llegan-a-metro-valparaiso\/\",\"name\":\"Artistas locales dan una nueva cara a espacios p\u00fablicos y llegan a Metro Valpara\u00edso - Valpara\u00ed\u00adso Creativo\",\"isPartOf\":{\"@id\":\"https:\/\/dev.antudigital.cl\/sites\/vc\/#website\"},\"primaryImageOfPage\":{\"@id\":\"https:\/\/dev.antudigital.cl\/sites\/vc\/artistas-locales-dan-una-nueva-cara-a-espacios-publicos-y-llegan-a-metro-valparaiso\/#primaryimage\"},\"image\":{\"@id\":\"https:\/\/dev.antudigital.cl\/sites\/vc\/artistas-locales-dan-una-nueva-cara-a-espacios-publicos-y-llegan-a-metro-valparaiso\/#primaryimage\"},\"thumbnailUrl\":\"https:\/\/dev.antudigital.cl\/sites\/vc\/wp-content\/uploads\/2020\/12\/Ceresita.jpg\",\"datePublished\":\"2020-12-21T09:14:32+00:00\",\"dateModified\":\"2021-12-24T20:10:14+00:00\",\"author\":{\"@id\":\"https:\/\/dev.antudigital.cl\/sites\/vc\/#\/schema\/person\/81d1dcd51abd542b5dfc00f5f951a0f1\"},\"breadcrumb\":{\"@id\":\"https:\/\/dev.antudigital.cl\/sites\/vc\/artistas-locales-dan-una-nueva-cara-a-espacios-publicos-y-llegan-a-metro-valparaiso\/#breadcrumb\"},\"inLanguage\":\"es\",\"potentialAction\":[{\"@type\":\"ReadAction\",\"target\":[\"https:\/\/dev.antudigital.cl\/sites\/vc\/artistas-locales-dan-una-nueva-cara-a-espacios-publicos-y-llegan-a-metro-valparaiso\/\"]}]},{\"@type\":\"ImageObject\",\"inLanguage\":\"es\",\"@id\":\"https:\/\/dev.antudigital.cl\/sites\/vc\/artistas-locales-dan-una-nueva-cara-a-espacios-publicos-y-llegan-a-metro-valparaiso\/#primaryimage\",\"url\":\"https:\/\/dev.antudigital.cl\/sites\/vc\/wp-content\/uploads\/2020\/12\/Ceresita.jpg\",\"contentUrl\":\"https:\/\/dev.antudigital.cl\/sites\/vc\/wp-content\/uploads\/2020\/12\/Ceresita.jpg\",\"width\":2048,\"height\":1150},{\"@type\":\"BreadcrumbList\",\"@id\":\"https:\/\/dev.antudigital.cl\/sites\/vc\/artistas-locales-dan-una-nueva-cara-a-espacios-publicos-y-llegan-a-metro-valparaiso\/#breadcrumb\",\"itemListElement\":[{\"@type\":\"ListItem\",\"position\":1,\"name\":\"Home\",\"item\":\"https:\/\/dev.antudigital.cl\/sites\/vc\/\"},{\"@type\":\"ListItem\",\"position\":2,\"name\":\"Artistas locales dan una nueva cara a espacios p\u00fablicos y llegan a Metro Valpara\u00edso\"}]},{\"@type\":\"WebSite\",\"@id\":\"https:\/\/dev.antudigital.cl\/sites\/vc\/#website\",\"url\":\"https:\/\/dev.antudigital.cl\/sites\/vc\/\",\"name\":\"Valpara\u00ed\u00adso Creativo\",\"description\":\"\",\"potentialAction\":[{\"@type\":\"SearchAction\",\"target\":{\"@type\":\"EntryPoint\",\"urlTemplate\":\"https:\/\/dev.antudigital.cl\/sites\/vc\/?s={search_term_string}\"},\"query-input\":{\"@type\":\"PropertyValueSpecification\",\"valueRequired\":true,\"valueName\":\"search_term_string\"}}],\"inLanguage\":\"es\"},{\"@type\":\"Person\",\"@id\":\"https:\/\/dev.antudigital.cl\/sites\/vc\/#\/schema\/person\/81d1dcd51abd542b5dfc00f5f951a0f1\",\"name\":\"Valparaiso Creativo\",\"url\":\"https:\/\/dev.antudigital.cl\/sites\/vc\/author\/valparaiso-creativo\/\"}]}<\/script>\n<!-- \/ Yoast SEO plugin. -->","yoast_head_json":{"title":"Artistas locales dan una nueva cara a espacios p\u00fablicos y llegan a Metro Valpara\u00edso - Valpara\u00ed\u00adso Creativo","robots":{"index":"index","follow":"follow","max-snippet":"max-snippet:-1","max-image-preview":"max-image-preview:large","max-video-preview":"max-video-preview:-1"},"canonical":"https:\/\/dev.antudigital.cl\/sites\/vc\/artistas-locales-dan-una-nueva-cara-a-espacios-publicos-y-llegan-a-metro-valparaiso\/","og_locale":"es_ES","og_type":"article","og_title":"Artistas locales dan una nueva cara a espacios p\u00fablicos y llegan a Metro Valpara\u00edso - Valpara\u00ed\u00adso Creativo","og_description":"Reconocidos artistas del arte urbano son los autores del nuevo entorno de quienes transiten a trav\u00e9s de las estaciones de Metro Valpara\u00edso. Esto por una iniciativa in\u00e9dita en la Regi\u00f3n que une el arte con el transporte p\u00fablico. El proyecto es impulsado por la empresa de trenes junto a la Seremi de las Culturas, el [&hellip;]","og_url":"https:\/\/dev.antudigital.cl\/sites\/vc\/artistas-locales-dan-una-nueva-cara-a-espacios-publicos-y-llegan-a-metro-valparaiso\/","og_site_name":"Valpara\u00ed\u00adso Creativo","article_published_time":"2020-12-21T09:14:32+00:00","article_modified_time":"2021-12-24T20:10:14+00:00","og_image":[{"width":2048,"height":1150,"url":"https:\/\/dev.antudigital.cl\/sites\/vc\/wp-content\/uploads\/2020\/12\/Ceresita.jpg","type":"image\/jpeg"}],"author":"Valparaiso Creativo","twitter_card":"summary_large_image","twitter_misc":{"Escrito por":"Valparaiso Creativo","Tiempo de lectura":"3 minutos"},"schema":{"@context":"https:\/\/schema.org","@graph":[{"@type":"Article","@id":"https:\/\/dev.antudigital.cl\/sites\/vc\/artistas-locales-dan-una-nueva-cara-a-espacios-publicos-y-llegan-a-metro-valparaiso\/#article","isPartOf":{"@id":"https:\/\/dev.antudigital.cl\/sites\/vc\/artistas-locales-dan-una-nueva-cara-a-espacios-publicos-y-llegan-a-metro-valparaiso\/"},"author":{"name":"Valparaiso Creativo","@id":"https:\/\/dev.antudigital.cl\/sites\/vc\/#\/schema\/person\/81d1dcd51abd542b5dfc00f5f951a0f1"},"headline":"Artistas locales dan una nueva cara a espacios p\u00fablicos y llegan a Metro Valpara\u00edso","datePublished":"2020-12-21T09:14:32+00:00","dateModified":"2021-12-24T20:10:14+00:00","mainEntityOfPage":{"@id":"https:\/\/dev.antudigital.cl\/sites\/vc\/artistas-locales-dan-una-nueva-cara-a-espacios-publicos-y-llegan-a-metro-valparaiso\/"},"wordCount":657,"image":{"@id":"https:\/\/dev.antudigital.cl\/sites\/vc\/artistas-locales-dan-una-nueva-cara-a-espacios-publicos-y-llegan-a-metro-valparaiso\/#primaryimage"},"thumbnailUrl":"https:\/\/dev.antudigital.cl\/sites\/vc\/wp-content\/uploads\/2020\/12\/Ceresita.jpg","articleSection":["Noticia"],"inLanguage":"es"},{"@type":"WebPage","@id":"https:\/\/dev.antudigital.cl\/sites\/vc\/artistas-locales-dan-una-nueva-cara-a-espacios-publicos-y-llegan-a-metro-valparaiso\/","url":"https:\/\/dev.antudigital.cl\/sites\/vc\/artistas-locales-dan-una-nueva-cara-a-espacios-publicos-y-llegan-a-metro-valparaiso\/","name":"Artistas locales dan una nueva cara a espacios p\u00fablicos y llegan a Metro Valpara\u00edso - Valpara\u00ed\u00adso Creativo","isPartOf":{"@id":"https:\/\/dev.antudigital.cl\/sites\/vc\/#website"},"primaryImageOfPage":{"@id":"https:\/\/dev.antudigital.cl\/sites\/vc\/artistas-locales-dan-una-nueva-cara-a-espacios-publicos-y-llegan-a-metro-valparaiso\/#primaryimage"},"image":{"@id":"https:\/\/dev.antudigital.cl\/sites\/vc\/artistas-locales-dan-una-nueva-cara-a-espacios-publicos-y-llegan-a-metro-valparaiso\/#primaryimage"},"thumbnailUrl":"https:\/\/dev.antudigital.cl\/sites\/vc\/wp-content\/uploads\/2020\/12\/Ceresita.jpg","datePublished":"2020-12-21T09:14:32+00:00","dateModified":"2021-12-24T20:10:14+00:00","author":{"@id":"https:\/\/dev.antudigital.cl\/sites\/vc\/#\/schema\/person\/81d1dcd51abd542b5dfc00f5f951a0f1"},"breadcrumb":{"@id":"https:\/\/dev.antudigital.cl\/sites\/vc\/artistas-locales-dan-una-nueva-cara-a-espacios-publicos-y-llegan-a-metro-valparaiso\/#breadcrumb"},"inLanguage":"es","potentialAction":[{"@type":"ReadAction","target":["https:\/\/dev.antudigital.cl\/sites\/vc\/artistas-locales-dan-una-nueva-cara-a-espacios-publicos-y-llegan-a-metro-valparaiso\/"]}]},{"@type":"ImageObject","inLanguage":"es","@id":"https:\/\/dev.antudigital.cl\/sites\/vc\/artistas-locales-dan-una-nueva-cara-a-espacios-publicos-y-llegan-a-metro-valparaiso\/#primaryimage","url":"https:\/\/dev.antudigital.cl\/sites\/vc\/wp-content\/uploads\/2020\/12\/Ceresita.jpg","contentUrl":"https:\/\/dev.antudigital.cl\/sites\/vc\/wp-content\/uploads\/2020\/12\/Ceresita.jpg","width":2048,"height":1150},{"@type":"BreadcrumbList","@id":"https:\/\/dev.antudigital.cl\/sites\/vc\/artistas-locales-dan-una-nueva-cara-a-espacios-publicos-y-llegan-a-metro-valparaiso\/#breadcrumb","itemListElement":[{"@type":"ListItem","position":1,"name":"Home","item":"https:\/\/dev.antudigital.cl\/sites\/vc\/"},{"@type":"ListItem","position":2,"name":"Artistas locales dan una nueva cara a espacios p\u00fablicos y llegan a Metro Valpara\u00edso"}]},{"@type":"WebSite","@id":"https:\/\/dev.antudigital.cl\/sites\/vc\/#website","url":"https:\/\/dev.antudigital.cl\/sites\/vc\/","name":"Valpara\u00ed\u00adso Creativo","description":"","potentialAction":[{"@type":"SearchAction","target":{"@type":"EntryPoint","urlTemplate":"https:\/\/dev.antudigital.cl\/sites\/vc\/?s={search_term_string}"},"query-input":{"@type":"PropertyValueSpecification","valueRequired":true,"valueName":"search_term_string"}}],"inLanguage":"es"},{"@type":"Person","@id":"https:\/\/dev.antudigital.cl\/sites\/vc\/#\/schema\/person\/81d1dcd51abd542b5dfc00f5f951a0f1","name":"Valparaiso Creativo","url":"https:\/\/dev.antudigital.cl\/sites\/vc\/author\/valparaiso-creativo\/"}]}},"_links":{"self":[{"href":"https:\/\/dev.antudigital.cl\/sites\/vc\/wp-json\/wp\/v2\/posts\/8429","targetHints":{"allow":["GET"]}}],"collection":[{"href":"https:\/\/dev.antudigital.cl\/sites\/vc\/wp-json\/wp\/v2\/posts"}],"about":[{"href":"https:\/\/dev.antudigital.cl\/sites\/vc\/wp-json\/wp\/v2\/types\/post"}],"author":[{"embeddable":true,"href":"https:\/\/dev.antudigital.cl\/sites\/vc\/wp-json\/wp\/v2\/users\/3"}],"replies":[{"embeddable":true,"href":"https:\/\/dev.antudigital.cl\/sites\/vc\/wp-json\/wp\/v2\/comments?post=8429"}],"version-history":[{"count":1,"href":"https:\/\/dev.antudigital.cl\/sites\/vc\/wp-json\/wp\/v2\/posts\/8429\/revisions"}],"predecessor-version":[{"id":8441,"href":"https:\/\/dev.antudigital.cl\/sites\/vc\/wp-json\/wp\/v2\/posts\/8429\/revisions\/8441"}],"wp:featuredmedia":[{"embeddable":true,"href":"https:\/\/dev.antudigital.cl\/sites\/vc\/wp-json\/wp\/v2\/media\/8430"}],"wp:attachment":[{"href":"https:\/\/dev.antudigital.cl\/sites\/vc\/wp-json\/wp\/v2\/media?parent=8429"}],"wp:term":[{"taxonomy":"category","embeddable":true,"href":"https:\/\/dev.antudigital.cl\/sites\/vc\/wp-json\/wp\/v2\/categories?post=8429"},{"taxonomy":"post_tag","embeddable":true,"href":"https:\/\/dev.antudigital.cl\/sites\/vc\/wp-json\/wp\/v2\/tags?post=8429"}],"curies":[{"name":"wp","href":"https:\/\/api.w.org\/{rel}","templated":true}]}}