{"id":8436,"date":"2020-12-18T13:54:27","date_gmt":"2020-12-18T13:54:27","guid":{"rendered":"https:\/\/www.valparaisocreativo.cl\/?p=5618"},"modified":"2021-12-24T20:10:44","modified_gmt":"2021-12-24T20:10:44","slug":"pascuala-ilabaca-reinventa-su-sonido-en-ranchera-antiposesiva","status":"publish","type":"post","link":"https:\/\/dev.antudigital.cl\/sites\/vc\/pascuala-ilabaca-reinventa-su-sonido-en-ranchera-antiposesiva\/","title":{"rendered":"Pascuala Ilabaca reinventa su sonido en \u201cRanchera Antiposesiva\u00bb"},"content":{"rendered":"<p><strong>La cantante registra sus procesos en el feminismo anunciando un ep\u00e9 que buscar\u00e1 aportar nuevas l\u00edricas al folclore latinoamericano, todo desde un sonido l\u00fadico y fresco. Su segundo adelanto\u00a0llega con un divertido videoclip sobre la posesi\u00f3n y la deconstrucci\u00f3n masculina.\u00a0<\/strong><\/p>\n<p>Un nuevo nivel sonoro y de relato presenta\u00a0<strong>Pascuala Ilabaca<\/strong>, quien se prepara a estrenar el viernes 8 de enero\u00a0el ep\u00e9 \u201cAmatoria\u201d, un trabajo compuesto por la cantante, orquestado por Sim\u00f3n Gonz\u00e1lez, e interpretado de forma in\u00e9dita\u00a0por un cuarteto de cuerdas femenino.<\/p>\n<p>El corto ya nos dio el primer adelanto con\u00a0<strong>\u201cCompa\u00f1eras al Comp\u00e1s\u201d<\/strong>, una pieza estrenada durante el 8 de marzo de este a\u00f1o, con un clip registrado en vivo en las calles de Valpara\u00edso tiene de protagonistas a<strong>\u00a0Isabel Flores<\/strong>\u00a0(Viola),\u00a0<strong>Daniella Rivera<\/strong>\u00a0(Viol\u00edn),\u00a0<strong>Mar\u00eda Fernanda Prieto<\/strong>\u00a0(Viol\u00edn) y\u00a0<strong>Valentina del Canto<\/strong>\u00a0(Violonchelo).<\/p>\n<p>Ahora es el turno de\u00a0<strong>\u201cRanchera Antiposesiva\u201d<\/strong>,\u00a0<strong><em>\u201ctema ir\u00f3nico y divertido\u201d<\/em><\/strong>\u00a0en palabras de Pascuala, quien mediante frases e imaginarios l\u00fadicos logra poner en perspectiva las aristas posesivas que se pueden llegar a vivir en una relaci\u00f3n rom\u00e1ntica.<\/p>\n<p><strong>El estreno viene acompa\u00f1ado por un videoclip ambientado en un bar de Valpara\u00edso durante los a\u00f1os cuarenta<\/strong>, en el que una pareja se enfrenta a la formalidad de la cena,\u00a0<strong><em>\u00abdonde yo soy camarera y espectadora de las conductas de este gal\u00e1n que mediante un encuentro logra deconstruirse\u201d<\/em><\/strong>, agrega la cantante.<\/p>\n<p><em>\u201cMe gust\u00f3 mucho el texto, creo que logr\u00e9 algo potente en\u00a0relaci\u00f3n a\u00a0<strong>dejarnos ser y no necesitar que el otro sea tuyo, esa cosa de la propiedad que hay en el amor<\/strong>\u00bb\u00a0<\/em>, cuenta la artista que por estos d\u00edas busca aportar a su g\u00e9nero madre, entendiendo al folclore como una pieza fundamental de nuestra historia, pero dimensionando el relato, muchas veces mis\u00f3gino, que promulga.<\/p>\n<p><strong><em>\u201cAmor m\u00edo, quiero que vuelvas a ser tuyo\u201d<\/em><\/strong>, nos canta Ilabaca mientras sigue dando pistas de lo que ser\u00e1 el cortaduraci\u00f3n,\u00a0<em><strong>\u201cuna versi\u00f3n feminista de ritmos cl\u00e1sicos del folclore latinoamericano como lo son el bolero, la ranchera, un vals y una canci\u00f3n de protesta, todas con poes\u00eda bastante humor\u00edstica y contingente, problematizando c\u00f3mo es que queremos amar y ser amadas. Un trabajo\u00a0dedicado\u00a0al amor, al erotismo y el desapego\u201d<\/strong><\/em>, concluye.<\/p>\n<p><iframe src=\"https:\/\/www.youtube.com\/embed\/TN8IuS3To0w\" width=\"560\" height=\"315\" frameborder=\"0\" allowfullscreen=\"allowfullscreen\"><\/iframe><\/p>\n","protected":false},"excerpt":{"rendered":"<p>La cantante registra sus procesos en el feminismo anunciando un ep\u00e9 que buscar\u00e1 aportar nuevas l\u00edricas al folclore latinoamericano, todo desde un sonido l\u00fadico y fresco. Su segundo adelanto\u00a0llega con un divertido videoclip sobre la posesi\u00f3n y la deconstrucci\u00f3n masculina.\u00a0 Un nuevo nivel sonoro y de relato presenta\u00a0Pascuala Ilabaca, quien se prepara a estrenar el [&hellip;]<\/p>\n","protected":false},"author":3,"featured_media":5619,"comment_status":"closed","ping_status":"closed","sticky":false,"template":"","format":"standard","meta":{"_acf_changed":false,"footnotes":""},"categories":[8],"tags":[],"class_list":["post-8436","post","type-post","status-publish","format-standard","has-post-thumbnail","hentry","category-noticia"],"acf":[],"yoast_head":"<!-- This site is optimized with the Yoast SEO plugin v27.1.1 - https:\/\/yoast.com\/product\/yoast-seo-wordpress\/ -->\n<title>Pascuala Ilabaca reinventa su sonido en \u201cRanchera Antiposesiva&quot; - Valpara\u00ed\u00adso Creativo<\/title>\n<meta name=\"robots\" content=\"index, follow, max-snippet:-1, max-image-preview:large, max-video-preview:-1\" \/>\n<link rel=\"canonical\" href=\"https:\/\/dev.antudigital.cl\/sites\/vc\/pascuala-ilabaca-reinventa-su-sonido-en-ranchera-antiposesiva\/\" \/>\n<meta property=\"og:locale\" content=\"es_ES\" \/>\n<meta property=\"og:type\" content=\"article\" \/>\n<meta property=\"og:title\" content=\"Pascuala Ilabaca reinventa su sonido en \u201cRanchera Antiposesiva&quot; - Valpara\u00ed\u00adso Creativo\" \/>\n<meta property=\"og:description\" content=\"La cantante registra sus procesos en el feminismo anunciando un ep\u00e9 que buscar\u00e1 aportar nuevas l\u00edricas al folclore latinoamericano, todo desde un sonido l\u00fadico y fresco. Su segundo adelanto\u00a0llega con un divertido videoclip sobre la posesi\u00f3n y la deconstrucci\u00f3n masculina.\u00a0 Un nuevo nivel sonoro y de relato presenta\u00a0Pascuala Ilabaca, quien se prepara a estrenar el [&hellip;]\" \/>\n<meta property=\"og:url\" content=\"https:\/\/dev.antudigital.cl\/sites\/vc\/pascuala-ilabaca-reinventa-su-sonido-en-ranchera-antiposesiva\/\" \/>\n<meta property=\"og:site_name\" content=\"Valpara\u00ed\u00adso Creativo\" \/>\n<meta property=\"article:published_time\" content=\"2020-12-18T13:54:27+00:00\" \/>\n<meta property=\"article:modified_time\" content=\"2021-12-24T20:10:44+00:00\" \/>\n<meta name=\"author\" content=\"Valparaiso Creativo\" \/>\n<meta name=\"twitter:card\" content=\"summary_large_image\" \/>\n<meta name=\"twitter:label1\" content=\"Escrito por\" \/>\n\t<meta name=\"twitter:data1\" content=\"Valparaiso Creativo\" \/>\n\t<meta name=\"twitter:label2\" content=\"Tiempo de lectura\" \/>\n\t<meta name=\"twitter:data2\" content=\"2 minutos\" \/>\n<script type=\"application\/ld+json\" class=\"yoast-schema-graph\">{\"@context\":\"https:\/\/schema.org\",\"@graph\":[{\"@type\":\"Article\",\"@id\":\"https:\/\/dev.antudigital.cl\/sites\/vc\/pascuala-ilabaca-reinventa-su-sonido-en-ranchera-antiposesiva\/#article\",\"isPartOf\":{\"@id\":\"https:\/\/dev.antudigital.cl\/sites\/vc\/pascuala-ilabaca-reinventa-su-sonido-en-ranchera-antiposesiva\/\"},\"author\":{\"name\":\"Valparaiso Creativo\",\"@id\":\"https:\/\/dev.antudigital.cl\/sites\/vc\/#\/schema\/person\/81d1dcd51abd542b5dfc00f5f951a0f1\"},\"headline\":\"Pascuala Ilabaca reinventa su sonido en \u201cRanchera Antiposesiva\u00bb\",\"datePublished\":\"2020-12-18T13:54:27+00:00\",\"dateModified\":\"2021-12-24T20:10:44+00:00\",\"mainEntityOfPage\":{\"@id\":\"https:\/\/dev.antudigital.cl\/sites\/vc\/pascuala-ilabaca-reinventa-su-sonido-en-ranchera-antiposesiva\/\"},\"wordCount\":403,\"image\":{\"@id\":\"https:\/\/dev.antudigital.cl\/sites\/vc\/pascuala-ilabaca-reinventa-su-sonido-en-ranchera-antiposesiva\/#primaryimage\"},\"thumbnailUrl\":\"\",\"articleSection\":[\"Noticia\"],\"inLanguage\":\"es\"},{\"@type\":\"WebPage\",\"@id\":\"https:\/\/dev.antudigital.cl\/sites\/vc\/pascuala-ilabaca-reinventa-su-sonido-en-ranchera-antiposesiva\/\",\"url\":\"https:\/\/dev.antudigital.cl\/sites\/vc\/pascuala-ilabaca-reinventa-su-sonido-en-ranchera-antiposesiva\/\",\"name\":\"Pascuala Ilabaca reinventa su sonido en \u201cRanchera Antiposesiva\\\" - Valpara\u00ed\u00adso Creativo\",\"isPartOf\":{\"@id\":\"https:\/\/dev.antudigital.cl\/sites\/vc\/#website\"},\"primaryImageOfPage\":{\"@id\":\"https:\/\/dev.antudigital.cl\/sites\/vc\/pascuala-ilabaca-reinventa-su-sonido-en-ranchera-antiposesiva\/#primaryimage\"},\"image\":{\"@id\":\"https:\/\/dev.antudigital.cl\/sites\/vc\/pascuala-ilabaca-reinventa-su-sonido-en-ranchera-antiposesiva\/#primaryimage\"},\"thumbnailUrl\":\"\",\"datePublished\":\"2020-12-18T13:54:27+00:00\",\"dateModified\":\"2021-12-24T20:10:44+00:00\",\"author\":{\"@id\":\"https:\/\/dev.antudigital.cl\/sites\/vc\/#\/schema\/person\/81d1dcd51abd542b5dfc00f5f951a0f1\"},\"breadcrumb\":{\"@id\":\"https:\/\/dev.antudigital.cl\/sites\/vc\/pascuala-ilabaca-reinventa-su-sonido-en-ranchera-antiposesiva\/#breadcrumb\"},\"inLanguage\":\"es\",\"potentialAction\":[{\"@type\":\"ReadAction\",\"target\":[\"https:\/\/dev.antudigital.cl\/sites\/vc\/pascuala-ilabaca-reinventa-su-sonido-en-ranchera-antiposesiva\/\"]}]},{\"@type\":\"ImageObject\",\"inLanguage\":\"es\",\"@id\":\"https:\/\/dev.antudigital.cl\/sites\/vc\/pascuala-ilabaca-reinventa-su-sonido-en-ranchera-antiposesiva\/#primaryimage\",\"url\":\"\",\"contentUrl\":\"\"},{\"@type\":\"BreadcrumbList\",\"@id\":\"https:\/\/dev.antudigital.cl\/sites\/vc\/pascuala-ilabaca-reinventa-su-sonido-en-ranchera-antiposesiva\/#breadcrumb\",\"itemListElement\":[{\"@type\":\"ListItem\",\"position\":1,\"name\":\"Home\",\"item\":\"https:\/\/dev.antudigital.cl\/sites\/vc\/\"},{\"@type\":\"ListItem\",\"position\":2,\"name\":\"Pascuala Ilabaca reinventa su sonido en \u201cRanchera Antiposesiva\u00bb\"}]},{\"@type\":\"WebSite\",\"@id\":\"https:\/\/dev.antudigital.cl\/sites\/vc\/#website\",\"url\":\"https:\/\/dev.antudigital.cl\/sites\/vc\/\",\"name\":\"Valpara\u00ed\u00adso Creativo\",\"description\":\"\",\"potentialAction\":[{\"@type\":\"SearchAction\",\"target\":{\"@type\":\"EntryPoint\",\"urlTemplate\":\"https:\/\/dev.antudigital.cl\/sites\/vc\/?s={search_term_string}\"},\"query-input\":{\"@type\":\"PropertyValueSpecification\",\"valueRequired\":true,\"valueName\":\"search_term_string\"}}],\"inLanguage\":\"es\"},{\"@type\":\"Person\",\"@id\":\"https:\/\/dev.antudigital.cl\/sites\/vc\/#\/schema\/person\/81d1dcd51abd542b5dfc00f5f951a0f1\",\"name\":\"Valparaiso Creativo\",\"url\":\"https:\/\/dev.antudigital.cl\/sites\/vc\/author\/valparaiso-creativo\/\"}]}<\/script>\n<!-- \/ Yoast SEO plugin. -->","yoast_head_json":{"title":"Pascuala Ilabaca reinventa su sonido en \u201cRanchera Antiposesiva\" - Valpara\u00ed\u00adso Creativo","robots":{"index":"index","follow":"follow","max-snippet":"max-snippet:-1","max-image-preview":"max-image-preview:large","max-video-preview":"max-video-preview:-1"},"canonical":"https:\/\/dev.antudigital.cl\/sites\/vc\/pascuala-ilabaca-reinventa-su-sonido-en-ranchera-antiposesiva\/","og_locale":"es_ES","og_type":"article","og_title":"Pascuala Ilabaca reinventa su sonido en \u201cRanchera Antiposesiva\" - Valpara\u00ed\u00adso Creativo","og_description":"La cantante registra sus procesos en el feminismo anunciando un ep\u00e9 que buscar\u00e1 aportar nuevas l\u00edricas al folclore latinoamericano, todo desde un sonido l\u00fadico y fresco. Su segundo adelanto\u00a0llega con un divertido videoclip sobre la posesi\u00f3n y la deconstrucci\u00f3n masculina.\u00a0 Un nuevo nivel sonoro y de relato presenta\u00a0Pascuala Ilabaca, quien se prepara a estrenar el [&hellip;]","og_url":"https:\/\/dev.antudigital.cl\/sites\/vc\/pascuala-ilabaca-reinventa-su-sonido-en-ranchera-antiposesiva\/","og_site_name":"Valpara\u00ed\u00adso Creativo","article_published_time":"2020-12-18T13:54:27+00:00","article_modified_time":"2021-12-24T20:10:44+00:00","author":"Valparaiso Creativo","twitter_card":"summary_large_image","twitter_misc":{"Escrito por":"Valparaiso Creativo","Tiempo de lectura":"2 minutos"},"schema":{"@context":"https:\/\/schema.org","@graph":[{"@type":"Article","@id":"https:\/\/dev.antudigital.cl\/sites\/vc\/pascuala-ilabaca-reinventa-su-sonido-en-ranchera-antiposesiva\/#article","isPartOf":{"@id":"https:\/\/dev.antudigital.cl\/sites\/vc\/pascuala-ilabaca-reinventa-su-sonido-en-ranchera-antiposesiva\/"},"author":{"name":"Valparaiso Creativo","@id":"https:\/\/dev.antudigital.cl\/sites\/vc\/#\/schema\/person\/81d1dcd51abd542b5dfc00f5f951a0f1"},"headline":"Pascuala Ilabaca reinventa su sonido en \u201cRanchera Antiposesiva\u00bb","datePublished":"2020-12-18T13:54:27+00:00","dateModified":"2021-12-24T20:10:44+00:00","mainEntityOfPage":{"@id":"https:\/\/dev.antudigital.cl\/sites\/vc\/pascuala-ilabaca-reinventa-su-sonido-en-ranchera-antiposesiva\/"},"wordCount":403,"image":{"@id":"https:\/\/dev.antudigital.cl\/sites\/vc\/pascuala-ilabaca-reinventa-su-sonido-en-ranchera-antiposesiva\/#primaryimage"},"thumbnailUrl":"","articleSection":["Noticia"],"inLanguage":"es"},{"@type":"WebPage","@id":"https:\/\/dev.antudigital.cl\/sites\/vc\/pascuala-ilabaca-reinventa-su-sonido-en-ranchera-antiposesiva\/","url":"https:\/\/dev.antudigital.cl\/sites\/vc\/pascuala-ilabaca-reinventa-su-sonido-en-ranchera-antiposesiva\/","name":"Pascuala Ilabaca reinventa su sonido en \u201cRanchera Antiposesiva\" - Valpara\u00ed\u00adso Creativo","isPartOf":{"@id":"https:\/\/dev.antudigital.cl\/sites\/vc\/#website"},"primaryImageOfPage":{"@id":"https:\/\/dev.antudigital.cl\/sites\/vc\/pascuala-ilabaca-reinventa-su-sonido-en-ranchera-antiposesiva\/#primaryimage"},"image":{"@id":"https:\/\/dev.antudigital.cl\/sites\/vc\/pascuala-ilabaca-reinventa-su-sonido-en-ranchera-antiposesiva\/#primaryimage"},"thumbnailUrl":"","datePublished":"2020-12-18T13:54:27+00:00","dateModified":"2021-12-24T20:10:44+00:00","author":{"@id":"https:\/\/dev.antudigital.cl\/sites\/vc\/#\/schema\/person\/81d1dcd51abd542b5dfc00f5f951a0f1"},"breadcrumb":{"@id":"https:\/\/dev.antudigital.cl\/sites\/vc\/pascuala-ilabaca-reinventa-su-sonido-en-ranchera-antiposesiva\/#breadcrumb"},"inLanguage":"es","potentialAction":[{"@type":"ReadAction","target":["https:\/\/dev.antudigital.cl\/sites\/vc\/pascuala-ilabaca-reinventa-su-sonido-en-ranchera-antiposesiva\/"]}]},{"@type":"ImageObject","inLanguage":"es","@id":"https:\/\/dev.antudigital.cl\/sites\/vc\/pascuala-ilabaca-reinventa-su-sonido-en-ranchera-antiposesiva\/#primaryimage","url":"","contentUrl":""},{"@type":"BreadcrumbList","@id":"https:\/\/dev.antudigital.cl\/sites\/vc\/pascuala-ilabaca-reinventa-su-sonido-en-ranchera-antiposesiva\/#breadcrumb","itemListElement":[{"@type":"ListItem","position":1,"name":"Home","item":"https:\/\/dev.antudigital.cl\/sites\/vc\/"},{"@type":"ListItem","position":2,"name":"Pascuala Ilabaca reinventa su sonido en \u201cRanchera Antiposesiva\u00bb"}]},{"@type":"WebSite","@id":"https:\/\/dev.antudigital.cl\/sites\/vc\/#website","url":"https:\/\/dev.antudigital.cl\/sites\/vc\/","name":"Valpara\u00ed\u00adso Creativo","description":"","potentialAction":[{"@type":"SearchAction","target":{"@type":"EntryPoint","urlTemplate":"https:\/\/dev.antudigital.cl\/sites\/vc\/?s={search_term_string}"},"query-input":{"@type":"PropertyValueSpecification","valueRequired":true,"valueName":"search_term_string"}}],"inLanguage":"es"},{"@type":"Person","@id":"https:\/\/dev.antudigital.cl\/sites\/vc\/#\/schema\/person\/81d1dcd51abd542b5dfc00f5f951a0f1","name":"Valparaiso Creativo","url":"https:\/\/dev.antudigital.cl\/sites\/vc\/author\/valparaiso-creativo\/"}]}},"_links":{"self":[{"href":"https:\/\/dev.antudigital.cl\/sites\/vc\/wp-json\/wp\/v2\/posts\/8436","targetHints":{"allow":["GET"]}}],"collection":[{"href":"https:\/\/dev.antudigital.cl\/sites\/vc\/wp-json\/wp\/v2\/posts"}],"about":[{"href":"https:\/\/dev.antudigital.cl\/sites\/vc\/wp-json\/wp\/v2\/types\/post"}],"author":[{"embeddable":true,"href":"https:\/\/dev.antudigital.cl\/sites\/vc\/wp-json\/wp\/v2\/users\/3"}],"replies":[{"embeddable":true,"href":"https:\/\/dev.antudigital.cl\/sites\/vc\/wp-json\/wp\/v2\/comments?post=8436"}],"version-history":[{"count":1,"href":"https:\/\/dev.antudigital.cl\/sites\/vc\/wp-json\/wp\/v2\/posts\/8436\/revisions"}],"predecessor-version":[{"id":8444,"href":"https:\/\/dev.antudigital.cl\/sites\/vc\/wp-json\/wp\/v2\/posts\/8436\/revisions\/8444"}],"wp:featuredmedia":[{"embeddable":true,"href":"https:\/\/dev.antudigital.cl\/sites\/vc\/wp-json\/"}],"wp:attachment":[{"href":"https:\/\/dev.antudigital.cl\/sites\/vc\/wp-json\/wp\/v2\/media?parent=8436"}],"wp:term":[{"taxonomy":"category","embeddable":true,"href":"https:\/\/dev.antudigital.cl\/sites\/vc\/wp-json\/wp\/v2\/categories?post=8436"},{"taxonomy":"post_tag","embeddable":true,"href":"https:\/\/dev.antudigital.cl\/sites\/vc\/wp-json\/wp\/v2\/tags?post=8436"}],"curies":[{"name":"wp","href":"https:\/\/api.w.org\/{rel}","templated":true}]}}