{"id":8438,"date":"2020-12-18T13:42:39","date_gmt":"2020-12-18T13:42:39","guid":{"rendered":"https:\/\/www.valparaisocreativo.cl\/?p=5615"},"modified":"2021-12-24T20:13:28","modified_gmt":"2021-12-24T20:13:28","slug":"el-lado-bestial-de-mora-lucay","status":"publish","type":"post","link":"https:\/\/dev.antudigital.cl\/sites\/vc\/el-lado-bestial-de-mora-lucay\/","title":{"rendered":"El lado bestial de Mora Lucay"},"content":{"rendered":"<p>A prop\u00f3sito de su reciente lanzamiento \u00abBestia\u00bb, conversamos con Natalia V\u00e1squez, m\u00e1s conocida como Mora Lucay. Durante el 2020, Natalia reinvent\u00f3 su sonido, explor\u00f3 nuevas formas y texturas sonoras, adem\u00e1s de profundizar a\u00fan m\u00e1s en sus letras y en colaboraciones con otros artistas nacionales.<\/p>\n<p><b>&#8211; \u00bfC\u00f3mo fue el proceso de creaci\u00f3n de \u00abBestia\u00bb, en este 2020 pand\u00e9mico?<\/b><\/p>\n<p><span style=\"font-weight: 400;\">-No fue f\u00e1cil. Me pasa que las canciones (letra, melod\u00eda, acordes, estructura) es algo que siento se me da con naturalidad, pero mi verdadero desaf\u00edo en este disco fue aprender a&nbsp; tomar decisiones est\u00e9ticas de como quer\u00eda acompa\u00f1ar la canci\u00f3n, los arreglos, los sonidos, los instrumentos\u2026&nbsp; ven\u00eda trabajando todo eso con los m\u00fasicos que trabajaron en 100 mg pero necesitaba trabajar la producci\u00f3n con un consejero art\u00edstico que en este caso fue&nbsp; J. Pablo Bello de Estudios Triana. Muchas veces sent\u00ed que esto para m\u00ed fue lo m\u00e1s parecido a hacer una tesis, fue rudo igual. Con dudas, frustraciones, b\u00fasqueda, pero estaba empecinada en que el resultado final me ten\u00eda que emocionar, y as\u00ed fue.&nbsp;<\/span><\/p>\n<p><span style=\"font-weight: 400;\">Cada canci\u00f3n tuvo su propia l\u00f3gica, algunas trabajadas desde el formato de d\u00fao ac\u00fastico que surgi\u00f3 entremedio con el Marcelo Guzm\u00e1n, otras canciones se respetaron casi tal cual como ven\u00edan propuestas desde la preproducci\u00f3n, surgieron ideas nuevas en estudio, se integraron nuevos instrumentos como teclados, ukelele, efectos, sintetizadores, y tambi\u00e9n se trat\u00f3 de rescatar de arreglos anteriores, ideas que estaban buenas. Me encanta ponerme a recordar el lugar de origen de cada l\u00ednea mel\u00f3dica, mientras escucho el disco.<\/span><\/p>\n<p><span style=\"font-weight: 400;\">En relaci\u00f3n a las canciones,&nbsp; me salieron muy espaciadas unas de otras por eso cada una tiene su propio car\u00e1cter, respondiendo a situaciones vividas, salvo dos excepciones: \u201cHumana\u201d que fue una canci\u00f3n nacida despu\u00e9s de una conversaci\u00f3n \u00edntima con una amiga y el \u201cC\u00f3digo del Ritmo\u201d una canci\u00f3n que hice originalmente para ni\u00f1es.&nbsp;<\/span><\/p>\n<p><img fetchpriority=\"high\" decoding=\"async\" class=\"alignleft size-medium wp-image-5633\" src=\"https:\/\/www.valparaisocreativo.cl\/wp-content\/uploads\/2020\/12\/Mora-Lucay3-300x300.jpg\" alt=\"\" width=\"300\" height=\"300\"><\/p>\n<p><b>-\u00bfCrees que se puede tener una sola categor\u00eda o identidad musical? Me refiero a que siempre categorizarmos en g\u00e9neros<\/b><\/p>\n<p><span style=\"font-weight: 400;\">-Cuando conozco a alguien y me pregunta \u00ab\u00bfy t\u00fa qu\u00e9 haces?\u201d y yo le respondo \u201cm\u00fasica\u201d, la pregunta que viene justo despu\u00e9s es \u201c\u00bfqu\u00e9 tipo de m\u00fasica?\u201d entonces viene la pausa y me quedo pensando. Me siento p\u00e9sima para describir mi m\u00fasica, y cuando escucho m\u00fasica que me gusta, me importa bien poco las categor\u00edas o g\u00e9neros donde est\u00e1n clasificadas, pero entiendo que hay personas que las necesitan para poder ordenarte en un cajoncito, mostrador, saber en qu\u00e9 momento del d\u00eda o mood escucharte, saber en qu\u00e9 lista o junto a que artista relacionado te ponen.<\/span><\/p>\n<p><span style=\"font-weight: 400;\">He buscado palabras clave, para sintetizar lo que hago, igual es un buen ejercicio: surgen tus influencias, mezclas g\u00e9neros o incluso puedes inventarte uno propio aunque ninguna etiqueta va a ser tan buena como una buena escucha con aud\u00edfonos.&nbsp;<\/span><\/p>\n<p><b>&#8211; \u00bfDe qu\u00e9 manera se dieron las colaboraciones con Chini, Ni\u00f1a Tormenta y Diego Lorenzini?&nbsp; \u00bfC\u00f3mo influencia en tu proceso el colaborar con otres?<\/b><\/p>\n<p><span style=\"font-weight: 400;\">A las tres los conoc\u00ed en el mismo contexto, en unas tocatas que organizaba mi compa\u00f1ero en su casa entonces tuve la suerte de conocerles como personas antes de admirarles art\u00edsticamente. Me cayeron bien desde un inicio y despu\u00e9s de eso cada vez que ven\u00edan a&nbsp; Valparaiso nos ve\u00edamos y compart\u00edamos lindos momentos, buenas conversas.<\/span><\/p>\n<p><span style=\"font-weight: 400;\">Conocerles me influenci\u00f3 mucho yo siento, me he sentido muy receptiva con su m\u00fasica y me enorgullece tener amigos que me inspiren. Dir\u00eda que las colaboraciones se dieron de una manera muy natural, en el caso de Jugar con los Amigos era mi primera canci\u00f3n con ukelele y el d\u00eda que la mostr\u00e9 junto a la banda, el Diego me propuso participar en la grabaci\u00f3n y a m\u00ed me ilusion\u00f3 la idea&nbsp; (jejeje). <\/span><\/p>\n<p><span style=\"font-weight: 400;\">En el caso de Chini.png&nbsp; una vez que hice la maqueta de Bestia encontr\u00e9 que ten\u00eda mucho de \u201cChini and the Technicians\u201d entonces me pareci\u00f3 una buena idea mostr\u00e1rsela e invitarla a participar para cantar conmigo a todo pulm\u00f3n&nbsp; y en la caso de Tiare (Ni\u00f1a Tormenta) Humana fue una canci\u00f3n que empezamos cantando al solcito tomando una ag\u00fcita de malva y desde ese momento siempre me acompa\u00f1\u00f3 cant\u00e1ndola, siento que compartimos muchas reflexiones y qu\u00e9 emoci\u00f3n poder compartir una canci\u00f3n que hable de eso.<\/span><\/p>\n<p><b>&#8211; \u00bfPuedes definir el interior de bestia en una frase?<\/b><\/p>\n<p><em><span style=\"font-weight: 400;\">&#8211; Es un \u00e1lbum quitapena que te hace bailar mucho.<\/span><\/em><\/p>\n<p><b>-\u00bfC\u00f3mo defines hoy tu relaci\u00f3n con la m\u00fasica y con el crear m\u00fasica que otros escuchan, que ya es masiva?&nbsp;<\/b><\/p>\n<p><span style=\"font-weight: 400;\">&#8211; Es heavy esta pregunta, creo que durante este a\u00f1o me he relacionado con ella mucho desde lo laboral y en un momento del a\u00f1o tuve que hacer una pausa a todo para poder reconectarme con ella desde lo m\u00e1s puro, desde no pedirle nada m\u00e1s que expresarse en m\u00ed. La m\u00fasica para m\u00ed es un flujo energ\u00e9tico y a veces a una se le bloquea&nbsp; o te s\u00faper fluye en relaci\u00f3n a los contextos, tus condiciones an\u00edmicas, espaciales, mentales. Este a\u00f1o tuve que trabajar mucho frente al computador, la hiperconectividad virtual me desconect\u00f3 de mi centro que me une a la m\u00fasica desde la creaci\u00f3n. <\/span><\/p>\n<p><span style=\"font-weight: 400;\">Felizmente tambi\u00e9n trabajo acercando a ni\u00f1es a la m\u00fasica, sucedi\u00f3 que les propuse hacer canciones y se entusiasmaron. Eran 3 grupos y los 3 por separado quer\u00edan hablar de lo mismo, lo mismo que me pon\u00eda triste a m\u00ed los ten\u00eda tristes a elles, entonces de eso hablamos en las canciones. Ese ejercicio me revitaliz\u00f3 la energ\u00eda creadora, me record\u00f3 que tengo una llavecita que compartir, que hay que cantar la pena, contarle a otro lo que te pasa porque s\u00ed o s\u00ed le pasa a otres tambi\u00e9n. Luego pudimos juntarnos en un parque y escucharnos cantar al mismo tiempo, lo hicieron con tantas ganas que me record\u00f3 cual es el sentido de la m\u00fasica. Y me dieron ganas de hacer canciones nuevas. Yo no hago canciones por hacer canciones no m\u00e1s, creo que las hago para ayudarme. La m\u00fasica me ha servido para desahogarme, es una aliada.&nbsp;<\/span><\/p>\n<p><span style=\"font-weight: 400;\"><span style=\"text-decoration: underline;\">Compartir la m\u00fasica para m\u00ed es harina de otro costal, soy muy pudorosa.<\/span> No muestro las canciones que me generan dudas. La canci\u00f3n puede estar desnuda, melod\u00eda, letra y acompa\u00f1amiento, si me emociona, la muestro, si no, no. Esa es mi prueba de fuego. En este disco me pas\u00f3 eso mismo pero con la producci\u00f3n. Es la primera vez que trabajo al detalle y por capas mis canciones, y eso es un arte tambi\u00e9n. Me siento nueva en esto y estoy aprendiendo. Por ahora estoy experimentando nuevas maneras de abordar la m\u00fasica. Pero creo que una no debe perder la relaci\u00f3n intima inicial con ella, y el sentido de por qu\u00e9 hacer m\u00fasica.<\/span><\/p>\n<p><span style=\"font-weight: 400;\">Acerca de la m\u00fasica que escucho,&nbsp; creo que este a\u00f1o ha sido bastante slencioso, pero me acerqu\u00e9 a la m\u00fasica por una necesidad imperativa de bailar. El encierro me tiene acalambrado el cuerpo, entonces me he dado cuenta que bailar es una de las cosas que m\u00e1s me gusta hacer, que m\u00e1s me revitaliza y hace feliz.<\/span><\/p>\n<p><b>&#8211; \u00bfQu\u00e9 te depara este nuevo lanzamiento?<\/b><\/p>\n<p><span style=\"font-weight: 400;\">&#8211; Espero que este nuevo lanzamiento me depare conocer nuevas personas que me ayuden a crecer art\u00edsticamente. Me encantar\u00eda poder liberarme en otras \u00e1reas del arte, enriquecer el material musical. Todo eso me ilusiona, pero tambi\u00e9n creo que un nuevo lanzamiento te trae sorpresas insospechadas.<\/span><\/p>\n<p><span style=\"font-weight: 400;\">A\u00f1oro una presentaci\u00f3n en vivo, cuando exista un d\u00eda y una hora Valpara\u00edso Creativo lo sabr\u00e1.<\/span><\/p>\n","protected":false},"excerpt":{"rendered":"<p>A prop\u00f3sito de su reciente lanzamiento \u00abBestia\u00bb, conversamos con Natalia V\u00e1squez, m\u00e1s conocida como Mora Lucay. Durante el 2020, Natalia reinvent\u00f3 su sonido, explor\u00f3 nuevas formas y texturas sonoras, adem\u00e1s de profundizar a\u00fan m\u00e1s en sus letras y en colaboraciones con otros artistas nacionales. &#8211; \u00bfC\u00f3mo fue el proceso de creaci\u00f3n de \u00abBestia\u00bb, en este [&hellip;]<\/p>\n","protected":false},"author":3,"featured_media":8458,"comment_status":"closed","ping_status":"closed","sticky":false,"template":"","format":"standard","meta":{"_acf_changed":false,"footnotes":""},"categories":[8],"tags":[],"class_list":["post-8438","post","type-post","status-publish","format-standard","has-post-thumbnail","hentry","category-noticia"],"acf":[],"yoast_head":"<!-- This site is optimized with the Yoast SEO plugin v27.1.1 - https:\/\/yoast.com\/product\/yoast-seo-wordpress\/ -->\n<title>El lado bestial de Mora Lucay - Valpara\u00ed\u00adso Creativo<\/title>\n<meta name=\"robots\" content=\"index, follow, max-snippet:-1, max-image-preview:large, max-video-preview:-1\" \/>\n<link rel=\"canonical\" href=\"https:\/\/dev.antudigital.cl\/sites\/vc\/el-lado-bestial-de-mora-lucay\/\" \/>\n<meta property=\"og:locale\" content=\"es_ES\" \/>\n<meta property=\"og:type\" content=\"article\" \/>\n<meta property=\"og:title\" content=\"El lado bestial de Mora Lucay - Valpara\u00ed\u00adso Creativo\" \/>\n<meta property=\"og:description\" content=\"A prop\u00f3sito de su reciente lanzamiento \u00abBestia\u00bb, conversamos con Natalia V\u00e1squez, m\u00e1s conocida como Mora Lucay. Durante el 2020, Natalia reinvent\u00f3 su sonido, explor\u00f3 nuevas formas y texturas sonoras, adem\u00e1s de profundizar a\u00fan m\u00e1s en sus letras y en colaboraciones con otros artistas nacionales. &#8211; \u00bfC\u00f3mo fue el proceso de creaci\u00f3n de \u00abBestia\u00bb, en este [&hellip;]\" \/>\n<meta property=\"og:url\" content=\"https:\/\/dev.antudigital.cl\/sites\/vc\/el-lado-bestial-de-mora-lucay\/\" \/>\n<meta property=\"og:site_name\" content=\"Valpara\u00ed\u00adso Creativo\" \/>\n<meta property=\"article:published_time\" content=\"2020-12-18T13:42:39+00:00\" \/>\n<meta property=\"article:modified_time\" content=\"2021-12-24T20:13:28+00:00\" \/>\n<meta property=\"og:image\" content=\"https:\/\/dev.antudigital.cl\/sites\/vc\/wp-content\/uploads\/2020\/12\/MoraLucay-1536x1073-1.jpg\" \/>\n\t<meta property=\"og:image:width\" content=\"1536\" \/>\n\t<meta property=\"og:image:height\" content=\"1073\" \/>\n\t<meta property=\"og:image:type\" content=\"image\/jpeg\" \/>\n<meta name=\"author\" content=\"Valparaiso Creativo\" \/>\n<meta name=\"twitter:card\" content=\"summary_large_image\" \/>\n<meta name=\"twitter:label1\" content=\"Escrito por\" \/>\n\t<meta name=\"twitter:data1\" content=\"Valparaiso Creativo\" \/>\n\t<meta name=\"twitter:label2\" content=\"Tiempo de lectura\" \/>\n\t<meta name=\"twitter:data2\" content=\"6 minutos\" \/>\n<script type=\"application\/ld+json\" class=\"yoast-schema-graph\">{\"@context\":\"https:\/\/schema.org\",\"@graph\":[{\"@type\":\"Article\",\"@id\":\"https:\/\/dev.antudigital.cl\/sites\/vc\/el-lado-bestial-de-mora-lucay\/#article\",\"isPartOf\":{\"@id\":\"https:\/\/dev.antudigital.cl\/sites\/vc\/el-lado-bestial-de-mora-lucay\/\"},\"author\":{\"name\":\"Valparaiso Creativo\",\"@id\":\"https:\/\/dev.antudigital.cl\/sites\/vc\/#\/schema\/person\/81d1dcd51abd542b5dfc00f5f951a0f1\"},\"headline\":\"El lado bestial de Mora Lucay\",\"datePublished\":\"2020-12-18T13:42:39+00:00\",\"dateModified\":\"2021-12-24T20:13:28+00:00\",\"mainEntityOfPage\":{\"@id\":\"https:\/\/dev.antudigital.cl\/sites\/vc\/el-lado-bestial-de-mora-lucay\/\"},\"wordCount\":1371,\"image\":{\"@id\":\"https:\/\/dev.antudigital.cl\/sites\/vc\/el-lado-bestial-de-mora-lucay\/#primaryimage\"},\"thumbnailUrl\":\"https:\/\/dev.antudigital.cl\/sites\/vc\/wp-content\/uploads\/2020\/12\/MoraLucay-1536x1073-1.jpg\",\"articleSection\":[\"Noticia\"],\"inLanguage\":\"es\"},{\"@type\":\"WebPage\",\"@id\":\"https:\/\/dev.antudigital.cl\/sites\/vc\/el-lado-bestial-de-mora-lucay\/\",\"url\":\"https:\/\/dev.antudigital.cl\/sites\/vc\/el-lado-bestial-de-mora-lucay\/\",\"name\":\"El lado bestial de Mora Lucay - Valpara\u00ed\u00adso Creativo\",\"isPartOf\":{\"@id\":\"https:\/\/dev.antudigital.cl\/sites\/vc\/#website\"},\"primaryImageOfPage\":{\"@id\":\"https:\/\/dev.antudigital.cl\/sites\/vc\/el-lado-bestial-de-mora-lucay\/#primaryimage\"},\"image\":{\"@id\":\"https:\/\/dev.antudigital.cl\/sites\/vc\/el-lado-bestial-de-mora-lucay\/#primaryimage\"},\"thumbnailUrl\":\"https:\/\/dev.antudigital.cl\/sites\/vc\/wp-content\/uploads\/2020\/12\/MoraLucay-1536x1073-1.jpg\",\"datePublished\":\"2020-12-18T13:42:39+00:00\",\"dateModified\":\"2021-12-24T20:13:28+00:00\",\"author\":{\"@id\":\"https:\/\/dev.antudigital.cl\/sites\/vc\/#\/schema\/person\/81d1dcd51abd542b5dfc00f5f951a0f1\"},\"breadcrumb\":{\"@id\":\"https:\/\/dev.antudigital.cl\/sites\/vc\/el-lado-bestial-de-mora-lucay\/#breadcrumb\"},\"inLanguage\":\"es\",\"potentialAction\":[{\"@type\":\"ReadAction\",\"target\":[\"https:\/\/dev.antudigital.cl\/sites\/vc\/el-lado-bestial-de-mora-lucay\/\"]}]},{\"@type\":\"ImageObject\",\"inLanguage\":\"es\",\"@id\":\"https:\/\/dev.antudigital.cl\/sites\/vc\/el-lado-bestial-de-mora-lucay\/#primaryimage\",\"url\":\"https:\/\/dev.antudigital.cl\/sites\/vc\/wp-content\/uploads\/2020\/12\/MoraLucay-1536x1073-1.jpg\",\"contentUrl\":\"https:\/\/dev.antudigital.cl\/sites\/vc\/wp-content\/uploads\/2020\/12\/MoraLucay-1536x1073-1.jpg\",\"width\":1536,\"height\":1073},{\"@type\":\"BreadcrumbList\",\"@id\":\"https:\/\/dev.antudigital.cl\/sites\/vc\/el-lado-bestial-de-mora-lucay\/#breadcrumb\",\"itemListElement\":[{\"@type\":\"ListItem\",\"position\":1,\"name\":\"Home\",\"item\":\"https:\/\/dev.antudigital.cl\/sites\/vc\/\"},{\"@type\":\"ListItem\",\"position\":2,\"name\":\"El lado bestial de Mora Lucay\"}]},{\"@type\":\"WebSite\",\"@id\":\"https:\/\/dev.antudigital.cl\/sites\/vc\/#website\",\"url\":\"https:\/\/dev.antudigital.cl\/sites\/vc\/\",\"name\":\"Valpara\u00ed\u00adso Creativo\",\"description\":\"\",\"potentialAction\":[{\"@type\":\"SearchAction\",\"target\":{\"@type\":\"EntryPoint\",\"urlTemplate\":\"https:\/\/dev.antudigital.cl\/sites\/vc\/?s={search_term_string}\"},\"query-input\":{\"@type\":\"PropertyValueSpecification\",\"valueRequired\":true,\"valueName\":\"search_term_string\"}}],\"inLanguage\":\"es\"},{\"@type\":\"Person\",\"@id\":\"https:\/\/dev.antudigital.cl\/sites\/vc\/#\/schema\/person\/81d1dcd51abd542b5dfc00f5f951a0f1\",\"name\":\"Valparaiso Creativo\",\"url\":\"https:\/\/dev.antudigital.cl\/sites\/vc\/author\/valparaiso-creativo\/\"}]}<\/script>\n<!-- \/ Yoast SEO plugin. -->","yoast_head_json":{"title":"El lado bestial de Mora Lucay - Valpara\u00ed\u00adso Creativo","robots":{"index":"index","follow":"follow","max-snippet":"max-snippet:-1","max-image-preview":"max-image-preview:large","max-video-preview":"max-video-preview:-1"},"canonical":"https:\/\/dev.antudigital.cl\/sites\/vc\/el-lado-bestial-de-mora-lucay\/","og_locale":"es_ES","og_type":"article","og_title":"El lado bestial de Mora Lucay - Valpara\u00ed\u00adso Creativo","og_description":"A prop\u00f3sito de su reciente lanzamiento \u00abBestia\u00bb, conversamos con Natalia V\u00e1squez, m\u00e1s conocida como Mora Lucay. Durante el 2020, Natalia reinvent\u00f3 su sonido, explor\u00f3 nuevas formas y texturas sonoras, adem\u00e1s de profundizar a\u00fan m\u00e1s en sus letras y en colaboraciones con otros artistas nacionales. &#8211; \u00bfC\u00f3mo fue el proceso de creaci\u00f3n de \u00abBestia\u00bb, en este [&hellip;]","og_url":"https:\/\/dev.antudigital.cl\/sites\/vc\/el-lado-bestial-de-mora-lucay\/","og_site_name":"Valpara\u00ed\u00adso Creativo","article_published_time":"2020-12-18T13:42:39+00:00","article_modified_time":"2021-12-24T20:13:28+00:00","og_image":[{"width":1536,"height":1073,"url":"https:\/\/dev.antudigital.cl\/sites\/vc\/wp-content\/uploads\/2020\/12\/MoraLucay-1536x1073-1.jpg","type":"image\/jpeg"}],"author":"Valparaiso Creativo","twitter_card":"summary_large_image","twitter_misc":{"Escrito por":"Valparaiso Creativo","Tiempo de lectura":"6 minutos"},"schema":{"@context":"https:\/\/schema.org","@graph":[{"@type":"Article","@id":"https:\/\/dev.antudigital.cl\/sites\/vc\/el-lado-bestial-de-mora-lucay\/#article","isPartOf":{"@id":"https:\/\/dev.antudigital.cl\/sites\/vc\/el-lado-bestial-de-mora-lucay\/"},"author":{"name":"Valparaiso Creativo","@id":"https:\/\/dev.antudigital.cl\/sites\/vc\/#\/schema\/person\/81d1dcd51abd542b5dfc00f5f951a0f1"},"headline":"El lado bestial de Mora Lucay","datePublished":"2020-12-18T13:42:39+00:00","dateModified":"2021-12-24T20:13:28+00:00","mainEntityOfPage":{"@id":"https:\/\/dev.antudigital.cl\/sites\/vc\/el-lado-bestial-de-mora-lucay\/"},"wordCount":1371,"image":{"@id":"https:\/\/dev.antudigital.cl\/sites\/vc\/el-lado-bestial-de-mora-lucay\/#primaryimage"},"thumbnailUrl":"https:\/\/dev.antudigital.cl\/sites\/vc\/wp-content\/uploads\/2020\/12\/MoraLucay-1536x1073-1.jpg","articleSection":["Noticia"],"inLanguage":"es"},{"@type":"WebPage","@id":"https:\/\/dev.antudigital.cl\/sites\/vc\/el-lado-bestial-de-mora-lucay\/","url":"https:\/\/dev.antudigital.cl\/sites\/vc\/el-lado-bestial-de-mora-lucay\/","name":"El lado bestial de Mora Lucay - Valpara\u00ed\u00adso Creativo","isPartOf":{"@id":"https:\/\/dev.antudigital.cl\/sites\/vc\/#website"},"primaryImageOfPage":{"@id":"https:\/\/dev.antudigital.cl\/sites\/vc\/el-lado-bestial-de-mora-lucay\/#primaryimage"},"image":{"@id":"https:\/\/dev.antudigital.cl\/sites\/vc\/el-lado-bestial-de-mora-lucay\/#primaryimage"},"thumbnailUrl":"https:\/\/dev.antudigital.cl\/sites\/vc\/wp-content\/uploads\/2020\/12\/MoraLucay-1536x1073-1.jpg","datePublished":"2020-12-18T13:42:39+00:00","dateModified":"2021-12-24T20:13:28+00:00","author":{"@id":"https:\/\/dev.antudigital.cl\/sites\/vc\/#\/schema\/person\/81d1dcd51abd542b5dfc00f5f951a0f1"},"breadcrumb":{"@id":"https:\/\/dev.antudigital.cl\/sites\/vc\/el-lado-bestial-de-mora-lucay\/#breadcrumb"},"inLanguage":"es","potentialAction":[{"@type":"ReadAction","target":["https:\/\/dev.antudigital.cl\/sites\/vc\/el-lado-bestial-de-mora-lucay\/"]}]},{"@type":"ImageObject","inLanguage":"es","@id":"https:\/\/dev.antudigital.cl\/sites\/vc\/el-lado-bestial-de-mora-lucay\/#primaryimage","url":"https:\/\/dev.antudigital.cl\/sites\/vc\/wp-content\/uploads\/2020\/12\/MoraLucay-1536x1073-1.jpg","contentUrl":"https:\/\/dev.antudigital.cl\/sites\/vc\/wp-content\/uploads\/2020\/12\/MoraLucay-1536x1073-1.jpg","width":1536,"height":1073},{"@type":"BreadcrumbList","@id":"https:\/\/dev.antudigital.cl\/sites\/vc\/el-lado-bestial-de-mora-lucay\/#breadcrumb","itemListElement":[{"@type":"ListItem","position":1,"name":"Home","item":"https:\/\/dev.antudigital.cl\/sites\/vc\/"},{"@type":"ListItem","position":2,"name":"El lado bestial de Mora Lucay"}]},{"@type":"WebSite","@id":"https:\/\/dev.antudigital.cl\/sites\/vc\/#website","url":"https:\/\/dev.antudigital.cl\/sites\/vc\/","name":"Valpara\u00ed\u00adso Creativo","description":"","potentialAction":[{"@type":"SearchAction","target":{"@type":"EntryPoint","urlTemplate":"https:\/\/dev.antudigital.cl\/sites\/vc\/?s={search_term_string}"},"query-input":{"@type":"PropertyValueSpecification","valueRequired":true,"valueName":"search_term_string"}}],"inLanguage":"es"},{"@type":"Person","@id":"https:\/\/dev.antudigital.cl\/sites\/vc\/#\/schema\/person\/81d1dcd51abd542b5dfc00f5f951a0f1","name":"Valparaiso Creativo","url":"https:\/\/dev.antudigital.cl\/sites\/vc\/author\/valparaiso-creativo\/"}]}},"_links":{"self":[{"href":"https:\/\/dev.antudigital.cl\/sites\/vc\/wp-json\/wp\/v2\/posts\/8438","targetHints":{"allow":["GET"]}}],"collection":[{"href":"https:\/\/dev.antudigital.cl\/sites\/vc\/wp-json\/wp\/v2\/posts"}],"about":[{"href":"https:\/\/dev.antudigital.cl\/sites\/vc\/wp-json\/wp\/v2\/types\/post"}],"author":[{"embeddable":true,"href":"https:\/\/dev.antudigital.cl\/sites\/vc\/wp-json\/wp\/v2\/users\/3"}],"replies":[{"embeddable":true,"href":"https:\/\/dev.antudigital.cl\/sites\/vc\/wp-json\/wp\/v2\/comments?post=8438"}],"version-history":[{"count":1,"href":"https:\/\/dev.antudigital.cl\/sites\/vc\/wp-json\/wp\/v2\/posts\/8438\/revisions"}],"predecessor-version":[{"id":8459,"href":"https:\/\/dev.antudigital.cl\/sites\/vc\/wp-json\/wp\/v2\/posts\/8438\/revisions\/8459"}],"wp:featuredmedia":[{"embeddable":true,"href":"https:\/\/dev.antudigital.cl\/sites\/vc\/wp-json\/wp\/v2\/media\/8458"}],"wp:attachment":[{"href":"https:\/\/dev.antudigital.cl\/sites\/vc\/wp-json\/wp\/v2\/media?parent=8438"}],"wp:term":[{"taxonomy":"category","embeddable":true,"href":"https:\/\/dev.antudigital.cl\/sites\/vc\/wp-json\/wp\/v2\/categories?post=8438"},{"taxonomy":"post_tag","embeddable":true,"href":"https:\/\/dev.antudigital.cl\/sites\/vc\/wp-json\/wp\/v2\/tags?post=8438"}],"curies":[{"name":"wp","href":"https:\/\/api.w.org\/{rel}","templated":true}]}}