{"id":8445,"date":"2020-12-18T13:04:30","date_gmt":"2020-12-18T13:04:30","guid":{"rendered":"https:\/\/www.valparaisocreativo.cl\/?p=5611"},"modified":"2020-12-18T13:04:30","modified_gmt":"2020-12-18T13:04:30","slug":"carolina-aguero-inaugura-exposicion-sobre-la-vida-del-transformismo-porteno","status":"publish","type":"post","link":"https:\/\/dev.antudigital.cl\/sites\/vc\/carolina-aguero-inaugura-exposicion-sobre-la-vida-del-transformismo-porteno\/","title":{"rendered":"Carolina Ag\u00fcero inaugura exposici\u00f3n sobre la vida del transformismo porte\u00f1o"},"content":{"rendered":"<p>Este s\u00e1bado 19 de octubre se genera una de las primeras exposiciones presenciales post pandemia, espec\u00edficamente en C\u00e1mara L\u00facida.<\/p>\n\n<p><span style=\"font-weight: 400;\">La muestra fotogr\u00e1fica es el resultado del trabajo documental de 3 a\u00f1os en el que Carolina Ag\u00fcero nos interioriza en el mundo del transformismo en Valpara\u00edso a trav\u00e9s de la vida de Jessica, un transformista que se desenvuelve en diferentes espacios: su casa, trabajo, en el bar y otros rincones de la ciudad.\u00a0\u00a0<\/span><\/p>\n<p><strong><em>\u00abTiene como prop\u00f3sito mostrar el arte y vida del transformismo antiguo, que ya est\u00e1 perdi\u00e9ndose. Jessica trabaja en El tendedero de Barrio Puerto. Ella me comparti\u00f3 su espacio de trabajo, donde baila, tambi\u00e9n la intimidad de su casa. Quer\u00eda retratar la transici\u00f3n de su trabajo, y de su estilo de vida\u00bb<\/em><\/strong>, comenta la autora.<\/p>\n<p><span style=\"font-weight: 400;\">Esta actividad es parte del Programa Camaralucida 2020-2021 financiado por la L\u00ednea de Apoyo a Espacios Culturales, del Programa de Apoyo a Organizaciones Culturales Colaboradoras, Convocatoria 2020, del Ministerio de las Culturas, las Artes y el Patrimonio.\u00a0<\/span><\/p>\n<p>Carolina agrega que:<em> \u00abE<strong>st\u00e1 inspirado en mi visi\u00f3n de peque\u00f1a, de los recuerdos que ten\u00eda en el imaginario sobre estos personajes. Este es uno de los trabajos m\u00e1s importantes que he hecho. Tengo una admiraci\u00f3n hacia los transformistas\u00bb.\u00a0<\/strong><\/em><\/p>\n<p><span style=\"font-weight: 400;\">La exposici\u00f3n \u201cJessica\u201d, bajo la curator\u00eda del artista visual <strong>Carlos Silva<\/strong>, abre sus puertas al p\u00fablico este s\u00e1bado 19 de diciembre\u00a0 y permanecer\u00e1 hasta marzo de 2021 en la Galer\u00eda Camaralucida, ubicada en Almirante Montt 44, Valpara\u00edso, a pasos de plaza An\u00edbal Pinto. <\/span><\/p>\n<p>Desde ya puedes escribir a C\u00e1mara L\u00facida y asistir a la muestra, que estar\u00e1 habilitada todo el verano.<\/p>\n","protected":false},"excerpt":{"rendered":"<p>Este s\u00e1bado 19 de octubre se genera una de las primeras exposiciones presenciales post pandemia, espec\u00edficamente en C\u00e1mara L\u00facida. La muestra fotogr\u00e1fica es el resultado del trabajo documental de 3 a\u00f1os en el que Carolina Ag\u00fcero nos interioriza en el mundo del transformismo en Valpara\u00edso a trav\u00e9s de la vida de Jessica, un transformista que [&hellip;]<\/p>\n","protected":false},"author":3,"featured_media":8449,"comment_status":"closed","ping_status":"closed","sticky":false,"template":"","format":"standard","meta":{"_acf_changed":false,"footnotes":""},"categories":[8],"tags":[],"class_list":["post-8445","post","type-post","status-publish","format-standard","has-post-thumbnail","hentry","category-noticia"],"acf":[],"yoast_head":"<!-- This site is optimized with the Yoast SEO plugin v27.1.1 - https:\/\/yoast.com\/product\/yoast-seo-wordpress\/ -->\n<title>Carolina Ag\u00fcero inaugura exposici\u00f3n sobre la vida del transformismo porte\u00f1o - Valpara\u00ed\u00adso Creativo<\/title>\n<meta name=\"robots\" content=\"index, follow, max-snippet:-1, max-image-preview:large, max-video-preview:-1\" \/>\n<link rel=\"canonical\" href=\"https:\/\/dev.antudigital.cl\/sites\/vc\/carolina-aguero-inaugura-exposicion-sobre-la-vida-del-transformismo-porteno\/\" \/>\n<meta property=\"og:locale\" content=\"es_ES\" \/>\n<meta property=\"og:type\" content=\"article\" \/>\n<meta property=\"og:title\" content=\"Carolina Ag\u00fcero inaugura exposici\u00f3n sobre la vida del transformismo porte\u00f1o - Valpara\u00ed\u00adso Creativo\" \/>\n<meta property=\"og:description\" content=\"Este s\u00e1bado 19 de octubre se genera una de las primeras exposiciones presenciales post pandemia, espec\u00edficamente en C\u00e1mara L\u00facida. La muestra fotogr\u00e1fica es el resultado del trabajo documental de 3 a\u00f1os en el que Carolina Ag\u00fcero nos interioriza en el mundo del transformismo en Valpara\u00edso a trav\u00e9s de la vida de Jessica, un transformista que [&hellip;]\" \/>\n<meta property=\"og:url\" content=\"https:\/\/dev.antudigital.cl\/sites\/vc\/carolina-aguero-inaugura-exposicion-sobre-la-vida-del-transformismo-porteno\/\" \/>\n<meta property=\"og:site_name\" content=\"Valpara\u00ed\u00adso Creativo\" \/>\n<meta property=\"article:published_time\" content=\"2020-12-18T13:04:30+00:00\" \/>\n<meta property=\"og:image\" content=\"https:\/\/dev.antudigital.cl\/sites\/vc\/wp-content\/uploads\/2020\/12\/Expo-Jessica-13333.jpg\" \/>\n\t<meta property=\"og:image:width\" content=\"795\" \/>\n\t<meta property=\"og:image:height\" content=\"449\" \/>\n\t<meta property=\"og:image:type\" content=\"image\/jpeg\" \/>\n<meta name=\"author\" content=\"Valparaiso Creativo\" \/>\n<meta name=\"twitter:card\" content=\"summary_large_image\" \/>\n<meta name=\"twitter:label1\" content=\"Escrito por\" \/>\n\t<meta name=\"twitter:data1\" content=\"Valparaiso Creativo\" \/>\n\t<meta name=\"twitter:label2\" content=\"Tiempo de lectura\" \/>\n\t<meta name=\"twitter:data2\" content=\"1 minuto\" \/>\n<script type=\"application\/ld+json\" class=\"yoast-schema-graph\">{\"@context\":\"https:\/\/schema.org\",\"@graph\":[{\"@type\":\"Article\",\"@id\":\"https:\/\/dev.antudigital.cl\/sites\/vc\/carolina-aguero-inaugura-exposicion-sobre-la-vida-del-transformismo-porteno\/#article\",\"isPartOf\":{\"@id\":\"https:\/\/dev.antudigital.cl\/sites\/vc\/carolina-aguero-inaugura-exposicion-sobre-la-vida-del-transformismo-porteno\/\"},\"author\":{\"name\":\"Valparaiso Creativo\",\"@id\":\"https:\/\/dev.antudigital.cl\/sites\/vc\/#\/schema\/person\/81d1dcd51abd542b5dfc00f5f951a0f1\"},\"headline\":\"Carolina Ag\u00fcero inaugura exposici\u00f3n sobre la vida del transformismo porte\u00f1o\",\"datePublished\":\"2020-12-18T13:04:30+00:00\",\"mainEntityOfPage\":{\"@id\":\"https:\/\/dev.antudigital.cl\/sites\/vc\/carolina-aguero-inaugura-exposicion-sobre-la-vida-del-transformismo-porteno\/\"},\"wordCount\":300,\"image\":{\"@id\":\"https:\/\/dev.antudigital.cl\/sites\/vc\/carolina-aguero-inaugura-exposicion-sobre-la-vida-del-transformismo-porteno\/#primaryimage\"},\"thumbnailUrl\":\"https:\/\/dev.antudigital.cl\/sites\/vc\/wp-content\/uploads\/2020\/12\/Expo-Jessica-13333.jpg\",\"articleSection\":[\"Noticia\"],\"inLanguage\":\"es\"},{\"@type\":\"WebPage\",\"@id\":\"https:\/\/dev.antudigital.cl\/sites\/vc\/carolina-aguero-inaugura-exposicion-sobre-la-vida-del-transformismo-porteno\/\",\"url\":\"https:\/\/dev.antudigital.cl\/sites\/vc\/carolina-aguero-inaugura-exposicion-sobre-la-vida-del-transformismo-porteno\/\",\"name\":\"Carolina Ag\u00fcero inaugura exposici\u00f3n sobre la vida del transformismo porte\u00f1o - Valpara\u00ed\u00adso Creativo\",\"isPartOf\":{\"@id\":\"https:\/\/dev.antudigital.cl\/sites\/vc\/#website\"},\"primaryImageOfPage\":{\"@id\":\"https:\/\/dev.antudigital.cl\/sites\/vc\/carolina-aguero-inaugura-exposicion-sobre-la-vida-del-transformismo-porteno\/#primaryimage\"},\"image\":{\"@id\":\"https:\/\/dev.antudigital.cl\/sites\/vc\/carolina-aguero-inaugura-exposicion-sobre-la-vida-del-transformismo-porteno\/#primaryimage\"},\"thumbnailUrl\":\"https:\/\/dev.antudigital.cl\/sites\/vc\/wp-content\/uploads\/2020\/12\/Expo-Jessica-13333.jpg\",\"datePublished\":\"2020-12-18T13:04:30+00:00\",\"author\":{\"@id\":\"https:\/\/dev.antudigital.cl\/sites\/vc\/#\/schema\/person\/81d1dcd51abd542b5dfc00f5f951a0f1\"},\"breadcrumb\":{\"@id\":\"https:\/\/dev.antudigital.cl\/sites\/vc\/carolina-aguero-inaugura-exposicion-sobre-la-vida-del-transformismo-porteno\/#breadcrumb\"},\"inLanguage\":\"es\",\"potentialAction\":[{\"@type\":\"ReadAction\",\"target\":[\"https:\/\/dev.antudigital.cl\/sites\/vc\/carolina-aguero-inaugura-exposicion-sobre-la-vida-del-transformismo-porteno\/\"]}]},{\"@type\":\"ImageObject\",\"inLanguage\":\"es\",\"@id\":\"https:\/\/dev.antudigital.cl\/sites\/vc\/carolina-aguero-inaugura-exposicion-sobre-la-vida-del-transformismo-porteno\/#primaryimage\",\"url\":\"https:\/\/dev.antudigital.cl\/sites\/vc\/wp-content\/uploads\/2020\/12\/Expo-Jessica-13333.jpg\",\"contentUrl\":\"https:\/\/dev.antudigital.cl\/sites\/vc\/wp-content\/uploads\/2020\/12\/Expo-Jessica-13333.jpg\",\"width\":795,\"height\":449},{\"@type\":\"BreadcrumbList\",\"@id\":\"https:\/\/dev.antudigital.cl\/sites\/vc\/carolina-aguero-inaugura-exposicion-sobre-la-vida-del-transformismo-porteno\/#breadcrumb\",\"itemListElement\":[{\"@type\":\"ListItem\",\"position\":1,\"name\":\"Home\",\"item\":\"https:\/\/dev.antudigital.cl\/sites\/vc\/\"},{\"@type\":\"ListItem\",\"position\":2,\"name\":\"Carolina Ag\u00fcero inaugura exposici\u00f3n sobre la vida del transformismo porte\u00f1o\"}]},{\"@type\":\"WebSite\",\"@id\":\"https:\/\/dev.antudigital.cl\/sites\/vc\/#website\",\"url\":\"https:\/\/dev.antudigital.cl\/sites\/vc\/\",\"name\":\"Valpara\u00ed\u00adso Creativo\",\"description\":\"\",\"potentialAction\":[{\"@type\":\"SearchAction\",\"target\":{\"@type\":\"EntryPoint\",\"urlTemplate\":\"https:\/\/dev.antudigital.cl\/sites\/vc\/?s={search_term_string}\"},\"query-input\":{\"@type\":\"PropertyValueSpecification\",\"valueRequired\":true,\"valueName\":\"search_term_string\"}}],\"inLanguage\":\"es\"},{\"@type\":\"Person\",\"@id\":\"https:\/\/dev.antudigital.cl\/sites\/vc\/#\/schema\/person\/81d1dcd51abd542b5dfc00f5f951a0f1\",\"name\":\"Valparaiso Creativo\",\"url\":\"https:\/\/dev.antudigital.cl\/sites\/vc\/author\/valparaiso-creativo\/\"}]}<\/script>\n<!-- \/ Yoast SEO plugin. -->","yoast_head_json":{"title":"Carolina Ag\u00fcero inaugura exposici\u00f3n sobre la vida del transformismo porte\u00f1o - Valpara\u00ed\u00adso Creativo","robots":{"index":"index","follow":"follow","max-snippet":"max-snippet:-1","max-image-preview":"max-image-preview:large","max-video-preview":"max-video-preview:-1"},"canonical":"https:\/\/dev.antudigital.cl\/sites\/vc\/carolina-aguero-inaugura-exposicion-sobre-la-vida-del-transformismo-porteno\/","og_locale":"es_ES","og_type":"article","og_title":"Carolina Ag\u00fcero inaugura exposici\u00f3n sobre la vida del transformismo porte\u00f1o - Valpara\u00ed\u00adso Creativo","og_description":"Este s\u00e1bado 19 de octubre se genera una de las primeras exposiciones presenciales post pandemia, espec\u00edficamente en C\u00e1mara L\u00facida. La muestra fotogr\u00e1fica es el resultado del trabajo documental de 3 a\u00f1os en el que Carolina Ag\u00fcero nos interioriza en el mundo del transformismo en Valpara\u00edso a trav\u00e9s de la vida de Jessica, un transformista que [&hellip;]","og_url":"https:\/\/dev.antudigital.cl\/sites\/vc\/carolina-aguero-inaugura-exposicion-sobre-la-vida-del-transformismo-porteno\/","og_site_name":"Valpara\u00ed\u00adso Creativo","article_published_time":"2020-12-18T13:04:30+00:00","og_image":[{"width":795,"height":449,"url":"https:\/\/dev.antudigital.cl\/sites\/vc\/wp-content\/uploads\/2020\/12\/Expo-Jessica-13333.jpg","type":"image\/jpeg"}],"author":"Valparaiso Creativo","twitter_card":"summary_large_image","twitter_misc":{"Escrito por":"Valparaiso Creativo","Tiempo de lectura":"1 minuto"},"schema":{"@context":"https:\/\/schema.org","@graph":[{"@type":"Article","@id":"https:\/\/dev.antudigital.cl\/sites\/vc\/carolina-aguero-inaugura-exposicion-sobre-la-vida-del-transformismo-porteno\/#article","isPartOf":{"@id":"https:\/\/dev.antudigital.cl\/sites\/vc\/carolina-aguero-inaugura-exposicion-sobre-la-vida-del-transformismo-porteno\/"},"author":{"name":"Valparaiso Creativo","@id":"https:\/\/dev.antudigital.cl\/sites\/vc\/#\/schema\/person\/81d1dcd51abd542b5dfc00f5f951a0f1"},"headline":"Carolina Ag\u00fcero inaugura exposici\u00f3n sobre la vida del transformismo porte\u00f1o","datePublished":"2020-12-18T13:04:30+00:00","mainEntityOfPage":{"@id":"https:\/\/dev.antudigital.cl\/sites\/vc\/carolina-aguero-inaugura-exposicion-sobre-la-vida-del-transformismo-porteno\/"},"wordCount":300,"image":{"@id":"https:\/\/dev.antudigital.cl\/sites\/vc\/carolina-aguero-inaugura-exposicion-sobre-la-vida-del-transformismo-porteno\/#primaryimage"},"thumbnailUrl":"https:\/\/dev.antudigital.cl\/sites\/vc\/wp-content\/uploads\/2020\/12\/Expo-Jessica-13333.jpg","articleSection":["Noticia"],"inLanguage":"es"},{"@type":"WebPage","@id":"https:\/\/dev.antudigital.cl\/sites\/vc\/carolina-aguero-inaugura-exposicion-sobre-la-vida-del-transformismo-porteno\/","url":"https:\/\/dev.antudigital.cl\/sites\/vc\/carolina-aguero-inaugura-exposicion-sobre-la-vida-del-transformismo-porteno\/","name":"Carolina Ag\u00fcero inaugura exposici\u00f3n sobre la vida del transformismo porte\u00f1o - Valpara\u00ed\u00adso Creativo","isPartOf":{"@id":"https:\/\/dev.antudigital.cl\/sites\/vc\/#website"},"primaryImageOfPage":{"@id":"https:\/\/dev.antudigital.cl\/sites\/vc\/carolina-aguero-inaugura-exposicion-sobre-la-vida-del-transformismo-porteno\/#primaryimage"},"image":{"@id":"https:\/\/dev.antudigital.cl\/sites\/vc\/carolina-aguero-inaugura-exposicion-sobre-la-vida-del-transformismo-porteno\/#primaryimage"},"thumbnailUrl":"https:\/\/dev.antudigital.cl\/sites\/vc\/wp-content\/uploads\/2020\/12\/Expo-Jessica-13333.jpg","datePublished":"2020-12-18T13:04:30+00:00","author":{"@id":"https:\/\/dev.antudigital.cl\/sites\/vc\/#\/schema\/person\/81d1dcd51abd542b5dfc00f5f951a0f1"},"breadcrumb":{"@id":"https:\/\/dev.antudigital.cl\/sites\/vc\/carolina-aguero-inaugura-exposicion-sobre-la-vida-del-transformismo-porteno\/#breadcrumb"},"inLanguage":"es","potentialAction":[{"@type":"ReadAction","target":["https:\/\/dev.antudigital.cl\/sites\/vc\/carolina-aguero-inaugura-exposicion-sobre-la-vida-del-transformismo-porteno\/"]}]},{"@type":"ImageObject","inLanguage":"es","@id":"https:\/\/dev.antudigital.cl\/sites\/vc\/carolina-aguero-inaugura-exposicion-sobre-la-vida-del-transformismo-porteno\/#primaryimage","url":"https:\/\/dev.antudigital.cl\/sites\/vc\/wp-content\/uploads\/2020\/12\/Expo-Jessica-13333.jpg","contentUrl":"https:\/\/dev.antudigital.cl\/sites\/vc\/wp-content\/uploads\/2020\/12\/Expo-Jessica-13333.jpg","width":795,"height":449},{"@type":"BreadcrumbList","@id":"https:\/\/dev.antudigital.cl\/sites\/vc\/carolina-aguero-inaugura-exposicion-sobre-la-vida-del-transformismo-porteno\/#breadcrumb","itemListElement":[{"@type":"ListItem","position":1,"name":"Home","item":"https:\/\/dev.antudigital.cl\/sites\/vc\/"},{"@type":"ListItem","position":2,"name":"Carolina Ag\u00fcero inaugura exposici\u00f3n sobre la vida del transformismo porte\u00f1o"}]},{"@type":"WebSite","@id":"https:\/\/dev.antudigital.cl\/sites\/vc\/#website","url":"https:\/\/dev.antudigital.cl\/sites\/vc\/","name":"Valpara\u00ed\u00adso Creativo","description":"","potentialAction":[{"@type":"SearchAction","target":{"@type":"EntryPoint","urlTemplate":"https:\/\/dev.antudigital.cl\/sites\/vc\/?s={search_term_string}"},"query-input":{"@type":"PropertyValueSpecification","valueRequired":true,"valueName":"search_term_string"}}],"inLanguage":"es"},{"@type":"Person","@id":"https:\/\/dev.antudigital.cl\/sites\/vc\/#\/schema\/person\/81d1dcd51abd542b5dfc00f5f951a0f1","name":"Valparaiso Creativo","url":"https:\/\/dev.antudigital.cl\/sites\/vc\/author\/valparaiso-creativo\/"}]}},"_links":{"self":[{"href":"https:\/\/dev.antudigital.cl\/sites\/vc\/wp-json\/wp\/v2\/posts\/8445","targetHints":{"allow":["GET"]}}],"collection":[{"href":"https:\/\/dev.antudigital.cl\/sites\/vc\/wp-json\/wp\/v2\/posts"}],"about":[{"href":"https:\/\/dev.antudigital.cl\/sites\/vc\/wp-json\/wp\/v2\/types\/post"}],"author":[{"embeddable":true,"href":"https:\/\/dev.antudigital.cl\/sites\/vc\/wp-json\/wp\/v2\/users\/3"}],"replies":[{"embeddable":true,"href":"https:\/\/dev.antudigital.cl\/sites\/vc\/wp-json\/wp\/v2\/comments?post=8445"}],"version-history":[{"count":0,"href":"https:\/\/dev.antudigital.cl\/sites\/vc\/wp-json\/wp\/v2\/posts\/8445\/revisions"}],"wp:featuredmedia":[{"embeddable":true,"href":"https:\/\/dev.antudigital.cl\/sites\/vc\/wp-json\/wp\/v2\/media\/8449"}],"wp:attachment":[{"href":"https:\/\/dev.antudigital.cl\/sites\/vc\/wp-json\/wp\/v2\/media?parent=8445"}],"wp:term":[{"taxonomy":"category","embeddable":true,"href":"https:\/\/dev.antudigital.cl\/sites\/vc\/wp-json\/wp\/v2\/categories?post=8445"},{"taxonomy":"post_tag","embeddable":true,"href":"https:\/\/dev.antudigital.cl\/sites\/vc\/wp-json\/wp\/v2\/tags?post=8445"}],"curies":[{"name":"wp","href":"https:\/\/api.w.org\/{rel}","templated":true}]}}