{"id":8460,"date":"2020-12-14T19:07:51","date_gmt":"2020-12-14T19:07:51","guid":{"rendered":"https:\/\/www.valparaisocreativo.cl\/?p=5581"},"modified":"2020-12-14T19:07:51","modified_gmt":"2020-12-14T19:07:51","slug":"de-iglesia-a-centro-cultural-esta-naciendo-un-nuevo-espacio-para-la-comunidad","status":"publish","type":"post","link":"https:\/\/dev.antudigital.cl\/sites\/vc\/de-iglesia-a-centro-cultural-esta-naciendo-un-nuevo-espacio-para-la-comunidad\/","title":{"rendered":"De iglesia a centro cultural: est\u00e1 naciendo un nuevo espacio para la comunidad"},"content":{"rendered":"<h5><em>Por: Valentinne Rudolphy<\/em><\/h5>\n<h5><em>Fotograf\u00edas: Rodolfo Mu\u00f1oz<\/em><\/h5>\n<p>&nbsp;<\/p>\n<p><span style=\"font-weight: 400;\">En Eusebio Lillo, a pasos de la Avenida Argentina y todo su ajetreo, existe un espacio que hoy est\u00e1 emergiendo reci\u00e9n. Una especie de oasis y contraste a la ciudad, que viene a integrarse como una posibilidad para el mundo cultural y creativo.<\/span><\/p>\n<p><span style=\"font-weight: 400;\">A cargo de la restauraci\u00f3n de un inmueble con varias d\u00e9cadas a su haber, Rodrigo Puentes &#8211; arquitecto, especialista en Patrimonio.\u00a0 &#8211; abre las puertas de lo que fue un refugio para aquellos fieles que en un momento decidieron tomar la carrera de la fe. Hoy, ante la baja de fieles de la Iglesia Cat\u00f3lica, este tipo de estructuras patrimoniales quedan en manos del destino, y no todas tienen la misma suerte.<\/span><\/p>\n<p>&nbsp;<\/p>\n<p><b>&#8211; \u00bfQu\u00e9 est\u00e1n haciendo en este espacio?<\/b><\/p>\n<p><b>&#8211; <\/b><span style=\"font-weight: 400;\">Este proyecto parte 5 a\u00f1os atr\u00e1s, cuando el encargado de esta residencia Jesuita recurre a la delegaci\u00f3n de Valpara\u00edso del <strong>Colegio de Arquitectos<\/strong>, para solicitar ayuda porque ten\u00edan ayuda con el cielo de la nave central del templo de la Iglesia del Sagrado Coraz\u00f3n de Jes\u00fas. Esto por termitas. As\u00ed comienza un convenio de colaboraci\u00f3n que crea una relaci\u00f3n profesional que permite desarrollar distintas obras.<\/span><\/p>\n<p><span style=\"font-weight: 400;\">Continu\u00e9 con mi empresa trabajando en la recuperaci\u00f3n de distintos espacios del templo. Ese proceso de trabajo gener\u00f3 confianzas. Los Jesuitas no ten\u00edan ya la capacidad para administrar dicho inmueble, debido a la escasez de fieles y de quienes tienen vocaci\u00f3n de sacerdotes. Este era un lugar de noviciado a nivel nacional, pero estaba pr\u00e1cticamente deshabitado a la fecha que comenzamos las obras.<\/span><\/p>\n<p><span style=\"font-weight: 400;\">En ese momento se inicia la posibilidad de establecer un trabajo a 10 a\u00f1os para transformar el inmueble en general a usos culturales. Ellos &#8211; la Compa\u00f1\u00eda de Jes\u00fas &#8211; prefirieron participar de este proyecto, que estaba en pausa debido a que reci\u00e9n en octubre comenzamos a pensar bien en qu\u00e9 hacer desde ahora.<\/span><\/p>\n<p>&nbsp;<\/p>\n<p><b>&#8211; \u00bfCu\u00e1l es la idea principal para este espacio? Desde este ligue a la cultura que se pretende<\/b><\/p>\n<p><span style=\"font-weight: 400;\">&#8211; Primero se habilitaron algunas habitaciones como oficina, disponibles para arriendo para quienes est\u00e9n vinculados al patrimonio, la historia, la arquitectura y las artes. Esa es la idea para el segundo piso de la residencia. Por otra parte, hay un espacio destinado a co-work, otro para el Colegio de Arquitectos y sala de clases habilitada para un convenio que hicimos con el Colegio San Ignacio de Loyola. Se instalar\u00e1 una cafeter\u00eda, y finalmente, el templo pretende ser una sala de uso m\u00faltiple para seminarios, conferencias, obras y conciertos.\u00a0<\/span><\/p>\n<h3><i><span style=\"font-weight: 400;\">\u201cEs un hito que este templo con esta arquitectura se abra a la comunidad laica en general\u201d.\u00a0<\/span><\/i><\/h3>\n<p><span style=\"font-weight: 400;\">Hoy nos encontramos generando las alternativas para este proceso, debido a que ahora mismo es un poco complejo partir como sala nueva, pero se pretende que sea parte de la bater\u00eda cultural de la ciudad.<\/span><\/p>\n\n<p><span style=\"font-weight: 400;\">Rodrigo es quien est\u00e1 a cargo como administrador transitorio en este lugar. Se debe a\u00fan gestionar un directorio para poder aprobar el modelo de gesti\u00f3n. Todo a\u00fan est\u00e1 en pa\u00f1ales, pero se ha ido gestando lentamente durante ya 5 a\u00f1os.<\/span><\/p>\n<p><b>&#8211; \u00bfEn qu\u00e9 proceso de restauraci\u00f3n se encuentran ahora?<\/b><\/p>\n<p><span style=\"font-weight: 400;\">&#8211; M\u00e1s que restauraci\u00f3n, ya estamos en la habilitaci\u00f3n de lo que tenemos disponible. Sacamos pisos con termitas, recuper\u00e1ndolos para que sean viables. Tambi\u00e9n postulamos a un fondo para la reposici\u00f3n del cielo definitivo del templo. Por ahora hay uno provisorio con el prop\u00f3sito de poder abrir la \u201cnave central\u201d debido al peligro de derrumbe que hab\u00eda.<\/span><\/p>\n<p>&nbsp;<\/p>\n<p><b>&#8211; \u00bfQu\u00e9 actores han sido parte de las conversaciones hasta ahora? \u00bfSe est\u00e1n abriendo a la comunidad?<\/b><\/p>\n<p><span style=\"font-weight: 400;\">&#8211; La ladera del Cerro Larra\u00edn tambi\u00e9n es un proyecto por si solo, que es parte de la propiedad. Se est\u00e1n generando v\u00ednculos con la comunidad, hoy estamos convocando a actores que est\u00e1n relacionados con el inmueble, para primero evidenciar que est\u00e1 abierto, y que estamos disponibles para cualquier proyecto que se quiera realizar. La idea es convocar a diferentes tem\u00e1ticas y que sea un centro de ejecuci\u00f3n de proyectos.<\/span><\/p>\n<p><span style=\"font-weight: 400;\">\u00a0<\/span><span style=\"font-weight: 400;\">Por ahora hay muchos interesados, pero estamos en las primeras conversaciones y a\u00fan queda mucho por concretar. La idea es tener una amplia cartelera de actividades por fin de semana.<\/span><\/p>\n\n<p><strong>&#8211; \u00bfEsto tiene nombre o a\u00fan no?<\/strong><\/p>\n<p>&#8211; <span style=\"font-weight: 400;\">El espacio por ahora no tiene nombre, lo llamamos inmueble Jesuita. Todo depende de c\u00f3mo se dar\u00e1 el modelo de gesti\u00f3n y quienes est\u00e9n en el directorio cuando tome m\u00e1s forma.<\/span><\/p>\n<p>&nbsp;<\/p>\n<p>Si bien a\u00fan no tiene redes ni nombre, la antigua iglesia que hoy toma nueva vida gracias al Colegio de Arquitectos y su delegaci\u00f3n Valpara\u00edso, est\u00e1 abierta ya a recibir propuestas e ideas que se puedan desarrollar en este valioso espacio.<\/p>\n","protected":false},"excerpt":{"rendered":"<p>Por: Valentinne Rudolphy Fotograf\u00edas: Rodolfo Mu\u00f1oz &nbsp; En Eusebio Lillo, a pasos de la Avenida Argentina y todo su ajetreo, existe un espacio que hoy est\u00e1 emergiendo reci\u00e9n. Una especie de oasis y contraste a la ciudad, que viene a integrarse como una posibilidad para el mundo cultural y creativo. A cargo de la restauraci\u00f3n [&hellip;]<\/p>\n","protected":false},"author":3,"featured_media":8463,"comment_status":"closed","ping_status":"closed","sticky":false,"template":"","format":"standard","meta":{"_acf_changed":false,"footnotes":""},"categories":[8],"tags":[],"class_list":["post-8460","post","type-post","status-publish","format-standard","has-post-thumbnail","hentry","category-noticia"],"acf":[],"yoast_head":"<!-- This site is optimized with the Yoast SEO plugin v27.1.1 - https:\/\/yoast.com\/product\/yoast-seo-wordpress\/ -->\n<title>De iglesia a centro cultural: est\u00e1 naciendo un nuevo espacio para la comunidad - Valpara\u00ed\u00adso Creativo<\/title>\n<meta name=\"robots\" content=\"index, follow, max-snippet:-1, max-image-preview:large, max-video-preview:-1\" \/>\n<link rel=\"canonical\" href=\"https:\/\/dev.antudigital.cl\/sites\/vc\/de-iglesia-a-centro-cultural-esta-naciendo-un-nuevo-espacio-para-la-comunidad\/\" \/>\n<meta property=\"og:locale\" content=\"es_ES\" \/>\n<meta property=\"og:type\" content=\"article\" \/>\n<meta property=\"og:title\" content=\"De iglesia a centro cultural: est\u00e1 naciendo un nuevo espacio para la comunidad - Valpara\u00ed\u00adso Creativo\" \/>\n<meta property=\"og:description\" content=\"Por: Valentinne Rudolphy Fotograf\u00edas: Rodolfo Mu\u00f1oz &nbsp; En Eusebio Lillo, a pasos de la Avenida Argentina y todo su ajetreo, existe un espacio que hoy est\u00e1 emergiendo reci\u00e9n. Una especie de oasis y contraste a la ciudad, que viene a integrarse como una posibilidad para el mundo cultural y creativo. A cargo de la restauraci\u00f3n [&hellip;]\" \/>\n<meta property=\"og:url\" content=\"https:\/\/dev.antudigital.cl\/sites\/vc\/de-iglesia-a-centro-cultural-esta-naciendo-un-nuevo-espacio-para-la-comunidad\/\" \/>\n<meta property=\"og:site_name\" content=\"Valpara\u00ed\u00adso Creativo\" \/>\n<meta property=\"article:published_time\" content=\"2020-12-14T19:07:51+00:00\" \/>\n<meta property=\"og:image\" content=\"https:\/\/dev.antudigital.cl\/sites\/vc\/wp-content\/uploads\/2020\/12\/IGLESIA_3.jpg\" \/>\n\t<meta property=\"og:image:width\" content=\"1280\" \/>\n\t<meta property=\"og:image:height\" content=\"854\" \/>\n\t<meta property=\"og:image:type\" content=\"image\/jpeg\" \/>\n<meta name=\"author\" content=\"Valparaiso Creativo\" \/>\n<meta name=\"twitter:card\" content=\"summary_large_image\" \/>\n<meta name=\"twitter:label1\" content=\"Escrito por\" \/>\n\t<meta name=\"twitter:data1\" content=\"Valparaiso Creativo\" \/>\n\t<meta name=\"twitter:label2\" content=\"Tiempo de lectura\" \/>\n\t<meta name=\"twitter:data2\" content=\"4 minutos\" \/>\n<script type=\"application\/ld+json\" class=\"yoast-schema-graph\">{\"@context\":\"https:\/\/schema.org\",\"@graph\":[{\"@type\":\"Article\",\"@id\":\"https:\/\/dev.antudigital.cl\/sites\/vc\/de-iglesia-a-centro-cultural-esta-naciendo-un-nuevo-espacio-para-la-comunidad\/#article\",\"isPartOf\":{\"@id\":\"https:\/\/dev.antudigital.cl\/sites\/vc\/de-iglesia-a-centro-cultural-esta-naciendo-un-nuevo-espacio-para-la-comunidad\/\"},\"author\":{\"name\":\"Valparaiso Creativo\",\"@id\":\"https:\/\/dev.antudigital.cl\/sites\/vc\/#\/schema\/person\/81d1dcd51abd542b5dfc00f5f951a0f1\"},\"headline\":\"De iglesia a centro cultural: est\u00e1 naciendo un nuevo espacio para la comunidad\",\"datePublished\":\"2020-12-14T19:07:51+00:00\",\"mainEntityOfPage\":{\"@id\":\"https:\/\/dev.antudigital.cl\/sites\/vc\/de-iglesia-a-centro-cultural-esta-naciendo-un-nuevo-espacio-para-la-comunidad\/\"},\"wordCount\":851,\"image\":{\"@id\":\"https:\/\/dev.antudigital.cl\/sites\/vc\/de-iglesia-a-centro-cultural-esta-naciendo-un-nuevo-espacio-para-la-comunidad\/#primaryimage\"},\"thumbnailUrl\":\"https:\/\/dev.antudigital.cl\/sites\/vc\/wp-content\/uploads\/2020\/12\/IGLESIA_3.jpg\",\"articleSection\":[\"Noticia\"],\"inLanguage\":\"es\"},{\"@type\":\"WebPage\",\"@id\":\"https:\/\/dev.antudigital.cl\/sites\/vc\/de-iglesia-a-centro-cultural-esta-naciendo-un-nuevo-espacio-para-la-comunidad\/\",\"url\":\"https:\/\/dev.antudigital.cl\/sites\/vc\/de-iglesia-a-centro-cultural-esta-naciendo-un-nuevo-espacio-para-la-comunidad\/\",\"name\":\"De iglesia a centro cultural: est\u00e1 naciendo un nuevo espacio para la comunidad - Valpara\u00ed\u00adso Creativo\",\"isPartOf\":{\"@id\":\"https:\/\/dev.antudigital.cl\/sites\/vc\/#website\"},\"primaryImageOfPage\":{\"@id\":\"https:\/\/dev.antudigital.cl\/sites\/vc\/de-iglesia-a-centro-cultural-esta-naciendo-un-nuevo-espacio-para-la-comunidad\/#primaryimage\"},\"image\":{\"@id\":\"https:\/\/dev.antudigital.cl\/sites\/vc\/de-iglesia-a-centro-cultural-esta-naciendo-un-nuevo-espacio-para-la-comunidad\/#primaryimage\"},\"thumbnailUrl\":\"https:\/\/dev.antudigital.cl\/sites\/vc\/wp-content\/uploads\/2020\/12\/IGLESIA_3.jpg\",\"datePublished\":\"2020-12-14T19:07:51+00:00\",\"author\":{\"@id\":\"https:\/\/dev.antudigital.cl\/sites\/vc\/#\/schema\/person\/81d1dcd51abd542b5dfc00f5f951a0f1\"},\"breadcrumb\":{\"@id\":\"https:\/\/dev.antudigital.cl\/sites\/vc\/de-iglesia-a-centro-cultural-esta-naciendo-un-nuevo-espacio-para-la-comunidad\/#breadcrumb\"},\"inLanguage\":\"es\",\"potentialAction\":[{\"@type\":\"ReadAction\",\"target\":[\"https:\/\/dev.antudigital.cl\/sites\/vc\/de-iglesia-a-centro-cultural-esta-naciendo-un-nuevo-espacio-para-la-comunidad\/\"]}]},{\"@type\":\"ImageObject\",\"inLanguage\":\"es\",\"@id\":\"https:\/\/dev.antudigital.cl\/sites\/vc\/de-iglesia-a-centro-cultural-esta-naciendo-un-nuevo-espacio-para-la-comunidad\/#primaryimage\",\"url\":\"https:\/\/dev.antudigital.cl\/sites\/vc\/wp-content\/uploads\/2020\/12\/IGLESIA_3.jpg\",\"contentUrl\":\"https:\/\/dev.antudigital.cl\/sites\/vc\/wp-content\/uploads\/2020\/12\/IGLESIA_3.jpg\",\"width\":1280,\"height\":854},{\"@type\":\"BreadcrumbList\",\"@id\":\"https:\/\/dev.antudigital.cl\/sites\/vc\/de-iglesia-a-centro-cultural-esta-naciendo-un-nuevo-espacio-para-la-comunidad\/#breadcrumb\",\"itemListElement\":[{\"@type\":\"ListItem\",\"position\":1,\"name\":\"Home\",\"item\":\"https:\/\/dev.antudigital.cl\/sites\/vc\/\"},{\"@type\":\"ListItem\",\"position\":2,\"name\":\"De iglesia a centro cultural: est\u00e1 naciendo un nuevo espacio para la comunidad\"}]},{\"@type\":\"WebSite\",\"@id\":\"https:\/\/dev.antudigital.cl\/sites\/vc\/#website\",\"url\":\"https:\/\/dev.antudigital.cl\/sites\/vc\/\",\"name\":\"Valpara\u00ed\u00adso Creativo\",\"description\":\"\",\"potentialAction\":[{\"@type\":\"SearchAction\",\"target\":{\"@type\":\"EntryPoint\",\"urlTemplate\":\"https:\/\/dev.antudigital.cl\/sites\/vc\/?s={search_term_string}\"},\"query-input\":{\"@type\":\"PropertyValueSpecification\",\"valueRequired\":true,\"valueName\":\"search_term_string\"}}],\"inLanguage\":\"es\"},{\"@type\":\"Person\",\"@id\":\"https:\/\/dev.antudigital.cl\/sites\/vc\/#\/schema\/person\/81d1dcd51abd542b5dfc00f5f951a0f1\",\"name\":\"Valparaiso Creativo\",\"url\":\"https:\/\/dev.antudigital.cl\/sites\/vc\/author\/valparaiso-creativo\/\"}]}<\/script>\n<!-- \/ Yoast SEO plugin. -->","yoast_head_json":{"title":"De iglesia a centro cultural: est\u00e1 naciendo un nuevo espacio para la comunidad - Valpara\u00ed\u00adso Creativo","robots":{"index":"index","follow":"follow","max-snippet":"max-snippet:-1","max-image-preview":"max-image-preview:large","max-video-preview":"max-video-preview:-1"},"canonical":"https:\/\/dev.antudigital.cl\/sites\/vc\/de-iglesia-a-centro-cultural-esta-naciendo-un-nuevo-espacio-para-la-comunidad\/","og_locale":"es_ES","og_type":"article","og_title":"De iglesia a centro cultural: est\u00e1 naciendo un nuevo espacio para la comunidad - Valpara\u00ed\u00adso Creativo","og_description":"Por: Valentinne Rudolphy Fotograf\u00edas: Rodolfo Mu\u00f1oz &nbsp; En Eusebio Lillo, a pasos de la Avenida Argentina y todo su ajetreo, existe un espacio que hoy est\u00e1 emergiendo reci\u00e9n. Una especie de oasis y contraste a la ciudad, que viene a integrarse como una posibilidad para el mundo cultural y creativo. A cargo de la restauraci\u00f3n [&hellip;]","og_url":"https:\/\/dev.antudigital.cl\/sites\/vc\/de-iglesia-a-centro-cultural-esta-naciendo-un-nuevo-espacio-para-la-comunidad\/","og_site_name":"Valpara\u00ed\u00adso Creativo","article_published_time":"2020-12-14T19:07:51+00:00","og_image":[{"width":1280,"height":854,"url":"https:\/\/dev.antudigital.cl\/sites\/vc\/wp-content\/uploads\/2020\/12\/IGLESIA_3.jpg","type":"image\/jpeg"}],"author":"Valparaiso Creativo","twitter_card":"summary_large_image","twitter_misc":{"Escrito por":"Valparaiso Creativo","Tiempo de lectura":"4 minutos"},"schema":{"@context":"https:\/\/schema.org","@graph":[{"@type":"Article","@id":"https:\/\/dev.antudigital.cl\/sites\/vc\/de-iglesia-a-centro-cultural-esta-naciendo-un-nuevo-espacio-para-la-comunidad\/#article","isPartOf":{"@id":"https:\/\/dev.antudigital.cl\/sites\/vc\/de-iglesia-a-centro-cultural-esta-naciendo-un-nuevo-espacio-para-la-comunidad\/"},"author":{"name":"Valparaiso Creativo","@id":"https:\/\/dev.antudigital.cl\/sites\/vc\/#\/schema\/person\/81d1dcd51abd542b5dfc00f5f951a0f1"},"headline":"De iglesia a centro cultural: est\u00e1 naciendo un nuevo espacio para la comunidad","datePublished":"2020-12-14T19:07:51+00:00","mainEntityOfPage":{"@id":"https:\/\/dev.antudigital.cl\/sites\/vc\/de-iglesia-a-centro-cultural-esta-naciendo-un-nuevo-espacio-para-la-comunidad\/"},"wordCount":851,"image":{"@id":"https:\/\/dev.antudigital.cl\/sites\/vc\/de-iglesia-a-centro-cultural-esta-naciendo-un-nuevo-espacio-para-la-comunidad\/#primaryimage"},"thumbnailUrl":"https:\/\/dev.antudigital.cl\/sites\/vc\/wp-content\/uploads\/2020\/12\/IGLESIA_3.jpg","articleSection":["Noticia"],"inLanguage":"es"},{"@type":"WebPage","@id":"https:\/\/dev.antudigital.cl\/sites\/vc\/de-iglesia-a-centro-cultural-esta-naciendo-un-nuevo-espacio-para-la-comunidad\/","url":"https:\/\/dev.antudigital.cl\/sites\/vc\/de-iglesia-a-centro-cultural-esta-naciendo-un-nuevo-espacio-para-la-comunidad\/","name":"De iglesia a centro cultural: est\u00e1 naciendo un nuevo espacio para la comunidad - Valpara\u00ed\u00adso Creativo","isPartOf":{"@id":"https:\/\/dev.antudigital.cl\/sites\/vc\/#website"},"primaryImageOfPage":{"@id":"https:\/\/dev.antudigital.cl\/sites\/vc\/de-iglesia-a-centro-cultural-esta-naciendo-un-nuevo-espacio-para-la-comunidad\/#primaryimage"},"image":{"@id":"https:\/\/dev.antudigital.cl\/sites\/vc\/de-iglesia-a-centro-cultural-esta-naciendo-un-nuevo-espacio-para-la-comunidad\/#primaryimage"},"thumbnailUrl":"https:\/\/dev.antudigital.cl\/sites\/vc\/wp-content\/uploads\/2020\/12\/IGLESIA_3.jpg","datePublished":"2020-12-14T19:07:51+00:00","author":{"@id":"https:\/\/dev.antudigital.cl\/sites\/vc\/#\/schema\/person\/81d1dcd51abd542b5dfc00f5f951a0f1"},"breadcrumb":{"@id":"https:\/\/dev.antudigital.cl\/sites\/vc\/de-iglesia-a-centro-cultural-esta-naciendo-un-nuevo-espacio-para-la-comunidad\/#breadcrumb"},"inLanguage":"es","potentialAction":[{"@type":"ReadAction","target":["https:\/\/dev.antudigital.cl\/sites\/vc\/de-iglesia-a-centro-cultural-esta-naciendo-un-nuevo-espacio-para-la-comunidad\/"]}]},{"@type":"ImageObject","inLanguage":"es","@id":"https:\/\/dev.antudigital.cl\/sites\/vc\/de-iglesia-a-centro-cultural-esta-naciendo-un-nuevo-espacio-para-la-comunidad\/#primaryimage","url":"https:\/\/dev.antudigital.cl\/sites\/vc\/wp-content\/uploads\/2020\/12\/IGLESIA_3.jpg","contentUrl":"https:\/\/dev.antudigital.cl\/sites\/vc\/wp-content\/uploads\/2020\/12\/IGLESIA_3.jpg","width":1280,"height":854},{"@type":"BreadcrumbList","@id":"https:\/\/dev.antudigital.cl\/sites\/vc\/de-iglesia-a-centro-cultural-esta-naciendo-un-nuevo-espacio-para-la-comunidad\/#breadcrumb","itemListElement":[{"@type":"ListItem","position":1,"name":"Home","item":"https:\/\/dev.antudigital.cl\/sites\/vc\/"},{"@type":"ListItem","position":2,"name":"De iglesia a centro cultural: est\u00e1 naciendo un nuevo espacio para la comunidad"}]},{"@type":"WebSite","@id":"https:\/\/dev.antudigital.cl\/sites\/vc\/#website","url":"https:\/\/dev.antudigital.cl\/sites\/vc\/","name":"Valpara\u00ed\u00adso Creativo","description":"","potentialAction":[{"@type":"SearchAction","target":{"@type":"EntryPoint","urlTemplate":"https:\/\/dev.antudigital.cl\/sites\/vc\/?s={search_term_string}"},"query-input":{"@type":"PropertyValueSpecification","valueRequired":true,"valueName":"search_term_string"}}],"inLanguage":"es"},{"@type":"Person","@id":"https:\/\/dev.antudigital.cl\/sites\/vc\/#\/schema\/person\/81d1dcd51abd542b5dfc00f5f951a0f1","name":"Valparaiso Creativo","url":"https:\/\/dev.antudigital.cl\/sites\/vc\/author\/valparaiso-creativo\/"}]}},"_links":{"self":[{"href":"https:\/\/dev.antudigital.cl\/sites\/vc\/wp-json\/wp\/v2\/posts\/8460","targetHints":{"allow":["GET"]}}],"collection":[{"href":"https:\/\/dev.antudigital.cl\/sites\/vc\/wp-json\/wp\/v2\/posts"}],"about":[{"href":"https:\/\/dev.antudigital.cl\/sites\/vc\/wp-json\/wp\/v2\/types\/post"}],"author":[{"embeddable":true,"href":"https:\/\/dev.antudigital.cl\/sites\/vc\/wp-json\/wp\/v2\/users\/3"}],"replies":[{"embeddable":true,"href":"https:\/\/dev.antudigital.cl\/sites\/vc\/wp-json\/wp\/v2\/comments?post=8460"}],"version-history":[{"count":0,"href":"https:\/\/dev.antudigital.cl\/sites\/vc\/wp-json\/wp\/v2\/posts\/8460\/revisions"}],"wp:featuredmedia":[{"embeddable":true,"href":"https:\/\/dev.antudigital.cl\/sites\/vc\/wp-json\/wp\/v2\/media\/8463"}],"wp:attachment":[{"href":"https:\/\/dev.antudigital.cl\/sites\/vc\/wp-json\/wp\/v2\/media?parent=8460"}],"wp:term":[{"taxonomy":"category","embeddable":true,"href":"https:\/\/dev.antudigital.cl\/sites\/vc\/wp-json\/wp\/v2\/categories?post=8460"},{"taxonomy":"post_tag","embeddable":true,"href":"https:\/\/dev.antudigital.cl\/sites\/vc\/wp-json\/wp\/v2\/tags?post=8460"}],"curies":[{"name":"wp","href":"https:\/\/api.w.org\/{rel}","templated":true}]}}