{"id":8469,"date":"2020-12-04T19:34:23","date_gmt":"2020-12-04T19:34:23","guid":{"rendered":"https:\/\/www.valparaisocreativo.cl\/?p=5569"},"modified":"2020-12-04T19:34:23","modified_gmt":"2020-12-04T19:34:23","slug":"no-te-quedes-fuera-y-se-parte-del-desafio-circular","status":"publish","type":"post","link":"https:\/\/dev.antudigital.cl\/sites\/vc\/no-te-quedes-fuera-y-se-parte-del-desafio-circular\/","title":{"rendered":"No te quedes fuera y se parte del Desaf\u00edo Circular"},"content":{"rendered":"<p><strong>\u00bfQu\u00e9 es el concurso Desaf\u00edo Circular?<\/strong><\/p>\n<p>Es una marat\u00f3n de innovaci\u00f3n digital que busca impulsar el desarrollo de soluciones tecnol\u00f3gicas sustentables para el agro bajo la l\u00f3gica de la agricultura circular, es decir, el desarrollo de nuevos productos o servicios a partir de desechos agr\u00edcolas.<\/p>\n<p><strong>\u00bfC\u00f3mo funciona?<\/strong><\/p>\n<p>Los interesados en participar deben llenar el formulario y postular con una idea basada en el concepto de agricultura circular. Se seleccionar\u00e1n 10 proyectos, los que podr\u00e1n participar en la marat\u00f3n los d\u00edas 7 y 8 de enero de 2021, donde tendr\u00e1n 24 horas para programar una soluci\u00f3n tecnol\u00f3gica, con el apoyo de infraestructura de software de IBM.<\/p>\n<p><strong>\u00bfCu\u00e1les es el premio?<\/strong><\/p>\n<ul>\n<li>$4.000.000 en efectivo.<\/li>\n<li>Asesor\u00eda legal para creaci\u00f3n de empresa.<\/li>\n<li>Aceleraci\u00f3n de 3 meses con IBM y cupo de 120.000 USD en la plataforma IBM Cloud.<\/li>\n<\/ul>\n<p><strong>\u00bfQu\u00e9 tipo de soluciones se buscan?<\/strong><\/p>\n<p>Cualquiera que resuelva un problema del agro con una soluci\u00f3n sustentable y basada en la agricultura circular, por ejemplo:<\/p>\n<p>1.- Reutilizaci\u00f3n de mangas de riego en campos de hortalizas<br \/>\n2.- Descarte de aceites de maquinarias<br \/>\n3.- Reutilizaci\u00f3n de envases pl\u00e1sticos de los pesticidas<br \/>\n4.- Descarte de la poda de los \u00e1rboles frutales \/ forestales<br \/>\n5.- Utilizaci\u00f3n de material de descarte, por ejemplo, c\u00e1scaras de nueces y almendras, cuescos de ciruelas para deshidratar, raquis (racimo) de las uvas de vino, el orujo (piel) de las uvas del vino<br \/>\n6.- Reutilizaci\u00f3n de pallets, cajas y bins.<\/p>\n<p>&nbsp;<\/p>\n<h3><strong><a href=\"http:\/\/www.sna.cl\/wp\/wp-content\/uploads\/2020\/11\/Bases_concurso.pdf\">Descarga ac\u00e1 las bases<\/a><\/strong> y genera tu postulaci\u00f3n en el <strong><a href=\"http:\/\/sna.cl\/wp\/wp-content\/uploads\/2020\/11\/Hackathon\/Agrohackathon.html\">siguiente link<\/a><\/strong>.<\/h3>\n","protected":false},"excerpt":{"rendered":"<p>\u00bfQu\u00e9 es el concurso Desaf\u00edo Circular? Es una marat\u00f3n de innovaci\u00f3n digital que busca impulsar el desarrollo de soluciones tecnol\u00f3gicas sustentables para el agro bajo la l\u00f3gica de la agricultura circular, es decir, el desarrollo de nuevos productos o servicios a partir de desechos agr\u00edcolas. \u00bfC\u00f3mo funciona? Los interesados en participar deben llenar el formulario [&hellip;]<\/p>\n","protected":false},"author":3,"featured_media":8470,"comment_status":"closed","ping_status":"closed","sticky":false,"template":"","format":"standard","meta":{"_acf_changed":false,"footnotes":""},"categories":[8],"tags":[],"class_list":["post-8469","post","type-post","status-publish","format-standard","has-post-thumbnail","hentry","category-noticia"],"acf":[],"yoast_head":"<!-- This site is optimized with the Yoast SEO plugin v27.1.1 - https:\/\/yoast.com\/product\/yoast-seo-wordpress\/ -->\n<title>No te quedes fuera y se parte del Desaf\u00edo Circular - Valpara\u00ed\u00adso Creativo<\/title>\n<meta name=\"robots\" content=\"index, follow, max-snippet:-1, max-image-preview:large, max-video-preview:-1\" \/>\n<link rel=\"canonical\" href=\"https:\/\/dev.antudigital.cl\/sites\/vc\/no-te-quedes-fuera-y-se-parte-del-desafio-circular\/\" \/>\n<meta property=\"og:locale\" content=\"es_ES\" \/>\n<meta property=\"og:type\" content=\"article\" \/>\n<meta property=\"og:title\" content=\"No te quedes fuera y se parte del Desaf\u00edo Circular - Valpara\u00ed\u00adso Creativo\" \/>\n<meta property=\"og:description\" content=\"\u00bfQu\u00e9 es el concurso Desaf\u00edo Circular? Es una marat\u00f3n de innovaci\u00f3n digital que busca impulsar el desarrollo de soluciones tecnol\u00f3gicas sustentables para el agro bajo la l\u00f3gica de la agricultura circular, es decir, el desarrollo de nuevos productos o servicios a partir de desechos agr\u00edcolas. \u00bfC\u00f3mo funciona? Los interesados en participar deben llenar el formulario [&hellip;]\" \/>\n<meta property=\"og:url\" content=\"https:\/\/dev.antudigital.cl\/sites\/vc\/no-te-quedes-fuera-y-se-parte-del-desafio-circular\/\" \/>\n<meta property=\"og:site_name\" content=\"Valpara\u00ed\u00adso Creativo\" \/>\n<meta property=\"article:published_time\" content=\"2020-12-04T19:34:23+00:00\" \/>\n<meta property=\"og:image\" content=\"https:\/\/dev.antudigital.cl\/sites\/vc\/wp-content\/uploads\/2020\/12\/post-twitter.jpg\" \/>\n\t<meta property=\"og:image:width\" content=\"1024\" \/>\n\t<meta property=\"og:image:height\" content=\"512\" \/>\n\t<meta property=\"og:image:type\" content=\"image\/jpeg\" \/>\n<meta name=\"author\" content=\"Valparaiso Creativo\" \/>\n<meta name=\"twitter:card\" content=\"summary_large_image\" \/>\n<meta name=\"twitter:label1\" content=\"Escrito por\" \/>\n\t<meta name=\"twitter:data1\" content=\"Valparaiso Creativo\" \/>\n\t<meta name=\"twitter:label2\" content=\"Tiempo de lectura\" \/>\n\t<meta name=\"twitter:data2\" content=\"1 minuto\" \/>\n<script type=\"application\/ld+json\" class=\"yoast-schema-graph\">{\"@context\":\"https:\/\/schema.org\",\"@graph\":[{\"@type\":\"Article\",\"@id\":\"https:\/\/dev.antudigital.cl\/sites\/vc\/no-te-quedes-fuera-y-se-parte-del-desafio-circular\/#article\",\"isPartOf\":{\"@id\":\"https:\/\/dev.antudigital.cl\/sites\/vc\/no-te-quedes-fuera-y-se-parte-del-desafio-circular\/\"},\"author\":{\"name\":\"Valparaiso Creativo\",\"@id\":\"https:\/\/dev.antudigital.cl\/sites\/vc\/#\/schema\/person\/81d1dcd51abd542b5dfc00f5f951a0f1\"},\"headline\":\"No te quedes fuera y se parte del Desaf\u00edo Circular\",\"datePublished\":\"2020-12-04T19:34:23+00:00\",\"mainEntityOfPage\":{\"@id\":\"https:\/\/dev.antudigital.cl\/sites\/vc\/no-te-quedes-fuera-y-se-parte-del-desafio-circular\/\"},\"wordCount\":275,\"image\":{\"@id\":\"https:\/\/dev.antudigital.cl\/sites\/vc\/no-te-quedes-fuera-y-se-parte-del-desafio-circular\/#primaryimage\"},\"thumbnailUrl\":\"https:\/\/dev.antudigital.cl\/sites\/vc\/wp-content\/uploads\/2020\/12\/post-twitter.jpg\",\"articleSection\":[\"Noticia\"],\"inLanguage\":\"es\"},{\"@type\":\"WebPage\",\"@id\":\"https:\/\/dev.antudigital.cl\/sites\/vc\/no-te-quedes-fuera-y-se-parte-del-desafio-circular\/\",\"url\":\"https:\/\/dev.antudigital.cl\/sites\/vc\/no-te-quedes-fuera-y-se-parte-del-desafio-circular\/\",\"name\":\"No te quedes fuera y se parte del Desaf\u00edo Circular - Valpara\u00ed\u00adso Creativo\",\"isPartOf\":{\"@id\":\"https:\/\/dev.antudigital.cl\/sites\/vc\/#website\"},\"primaryImageOfPage\":{\"@id\":\"https:\/\/dev.antudigital.cl\/sites\/vc\/no-te-quedes-fuera-y-se-parte-del-desafio-circular\/#primaryimage\"},\"image\":{\"@id\":\"https:\/\/dev.antudigital.cl\/sites\/vc\/no-te-quedes-fuera-y-se-parte-del-desafio-circular\/#primaryimage\"},\"thumbnailUrl\":\"https:\/\/dev.antudigital.cl\/sites\/vc\/wp-content\/uploads\/2020\/12\/post-twitter.jpg\",\"datePublished\":\"2020-12-04T19:34:23+00:00\",\"author\":{\"@id\":\"https:\/\/dev.antudigital.cl\/sites\/vc\/#\/schema\/person\/81d1dcd51abd542b5dfc00f5f951a0f1\"},\"breadcrumb\":{\"@id\":\"https:\/\/dev.antudigital.cl\/sites\/vc\/no-te-quedes-fuera-y-se-parte-del-desafio-circular\/#breadcrumb\"},\"inLanguage\":\"es\",\"potentialAction\":[{\"@type\":\"ReadAction\",\"target\":[\"https:\/\/dev.antudigital.cl\/sites\/vc\/no-te-quedes-fuera-y-se-parte-del-desafio-circular\/\"]}]},{\"@type\":\"ImageObject\",\"inLanguage\":\"es\",\"@id\":\"https:\/\/dev.antudigital.cl\/sites\/vc\/no-te-quedes-fuera-y-se-parte-del-desafio-circular\/#primaryimage\",\"url\":\"https:\/\/dev.antudigital.cl\/sites\/vc\/wp-content\/uploads\/2020\/12\/post-twitter.jpg\",\"contentUrl\":\"https:\/\/dev.antudigital.cl\/sites\/vc\/wp-content\/uploads\/2020\/12\/post-twitter.jpg\",\"width\":1024,\"height\":512},{\"@type\":\"BreadcrumbList\",\"@id\":\"https:\/\/dev.antudigital.cl\/sites\/vc\/no-te-quedes-fuera-y-se-parte-del-desafio-circular\/#breadcrumb\",\"itemListElement\":[{\"@type\":\"ListItem\",\"position\":1,\"name\":\"Home\",\"item\":\"https:\/\/dev.antudigital.cl\/sites\/vc\/\"},{\"@type\":\"ListItem\",\"position\":2,\"name\":\"No te quedes fuera y se parte del Desaf\u00edo Circular\"}]},{\"@type\":\"WebSite\",\"@id\":\"https:\/\/dev.antudigital.cl\/sites\/vc\/#website\",\"url\":\"https:\/\/dev.antudigital.cl\/sites\/vc\/\",\"name\":\"Valpara\u00ed\u00adso Creativo\",\"description\":\"\",\"potentialAction\":[{\"@type\":\"SearchAction\",\"target\":{\"@type\":\"EntryPoint\",\"urlTemplate\":\"https:\/\/dev.antudigital.cl\/sites\/vc\/?s={search_term_string}\"},\"query-input\":{\"@type\":\"PropertyValueSpecification\",\"valueRequired\":true,\"valueName\":\"search_term_string\"}}],\"inLanguage\":\"es\"},{\"@type\":\"Person\",\"@id\":\"https:\/\/dev.antudigital.cl\/sites\/vc\/#\/schema\/person\/81d1dcd51abd542b5dfc00f5f951a0f1\",\"name\":\"Valparaiso Creativo\",\"url\":\"https:\/\/dev.antudigital.cl\/sites\/vc\/author\/valparaiso-creativo\/\"}]}<\/script>\n<!-- \/ Yoast SEO plugin. -->","yoast_head_json":{"title":"No te quedes fuera y se parte del Desaf\u00edo Circular - Valpara\u00ed\u00adso Creativo","robots":{"index":"index","follow":"follow","max-snippet":"max-snippet:-1","max-image-preview":"max-image-preview:large","max-video-preview":"max-video-preview:-1"},"canonical":"https:\/\/dev.antudigital.cl\/sites\/vc\/no-te-quedes-fuera-y-se-parte-del-desafio-circular\/","og_locale":"es_ES","og_type":"article","og_title":"No te quedes fuera y se parte del Desaf\u00edo Circular - Valpara\u00ed\u00adso Creativo","og_description":"\u00bfQu\u00e9 es el concurso Desaf\u00edo Circular? Es una marat\u00f3n de innovaci\u00f3n digital que busca impulsar el desarrollo de soluciones tecnol\u00f3gicas sustentables para el agro bajo la l\u00f3gica de la agricultura circular, es decir, el desarrollo de nuevos productos o servicios a partir de desechos agr\u00edcolas. \u00bfC\u00f3mo funciona? Los interesados en participar deben llenar el formulario [&hellip;]","og_url":"https:\/\/dev.antudigital.cl\/sites\/vc\/no-te-quedes-fuera-y-se-parte-del-desafio-circular\/","og_site_name":"Valpara\u00ed\u00adso Creativo","article_published_time":"2020-12-04T19:34:23+00:00","og_image":[{"width":1024,"height":512,"url":"https:\/\/dev.antudigital.cl\/sites\/vc\/wp-content\/uploads\/2020\/12\/post-twitter.jpg","type":"image\/jpeg"}],"author":"Valparaiso Creativo","twitter_card":"summary_large_image","twitter_misc":{"Escrito por":"Valparaiso Creativo","Tiempo de lectura":"1 minuto"},"schema":{"@context":"https:\/\/schema.org","@graph":[{"@type":"Article","@id":"https:\/\/dev.antudigital.cl\/sites\/vc\/no-te-quedes-fuera-y-se-parte-del-desafio-circular\/#article","isPartOf":{"@id":"https:\/\/dev.antudigital.cl\/sites\/vc\/no-te-quedes-fuera-y-se-parte-del-desafio-circular\/"},"author":{"name":"Valparaiso Creativo","@id":"https:\/\/dev.antudigital.cl\/sites\/vc\/#\/schema\/person\/81d1dcd51abd542b5dfc00f5f951a0f1"},"headline":"No te quedes fuera y se parte del Desaf\u00edo Circular","datePublished":"2020-12-04T19:34:23+00:00","mainEntityOfPage":{"@id":"https:\/\/dev.antudigital.cl\/sites\/vc\/no-te-quedes-fuera-y-se-parte-del-desafio-circular\/"},"wordCount":275,"image":{"@id":"https:\/\/dev.antudigital.cl\/sites\/vc\/no-te-quedes-fuera-y-se-parte-del-desafio-circular\/#primaryimage"},"thumbnailUrl":"https:\/\/dev.antudigital.cl\/sites\/vc\/wp-content\/uploads\/2020\/12\/post-twitter.jpg","articleSection":["Noticia"],"inLanguage":"es"},{"@type":"WebPage","@id":"https:\/\/dev.antudigital.cl\/sites\/vc\/no-te-quedes-fuera-y-se-parte-del-desafio-circular\/","url":"https:\/\/dev.antudigital.cl\/sites\/vc\/no-te-quedes-fuera-y-se-parte-del-desafio-circular\/","name":"No te quedes fuera y se parte del Desaf\u00edo Circular - Valpara\u00ed\u00adso Creativo","isPartOf":{"@id":"https:\/\/dev.antudigital.cl\/sites\/vc\/#website"},"primaryImageOfPage":{"@id":"https:\/\/dev.antudigital.cl\/sites\/vc\/no-te-quedes-fuera-y-se-parte-del-desafio-circular\/#primaryimage"},"image":{"@id":"https:\/\/dev.antudigital.cl\/sites\/vc\/no-te-quedes-fuera-y-se-parte-del-desafio-circular\/#primaryimage"},"thumbnailUrl":"https:\/\/dev.antudigital.cl\/sites\/vc\/wp-content\/uploads\/2020\/12\/post-twitter.jpg","datePublished":"2020-12-04T19:34:23+00:00","author":{"@id":"https:\/\/dev.antudigital.cl\/sites\/vc\/#\/schema\/person\/81d1dcd51abd542b5dfc00f5f951a0f1"},"breadcrumb":{"@id":"https:\/\/dev.antudigital.cl\/sites\/vc\/no-te-quedes-fuera-y-se-parte-del-desafio-circular\/#breadcrumb"},"inLanguage":"es","potentialAction":[{"@type":"ReadAction","target":["https:\/\/dev.antudigital.cl\/sites\/vc\/no-te-quedes-fuera-y-se-parte-del-desafio-circular\/"]}]},{"@type":"ImageObject","inLanguage":"es","@id":"https:\/\/dev.antudigital.cl\/sites\/vc\/no-te-quedes-fuera-y-se-parte-del-desafio-circular\/#primaryimage","url":"https:\/\/dev.antudigital.cl\/sites\/vc\/wp-content\/uploads\/2020\/12\/post-twitter.jpg","contentUrl":"https:\/\/dev.antudigital.cl\/sites\/vc\/wp-content\/uploads\/2020\/12\/post-twitter.jpg","width":1024,"height":512},{"@type":"BreadcrumbList","@id":"https:\/\/dev.antudigital.cl\/sites\/vc\/no-te-quedes-fuera-y-se-parte-del-desafio-circular\/#breadcrumb","itemListElement":[{"@type":"ListItem","position":1,"name":"Home","item":"https:\/\/dev.antudigital.cl\/sites\/vc\/"},{"@type":"ListItem","position":2,"name":"No te quedes fuera y se parte del Desaf\u00edo Circular"}]},{"@type":"WebSite","@id":"https:\/\/dev.antudigital.cl\/sites\/vc\/#website","url":"https:\/\/dev.antudigital.cl\/sites\/vc\/","name":"Valpara\u00ed\u00adso Creativo","description":"","potentialAction":[{"@type":"SearchAction","target":{"@type":"EntryPoint","urlTemplate":"https:\/\/dev.antudigital.cl\/sites\/vc\/?s={search_term_string}"},"query-input":{"@type":"PropertyValueSpecification","valueRequired":true,"valueName":"search_term_string"}}],"inLanguage":"es"},{"@type":"Person","@id":"https:\/\/dev.antudigital.cl\/sites\/vc\/#\/schema\/person\/81d1dcd51abd542b5dfc00f5f951a0f1","name":"Valparaiso Creativo","url":"https:\/\/dev.antudigital.cl\/sites\/vc\/author\/valparaiso-creativo\/"}]}},"_links":{"self":[{"href":"https:\/\/dev.antudigital.cl\/sites\/vc\/wp-json\/wp\/v2\/posts\/8469","targetHints":{"allow":["GET"]}}],"collection":[{"href":"https:\/\/dev.antudigital.cl\/sites\/vc\/wp-json\/wp\/v2\/posts"}],"about":[{"href":"https:\/\/dev.antudigital.cl\/sites\/vc\/wp-json\/wp\/v2\/types\/post"}],"author":[{"embeddable":true,"href":"https:\/\/dev.antudigital.cl\/sites\/vc\/wp-json\/wp\/v2\/users\/3"}],"replies":[{"embeddable":true,"href":"https:\/\/dev.antudigital.cl\/sites\/vc\/wp-json\/wp\/v2\/comments?post=8469"}],"version-history":[{"count":0,"href":"https:\/\/dev.antudigital.cl\/sites\/vc\/wp-json\/wp\/v2\/posts\/8469\/revisions"}],"wp:featuredmedia":[{"embeddable":true,"href":"https:\/\/dev.antudigital.cl\/sites\/vc\/wp-json\/wp\/v2\/media\/8470"}],"wp:attachment":[{"href":"https:\/\/dev.antudigital.cl\/sites\/vc\/wp-json\/wp\/v2\/media?parent=8469"}],"wp:term":[{"taxonomy":"category","embeddable":true,"href":"https:\/\/dev.antudigital.cl\/sites\/vc\/wp-json\/wp\/v2\/categories?post=8469"},{"taxonomy":"post_tag","embeddable":true,"href":"https:\/\/dev.antudigital.cl\/sites\/vc\/wp-json\/wp\/v2\/tags?post=8469"}],"curies":[{"name":"wp","href":"https:\/\/api.w.org\/{rel}","templated":true}]}}