{"id":8471,"date":"2020-12-04T19:24:23","date_gmt":"2020-12-04T19:24:23","guid":{"rendered":"https:\/\/www.valparaisocreativo.cl\/?p=5566"},"modified":"2020-12-04T19:24:23","modified_gmt":"2020-12-04T19:24:23","slug":"region-de-los-rios-llega-a-la-iv-feria-internacional-del-libro-de-valparaiso","status":"publish","type":"post","link":"https:\/\/dev.antudigital.cl\/sites\/vc\/region-de-los-rios-llega-a-la-iv-feria-internacional-del-libro-de-valparaiso\/","title":{"rendered":"Regi\u00f3n de Los R\u00edos llega a la IV Feria Internacional del Libro de Valpara\u00edso"},"content":{"rendered":"<p><em><b>Este 11, 12 y 13 de diciembre de 2020 se realizar\u00e1 en la ciudad puerto la cuarta edici\u00f3n de este evento cultural literario, cuyas actividades son gratuitas y abiertas a todo p\u00fablico desde <\/b><a href=\"http:\/\/www.filva.cl\"><b>WWW.FILVA.CL<\/b><\/a><b>, las plataformas de Facebook Feria internacional del libro de Valpara\u00edso, Observatorio del libro de Valpara\u00edso, Valpara\u00edso ciudad lectora, cultural y universitaria, adem\u00e1s de las transmisiones en directo en el canal Youtube Observatorio del libro Valpara\u00edso. Este a\u00f1o se sellar\u00e1 una alianza interregional, que seguir\u00e1 en ejercicio poesterior a la IV FILVA, y a la que se ir\u00e1n sumando otras regiones de Chile, como un ejercicio de descentralizaci\u00f3n y cooperatividad territorial.\u00a0 Diamela Eltit, Yanko Gonz\u00e1lez, Rosabetty Mu\u00f1oz, Ver\u00f3nica Zondek, Jorge Polanco y Antonia Torres<\/b><b>, <\/b><b>ser\u00e1n algunas y algunos de las y los protagonistas de estas jornadas.\u00a0<\/b><\/em><\/p>\n<p>&nbsp;<\/p>\n<p><span style=\"font-weight: 400;\">Durante los d\u00edas viernes 11, s\u00e1bado 12 y domingo 13 de diciembre de 2020 se realizar\u00e1 en Valpara\u00edso, en formato virtual, la IV Feria Internacional del Libro de Valpara\u00edso\u00a0(FILVA), que tendr\u00e1 como regi\u00f3n invitada a Los R\u00edos.<\/span><\/p>\n<p><span style=\"font-weight: 400;\">\u201cComo Seremi de las Culturas estamos apoyando nuevamente a FILVA que se ha consolidado como uno de los encuentros editoriales m\u00e1s importantes que se realizan en Valpara\u00edso. Este apoyo lo realizamos en el marco del Plan Regional de la Lectura y por la relevancia que tienen estas instancias en el desarrollo de las industrias creativas, que estamos convencidos se deben impulsar con mucha fuerza en Valpara\u00edso, ciudad por esencia creativa y de tradici\u00f3n literaria. Quiero destacar tambi\u00e9n que este a\u00f1o se realice de manera virtual y con la presencia del mundo literario de la Regi\u00f3n de Los R\u00edos, que sin duda despertar\u00e1 un inter\u00e9s y un positivo intercambio de experiencias entre ambas regiones\u201d<\/span><span style=\"font-weight: 400;\">, se\u00f1ala <\/span><span style=\"font-weight: 400;\">Constance Harvey, seremi de las Culturas, las Artes y el Patrimonio<\/span><\/p>\n<p><span style=\"font-weight: 400;\">El encuentro contar\u00e1 con la participaci\u00f3n de editoriales chilenas y extranjeras, quienes vender\u00e1n y despachar\u00e1n a domicilio su cat\u00e1logo editorial por medio de un trabajo conjunto con la Distribuidora La Komuna, quienes tendr\u00e1n un enlace directo a su marketplace desde la WEB WWW.FILVA.CL. Adem\u00e1s, para todos quienes aman los libros habr\u00e1 coloquios, charlas, presentaciones de libros, actividades infantiles y cuentacuentos para todas las edades.\u00a0<\/span><\/p>\n<p><span style=\"font-weight: 400;\">\u201cQueremos consolidar el aporte de FILVA en la descentralizaci\u00f3n de eventos culturales de calidad, desde las buenas pr\u00e1cticas culturales, cooperaci\u00f3n interregional, empleabilidad desde las industrias creativas, internacionalizaci\u00f3n, generaci\u00f3n de turismo cultural e igualdad de oportunidades culturales en la regi\u00f3n para las y los diversos actores culturales de la cadena del libro, con un enfoque de g\u00e9nero e inclusivo\u201d, se\u00f1al\u00f3 Gladys Gonz\u00e1lez, directora de la feria, respecto a los objetivos de esta cita, que se realiza gracias al patrocinio del Plan Regional de Fomento de la Lectura de la <\/span><b>Secretaria Regional Ministerial de Valpara\u00edso, del Ministerio de las culturas, las artes y el patrimonio, <\/b><span style=\"font-weight: 400;\">Valpara\u00edso Creativo, <\/span><span style=\"font-weight: 400;\">Observatorio del libro de Valpara\u00edso, Observatorio Redfem, <\/span><span style=\"font-weight: 400;\">con el apoyo de Bibliometro Valpara\u00edso, <\/span><span style=\"font-weight: 400;\">la Ilustre Municipalidad de Valpara\u00edso y en colaboraci\u00f3n del Plan regional de lectura de la Regi\u00f3n de Los R\u00edos.\u00a0<\/span><\/p>\n<p>&nbsp;<\/p>\n<p><b>LOS R\u00cdOS, REGI\u00d3N INVITADA<\/b><\/p>\n<p><span style=\"font-weight: 400;\">Entre los invitados de la Regi\u00f3n de Los R\u00edos se encuentran Marian Lutzky, Isabel Guerrero, M\u00f3nica Munizaga, Karen Coronado, Pedro Llera, Roberto Matamala, Rosabetty Mu\u00f1oz, Ver\u00f3nica Zondek, Yanko Gonz\u00e1lez, Jorge Polanco, <\/span><span style=\"font-weight: 400;\">Antonia Torres, Sandra Leiva, <\/span><span style=\"font-weight: 400;\">Debbie Guerra y Bernarda Aucapan<\/span><span style=\"font-weight: 400;\">, <\/span><span style=\"font-weight: 400;\">entre otras y otros relevantes agentes culturales, quienes realizar\u00e1n presentaciones de sus obras m\u00e1s recientes, as\u00ed como espacios de conversaci\u00f3n e intercambio sobre la escena cultural de Los R\u00edos, a fin de generar cruces con la de Valpara\u00edso. <\/span><span style=\"font-weight: 400;\">Adem\u00e1s la Librer\u00eda Gato Caulle, situada en Valdivia, har\u00e1 un homenaje a la poeta y actriz <\/span><span style=\"font-weight: 400;\">Maha Vial, fallecida recientemente. <\/span><span style=\"font-weight: 400;\">\u00a0\u00a0<\/span><\/p>\n<p>&nbsp;<\/p>\n<p><b>FILVA\u00a0<\/b><span style=\"font-weight: 400;\">es producto de doce a\u00f1os de trabajo, mediante el cual el Plan Regional de Fomento de la Lectura ha sido fundamental para construir un evento internacional que cada a\u00f1o va cobrando mayor realce e importancia, transform\u00e1ndose en una feria imperdible en la calendarizaci\u00f3n de fin de a\u00f1o para las editoriales tanto de la regi\u00f3n, como a nivel nacional e internacional.<\/span><\/p>\n<p>&nbsp;<\/p>\n<p><span style=\"font-weight: 400;\">M\u00e1s informaci\u00f3n sobre la programaci\u00f3n diaria en las redes sociales:<\/span><\/p>\n<p><a href=\"http:\/\/www.filva.cl\"><span style=\"font-weight: 400;\">www.filva.cl<\/span><\/a><\/p>\n<p><a href=\"http:\/\/www.observatoriolibrovalparaiso.cl\"><span style=\"font-weight: 400;\">www.observatoriolibrovalparaiso.cl<\/span><\/a><\/p>\n","protected":false},"excerpt":{"rendered":"<p>Este 11, 12 y 13 de diciembre de 2020 se realizar\u00e1 en la ciudad puerto la cuarta edici\u00f3n de este evento cultural literario, cuyas actividades son gratuitas y abiertas a todo p\u00fablico desde WWW.FILVA.CL, las plataformas de Facebook Feria internacional del libro de Valpara\u00edso, Observatorio del libro de Valpara\u00edso, Valpara\u00edso ciudad lectora, cultural y universitaria, [&hellip;]<\/p>\n","protected":false},"author":3,"featured_media":8472,"comment_status":"closed","ping_status":"closed","sticky":false,"template":"","format":"standard","meta":{"_acf_changed":false,"footnotes":""},"categories":[8],"tags":[],"class_list":["post-8471","post","type-post","status-publish","format-standard","has-post-thumbnail","hentry","category-noticia"],"acf":[],"yoast_head":"<!-- This site is optimized with the Yoast SEO plugin v27.1.1 - https:\/\/yoast.com\/product\/yoast-seo-wordpress\/ -->\n<title>Regi\u00f3n de Los R\u00edos llega a la IV Feria Internacional del Libro de Valpara\u00edso - Valpara\u00ed\u00adso Creativo<\/title>\n<meta name=\"robots\" content=\"index, follow, max-snippet:-1, max-image-preview:large, max-video-preview:-1\" \/>\n<link rel=\"canonical\" href=\"https:\/\/dev.antudigital.cl\/sites\/vc\/region-de-los-rios-llega-a-la-iv-feria-internacional-del-libro-de-valparaiso\/\" \/>\n<meta property=\"og:locale\" content=\"es_ES\" \/>\n<meta property=\"og:type\" content=\"article\" \/>\n<meta property=\"og:title\" content=\"Regi\u00f3n de Los R\u00edos llega a la IV Feria Internacional del Libro de Valpara\u00edso - Valpara\u00ed\u00adso Creativo\" \/>\n<meta property=\"og:description\" content=\"Este 11, 12 y 13 de diciembre de 2020 se realizar\u00e1 en la ciudad puerto la cuarta edici\u00f3n de este evento cultural literario, cuyas actividades son gratuitas y abiertas a todo p\u00fablico desde WWW.FILVA.CL, las plataformas de Facebook Feria internacional del libro de Valpara\u00edso, Observatorio del libro de Valpara\u00edso, Valpara\u00edso ciudad lectora, cultural y universitaria, [&hellip;]\" \/>\n<meta property=\"og:url\" content=\"https:\/\/dev.antudigital.cl\/sites\/vc\/region-de-los-rios-llega-a-la-iv-feria-internacional-del-libro-de-valparaiso\/\" \/>\n<meta property=\"og:site_name\" content=\"Valpara\u00ed\u00adso Creativo\" \/>\n<meta property=\"article:published_time\" content=\"2020-12-04T19:24:23+00:00\" \/>\n<meta property=\"og:image\" content=\"https:\/\/dev.antudigital.cl\/sites\/vc\/wp-content\/uploads\/2020\/12\/filva20_afiche_color_3_finabsdvfa.png\" \/>\n\t<meta property=\"og:image:width\" content=\"1250\" \/>\n\t<meta property=\"og:image:height\" content=\"476\" \/>\n\t<meta property=\"og:image:type\" content=\"image\/png\" \/>\n<meta name=\"author\" content=\"Valparaiso Creativo\" \/>\n<meta name=\"twitter:card\" content=\"summary_large_image\" \/>\n<meta name=\"twitter:label1\" content=\"Escrito por\" \/>\n\t<meta name=\"twitter:data1\" content=\"Valparaiso Creativo\" \/>\n\t<meta name=\"twitter:label2\" content=\"Tiempo de lectura\" \/>\n\t<meta name=\"twitter:data2\" content=\"4 minutos\" \/>\n<script type=\"application\/ld+json\" class=\"yoast-schema-graph\">{\"@context\":\"https:\/\/schema.org\",\"@graph\":[{\"@type\":\"Article\",\"@id\":\"https:\/\/dev.antudigital.cl\/sites\/vc\/region-de-los-rios-llega-a-la-iv-feria-internacional-del-libro-de-valparaiso\/#article\",\"isPartOf\":{\"@id\":\"https:\/\/dev.antudigital.cl\/sites\/vc\/region-de-los-rios-llega-a-la-iv-feria-internacional-del-libro-de-valparaiso\/\"},\"author\":{\"name\":\"Valparaiso Creativo\",\"@id\":\"https:\/\/dev.antudigital.cl\/sites\/vc\/#\/schema\/person\/81d1dcd51abd542b5dfc00f5f951a0f1\"},\"headline\":\"Regi\u00f3n de Los R\u00edos llega a la IV Feria Internacional del Libro de Valpara\u00edso\",\"datePublished\":\"2020-12-04T19:24:23+00:00\",\"mainEntityOfPage\":{\"@id\":\"https:\/\/dev.antudigital.cl\/sites\/vc\/region-de-los-rios-llega-a-la-iv-feria-internacional-del-libro-de-valparaiso\/\"},\"wordCount\":766,\"image\":{\"@id\":\"https:\/\/dev.antudigital.cl\/sites\/vc\/region-de-los-rios-llega-a-la-iv-feria-internacional-del-libro-de-valparaiso\/#primaryimage\"},\"thumbnailUrl\":\"https:\/\/dev.antudigital.cl\/sites\/vc\/wp-content\/uploads\/2020\/12\/filva20_afiche_color_3_finabsdvfa.png\",\"articleSection\":[\"Noticia\"],\"inLanguage\":\"es\"},{\"@type\":\"WebPage\",\"@id\":\"https:\/\/dev.antudigital.cl\/sites\/vc\/region-de-los-rios-llega-a-la-iv-feria-internacional-del-libro-de-valparaiso\/\",\"url\":\"https:\/\/dev.antudigital.cl\/sites\/vc\/region-de-los-rios-llega-a-la-iv-feria-internacional-del-libro-de-valparaiso\/\",\"name\":\"Regi\u00f3n de Los R\u00edos llega a la IV Feria Internacional del Libro de Valpara\u00edso - Valpara\u00ed\u00adso Creativo\",\"isPartOf\":{\"@id\":\"https:\/\/dev.antudigital.cl\/sites\/vc\/#website\"},\"primaryImageOfPage\":{\"@id\":\"https:\/\/dev.antudigital.cl\/sites\/vc\/region-de-los-rios-llega-a-la-iv-feria-internacional-del-libro-de-valparaiso\/#primaryimage\"},\"image\":{\"@id\":\"https:\/\/dev.antudigital.cl\/sites\/vc\/region-de-los-rios-llega-a-la-iv-feria-internacional-del-libro-de-valparaiso\/#primaryimage\"},\"thumbnailUrl\":\"https:\/\/dev.antudigital.cl\/sites\/vc\/wp-content\/uploads\/2020\/12\/filva20_afiche_color_3_finabsdvfa.png\",\"datePublished\":\"2020-12-04T19:24:23+00:00\",\"author\":{\"@id\":\"https:\/\/dev.antudigital.cl\/sites\/vc\/#\/schema\/person\/81d1dcd51abd542b5dfc00f5f951a0f1\"},\"breadcrumb\":{\"@id\":\"https:\/\/dev.antudigital.cl\/sites\/vc\/region-de-los-rios-llega-a-la-iv-feria-internacional-del-libro-de-valparaiso\/#breadcrumb\"},\"inLanguage\":\"es\",\"potentialAction\":[{\"@type\":\"ReadAction\",\"target\":[\"https:\/\/dev.antudigital.cl\/sites\/vc\/region-de-los-rios-llega-a-la-iv-feria-internacional-del-libro-de-valparaiso\/\"]}]},{\"@type\":\"ImageObject\",\"inLanguage\":\"es\",\"@id\":\"https:\/\/dev.antudigital.cl\/sites\/vc\/region-de-los-rios-llega-a-la-iv-feria-internacional-del-libro-de-valparaiso\/#primaryimage\",\"url\":\"https:\/\/dev.antudigital.cl\/sites\/vc\/wp-content\/uploads\/2020\/12\/filva20_afiche_color_3_finabsdvfa.png\",\"contentUrl\":\"https:\/\/dev.antudigital.cl\/sites\/vc\/wp-content\/uploads\/2020\/12\/filva20_afiche_color_3_finabsdvfa.png\",\"width\":1250,\"height\":476},{\"@type\":\"BreadcrumbList\",\"@id\":\"https:\/\/dev.antudigital.cl\/sites\/vc\/region-de-los-rios-llega-a-la-iv-feria-internacional-del-libro-de-valparaiso\/#breadcrumb\",\"itemListElement\":[{\"@type\":\"ListItem\",\"position\":1,\"name\":\"Home\",\"item\":\"https:\/\/dev.antudigital.cl\/sites\/vc\/\"},{\"@type\":\"ListItem\",\"position\":2,\"name\":\"Regi\u00f3n de Los R\u00edos llega a la IV Feria Internacional del Libro de Valpara\u00edso\"}]},{\"@type\":\"WebSite\",\"@id\":\"https:\/\/dev.antudigital.cl\/sites\/vc\/#website\",\"url\":\"https:\/\/dev.antudigital.cl\/sites\/vc\/\",\"name\":\"Valpara\u00ed\u00adso Creativo\",\"description\":\"\",\"potentialAction\":[{\"@type\":\"SearchAction\",\"target\":{\"@type\":\"EntryPoint\",\"urlTemplate\":\"https:\/\/dev.antudigital.cl\/sites\/vc\/?s={search_term_string}\"},\"query-input\":{\"@type\":\"PropertyValueSpecification\",\"valueRequired\":true,\"valueName\":\"search_term_string\"}}],\"inLanguage\":\"es\"},{\"@type\":\"Person\",\"@id\":\"https:\/\/dev.antudigital.cl\/sites\/vc\/#\/schema\/person\/81d1dcd51abd542b5dfc00f5f951a0f1\",\"name\":\"Valparaiso Creativo\",\"url\":\"https:\/\/dev.antudigital.cl\/sites\/vc\/author\/valparaiso-creativo\/\"}]}<\/script>\n<!-- \/ Yoast SEO plugin. -->","yoast_head_json":{"title":"Regi\u00f3n de Los R\u00edos llega a la IV Feria Internacional del Libro de Valpara\u00edso - Valpara\u00ed\u00adso Creativo","robots":{"index":"index","follow":"follow","max-snippet":"max-snippet:-1","max-image-preview":"max-image-preview:large","max-video-preview":"max-video-preview:-1"},"canonical":"https:\/\/dev.antudigital.cl\/sites\/vc\/region-de-los-rios-llega-a-la-iv-feria-internacional-del-libro-de-valparaiso\/","og_locale":"es_ES","og_type":"article","og_title":"Regi\u00f3n de Los R\u00edos llega a la IV Feria Internacional del Libro de Valpara\u00edso - Valpara\u00ed\u00adso Creativo","og_description":"Este 11, 12 y 13 de diciembre de 2020 se realizar\u00e1 en la ciudad puerto la cuarta edici\u00f3n de este evento cultural literario, cuyas actividades son gratuitas y abiertas a todo p\u00fablico desde WWW.FILVA.CL, las plataformas de Facebook Feria internacional del libro de Valpara\u00edso, Observatorio del libro de Valpara\u00edso, Valpara\u00edso ciudad lectora, cultural y universitaria, [&hellip;]","og_url":"https:\/\/dev.antudigital.cl\/sites\/vc\/region-de-los-rios-llega-a-la-iv-feria-internacional-del-libro-de-valparaiso\/","og_site_name":"Valpara\u00ed\u00adso Creativo","article_published_time":"2020-12-04T19:24:23+00:00","og_image":[{"width":1250,"height":476,"url":"https:\/\/dev.antudigital.cl\/sites\/vc\/wp-content\/uploads\/2020\/12\/filva20_afiche_color_3_finabsdvfa.png","type":"image\/png"}],"author":"Valparaiso Creativo","twitter_card":"summary_large_image","twitter_misc":{"Escrito por":"Valparaiso Creativo","Tiempo de lectura":"4 minutos"},"schema":{"@context":"https:\/\/schema.org","@graph":[{"@type":"Article","@id":"https:\/\/dev.antudigital.cl\/sites\/vc\/region-de-los-rios-llega-a-la-iv-feria-internacional-del-libro-de-valparaiso\/#article","isPartOf":{"@id":"https:\/\/dev.antudigital.cl\/sites\/vc\/region-de-los-rios-llega-a-la-iv-feria-internacional-del-libro-de-valparaiso\/"},"author":{"name":"Valparaiso Creativo","@id":"https:\/\/dev.antudigital.cl\/sites\/vc\/#\/schema\/person\/81d1dcd51abd542b5dfc00f5f951a0f1"},"headline":"Regi\u00f3n de Los R\u00edos llega a la IV Feria Internacional del Libro de Valpara\u00edso","datePublished":"2020-12-04T19:24:23+00:00","mainEntityOfPage":{"@id":"https:\/\/dev.antudigital.cl\/sites\/vc\/region-de-los-rios-llega-a-la-iv-feria-internacional-del-libro-de-valparaiso\/"},"wordCount":766,"image":{"@id":"https:\/\/dev.antudigital.cl\/sites\/vc\/region-de-los-rios-llega-a-la-iv-feria-internacional-del-libro-de-valparaiso\/#primaryimage"},"thumbnailUrl":"https:\/\/dev.antudigital.cl\/sites\/vc\/wp-content\/uploads\/2020\/12\/filva20_afiche_color_3_finabsdvfa.png","articleSection":["Noticia"],"inLanguage":"es"},{"@type":"WebPage","@id":"https:\/\/dev.antudigital.cl\/sites\/vc\/region-de-los-rios-llega-a-la-iv-feria-internacional-del-libro-de-valparaiso\/","url":"https:\/\/dev.antudigital.cl\/sites\/vc\/region-de-los-rios-llega-a-la-iv-feria-internacional-del-libro-de-valparaiso\/","name":"Regi\u00f3n de Los R\u00edos llega a la IV Feria Internacional del Libro de Valpara\u00edso - Valpara\u00ed\u00adso Creativo","isPartOf":{"@id":"https:\/\/dev.antudigital.cl\/sites\/vc\/#website"},"primaryImageOfPage":{"@id":"https:\/\/dev.antudigital.cl\/sites\/vc\/region-de-los-rios-llega-a-la-iv-feria-internacional-del-libro-de-valparaiso\/#primaryimage"},"image":{"@id":"https:\/\/dev.antudigital.cl\/sites\/vc\/region-de-los-rios-llega-a-la-iv-feria-internacional-del-libro-de-valparaiso\/#primaryimage"},"thumbnailUrl":"https:\/\/dev.antudigital.cl\/sites\/vc\/wp-content\/uploads\/2020\/12\/filva20_afiche_color_3_finabsdvfa.png","datePublished":"2020-12-04T19:24:23+00:00","author":{"@id":"https:\/\/dev.antudigital.cl\/sites\/vc\/#\/schema\/person\/81d1dcd51abd542b5dfc00f5f951a0f1"},"breadcrumb":{"@id":"https:\/\/dev.antudigital.cl\/sites\/vc\/region-de-los-rios-llega-a-la-iv-feria-internacional-del-libro-de-valparaiso\/#breadcrumb"},"inLanguage":"es","potentialAction":[{"@type":"ReadAction","target":["https:\/\/dev.antudigital.cl\/sites\/vc\/region-de-los-rios-llega-a-la-iv-feria-internacional-del-libro-de-valparaiso\/"]}]},{"@type":"ImageObject","inLanguage":"es","@id":"https:\/\/dev.antudigital.cl\/sites\/vc\/region-de-los-rios-llega-a-la-iv-feria-internacional-del-libro-de-valparaiso\/#primaryimage","url":"https:\/\/dev.antudigital.cl\/sites\/vc\/wp-content\/uploads\/2020\/12\/filva20_afiche_color_3_finabsdvfa.png","contentUrl":"https:\/\/dev.antudigital.cl\/sites\/vc\/wp-content\/uploads\/2020\/12\/filva20_afiche_color_3_finabsdvfa.png","width":1250,"height":476},{"@type":"BreadcrumbList","@id":"https:\/\/dev.antudigital.cl\/sites\/vc\/region-de-los-rios-llega-a-la-iv-feria-internacional-del-libro-de-valparaiso\/#breadcrumb","itemListElement":[{"@type":"ListItem","position":1,"name":"Home","item":"https:\/\/dev.antudigital.cl\/sites\/vc\/"},{"@type":"ListItem","position":2,"name":"Regi\u00f3n de Los R\u00edos llega a la IV Feria Internacional del Libro de Valpara\u00edso"}]},{"@type":"WebSite","@id":"https:\/\/dev.antudigital.cl\/sites\/vc\/#website","url":"https:\/\/dev.antudigital.cl\/sites\/vc\/","name":"Valpara\u00ed\u00adso Creativo","description":"","potentialAction":[{"@type":"SearchAction","target":{"@type":"EntryPoint","urlTemplate":"https:\/\/dev.antudigital.cl\/sites\/vc\/?s={search_term_string}"},"query-input":{"@type":"PropertyValueSpecification","valueRequired":true,"valueName":"search_term_string"}}],"inLanguage":"es"},{"@type":"Person","@id":"https:\/\/dev.antudigital.cl\/sites\/vc\/#\/schema\/person\/81d1dcd51abd542b5dfc00f5f951a0f1","name":"Valparaiso Creativo","url":"https:\/\/dev.antudigital.cl\/sites\/vc\/author\/valparaiso-creativo\/"}]}},"_links":{"self":[{"href":"https:\/\/dev.antudigital.cl\/sites\/vc\/wp-json\/wp\/v2\/posts\/8471","targetHints":{"allow":["GET"]}}],"collection":[{"href":"https:\/\/dev.antudigital.cl\/sites\/vc\/wp-json\/wp\/v2\/posts"}],"about":[{"href":"https:\/\/dev.antudigital.cl\/sites\/vc\/wp-json\/wp\/v2\/types\/post"}],"author":[{"embeddable":true,"href":"https:\/\/dev.antudigital.cl\/sites\/vc\/wp-json\/wp\/v2\/users\/3"}],"replies":[{"embeddable":true,"href":"https:\/\/dev.antudigital.cl\/sites\/vc\/wp-json\/wp\/v2\/comments?post=8471"}],"version-history":[{"count":0,"href":"https:\/\/dev.antudigital.cl\/sites\/vc\/wp-json\/wp\/v2\/posts\/8471\/revisions"}],"wp:featuredmedia":[{"embeddable":true,"href":"https:\/\/dev.antudigital.cl\/sites\/vc\/wp-json\/wp\/v2\/media\/8472"}],"wp:attachment":[{"href":"https:\/\/dev.antudigital.cl\/sites\/vc\/wp-json\/wp\/v2\/media?parent=8471"}],"wp:term":[{"taxonomy":"category","embeddable":true,"href":"https:\/\/dev.antudigital.cl\/sites\/vc\/wp-json\/wp\/v2\/categories?post=8471"},{"taxonomy":"post_tag","embeddable":true,"href":"https:\/\/dev.antudigital.cl\/sites\/vc\/wp-json\/wp\/v2\/tags?post=8471"}],"curies":[{"name":"wp","href":"https:\/\/api.w.org\/{rel}","templated":true}]}}