{"id":8473,"date":"2020-12-04T19:13:05","date_gmt":"2020-12-04T19:13:05","guid":{"rendered":"https:\/\/www.valparaisocreativo.cl\/?p=5563"},"modified":"2020-12-04T19:13:05","modified_gmt":"2020-12-04T19:13:05","slug":"programa-emprende-escena-abre-convocatoria-para-artistas-gestores-y-creadores-de-todo-el-pais","status":"publish","type":"post","link":"https:\/\/dev.antudigital.cl\/sites\/vc\/programa-emprende-escena-abre-convocatoria-para-artistas-gestores-y-creadores-de-todo-el-pais\/","title":{"rendered":"Programa Emprende Escena abre convocatoria para artistas, gestores y creadores de todo el pa\u00eds"},"content":{"rendered":"<p>&nbsp;<\/p>\n<ul>\n<li style=\"font-weight: 400;\"><i><span style=\"font-weight: 400;\">La iniciativa est\u00e1 dirigida a trabajadores de las Artes Esc\u00e9nicas en general, que tengan un proyecto en ejecuci\u00f3n o se encuentren ad portas de emprender.<\/span><\/i><\/li>\n<\/ul>\n<ul>\n<li style=\"font-weight: 400;\"><span style=\"font-weight: 400;\">Los postulantes podr\u00e1n inscribirse desde cualquier regi\u00f3n del pa\u00eds hasta el 26 de diciembre a trav\u00e9s de la p\u00e1gina web.<\/span><\/li>\n<\/ul>\n<p>&nbsp;<\/p>\n<p>&nbsp;<\/p>\n<p><span style=\"font-weight: 400;\">Hasta el pr\u00f3ximo 26 de diciembre se mantendr\u00e1 abierta la convocatoria para participar del programa de formaci\u00f3n gratuito <\/span><b>Emprende Escena<\/b><span style=\"font-weight: 400;\">, programa de modalidad virtual que busca potenciar la formaci\u00f3n de agentes culturales de las Artes Esc\u00e9nicas a nivel nacional, con el objetivo de contribuir a la profesionalizaci\u00f3n del sector.<\/span><\/p>\n<p><b>El proyecto, que cuenta con el co-financiamiento de Corfo y el apoyo de m\u00e1s de 15 organizaciones colaboradoras del ecosistema cultural<\/b><span style=\"font-weight: 400;\">, ofrecer\u00e1 durante los meses de verano diferentes m\u00f3dulos de formaci\u00f3n a cargo de m\u00faltiples profesionales de la cultura de Chile y el extranjero. De este modo, las y los participantes culminar\u00e1n el proceso habiendo atravesado una serie de diez cursos abiertos y dos sesiones personalizadas que les permitir\u00e1n robustecer sus procesos con herramientas de gesti\u00f3n e innovaci\u00f3n para el \u00e1mbito cultural.<\/span><\/p>\n<p><span style=\"font-weight: 400;\">Entre los protagonistas de la etapa formativa, participar\u00e1n como relatores <\/span><b>Freddy Araya<\/b><span style=\"font-weight: 400;\"> (actor, gestor y director de Teatro del Puente); <\/span><b>Kika Vald\u00e9s<\/b><span style=\"font-weight: 400;\"> (Corporaci\u00f3n Cultural Tramados); <\/span><b>Alejandra Rojas<\/b><span style=\"font-weight: 400;\"> (directora de Identidades Festival) y <\/span><b>David Mar\u00edn<\/b><span style=\"font-weight: 400;\"> (de Nau Ivanow, Barcelona), entre otros importantes profesionales del mundo de las artes esc\u00e9nicas.\u00a0<\/span><\/p>\n<p>&nbsp;<\/p>\n<p><span style=\"font-weight: 400;\">Asimismo, y con motivo de aportar conocimiento t\u00e9cnico para el emprendimiento y la innovaci\u00f3n, destacan los m\u00f3dulos dirigidos por <\/span><b>Daniela Molina<\/b><span style=\"font-weight: 400;\"> (<\/span><span style=\"font-weight: 400;\">M\u00e1ster en Econom\u00eda y Pol\u00edticas P\u00fablicas<\/span><span style=\"font-weight: 400;\">), <\/span><b>Alex Lieberman<\/b><span style=\"font-weight: 400;\"> (Abogado en Propiedad Intelectual para Creative Law) y <\/span><b>Xema Gil<\/b><span style=\"font-weight: 400;\"> (Docente en M\u00e1ster de Instituciones Culturales de la Universidad de Barcelona).\u00a0<\/span><\/p>\n<p>&nbsp;<\/p>\n<p><span style=\"font-weight: 400;\">\u201cSi bien el impulso creativo es el gran rasgo distintivo del gremio, persiste la problem\u00e1tica de la baja profesionalizaci\u00f3n en materia de gesti\u00f3n para artistas y creadores. En ese sentido, esta academia gratuita pretende disminuir esta brecha, acercando al sector las herramientas del emprendimiento y la innovaci\u00f3n. Creemos que se trata de una gran oportunidad tanto para quienes se est\u00e9n iniciando en la gesti\u00f3n cultural, como para aquellos que busquen actualizar conocimientos\u201d, <\/span><b>declara Kateryn Garz\u00f3n, socia fundadora del proyecto.<\/b><\/p>\n<p><span style=\"font-weight: 400;\">Con el objetivo de garantizar la descentralizaci\u00f3n de la convocatoria, <\/span><b>Emprende Escena<\/b><span style=\"font-weight: 400;\"> cuenta con una red de co-ejecutores de las regiones de Arica hasta el Maule, entre los que se cuentan centros culturales, fundaciones y teatros. No obstante, las y los interesados podr\u00e1n postular desde cualquier regi\u00f3n del pa\u00eds, siempre y cuando sus proyectos pretendan ser ejecutados en el radio nacional.<\/span><\/p>\n<p><b>Seg\u00fan Carlos Opaso de Proyecta<\/b><span style=\"font-weight: 400;\">, instituci\u00f3n adjudicada con el financiamiento para ejecutar el programa, Emprende Escena constituye \u201cuna oportunidad para apoyar a un sector muy relevante para el desarrollo integral del pa\u00eds, lo que requiere mayor atenci\u00f3n por parte del ecosistema de emprendimiento e innovaci\u00f3n. Creemos que este programa permitir\u00e1 abrir un camino de colaboraci\u00f3n entre actores p\u00fablicos y privados, y que eso permita avanzar en pos de la profesionalizaci\u00f3n y el posicionamiento de las Artes Esc\u00e9nicas\u201d.<\/span><\/p>\n<p>&nbsp;<\/p>\n<p><span style=\"font-weight: 400;\">El <\/span><b>formulario de inscripci\u00f3n<\/b><span style=\"font-weight: 400;\"> y los requisitos de participaci\u00f3n est\u00e1n disponibles en el sitio web <\/span><a href=\"http:\/\/www.emprendeescena.cl\"><b>www.emprendeescena.cl<\/b><\/a><span style=\"font-weight: 400;\">, portal donde adem\u00e1s se puede acceder al detalle completo de los cursos, contenidos del proceso y Preguntas Frecuentes. Para consultas y m\u00e1s informaci\u00f3n, dirigirse a los canales digitales oficiales en <\/span><a href=\"http:\/\/www.instagram.com\/emprendeescena\"><span style=\"font-weight: 400;\">Instagram<\/span><\/a><span style=\"font-weight: 400;\"> y <\/span><a href=\"http:\/\/www.facebook.com\/emprendeescena\"><span style=\"font-weight: 400;\">Facebook<\/span><\/a><span style=\"font-weight: 400;\">.<\/span><\/p>\n","protected":false},"excerpt":{"rendered":"<p>&nbsp; La iniciativa est\u00e1 dirigida a trabajadores de las Artes Esc\u00e9nicas en general, que tengan un proyecto en ejecuci\u00f3n o se encuentren ad portas de emprender. Los postulantes podr\u00e1n inscribirse desde cualquier regi\u00f3n del pa\u00eds hasta el 26 de diciembre a trav\u00e9s de la p\u00e1gina web. &nbsp; &nbsp; Hasta el pr\u00f3ximo 26 de diciembre se [&hellip;]<\/p>\n","protected":false},"author":3,"featured_media":8474,"comment_status":"closed","ping_status":"closed","sticky":false,"template":"","format":"standard","meta":{"_acf_changed":false,"footnotes":""},"categories":[8],"tags":[],"class_list":["post-8473","post","type-post","status-publish","format-standard","has-post-thumbnail","hentry","category-noticia"],"acf":[],"yoast_head":"<!-- This site is optimized with the Yoast SEO plugin v27.1.1 - https:\/\/yoast.com\/product\/yoast-seo-wordpress\/ -->\n<title>Programa Emprende Escena abre convocatoria para artistas, gestores y creadores de todo el pa\u00eds - Valpara\u00ed\u00adso Creativo<\/title>\n<meta name=\"robots\" content=\"index, follow, max-snippet:-1, max-image-preview:large, max-video-preview:-1\" \/>\n<link rel=\"canonical\" href=\"https:\/\/dev.antudigital.cl\/sites\/vc\/programa-emprende-escena-abre-convocatoria-para-artistas-gestores-y-creadores-de-todo-el-pais\/\" \/>\n<meta property=\"og:locale\" content=\"es_ES\" \/>\n<meta property=\"og:type\" content=\"article\" \/>\n<meta property=\"og:title\" content=\"Programa Emprende Escena abre convocatoria para artistas, gestores y creadores de todo el pa\u00eds - Valpara\u00ed\u00adso Creativo\" \/>\n<meta property=\"og:description\" content=\"&nbsp; La iniciativa est\u00e1 dirigida a trabajadores de las Artes Esc\u00e9nicas en general, que tengan un proyecto en ejecuci\u00f3n o se encuentren ad portas de emprender. Los postulantes podr\u00e1n inscribirse desde cualquier regi\u00f3n del pa\u00eds hasta el 26 de diciembre a trav\u00e9s de la p\u00e1gina web. &nbsp; &nbsp; Hasta el pr\u00f3ximo 26 de diciembre se [&hellip;]\" \/>\n<meta property=\"og:url\" content=\"https:\/\/dev.antudigital.cl\/sites\/vc\/programa-emprende-escena-abre-convocatoria-para-artistas-gestores-y-creadores-de-todo-el-pais\/\" \/>\n<meta property=\"og:site_name\" content=\"Valpara\u00ed\u00adso Creativo\" \/>\n<meta property=\"article:published_time\" content=\"2020-12-04T19:13:05+00:00\" \/>\n<meta property=\"og:image\" content=\"https:\/\/dev.antudigital.cl\/sites\/vc\/wp-content\/uploads\/2020\/12\/image3.jpg\" \/>\n\t<meta property=\"og:image:width\" content=\"1080\" \/>\n\t<meta property=\"og:image:height\" content=\"730\" \/>\n\t<meta property=\"og:image:type\" content=\"image\/jpeg\" \/>\n<meta name=\"author\" content=\"Valparaiso Creativo\" \/>\n<meta name=\"twitter:card\" content=\"summary_large_image\" \/>\n<meta name=\"twitter:label1\" content=\"Escrito por\" \/>\n\t<meta name=\"twitter:data1\" content=\"Valparaiso Creativo\" \/>\n\t<meta name=\"twitter:label2\" content=\"Tiempo de lectura\" \/>\n\t<meta name=\"twitter:data2\" content=\"3 minutos\" \/>\n<script type=\"application\/ld+json\" class=\"yoast-schema-graph\">{\"@context\":\"https:\/\/schema.org\",\"@graph\":[{\"@type\":\"Article\",\"@id\":\"https:\/\/dev.antudigital.cl\/sites\/vc\/programa-emprende-escena-abre-convocatoria-para-artistas-gestores-y-creadores-de-todo-el-pais\/#article\",\"isPartOf\":{\"@id\":\"https:\/\/dev.antudigital.cl\/sites\/vc\/programa-emprende-escena-abre-convocatoria-para-artistas-gestores-y-creadores-de-todo-el-pais\/\"},\"author\":{\"name\":\"Valparaiso Creativo\",\"@id\":\"https:\/\/dev.antudigital.cl\/sites\/vc\/#\/schema\/person\/81d1dcd51abd542b5dfc00f5f951a0f1\"},\"headline\":\"Programa Emprende Escena abre convocatoria para artistas, gestores y creadores de todo el pa\u00eds\",\"datePublished\":\"2020-12-04T19:13:05+00:00\",\"mainEntityOfPage\":{\"@id\":\"https:\/\/dev.antudigital.cl\/sites\/vc\/programa-emprende-escena-abre-convocatoria-para-artistas-gestores-y-creadores-de-todo-el-pais\/\"},\"wordCount\":619,\"image\":{\"@id\":\"https:\/\/dev.antudigital.cl\/sites\/vc\/programa-emprende-escena-abre-convocatoria-para-artistas-gestores-y-creadores-de-todo-el-pais\/#primaryimage\"},\"thumbnailUrl\":\"https:\/\/dev.antudigital.cl\/sites\/vc\/wp-content\/uploads\/2020\/12\/image3.jpg\",\"articleSection\":[\"Noticia\"],\"inLanguage\":\"es\"},{\"@type\":\"WebPage\",\"@id\":\"https:\/\/dev.antudigital.cl\/sites\/vc\/programa-emprende-escena-abre-convocatoria-para-artistas-gestores-y-creadores-de-todo-el-pais\/\",\"url\":\"https:\/\/dev.antudigital.cl\/sites\/vc\/programa-emprende-escena-abre-convocatoria-para-artistas-gestores-y-creadores-de-todo-el-pais\/\",\"name\":\"Programa Emprende Escena abre convocatoria para artistas, gestores y creadores de todo el pa\u00eds - Valpara\u00ed\u00adso Creativo\",\"isPartOf\":{\"@id\":\"https:\/\/dev.antudigital.cl\/sites\/vc\/#website\"},\"primaryImageOfPage\":{\"@id\":\"https:\/\/dev.antudigital.cl\/sites\/vc\/programa-emprende-escena-abre-convocatoria-para-artistas-gestores-y-creadores-de-todo-el-pais\/#primaryimage\"},\"image\":{\"@id\":\"https:\/\/dev.antudigital.cl\/sites\/vc\/programa-emprende-escena-abre-convocatoria-para-artistas-gestores-y-creadores-de-todo-el-pais\/#primaryimage\"},\"thumbnailUrl\":\"https:\/\/dev.antudigital.cl\/sites\/vc\/wp-content\/uploads\/2020\/12\/image3.jpg\",\"datePublished\":\"2020-12-04T19:13:05+00:00\",\"author\":{\"@id\":\"https:\/\/dev.antudigital.cl\/sites\/vc\/#\/schema\/person\/81d1dcd51abd542b5dfc00f5f951a0f1\"},\"breadcrumb\":{\"@id\":\"https:\/\/dev.antudigital.cl\/sites\/vc\/programa-emprende-escena-abre-convocatoria-para-artistas-gestores-y-creadores-de-todo-el-pais\/#breadcrumb\"},\"inLanguage\":\"es\",\"potentialAction\":[{\"@type\":\"ReadAction\",\"target\":[\"https:\/\/dev.antudigital.cl\/sites\/vc\/programa-emprende-escena-abre-convocatoria-para-artistas-gestores-y-creadores-de-todo-el-pais\/\"]}]},{\"@type\":\"ImageObject\",\"inLanguage\":\"es\",\"@id\":\"https:\/\/dev.antudigital.cl\/sites\/vc\/programa-emprende-escena-abre-convocatoria-para-artistas-gestores-y-creadores-de-todo-el-pais\/#primaryimage\",\"url\":\"https:\/\/dev.antudigital.cl\/sites\/vc\/wp-content\/uploads\/2020\/12\/image3.jpg\",\"contentUrl\":\"https:\/\/dev.antudigital.cl\/sites\/vc\/wp-content\/uploads\/2020\/12\/image3.jpg\",\"width\":1080,\"height\":730},{\"@type\":\"BreadcrumbList\",\"@id\":\"https:\/\/dev.antudigital.cl\/sites\/vc\/programa-emprende-escena-abre-convocatoria-para-artistas-gestores-y-creadores-de-todo-el-pais\/#breadcrumb\",\"itemListElement\":[{\"@type\":\"ListItem\",\"position\":1,\"name\":\"Home\",\"item\":\"https:\/\/dev.antudigital.cl\/sites\/vc\/\"},{\"@type\":\"ListItem\",\"position\":2,\"name\":\"Programa Emprende Escena abre convocatoria para artistas, gestores y creadores de todo el pa\u00eds\"}]},{\"@type\":\"WebSite\",\"@id\":\"https:\/\/dev.antudigital.cl\/sites\/vc\/#website\",\"url\":\"https:\/\/dev.antudigital.cl\/sites\/vc\/\",\"name\":\"Valpara\u00ed\u00adso Creativo\",\"description\":\"\",\"potentialAction\":[{\"@type\":\"SearchAction\",\"target\":{\"@type\":\"EntryPoint\",\"urlTemplate\":\"https:\/\/dev.antudigital.cl\/sites\/vc\/?s={search_term_string}\"},\"query-input\":{\"@type\":\"PropertyValueSpecification\",\"valueRequired\":true,\"valueName\":\"search_term_string\"}}],\"inLanguage\":\"es\"},{\"@type\":\"Person\",\"@id\":\"https:\/\/dev.antudigital.cl\/sites\/vc\/#\/schema\/person\/81d1dcd51abd542b5dfc00f5f951a0f1\",\"name\":\"Valparaiso Creativo\",\"url\":\"https:\/\/dev.antudigital.cl\/sites\/vc\/author\/valparaiso-creativo\/\"}]}<\/script>\n<!-- \/ Yoast SEO plugin. -->","yoast_head_json":{"title":"Programa Emprende Escena abre convocatoria para artistas, gestores y creadores de todo el pa\u00eds - Valpara\u00ed\u00adso Creativo","robots":{"index":"index","follow":"follow","max-snippet":"max-snippet:-1","max-image-preview":"max-image-preview:large","max-video-preview":"max-video-preview:-1"},"canonical":"https:\/\/dev.antudigital.cl\/sites\/vc\/programa-emprende-escena-abre-convocatoria-para-artistas-gestores-y-creadores-de-todo-el-pais\/","og_locale":"es_ES","og_type":"article","og_title":"Programa Emprende Escena abre convocatoria para artistas, gestores y creadores de todo el pa\u00eds - Valpara\u00ed\u00adso Creativo","og_description":"&nbsp; La iniciativa est\u00e1 dirigida a trabajadores de las Artes Esc\u00e9nicas en general, que tengan un proyecto en ejecuci\u00f3n o se encuentren ad portas de emprender. Los postulantes podr\u00e1n inscribirse desde cualquier regi\u00f3n del pa\u00eds hasta el 26 de diciembre a trav\u00e9s de la p\u00e1gina web. &nbsp; &nbsp; Hasta el pr\u00f3ximo 26 de diciembre se [&hellip;]","og_url":"https:\/\/dev.antudigital.cl\/sites\/vc\/programa-emprende-escena-abre-convocatoria-para-artistas-gestores-y-creadores-de-todo-el-pais\/","og_site_name":"Valpara\u00ed\u00adso Creativo","article_published_time":"2020-12-04T19:13:05+00:00","og_image":[{"width":1080,"height":730,"url":"https:\/\/dev.antudigital.cl\/sites\/vc\/wp-content\/uploads\/2020\/12\/image3.jpg","type":"image\/jpeg"}],"author":"Valparaiso Creativo","twitter_card":"summary_large_image","twitter_misc":{"Escrito por":"Valparaiso Creativo","Tiempo de lectura":"3 minutos"},"schema":{"@context":"https:\/\/schema.org","@graph":[{"@type":"Article","@id":"https:\/\/dev.antudigital.cl\/sites\/vc\/programa-emprende-escena-abre-convocatoria-para-artistas-gestores-y-creadores-de-todo-el-pais\/#article","isPartOf":{"@id":"https:\/\/dev.antudigital.cl\/sites\/vc\/programa-emprende-escena-abre-convocatoria-para-artistas-gestores-y-creadores-de-todo-el-pais\/"},"author":{"name":"Valparaiso Creativo","@id":"https:\/\/dev.antudigital.cl\/sites\/vc\/#\/schema\/person\/81d1dcd51abd542b5dfc00f5f951a0f1"},"headline":"Programa Emprende Escena abre convocatoria para artistas, gestores y creadores de todo el pa\u00eds","datePublished":"2020-12-04T19:13:05+00:00","mainEntityOfPage":{"@id":"https:\/\/dev.antudigital.cl\/sites\/vc\/programa-emprende-escena-abre-convocatoria-para-artistas-gestores-y-creadores-de-todo-el-pais\/"},"wordCount":619,"image":{"@id":"https:\/\/dev.antudigital.cl\/sites\/vc\/programa-emprende-escena-abre-convocatoria-para-artistas-gestores-y-creadores-de-todo-el-pais\/#primaryimage"},"thumbnailUrl":"https:\/\/dev.antudigital.cl\/sites\/vc\/wp-content\/uploads\/2020\/12\/image3.jpg","articleSection":["Noticia"],"inLanguage":"es"},{"@type":"WebPage","@id":"https:\/\/dev.antudigital.cl\/sites\/vc\/programa-emprende-escena-abre-convocatoria-para-artistas-gestores-y-creadores-de-todo-el-pais\/","url":"https:\/\/dev.antudigital.cl\/sites\/vc\/programa-emprende-escena-abre-convocatoria-para-artistas-gestores-y-creadores-de-todo-el-pais\/","name":"Programa Emprende Escena abre convocatoria para artistas, gestores y creadores de todo el pa\u00eds - Valpara\u00ed\u00adso Creativo","isPartOf":{"@id":"https:\/\/dev.antudigital.cl\/sites\/vc\/#website"},"primaryImageOfPage":{"@id":"https:\/\/dev.antudigital.cl\/sites\/vc\/programa-emprende-escena-abre-convocatoria-para-artistas-gestores-y-creadores-de-todo-el-pais\/#primaryimage"},"image":{"@id":"https:\/\/dev.antudigital.cl\/sites\/vc\/programa-emprende-escena-abre-convocatoria-para-artistas-gestores-y-creadores-de-todo-el-pais\/#primaryimage"},"thumbnailUrl":"https:\/\/dev.antudigital.cl\/sites\/vc\/wp-content\/uploads\/2020\/12\/image3.jpg","datePublished":"2020-12-04T19:13:05+00:00","author":{"@id":"https:\/\/dev.antudigital.cl\/sites\/vc\/#\/schema\/person\/81d1dcd51abd542b5dfc00f5f951a0f1"},"breadcrumb":{"@id":"https:\/\/dev.antudigital.cl\/sites\/vc\/programa-emprende-escena-abre-convocatoria-para-artistas-gestores-y-creadores-de-todo-el-pais\/#breadcrumb"},"inLanguage":"es","potentialAction":[{"@type":"ReadAction","target":["https:\/\/dev.antudigital.cl\/sites\/vc\/programa-emprende-escena-abre-convocatoria-para-artistas-gestores-y-creadores-de-todo-el-pais\/"]}]},{"@type":"ImageObject","inLanguage":"es","@id":"https:\/\/dev.antudigital.cl\/sites\/vc\/programa-emprende-escena-abre-convocatoria-para-artistas-gestores-y-creadores-de-todo-el-pais\/#primaryimage","url":"https:\/\/dev.antudigital.cl\/sites\/vc\/wp-content\/uploads\/2020\/12\/image3.jpg","contentUrl":"https:\/\/dev.antudigital.cl\/sites\/vc\/wp-content\/uploads\/2020\/12\/image3.jpg","width":1080,"height":730},{"@type":"BreadcrumbList","@id":"https:\/\/dev.antudigital.cl\/sites\/vc\/programa-emprende-escena-abre-convocatoria-para-artistas-gestores-y-creadores-de-todo-el-pais\/#breadcrumb","itemListElement":[{"@type":"ListItem","position":1,"name":"Home","item":"https:\/\/dev.antudigital.cl\/sites\/vc\/"},{"@type":"ListItem","position":2,"name":"Programa Emprende Escena abre convocatoria para artistas, gestores y creadores de todo el pa\u00eds"}]},{"@type":"WebSite","@id":"https:\/\/dev.antudigital.cl\/sites\/vc\/#website","url":"https:\/\/dev.antudigital.cl\/sites\/vc\/","name":"Valpara\u00ed\u00adso Creativo","description":"","potentialAction":[{"@type":"SearchAction","target":{"@type":"EntryPoint","urlTemplate":"https:\/\/dev.antudigital.cl\/sites\/vc\/?s={search_term_string}"},"query-input":{"@type":"PropertyValueSpecification","valueRequired":true,"valueName":"search_term_string"}}],"inLanguage":"es"},{"@type":"Person","@id":"https:\/\/dev.antudigital.cl\/sites\/vc\/#\/schema\/person\/81d1dcd51abd542b5dfc00f5f951a0f1","name":"Valparaiso Creativo","url":"https:\/\/dev.antudigital.cl\/sites\/vc\/author\/valparaiso-creativo\/"}]}},"_links":{"self":[{"href":"https:\/\/dev.antudigital.cl\/sites\/vc\/wp-json\/wp\/v2\/posts\/8473","targetHints":{"allow":["GET"]}}],"collection":[{"href":"https:\/\/dev.antudigital.cl\/sites\/vc\/wp-json\/wp\/v2\/posts"}],"about":[{"href":"https:\/\/dev.antudigital.cl\/sites\/vc\/wp-json\/wp\/v2\/types\/post"}],"author":[{"embeddable":true,"href":"https:\/\/dev.antudigital.cl\/sites\/vc\/wp-json\/wp\/v2\/users\/3"}],"replies":[{"embeddable":true,"href":"https:\/\/dev.antudigital.cl\/sites\/vc\/wp-json\/wp\/v2\/comments?post=8473"}],"version-history":[{"count":0,"href":"https:\/\/dev.antudigital.cl\/sites\/vc\/wp-json\/wp\/v2\/posts\/8473\/revisions"}],"wp:featuredmedia":[{"embeddable":true,"href":"https:\/\/dev.antudigital.cl\/sites\/vc\/wp-json\/wp\/v2\/media\/8474"}],"wp:attachment":[{"href":"https:\/\/dev.antudigital.cl\/sites\/vc\/wp-json\/wp\/v2\/media?parent=8473"}],"wp:term":[{"taxonomy":"category","embeddable":true,"href":"https:\/\/dev.antudigital.cl\/sites\/vc\/wp-json\/wp\/v2\/categories?post=8473"},{"taxonomy":"post_tag","embeddable":true,"href":"https:\/\/dev.antudigital.cl\/sites\/vc\/wp-json\/wp\/v2\/tags?post=8473"}],"curies":[{"name":"wp","href":"https:\/\/api.w.org\/{rel}","templated":true}]}}