{"id":8475,"date":"2020-12-04T18:45:35","date_gmt":"2020-12-04T18:45:35","guid":{"rendered":"https:\/\/www.valparaisocreativo.cl\/?p=5558"},"modified":"2020-12-04T18:45:35","modified_gmt":"2020-12-04T18:45:35","slug":"emprendimiento-libre-de-bacterias-y-microbios-conoce-a-vetro","status":"publish","type":"post","link":"https:\/\/dev.antudigital.cl\/sites\/vc\/emprendimiento-libre-de-bacterias-y-microbios-conoce-a-vetro\/","title":{"rendered":"Emprendimiento libre de bacterias y microbios: conoce a Vetro+"},"content":{"rendered":"<p><span style=\"font-weight: 400;\">Christian Aguilar, de profesi\u00f3n, licenciado en artes; ha trabajado durante m\u00e1s de 20 a\u00f1os con vidrio en sus diversas t\u00e9cnicas. Pero s\u00f3lo en los \u00faltimos a\u00f1os, fue que se encontr\u00f3 con la oportunidad de innovar sobre este material: as\u00ed naci\u00f3<\/span><a href=\"https:\/\/vetromas.cl\/\"> <span style=\"font-weight: 400;\">Vetrom\u00e1s<\/span><\/a><span style=\"font-weight: 400;\">.\u00a0<\/span><\/p>\n<p><span style=\"font-weight: 400;\">Este emprendimiento nace en Diciembre del 2018, inicialmente adjudic\u00e1ndose un Capital Semilla de CORFO. La historia es compleja y muy anecd\u00f3tica: fue que buscando trabajo para sustentar su beca de doctorado, dio con la labor de montar cocinas, acerc\u00e1ndose al revestimiento de las mismas. As\u00ed se empez\u00f3 a familiar con el material.<\/span><\/p>\n<p><span style=\"font-weight: 400;\">El equipo, adem\u00e1s de Christian, est\u00e1 conformado por profesionales de gran trayectoria comercial y cient\u00edfica en nanotecnolog\u00eda, propiedad intelectual y software, Luis palma y Luis Duarte; as\u00ed como un joven e innovador equipo de ciencias, Andrea G\u00e1lvez y Nelson C\u00e1ceres. Juntos lideran la transformaci\u00f3n del vidrio con el objetivo de proteger la salud p\u00fablica y reinventar la bioseguridad mundial.\u00a0<\/span><\/p>\n<p><b>&#8211; \u00bfEn qu\u00e9 consiste Vetro+?<\/b><\/p>\n<p><span style=\"font-weight: 400;\">&#8211; Trabajamos con un proceso a trav\u00e9s del cual el vidrio corriente, se transforma en un vidrio antimicrobiano por medio de adici\u00f3n de nanopart\u00edculas de cobre, eliminando el riesgo de cualquier contagio en un 99,9%; previniendo as\u00ed, por ejemplo, la contaminaci\u00f3n cruzada en zonas de producci\u00f3n alimentaria e infecciones intrahospitalarias por bacterias tipo: Escherichia Coli, Listeria Monocytogenes y Staphylococcus Aureus.\u00a0<\/span><\/p>\n<p><b>&#8211; \u00bfC\u00f3mo llegaron a esta tecnolog\u00eda?<\/b><\/p>\n<p><span style=\"font-weight: 400;\">&#8211; Se basa en las propiedades antimicrobianas y bacteriost\u00e1ticas que posee el cobre, ampliamente estudiadas en documentos cient\u00edficos y en nuestros an\u00e1lisis de laboratorio, que detienen el crecimiento y eliminan a microorganismos pat\u00f3genos respectivamente. El vidrio es el material que da soporte a nuestra tecnolog\u00eda.<\/span><\/p>\n<p><b>&#8211; Quisiera conocer un poco tu experiencia previa con el vidrio&#8230;<\/b><\/p>\n<p><span style=\"font-weight: 400;\">&#8211; Tengo mi taller desde hace m\u00e1s de 20 a\u00f1os. Trabaj\u00e9 con Mar\u00eda Martner, una escultora excepcional, quien me ense\u00f1\u00f3 t\u00e9cnicas con el material.<\/span><\/p>\n<p><img fetchpriority=\"high\" decoding=\"async\" class=\"alignleft size-medium wp-image-5608\" src=\"https:\/\/www.valparaisocreativo.cl\/wp-content\/uploads\/2020\/12\/WhatsApp-Image-2020-12-15-at-09.14.55-300x169.jpeg\" alt=\"\" width=\"300\" height=\"169\" \/><\/p>\n<p><b>&#8211; \u00bfEn qu\u00e9 etapa de trabajo se encuentran ahora? Llevan dos a\u00f1os de funcionamiento y reci\u00e9n lanzaron su primer producto.<\/b><\/p>\n<p><span style=\"font-weight: 400;\">&#8211; As\u00ed es, somos una empresa de base cient\u00edfico tecnol\u00f3gica, que ha trabajado en validar cient\u00edficamente sus supuestos a trav\u00e9s de pruebas microbiol\u00f3gicas de est\u00e1ndares nacionales en su fase piloto, y est\u00e1ndares internacionales, en su fase de validaci\u00f3n industrial; as\u00ed hemos ido creando, probando e implementando la tecnolog\u00eda.<\/span><\/p>\n<p><span style=\"font-weight: 400;\">En el fondo, buscamos nuevos usos para esta tecnolog\u00eda en vidrio, lo que nos tiene en varias conversaciones con empresas afines y trabajando junto a Chrysalis, la incubadora de la PUCV.<\/span><\/p>\n<p><span style=\"font-weight: 400;\">Al mismo tiempo, liberamos en nuestra web la Colecci\u00f3n Lienzo, tablas de c\u00f3ctel y corte estandarizadas con la tecnolog\u00eda patentada VETRO+ de dise\u00f1os \u00fanicos con artistas nacionales. De esta manera, los consumidores evitan contaminaci\u00f3n cruzada en la preparaci\u00f3n de sus alimentos y otro tipo de riesgos, que este a\u00f1o han sido un tema no menor. Nos encontramos compartiendo este trabajo en el mercado y hemos tenido una respuesta muy positiva.<\/span><\/p>\n<p><b>&#8211; \u00bfDe qu\u00e9 manera se fue dando este trabajo?<\/b><\/p>\n<p><span style=\"font-weight: 400;\">&#8211; Al inicio cost\u00f3 elaborar el producto y encontrar el camino. Sin embargo, salimos seleccionados como la empresa regional con la mayor capacidad o la oferta m\u00e1s exportable y escalable de la cartera en ProChile. Ese ha sido un gran cambio y nos da mucha motivaci\u00f3n en el equipo.<\/span><\/p>\n<p><b>&#8211; Finalmente, sus tablas ahora en venta tienen dise\u00f1os personalizados, \u00bfc\u00f3mo se hizo este trabajo?<\/b><\/p>\n<p><span style=\"font-weight: 400;\">&#8211; Siendo este nuestro primer producto en el mercado, quisimos hacer una convocatoria a que artistas nacionales trabajaran con nosotros y armaran dise\u00f1os. As\u00ed surgieron modelos originales, que nos permiten dar a conocer nuestra tecnolog\u00eda de una manera mucho m\u00e1s cotidiana, cercana y ampliar la cantidad de gente que nos puede conocer. Vendimos muchos en verde, y eso nos tiene contentos.<\/span><\/p>\n<p>&nbsp;<\/p>\n<h3>Los lectores de Valpara\u00edso Creativo tendran un bono de dscto de $7.990 por s\u00f3lo 72horas por cualquiera de nuestros dise\u00f1os. Para hacerlo v\u00e1lido, en la descripcion de la transferencla deben colocar \u00abValpara\u00edso Creativo\u00bb.<\/h3>\n","protected":false},"excerpt":{"rendered":"<p>Christian Aguilar, de profesi\u00f3n, licenciado en artes; ha trabajado durante m\u00e1s de 20 a\u00f1os con vidrio en sus diversas t\u00e9cnicas. Pero s\u00f3lo en los \u00faltimos a\u00f1os, fue que se encontr\u00f3 con la oportunidad de innovar sobre este material: as\u00ed naci\u00f3 Vetrom\u00e1s.\u00a0 Este emprendimiento nace en Diciembre del 2018, inicialmente adjudic\u00e1ndose un Capital Semilla de CORFO. [&hellip;]<\/p>\n","protected":false},"author":3,"featured_media":8478,"comment_status":"closed","ping_status":"closed","sticky":false,"template":"","format":"standard","meta":{"_acf_changed":false,"footnotes":""},"categories":[8],"tags":[],"class_list":["post-8475","post","type-post","status-publish","format-standard","has-post-thumbnail","hentry","category-noticia"],"acf":[],"yoast_head":"<!-- This site is optimized with the Yoast SEO plugin v27.1.1 - https:\/\/yoast.com\/product\/yoast-seo-wordpress\/ -->\n<title>Emprendimiento libre de bacterias y microbios: conoce a Vetro+ - Valpara\u00ed\u00adso Creativo<\/title>\n<meta name=\"robots\" content=\"index, follow, max-snippet:-1, max-image-preview:large, max-video-preview:-1\" \/>\n<link rel=\"canonical\" href=\"https:\/\/dev.antudigital.cl\/sites\/vc\/emprendimiento-libre-de-bacterias-y-microbios-conoce-a-vetro\/\" \/>\n<meta property=\"og:locale\" content=\"es_ES\" \/>\n<meta property=\"og:type\" content=\"article\" \/>\n<meta property=\"og:title\" content=\"Emprendimiento libre de bacterias y microbios: conoce a Vetro+ - Valpara\u00ed\u00adso Creativo\" \/>\n<meta property=\"og:description\" content=\"Christian Aguilar, de profesi\u00f3n, licenciado en artes; ha trabajado durante m\u00e1s de 20 a\u00f1os con vidrio en sus diversas t\u00e9cnicas. Pero s\u00f3lo en los \u00faltimos a\u00f1os, fue que se encontr\u00f3 con la oportunidad de innovar sobre este material: as\u00ed naci\u00f3 Vetrom\u00e1s.\u00a0 Este emprendimiento nace en Diciembre del 2018, inicialmente adjudic\u00e1ndose un Capital Semilla de CORFO. [&hellip;]\" \/>\n<meta property=\"og:url\" content=\"https:\/\/dev.antudigital.cl\/sites\/vc\/emprendimiento-libre-de-bacterias-y-microbios-conoce-a-vetro\/\" \/>\n<meta property=\"og:site_name\" content=\"Valpara\u00ed\u00adso Creativo\" \/>\n<meta property=\"article:published_time\" content=\"2020-12-04T18:45:35+00:00\" \/>\n<meta property=\"og:image\" content=\"https:\/\/dev.antudigital.cl\/sites\/vc\/wp-content\/uploads\/2020\/12\/Captura-de-Pantalla-2020-12-04-a-las-18.12.19.png\" \/>\n\t<meta property=\"og:image:width\" content=\"1295\" \/>\n\t<meta property=\"og:image:height\" content=\"755\" \/>\n\t<meta property=\"og:image:type\" content=\"image\/png\" \/>\n<meta name=\"author\" content=\"Valparaiso Creativo\" \/>\n<meta name=\"twitter:card\" content=\"summary_large_image\" \/>\n<meta name=\"twitter:label1\" content=\"Escrito por\" \/>\n\t<meta name=\"twitter:data1\" content=\"Valparaiso Creativo\" \/>\n\t<meta name=\"twitter:label2\" content=\"Tiempo de lectura\" \/>\n\t<meta name=\"twitter:data2\" content=\"3 minutos\" \/>\n<script type=\"application\/ld+json\" class=\"yoast-schema-graph\">{\"@context\":\"https:\/\/schema.org\",\"@graph\":[{\"@type\":\"Article\",\"@id\":\"https:\/\/dev.antudigital.cl\/sites\/vc\/emprendimiento-libre-de-bacterias-y-microbios-conoce-a-vetro\/#article\",\"isPartOf\":{\"@id\":\"https:\/\/dev.antudigital.cl\/sites\/vc\/emprendimiento-libre-de-bacterias-y-microbios-conoce-a-vetro\/\"},\"author\":{\"name\":\"Valparaiso Creativo\",\"@id\":\"https:\/\/dev.antudigital.cl\/sites\/vc\/#\/schema\/person\/81d1dcd51abd542b5dfc00f5f951a0f1\"},\"headline\":\"Emprendimiento libre de bacterias y microbios: conoce a Vetro+\",\"datePublished\":\"2020-12-04T18:45:35+00:00\",\"mainEntityOfPage\":{\"@id\":\"https:\/\/dev.antudigital.cl\/sites\/vc\/emprendimiento-libre-de-bacterias-y-microbios-conoce-a-vetro\/\"},\"wordCount\":708,\"image\":{\"@id\":\"https:\/\/dev.antudigital.cl\/sites\/vc\/emprendimiento-libre-de-bacterias-y-microbios-conoce-a-vetro\/#primaryimage\"},\"thumbnailUrl\":\"https:\/\/dev.antudigital.cl\/sites\/vc\/wp-content\/uploads\/2020\/12\/Captura-de-Pantalla-2020-12-04-a-las-18.12.19.png\",\"articleSection\":[\"Noticia\"],\"inLanguage\":\"es\"},{\"@type\":\"WebPage\",\"@id\":\"https:\/\/dev.antudigital.cl\/sites\/vc\/emprendimiento-libre-de-bacterias-y-microbios-conoce-a-vetro\/\",\"url\":\"https:\/\/dev.antudigital.cl\/sites\/vc\/emprendimiento-libre-de-bacterias-y-microbios-conoce-a-vetro\/\",\"name\":\"Emprendimiento libre de bacterias y microbios: conoce a Vetro+ - Valpara\u00ed\u00adso Creativo\",\"isPartOf\":{\"@id\":\"https:\/\/dev.antudigital.cl\/sites\/vc\/#website\"},\"primaryImageOfPage\":{\"@id\":\"https:\/\/dev.antudigital.cl\/sites\/vc\/emprendimiento-libre-de-bacterias-y-microbios-conoce-a-vetro\/#primaryimage\"},\"image\":{\"@id\":\"https:\/\/dev.antudigital.cl\/sites\/vc\/emprendimiento-libre-de-bacterias-y-microbios-conoce-a-vetro\/#primaryimage\"},\"thumbnailUrl\":\"https:\/\/dev.antudigital.cl\/sites\/vc\/wp-content\/uploads\/2020\/12\/Captura-de-Pantalla-2020-12-04-a-las-18.12.19.png\",\"datePublished\":\"2020-12-04T18:45:35+00:00\",\"author\":{\"@id\":\"https:\/\/dev.antudigital.cl\/sites\/vc\/#\/schema\/person\/81d1dcd51abd542b5dfc00f5f951a0f1\"},\"breadcrumb\":{\"@id\":\"https:\/\/dev.antudigital.cl\/sites\/vc\/emprendimiento-libre-de-bacterias-y-microbios-conoce-a-vetro\/#breadcrumb\"},\"inLanguage\":\"es\",\"potentialAction\":[{\"@type\":\"ReadAction\",\"target\":[\"https:\/\/dev.antudigital.cl\/sites\/vc\/emprendimiento-libre-de-bacterias-y-microbios-conoce-a-vetro\/\"]}]},{\"@type\":\"ImageObject\",\"inLanguage\":\"es\",\"@id\":\"https:\/\/dev.antudigital.cl\/sites\/vc\/emprendimiento-libre-de-bacterias-y-microbios-conoce-a-vetro\/#primaryimage\",\"url\":\"https:\/\/dev.antudigital.cl\/sites\/vc\/wp-content\/uploads\/2020\/12\/Captura-de-Pantalla-2020-12-04-a-las-18.12.19.png\",\"contentUrl\":\"https:\/\/dev.antudigital.cl\/sites\/vc\/wp-content\/uploads\/2020\/12\/Captura-de-Pantalla-2020-12-04-a-las-18.12.19.png\",\"width\":1295,\"height\":755},{\"@type\":\"BreadcrumbList\",\"@id\":\"https:\/\/dev.antudigital.cl\/sites\/vc\/emprendimiento-libre-de-bacterias-y-microbios-conoce-a-vetro\/#breadcrumb\",\"itemListElement\":[{\"@type\":\"ListItem\",\"position\":1,\"name\":\"Home\",\"item\":\"https:\/\/dev.antudigital.cl\/sites\/vc\/\"},{\"@type\":\"ListItem\",\"position\":2,\"name\":\"Emprendimiento libre de bacterias y microbios: conoce a Vetro+\"}]},{\"@type\":\"WebSite\",\"@id\":\"https:\/\/dev.antudigital.cl\/sites\/vc\/#website\",\"url\":\"https:\/\/dev.antudigital.cl\/sites\/vc\/\",\"name\":\"Valpara\u00ed\u00adso Creativo\",\"description\":\"\",\"potentialAction\":[{\"@type\":\"SearchAction\",\"target\":{\"@type\":\"EntryPoint\",\"urlTemplate\":\"https:\/\/dev.antudigital.cl\/sites\/vc\/?s={search_term_string}\"},\"query-input\":{\"@type\":\"PropertyValueSpecification\",\"valueRequired\":true,\"valueName\":\"search_term_string\"}}],\"inLanguage\":\"es\"},{\"@type\":\"Person\",\"@id\":\"https:\/\/dev.antudigital.cl\/sites\/vc\/#\/schema\/person\/81d1dcd51abd542b5dfc00f5f951a0f1\",\"name\":\"Valparaiso Creativo\",\"url\":\"https:\/\/dev.antudigital.cl\/sites\/vc\/author\/valparaiso-creativo\/\"}]}<\/script>\n<!-- \/ Yoast SEO plugin. -->","yoast_head_json":{"title":"Emprendimiento libre de bacterias y microbios: conoce a Vetro+ - Valpara\u00ed\u00adso Creativo","robots":{"index":"index","follow":"follow","max-snippet":"max-snippet:-1","max-image-preview":"max-image-preview:large","max-video-preview":"max-video-preview:-1"},"canonical":"https:\/\/dev.antudigital.cl\/sites\/vc\/emprendimiento-libre-de-bacterias-y-microbios-conoce-a-vetro\/","og_locale":"es_ES","og_type":"article","og_title":"Emprendimiento libre de bacterias y microbios: conoce a Vetro+ - Valpara\u00ed\u00adso Creativo","og_description":"Christian Aguilar, de profesi\u00f3n, licenciado en artes; ha trabajado durante m\u00e1s de 20 a\u00f1os con vidrio en sus diversas t\u00e9cnicas. Pero s\u00f3lo en los \u00faltimos a\u00f1os, fue que se encontr\u00f3 con la oportunidad de innovar sobre este material: as\u00ed naci\u00f3 Vetrom\u00e1s.\u00a0 Este emprendimiento nace en Diciembre del 2018, inicialmente adjudic\u00e1ndose un Capital Semilla de CORFO. [&hellip;]","og_url":"https:\/\/dev.antudigital.cl\/sites\/vc\/emprendimiento-libre-de-bacterias-y-microbios-conoce-a-vetro\/","og_site_name":"Valpara\u00ed\u00adso Creativo","article_published_time":"2020-12-04T18:45:35+00:00","og_image":[{"width":1295,"height":755,"url":"https:\/\/dev.antudigital.cl\/sites\/vc\/wp-content\/uploads\/2020\/12\/Captura-de-Pantalla-2020-12-04-a-las-18.12.19.png","type":"image\/png"}],"author":"Valparaiso Creativo","twitter_card":"summary_large_image","twitter_misc":{"Escrito por":"Valparaiso Creativo","Tiempo de lectura":"3 minutos"},"schema":{"@context":"https:\/\/schema.org","@graph":[{"@type":"Article","@id":"https:\/\/dev.antudigital.cl\/sites\/vc\/emprendimiento-libre-de-bacterias-y-microbios-conoce-a-vetro\/#article","isPartOf":{"@id":"https:\/\/dev.antudigital.cl\/sites\/vc\/emprendimiento-libre-de-bacterias-y-microbios-conoce-a-vetro\/"},"author":{"name":"Valparaiso Creativo","@id":"https:\/\/dev.antudigital.cl\/sites\/vc\/#\/schema\/person\/81d1dcd51abd542b5dfc00f5f951a0f1"},"headline":"Emprendimiento libre de bacterias y microbios: conoce a Vetro+","datePublished":"2020-12-04T18:45:35+00:00","mainEntityOfPage":{"@id":"https:\/\/dev.antudigital.cl\/sites\/vc\/emprendimiento-libre-de-bacterias-y-microbios-conoce-a-vetro\/"},"wordCount":708,"image":{"@id":"https:\/\/dev.antudigital.cl\/sites\/vc\/emprendimiento-libre-de-bacterias-y-microbios-conoce-a-vetro\/#primaryimage"},"thumbnailUrl":"https:\/\/dev.antudigital.cl\/sites\/vc\/wp-content\/uploads\/2020\/12\/Captura-de-Pantalla-2020-12-04-a-las-18.12.19.png","articleSection":["Noticia"],"inLanguage":"es"},{"@type":"WebPage","@id":"https:\/\/dev.antudigital.cl\/sites\/vc\/emprendimiento-libre-de-bacterias-y-microbios-conoce-a-vetro\/","url":"https:\/\/dev.antudigital.cl\/sites\/vc\/emprendimiento-libre-de-bacterias-y-microbios-conoce-a-vetro\/","name":"Emprendimiento libre de bacterias y microbios: conoce a Vetro+ - Valpara\u00ed\u00adso Creativo","isPartOf":{"@id":"https:\/\/dev.antudigital.cl\/sites\/vc\/#website"},"primaryImageOfPage":{"@id":"https:\/\/dev.antudigital.cl\/sites\/vc\/emprendimiento-libre-de-bacterias-y-microbios-conoce-a-vetro\/#primaryimage"},"image":{"@id":"https:\/\/dev.antudigital.cl\/sites\/vc\/emprendimiento-libre-de-bacterias-y-microbios-conoce-a-vetro\/#primaryimage"},"thumbnailUrl":"https:\/\/dev.antudigital.cl\/sites\/vc\/wp-content\/uploads\/2020\/12\/Captura-de-Pantalla-2020-12-04-a-las-18.12.19.png","datePublished":"2020-12-04T18:45:35+00:00","author":{"@id":"https:\/\/dev.antudigital.cl\/sites\/vc\/#\/schema\/person\/81d1dcd51abd542b5dfc00f5f951a0f1"},"breadcrumb":{"@id":"https:\/\/dev.antudigital.cl\/sites\/vc\/emprendimiento-libre-de-bacterias-y-microbios-conoce-a-vetro\/#breadcrumb"},"inLanguage":"es","potentialAction":[{"@type":"ReadAction","target":["https:\/\/dev.antudigital.cl\/sites\/vc\/emprendimiento-libre-de-bacterias-y-microbios-conoce-a-vetro\/"]}]},{"@type":"ImageObject","inLanguage":"es","@id":"https:\/\/dev.antudigital.cl\/sites\/vc\/emprendimiento-libre-de-bacterias-y-microbios-conoce-a-vetro\/#primaryimage","url":"https:\/\/dev.antudigital.cl\/sites\/vc\/wp-content\/uploads\/2020\/12\/Captura-de-Pantalla-2020-12-04-a-las-18.12.19.png","contentUrl":"https:\/\/dev.antudigital.cl\/sites\/vc\/wp-content\/uploads\/2020\/12\/Captura-de-Pantalla-2020-12-04-a-las-18.12.19.png","width":1295,"height":755},{"@type":"BreadcrumbList","@id":"https:\/\/dev.antudigital.cl\/sites\/vc\/emprendimiento-libre-de-bacterias-y-microbios-conoce-a-vetro\/#breadcrumb","itemListElement":[{"@type":"ListItem","position":1,"name":"Home","item":"https:\/\/dev.antudigital.cl\/sites\/vc\/"},{"@type":"ListItem","position":2,"name":"Emprendimiento libre de bacterias y microbios: conoce a Vetro+"}]},{"@type":"WebSite","@id":"https:\/\/dev.antudigital.cl\/sites\/vc\/#website","url":"https:\/\/dev.antudigital.cl\/sites\/vc\/","name":"Valpara\u00ed\u00adso Creativo","description":"","potentialAction":[{"@type":"SearchAction","target":{"@type":"EntryPoint","urlTemplate":"https:\/\/dev.antudigital.cl\/sites\/vc\/?s={search_term_string}"},"query-input":{"@type":"PropertyValueSpecification","valueRequired":true,"valueName":"search_term_string"}}],"inLanguage":"es"},{"@type":"Person","@id":"https:\/\/dev.antudigital.cl\/sites\/vc\/#\/schema\/person\/81d1dcd51abd542b5dfc00f5f951a0f1","name":"Valparaiso Creativo","url":"https:\/\/dev.antudigital.cl\/sites\/vc\/author\/valparaiso-creativo\/"}]}},"_links":{"self":[{"href":"https:\/\/dev.antudigital.cl\/sites\/vc\/wp-json\/wp\/v2\/posts\/8475","targetHints":{"allow":["GET"]}}],"collection":[{"href":"https:\/\/dev.antudigital.cl\/sites\/vc\/wp-json\/wp\/v2\/posts"}],"about":[{"href":"https:\/\/dev.antudigital.cl\/sites\/vc\/wp-json\/wp\/v2\/types\/post"}],"author":[{"embeddable":true,"href":"https:\/\/dev.antudigital.cl\/sites\/vc\/wp-json\/wp\/v2\/users\/3"}],"replies":[{"embeddable":true,"href":"https:\/\/dev.antudigital.cl\/sites\/vc\/wp-json\/wp\/v2\/comments?post=8475"}],"version-history":[{"count":0,"href":"https:\/\/dev.antudigital.cl\/sites\/vc\/wp-json\/wp\/v2\/posts\/8475\/revisions"}],"wp:featuredmedia":[{"embeddable":true,"href":"https:\/\/dev.antudigital.cl\/sites\/vc\/wp-json\/wp\/v2\/media\/8478"}],"wp:attachment":[{"href":"https:\/\/dev.antudigital.cl\/sites\/vc\/wp-json\/wp\/v2\/media?parent=8475"}],"wp:term":[{"taxonomy":"category","embeddable":true,"href":"https:\/\/dev.antudigital.cl\/sites\/vc\/wp-json\/wp\/v2\/categories?post=8475"},{"taxonomy":"post_tag","embeddable":true,"href":"https:\/\/dev.antudigital.cl\/sites\/vc\/wp-json\/wp\/v2\/tags?post=8475"}],"curies":[{"name":"wp","href":"https:\/\/api.w.org\/{rel}","templated":true}]}}