{"id":8479,"date":"2020-12-04T17:59:37","date_gmt":"2020-12-04T17:59:37","guid":{"rendered":"https:\/\/www.valparaisocreativo.cl\/?p=5553"},"modified":"2020-12-04T17:59:37","modified_gmt":"2020-12-04T17:59:37","slug":"documentar-relatos-y-escribir-sobre-musica-entrevista-a-las-integrantes-de-nina-provincia","status":"publish","type":"post","link":"https:\/\/dev.antudigital.cl\/sites\/vc\/documentar-relatos-y-escribir-sobre-musica-entrevista-a-las-integrantes-de-nina-provincia\/","title":{"rendered":"Documentar relatos y escribir sobre m\u00fasica: entrevista a las integrantes de Ni\u00f1a Provincia"},"content":{"rendered":"<p><a href=\"https:\/\/ninaprovincia.cl\/\">Ni\u00f1a Provincia<\/a> es un medio digital dedicado a la difusi\u00f3n musical con enfoque descentralizado. Una idea que fue tomando forma hasta ver luz un a\u00f1o m\u00e1s tarde, el 24 de marzo del 2019. Tania L\u00f3pez, Paula Castillo y Cinthia Paredes conforman este espacio que aporta desde las comunicaciones y destaca proyectos musicales de norte a sur. Conversamos con ellas sobre su trabajo y pasi\u00f3n.<\/p>\n<p><b>&#8211; Quisiera saber, \u00bfc\u00f3mo surge su proyecto y cu\u00e1nto les tom\u00f3 concretarlo desde la primera vez que tuvieron la idea?<\/b><\/p>\n<p><b>&#8211; Tania:<\/b><span style=\"font-weight: 400;\"> Ni\u00f1a Provincia nace como idea el 2018, pero se concreta reci\u00e9n cuando le comento de este proyecto a Paula. Juntas comenzamos a gestionar los contenidos, armando nuestra web y el imaginario que hoy existe del medio; todo mediante nuestra motivaci\u00f3n y recursos que pusimos a disposici\u00f3n, con reuniones creativas entre Valpara\u00edso, La Calera y Quilpu\u00e9 durante todo un verano. As\u00ed estuvimos por varias semanas. Pr\u00e1cticamente todo lo armamos nosotras, pero siempre con la colaboraci\u00f3n de amigas u otras personas que sab\u00edan del proyecto. Sin eso, hubiese sido un poco imposible.\u00a0<\/span><\/p>\n<p>&nbsp;<\/p>\n<p><b>&#8211; \u00bfCu\u00e1l es su mirada sobre la difusi\u00f3n musical y cultural tanto en la Regi\u00f3n como a nivel nacional?<\/b><\/p>\n<p><b>&#8211; Paula: <\/b><span style=\"font-weight: 400;\">Es complejo contestar esa pregunta, porque nunca fue f\u00e1cil trabajar en la gesti\u00f3n y difusi\u00f3n de estos mundos. Los medios tradicionales siempre tuvieron ese rol de difundir \u201clo cultural\u201d y los \u201cespect\u00e1culos\u201d en la parte \u00faltima de la secci\u00f3n del diario o al final de una entrega noticiosa. Muy sometidas a editoriales restringidas, en torno a la censura e intereses pol\u00edticos. Esto, entendiendo las grietas culturales m\u00e1s contempor\u00e1neas que heredamos de la dictadura.\u00a0<\/span><\/p>\n<p><span style=\"font-weight: 400;\">Antes de las plataformas digitales, era m\u00e1s bien accesorio el tratamiento de lo musical y cultural en esos c\u00edrculos. Ahora bien, desde las esferas m\u00e1s subalternas \u201clo cultural\u201d es una tendencia firme en los medios de comunicaci\u00f3n independientes, especializados y\/o autogestionados de la zona. En realidad \u201clo cultural\u201d \u2013que incluye lo musical\u2013 es el medio y es un fin. Eso equilibra la balanza para quienes realmente nos involucramos, y vemos en la difusi\u00f3n musical y cultural un valor para gestionar, colaborar e intercambiar; en definitivas, para vivir de ello.<\/span><\/p>\n<p><b>&#8211; Tania: <\/b><span style=\"font-weight: 400;\">Sumado a lo que comenta Paula, creo que cada vez aparecen m\u00e1s medios culturales\/musicales que esbozan desde su editorial el tratamiento de la informaci\u00f3n con perspectiva de g\u00e9nero, como m\u00ednimo. Es satisfactorio ver c\u00f3mo la autor\u00eda de textos cr\u00edticos o de corte investigativo en esta \u00e1rea cuenta con mujeres y disidencias que marcan la pauta e inspiran lo que hacemos.<\/span><\/p>\n<p>&nbsp;<\/p>\n<p><b>Desde que comenzaron, \u00bfcon qu\u00e9 desaf\u00edos se encontraron, hubo algo que no esperaban?<\/b><\/p>\n<p><b>Paula: <\/b><span style=\"font-weight: 400;\">La autogesti\u00f3n suena bastante ut\u00f3pica, pero arrastra prop\u00f3sitos, aficiones, sue\u00f1os e ideas que hay que aterrizar a lo material y a un modelo sustentable si queremos subsistir en un entorno proactivo o al menos, con una actividad constante. Desde el rubro de los medios de comunicaci\u00f3n, en general, el contexto es cr\u00edtico y estamos en desfase a un modelo de negocio o intercambio que nos permita mantener una plataforma ideal o que haga justicia al tiempo y conocimiento que invertimos. Por eso, es que hay que hacerse de mucha paciencia y mantener una actitud profesional en alto, lo que implica al mismo tiempo, mantener una base personal, y ojal\u00e1 a prueba de resiliencia, puesto que la inversi\u00f3n mayor surge desde la voluntad propia de querer hacer surgir el proyecto, y para que el sue\u00f1o finalmente se cumpla.<\/span><\/p>\n<p><b>Cinthia:<\/b><span style=\"font-weight: 400;\"> Como dice Paula, el ir aterrizando las ideas que queremos realizar, ya sea a corto o largo plazo, siempre es un desaf\u00edo gestionar los recursos y los tiempos; no es f\u00e1cil, en proyectos que se sustentan en gran medida por la autogesti\u00f3n. Pero el conocernos entre nosotras y tener una buena relaci\u00f3n nos ha ayudado a crear un ritmo que nos permita poder seguir con el proyecto e ir creciendo de manera org\u00e1nica seg\u00fan las necesidades que vamos percibiendo en el proceso. Si bien ser\u00eda genial poder contar con todo los recursos de manera inmediata y poder enfocarse s\u00f3lo en \u00e9sto, sin tener que estar pensando en otros trabajos, siento que el tener este ritmo m\u00e1s pausado pero constante, nos ha permitido digerir todas las ideas e informaci\u00f3n de una manera m\u00e1s amena.<\/span><\/p>\n<p>&nbsp;<\/p>\n<p><b>&#8211; \u00bfCu\u00e1les son sus espacios de difusi\u00f3n favoritos, que inspiraron la idea?<\/b><\/p>\n<p><b>&#8211; Tania:<\/b><span style=\"font-weight: 400;\"> M\u00e1s all\u00e1 del tratamiento musical, hay medios que creo que han mantenido un contacto directo con lo que sucede en la regi\u00f3n de Valpara\u00edso, relevando el car\u00e1cter territorial de las manifestaciones culturales\/art\u00edsticas, y que ya llevan a\u00f1os trabajando y amplificando a las voces locales, en base a pura motivaci\u00f3n y convicci\u00f3n de quienes lideran y han gestado estos proyectos, como La Juguera Magazine, Siente Valpo, Valpovisual y Rockcean\u00eda. Todos estos medios y\/o programas, de manera desinteresada, han apostado por otorgar valor y espacio a la cultura; y ello ha inspirado parte del enfoque que tiene el medio.\u00a0<\/span><\/p>\n<p><b>&#8211; Paula: <\/b><span style=\"font-weight: 400;\">Qu\u00e9 dif\u00edcil, porque siento que ahora cada vez consumo m\u00e1s a trav\u00e9s de links en las redes sociales, que navegando espec\u00edficamente en un sitio web. Sin contar medios gringos \u2013muy debidos de revisar\u2013, siempre he estado muy atenta al tratamiento de la prensa especializada argentina: me gusta mucho lo de Subcultura y su abnegada labor desde la autogesti\u00f3n, la desaparecida versi\u00f3n de LesInrockuptibles, la versi\u00f3n trasandina de la Rolling Stone Magazine, y muy anteriormente la gesti\u00f3n de Vorterix. En Inglaterra, la Electronic Sound Magazine es una joyita de las publicaciones.\u00a0<\/span><\/p>\n<p><span style=\"font-weight: 400;\">En lo nacional, siempre muy atenta al trabajo de Rockaxis \u2013obviamente\u2013, POTQ, Culto \u2013y La Tercera\u2013, La Rata y Cancha General, que han sabido subsistir al oleaje. Me gusta particularmente la pega de POTQ por el enfoque editorial y su agudeza investigativa. En lo local, suelo revisar La Juguera Magazine y escucho radio. Vivo en La Calera, pero escucho Radio Quillota porque tiene mejor programaci\u00f3n e incluye parrilla nacional.<\/span><\/p>\n<p>&nbsp;<\/p>\n<p><b>&#8211; Y adem\u00e1s: \u00bfcu\u00e1les son sus proyectos musicales favoritos (de Chile)?<\/b><\/p>\n<p><b>&#8211; Paula: <\/b><span style=\"font-weight: 400;\">Adem\u00e1s de cl\u00e1sicos como Los Jaivas o Los Prisioneros, sumo a la lista a C\u00f3mo Asesinar a Felipes, los locales de Adelaida y otros m\u00e1s recientes como Poder Fantasma, adem\u00e1s de los caleranos de Feocci de Caraccioli.\u00a0<\/span><\/p>\n<p><b>&#8211; Tania: <\/b><span style=\"font-weight: 400;\">Podr\u00eda poner muchos nombres, pero mis favoritos siempre ser\u00e1n Congreso y Los Jaivas. Y ahora, al menos todo este a\u00f1o, he andado muy pegada con Mediabanda y Dh\u00e1rmico.<\/span><\/p>\n<p><b>&#8211; Cinthia: <\/b><span style=\"font-weight: 400;\">Qu\u00e9 dif\u00edcil. Hay muchos proyectos que me llaman la atenci\u00f3n, como dicen las chiquillas est\u00e1n los cl\u00e1sicos que siempre\u00a0 acompa\u00f1an como los jaivas y los prisioneros, pero si hay que elegir, en la actualidad me gusta mucho la propuesta de La Br\u00edgida Orquesta y su mezcla de sonoridades y buenas letras. Eso a nivel nacional y local me gustan mucho Travis Moreno, Cerro Perro, Ver\u00f3 y los chiquillos de La Sal de Fruta.<\/span><\/p>\n<p>&nbsp;<\/p>\n<p><b>&#8211; \u00bfC\u00f3mo ven que ha sido el aporte de ustedes al medio local? \u00bfQu\u00e9 comentarios han recibido?<\/b><\/p>\n<p><b>&#8211; Paula: <\/b><span style=\"font-weight: 400;\">El objetivo de documentar relatos, historias, eventos, sucesos y \u201cla escena\u201d se ha cumplido a lo largo de nuestra corta existencia. Siempre tuvimos ese \u00edmpetu. Creo que tambi\u00e9n nos diferenciamos con un tono y un estilo escritural que es bastante particular de nosotras. Nos gustan las cr\u00f3nicas e historias que podemos depurar m\u00e1s all\u00e1 de un simple comunicado de prensa. Creo que hemos podido rescatar esa rutina period\u00edstica tradicional, y que se ha perdido un poco en el oficio, especialmente en medios digitales, en los cuales actualmente se va s\u00f3lo detr\u00e1s del click. Nosotras, a nuestro ritmo, nos damos el tiempo de indagar, investigar, hablar con las fuentes, contrastar informaci\u00f3n, entregar contexto e historia. Tenemos la fortuna y voluntad de poder hacerlo.<\/span><\/p>\n<p><span style=\"font-weight: 400;\">Con eso, los comentarios siempre han sido de apoyo y de satisfacci\u00f3n por el inter\u00e9s y trabajo invertido. Nos dan \u00e1nimo para seguir.<\/span><\/p>\n<p><b>&#8211; Tania: <\/b><span style=\"font-weight: 400;\">Creo que el aporte pasa por documentar y registrar lo que est\u00e1 pasando en las escenas locales en torno a la m\u00fasica, m\u00e1s all\u00e1 de la simple difusi\u00f3n de eventos e instancias similares. Siempre con una mirada actual, diversa, fresca y cr\u00edtica sobre lo que sucede en este territorio; al menos a eso aspiramos. Nuestro medio ya lleva 1 a\u00f1o y 8 meses funcionando, s\u00faper poco tiempo, pero a\u00fan as\u00ed, es bonito ver la buena recepci\u00f3n que ha tenido toda esta labor. Todo lo que escuchamos, viene a reafirmar lo que estamos haciendo.<\/span><\/p>\n<p>&nbsp;<\/p>\n<p><b>&#8211; En sus palabras: \u00bfpor qu\u00e9 es importante aportar y trabajar en pol\u00edticas culturales ad portas de una nueva Constituci\u00f3n?<\/b><\/p>\n<p><b>&#8211; Cinthia: <\/b><span style=\"font-weight: 400;\">Creo que es necesario proponer nuevas formas de trabajo que sean m\u00e1s adecuadas a nuestro contexto territorial, muchas veces la gesti\u00f3n cultural apunta a grandes metas o replicar formas de trabajo que, si bien muchas veces dan resultados, olvidamos la diversidad de los territorios o las formas m\u00e1s locales de trabajar en cultura, que en su mayor\u00eda son autogestionadas. Siento que hay una deuda con esas formas y estamos en buen momento para replantearnos todo y quiz\u00e1s crear y proponer pol\u00edticas que nazcan desde las bases y que sean adecuadas a nuestra realidad.<\/span><\/p>\n<p><b>&#8211; Tania: <\/b><span style=\"font-weight: 400;\">Resulta relevante continuar trabajando en el reconocimiento de la diversidad cultural de los territorios, sus identidades e historias. Hoy, m\u00e1s que nunca, creo que es fundamental potenciar v\u00ednculos de desarrollo colaborativo, m\u00e1s all\u00e1 de lo simb\u00f3lico, sino con pol\u00edticas efectivas que apuesten a la descentralizaci\u00f3n y acceso a la cultura.<\/span><\/p>\n<p>&nbsp;<\/p>\n<hr \/>\n<p>&nbsp;<\/p>\n<h3><b>Un poco m\u00e1s sobre Ni\u00f1a Provincia y las mujeres detr\u00e1s del proyecto (en sus propias palabras):<\/b><\/h3>\n<p><span style=\"font-weight: 400;\">Ni\u00f1a Provincia es un medio de comunicaci\u00f3n conformado por mujeres que habitan y recorren la regi\u00f3n de Valpara\u00edso. As\u00ed nos definimos. Actualmente el equipo base est\u00e1 integrado por tres personas.<\/span><\/p>\n<p><b>&#8211; Cinthia: <\/b><span style=\"font-weight: 400;\">Soy productora y gestora cultural. Entr\u00e9 a colaborar en Ni\u00f1a Provincia unos meses despu\u00e9s que fue lanzada, y actualmente me desenvuelvo en proyectos culturales dedicados a la m\u00fasica y el \u00e1rea audiovisual, aportando desde la producci\u00f3n y formulaci\u00f3n de proyectos.<\/span><\/p>\n<p><b>&#8211; Paula: <\/b><span style=\"font-weight: 400;\">Soy periodista, co-fundadora de Ni\u00f1a Provincia con Tania, actualmente especializ\u00e1ndome en el dise\u00f1o de experiencia de usuario (UX), lo que se complementa a mi trabajo en el rubro de la comunicaci\u00f3n digital y la gesti\u00f3n de contenidos en una agencia creativa.<\/span><\/p>\n<p><b>&#8211; Tania: <\/b><span style=\"font-weight: 400;\">Soy periodista. Actualmente directora y una de las fundadoras de Ni\u00f1a Provincia. Trabajo desde la gesti\u00f3n de las comunicaciones en el \u00e1rea de la cultura y las artes. Habito el Marga Marga.<\/span><\/p>\n","protected":false},"excerpt":{"rendered":"<p>Ni\u00f1a Provincia es un medio digital dedicado a la difusi\u00f3n musical con enfoque descentralizado. Una idea que fue tomando forma hasta ver luz un a\u00f1o m\u00e1s tarde, el 24 de marzo del 2019. Tania L\u00f3pez, Paula Castillo y Cinthia Paredes conforman este espacio que aporta desde las comunicaciones y destaca proyectos musicales de norte a [&hellip;]<\/p>\n","protected":false},"author":3,"featured_media":8480,"comment_status":"closed","ping_status":"closed","sticky":false,"template":"","format":"standard","meta":{"_acf_changed":false,"footnotes":""},"categories":[8],"tags":[],"class_list":["post-8479","post","type-post","status-publish","format-standard","has-post-thumbnail","hentry","category-noticia"],"acf":[],"yoast_head":"<!-- This site is optimized with the Yoast SEO plugin v27.1.1 - https:\/\/yoast.com\/product\/yoast-seo-wordpress\/ -->\n<title>Documentar relatos y escribir sobre m\u00fasica: entrevista a las integrantes de Ni\u00f1a Provincia - Valpara\u00ed\u00adso Creativo<\/title>\n<meta name=\"robots\" content=\"index, follow, max-snippet:-1, max-image-preview:large, max-video-preview:-1\" \/>\n<link rel=\"canonical\" href=\"https:\/\/dev.antudigital.cl\/sites\/vc\/documentar-relatos-y-escribir-sobre-musica-entrevista-a-las-integrantes-de-nina-provincia\/\" \/>\n<meta property=\"og:locale\" content=\"es_ES\" \/>\n<meta property=\"og:type\" content=\"article\" \/>\n<meta property=\"og:title\" content=\"Documentar relatos y escribir sobre m\u00fasica: entrevista a las integrantes de Ni\u00f1a Provincia - Valpara\u00ed\u00adso Creativo\" \/>\n<meta property=\"og:description\" content=\"Ni\u00f1a Provincia es un medio digital dedicado a la difusi\u00f3n musical con enfoque descentralizado. Una idea que fue tomando forma hasta ver luz un a\u00f1o m\u00e1s tarde, el 24 de marzo del 2019. Tania L\u00f3pez, Paula Castillo y Cinthia Paredes conforman este espacio que aporta desde las comunicaciones y destaca proyectos musicales de norte a [&hellip;]\" \/>\n<meta property=\"og:url\" content=\"https:\/\/dev.antudigital.cl\/sites\/vc\/documentar-relatos-y-escribir-sobre-musica-entrevista-a-las-integrantes-de-nina-provincia\/\" \/>\n<meta property=\"og:site_name\" content=\"Valpara\u00ed\u00adso Creativo\" \/>\n<meta property=\"article:published_time\" content=\"2020-12-04T17:59:37+00:00\" \/>\n<meta property=\"og:image\" content=\"https:\/\/dev.antudigital.cl\/sites\/vc\/wp-content\/uploads\/2020\/12\/Nina-Provincia.jpg\" \/>\n\t<meta property=\"og:image:width\" content=\"1280\" \/>\n\t<meta property=\"og:image:height\" content=\"905\" \/>\n\t<meta property=\"og:image:type\" content=\"image\/jpeg\" \/>\n<meta name=\"author\" content=\"Valparaiso Creativo\" \/>\n<meta name=\"twitter:card\" content=\"summary_large_image\" \/>\n<meta name=\"twitter:label1\" content=\"Escrito por\" \/>\n\t<meta name=\"twitter:data1\" content=\"Valparaiso Creativo\" \/>\n\t<meta name=\"twitter:label2\" content=\"Tiempo de lectura\" \/>\n\t<meta name=\"twitter:data2\" content=\"9 minutos\" \/>\n<script type=\"application\/ld+json\" class=\"yoast-schema-graph\">{\"@context\":\"https:\/\/schema.org\",\"@graph\":[{\"@type\":\"Article\",\"@id\":\"https:\/\/dev.antudigital.cl\/sites\/vc\/documentar-relatos-y-escribir-sobre-musica-entrevista-a-las-integrantes-de-nina-provincia\/#article\",\"isPartOf\":{\"@id\":\"https:\/\/dev.antudigital.cl\/sites\/vc\/documentar-relatos-y-escribir-sobre-musica-entrevista-a-las-integrantes-de-nina-provincia\/\"},\"author\":{\"name\":\"Valparaiso Creativo\",\"@id\":\"https:\/\/dev.antudigital.cl\/sites\/vc\/#\/schema\/person\/81d1dcd51abd542b5dfc00f5f951a0f1\"},\"headline\":\"Documentar relatos y escribir sobre m\u00fasica: entrevista a las integrantes de Ni\u00f1a Provincia\",\"datePublished\":\"2020-12-04T17:59:37+00:00\",\"mainEntityOfPage\":{\"@id\":\"https:\/\/dev.antudigital.cl\/sites\/vc\/documentar-relatos-y-escribir-sobre-musica-entrevista-a-las-integrantes-de-nina-provincia\/\"},\"wordCount\":1893,\"image\":{\"@id\":\"https:\/\/dev.antudigital.cl\/sites\/vc\/documentar-relatos-y-escribir-sobre-musica-entrevista-a-las-integrantes-de-nina-provincia\/#primaryimage\"},\"thumbnailUrl\":\"https:\/\/dev.antudigital.cl\/sites\/vc\/wp-content\/uploads\/2020\/12\/Nina-Provincia.jpg\",\"articleSection\":[\"Noticia\"],\"inLanguage\":\"es\"},{\"@type\":\"WebPage\",\"@id\":\"https:\/\/dev.antudigital.cl\/sites\/vc\/documentar-relatos-y-escribir-sobre-musica-entrevista-a-las-integrantes-de-nina-provincia\/\",\"url\":\"https:\/\/dev.antudigital.cl\/sites\/vc\/documentar-relatos-y-escribir-sobre-musica-entrevista-a-las-integrantes-de-nina-provincia\/\",\"name\":\"Documentar relatos y escribir sobre m\u00fasica: entrevista a las integrantes de Ni\u00f1a Provincia - Valpara\u00ed\u00adso Creativo\",\"isPartOf\":{\"@id\":\"https:\/\/dev.antudigital.cl\/sites\/vc\/#website\"},\"primaryImageOfPage\":{\"@id\":\"https:\/\/dev.antudigital.cl\/sites\/vc\/documentar-relatos-y-escribir-sobre-musica-entrevista-a-las-integrantes-de-nina-provincia\/#primaryimage\"},\"image\":{\"@id\":\"https:\/\/dev.antudigital.cl\/sites\/vc\/documentar-relatos-y-escribir-sobre-musica-entrevista-a-las-integrantes-de-nina-provincia\/#primaryimage\"},\"thumbnailUrl\":\"https:\/\/dev.antudigital.cl\/sites\/vc\/wp-content\/uploads\/2020\/12\/Nina-Provincia.jpg\",\"datePublished\":\"2020-12-04T17:59:37+00:00\",\"author\":{\"@id\":\"https:\/\/dev.antudigital.cl\/sites\/vc\/#\/schema\/person\/81d1dcd51abd542b5dfc00f5f951a0f1\"},\"breadcrumb\":{\"@id\":\"https:\/\/dev.antudigital.cl\/sites\/vc\/documentar-relatos-y-escribir-sobre-musica-entrevista-a-las-integrantes-de-nina-provincia\/#breadcrumb\"},\"inLanguage\":\"es\",\"potentialAction\":[{\"@type\":\"ReadAction\",\"target\":[\"https:\/\/dev.antudigital.cl\/sites\/vc\/documentar-relatos-y-escribir-sobre-musica-entrevista-a-las-integrantes-de-nina-provincia\/\"]}]},{\"@type\":\"ImageObject\",\"inLanguage\":\"es\",\"@id\":\"https:\/\/dev.antudigital.cl\/sites\/vc\/documentar-relatos-y-escribir-sobre-musica-entrevista-a-las-integrantes-de-nina-provincia\/#primaryimage\",\"url\":\"https:\/\/dev.antudigital.cl\/sites\/vc\/wp-content\/uploads\/2020\/12\/Nina-Provincia.jpg\",\"contentUrl\":\"https:\/\/dev.antudigital.cl\/sites\/vc\/wp-content\/uploads\/2020\/12\/Nina-Provincia.jpg\",\"width\":1280,\"height\":905},{\"@type\":\"BreadcrumbList\",\"@id\":\"https:\/\/dev.antudigital.cl\/sites\/vc\/documentar-relatos-y-escribir-sobre-musica-entrevista-a-las-integrantes-de-nina-provincia\/#breadcrumb\",\"itemListElement\":[{\"@type\":\"ListItem\",\"position\":1,\"name\":\"Home\",\"item\":\"https:\/\/dev.antudigital.cl\/sites\/vc\/\"},{\"@type\":\"ListItem\",\"position\":2,\"name\":\"Documentar relatos y escribir sobre m\u00fasica: entrevista a las integrantes de Ni\u00f1a Provincia\"}]},{\"@type\":\"WebSite\",\"@id\":\"https:\/\/dev.antudigital.cl\/sites\/vc\/#website\",\"url\":\"https:\/\/dev.antudigital.cl\/sites\/vc\/\",\"name\":\"Valpara\u00ed\u00adso Creativo\",\"description\":\"\",\"potentialAction\":[{\"@type\":\"SearchAction\",\"target\":{\"@type\":\"EntryPoint\",\"urlTemplate\":\"https:\/\/dev.antudigital.cl\/sites\/vc\/?s={search_term_string}\"},\"query-input\":{\"@type\":\"PropertyValueSpecification\",\"valueRequired\":true,\"valueName\":\"search_term_string\"}}],\"inLanguage\":\"es\"},{\"@type\":\"Person\",\"@id\":\"https:\/\/dev.antudigital.cl\/sites\/vc\/#\/schema\/person\/81d1dcd51abd542b5dfc00f5f951a0f1\",\"name\":\"Valparaiso Creativo\",\"url\":\"https:\/\/dev.antudigital.cl\/sites\/vc\/author\/valparaiso-creativo\/\"}]}<\/script>\n<!-- \/ Yoast SEO plugin. -->","yoast_head_json":{"title":"Documentar relatos y escribir sobre m\u00fasica: entrevista a las integrantes de Ni\u00f1a Provincia - Valpara\u00ed\u00adso Creativo","robots":{"index":"index","follow":"follow","max-snippet":"max-snippet:-1","max-image-preview":"max-image-preview:large","max-video-preview":"max-video-preview:-1"},"canonical":"https:\/\/dev.antudigital.cl\/sites\/vc\/documentar-relatos-y-escribir-sobre-musica-entrevista-a-las-integrantes-de-nina-provincia\/","og_locale":"es_ES","og_type":"article","og_title":"Documentar relatos y escribir sobre m\u00fasica: entrevista a las integrantes de Ni\u00f1a Provincia - Valpara\u00ed\u00adso Creativo","og_description":"Ni\u00f1a Provincia es un medio digital dedicado a la difusi\u00f3n musical con enfoque descentralizado. Una idea que fue tomando forma hasta ver luz un a\u00f1o m\u00e1s tarde, el 24 de marzo del 2019. Tania L\u00f3pez, Paula Castillo y Cinthia Paredes conforman este espacio que aporta desde las comunicaciones y destaca proyectos musicales de norte a [&hellip;]","og_url":"https:\/\/dev.antudigital.cl\/sites\/vc\/documentar-relatos-y-escribir-sobre-musica-entrevista-a-las-integrantes-de-nina-provincia\/","og_site_name":"Valpara\u00ed\u00adso Creativo","article_published_time":"2020-12-04T17:59:37+00:00","og_image":[{"width":1280,"height":905,"url":"https:\/\/dev.antudigital.cl\/sites\/vc\/wp-content\/uploads\/2020\/12\/Nina-Provincia.jpg","type":"image\/jpeg"}],"author":"Valparaiso Creativo","twitter_card":"summary_large_image","twitter_misc":{"Escrito por":"Valparaiso Creativo","Tiempo de lectura":"9 minutos"},"schema":{"@context":"https:\/\/schema.org","@graph":[{"@type":"Article","@id":"https:\/\/dev.antudigital.cl\/sites\/vc\/documentar-relatos-y-escribir-sobre-musica-entrevista-a-las-integrantes-de-nina-provincia\/#article","isPartOf":{"@id":"https:\/\/dev.antudigital.cl\/sites\/vc\/documentar-relatos-y-escribir-sobre-musica-entrevista-a-las-integrantes-de-nina-provincia\/"},"author":{"name":"Valparaiso Creativo","@id":"https:\/\/dev.antudigital.cl\/sites\/vc\/#\/schema\/person\/81d1dcd51abd542b5dfc00f5f951a0f1"},"headline":"Documentar relatos y escribir sobre m\u00fasica: entrevista a las integrantes de Ni\u00f1a Provincia","datePublished":"2020-12-04T17:59:37+00:00","mainEntityOfPage":{"@id":"https:\/\/dev.antudigital.cl\/sites\/vc\/documentar-relatos-y-escribir-sobre-musica-entrevista-a-las-integrantes-de-nina-provincia\/"},"wordCount":1893,"image":{"@id":"https:\/\/dev.antudigital.cl\/sites\/vc\/documentar-relatos-y-escribir-sobre-musica-entrevista-a-las-integrantes-de-nina-provincia\/#primaryimage"},"thumbnailUrl":"https:\/\/dev.antudigital.cl\/sites\/vc\/wp-content\/uploads\/2020\/12\/Nina-Provincia.jpg","articleSection":["Noticia"],"inLanguage":"es"},{"@type":"WebPage","@id":"https:\/\/dev.antudigital.cl\/sites\/vc\/documentar-relatos-y-escribir-sobre-musica-entrevista-a-las-integrantes-de-nina-provincia\/","url":"https:\/\/dev.antudigital.cl\/sites\/vc\/documentar-relatos-y-escribir-sobre-musica-entrevista-a-las-integrantes-de-nina-provincia\/","name":"Documentar relatos y escribir sobre m\u00fasica: entrevista a las integrantes de Ni\u00f1a Provincia - Valpara\u00ed\u00adso Creativo","isPartOf":{"@id":"https:\/\/dev.antudigital.cl\/sites\/vc\/#website"},"primaryImageOfPage":{"@id":"https:\/\/dev.antudigital.cl\/sites\/vc\/documentar-relatos-y-escribir-sobre-musica-entrevista-a-las-integrantes-de-nina-provincia\/#primaryimage"},"image":{"@id":"https:\/\/dev.antudigital.cl\/sites\/vc\/documentar-relatos-y-escribir-sobre-musica-entrevista-a-las-integrantes-de-nina-provincia\/#primaryimage"},"thumbnailUrl":"https:\/\/dev.antudigital.cl\/sites\/vc\/wp-content\/uploads\/2020\/12\/Nina-Provincia.jpg","datePublished":"2020-12-04T17:59:37+00:00","author":{"@id":"https:\/\/dev.antudigital.cl\/sites\/vc\/#\/schema\/person\/81d1dcd51abd542b5dfc00f5f951a0f1"},"breadcrumb":{"@id":"https:\/\/dev.antudigital.cl\/sites\/vc\/documentar-relatos-y-escribir-sobre-musica-entrevista-a-las-integrantes-de-nina-provincia\/#breadcrumb"},"inLanguage":"es","potentialAction":[{"@type":"ReadAction","target":["https:\/\/dev.antudigital.cl\/sites\/vc\/documentar-relatos-y-escribir-sobre-musica-entrevista-a-las-integrantes-de-nina-provincia\/"]}]},{"@type":"ImageObject","inLanguage":"es","@id":"https:\/\/dev.antudigital.cl\/sites\/vc\/documentar-relatos-y-escribir-sobre-musica-entrevista-a-las-integrantes-de-nina-provincia\/#primaryimage","url":"https:\/\/dev.antudigital.cl\/sites\/vc\/wp-content\/uploads\/2020\/12\/Nina-Provincia.jpg","contentUrl":"https:\/\/dev.antudigital.cl\/sites\/vc\/wp-content\/uploads\/2020\/12\/Nina-Provincia.jpg","width":1280,"height":905},{"@type":"BreadcrumbList","@id":"https:\/\/dev.antudigital.cl\/sites\/vc\/documentar-relatos-y-escribir-sobre-musica-entrevista-a-las-integrantes-de-nina-provincia\/#breadcrumb","itemListElement":[{"@type":"ListItem","position":1,"name":"Home","item":"https:\/\/dev.antudigital.cl\/sites\/vc\/"},{"@type":"ListItem","position":2,"name":"Documentar relatos y escribir sobre m\u00fasica: entrevista a las integrantes de Ni\u00f1a Provincia"}]},{"@type":"WebSite","@id":"https:\/\/dev.antudigital.cl\/sites\/vc\/#website","url":"https:\/\/dev.antudigital.cl\/sites\/vc\/","name":"Valpara\u00ed\u00adso Creativo","description":"","potentialAction":[{"@type":"SearchAction","target":{"@type":"EntryPoint","urlTemplate":"https:\/\/dev.antudigital.cl\/sites\/vc\/?s={search_term_string}"},"query-input":{"@type":"PropertyValueSpecification","valueRequired":true,"valueName":"search_term_string"}}],"inLanguage":"es"},{"@type":"Person","@id":"https:\/\/dev.antudigital.cl\/sites\/vc\/#\/schema\/person\/81d1dcd51abd542b5dfc00f5f951a0f1","name":"Valparaiso Creativo","url":"https:\/\/dev.antudigital.cl\/sites\/vc\/author\/valparaiso-creativo\/"}]}},"_links":{"self":[{"href":"https:\/\/dev.antudigital.cl\/sites\/vc\/wp-json\/wp\/v2\/posts\/8479","targetHints":{"allow":["GET"]}}],"collection":[{"href":"https:\/\/dev.antudigital.cl\/sites\/vc\/wp-json\/wp\/v2\/posts"}],"about":[{"href":"https:\/\/dev.antudigital.cl\/sites\/vc\/wp-json\/wp\/v2\/types\/post"}],"author":[{"embeddable":true,"href":"https:\/\/dev.antudigital.cl\/sites\/vc\/wp-json\/wp\/v2\/users\/3"}],"replies":[{"embeddable":true,"href":"https:\/\/dev.antudigital.cl\/sites\/vc\/wp-json\/wp\/v2\/comments?post=8479"}],"version-history":[{"count":0,"href":"https:\/\/dev.antudigital.cl\/sites\/vc\/wp-json\/wp\/v2\/posts\/8479\/revisions"}],"wp:featuredmedia":[{"embeddable":true,"href":"https:\/\/dev.antudigital.cl\/sites\/vc\/wp-json\/wp\/v2\/media\/8480"}],"wp:attachment":[{"href":"https:\/\/dev.antudigital.cl\/sites\/vc\/wp-json\/wp\/v2\/media?parent=8479"}],"wp:term":[{"taxonomy":"category","embeddable":true,"href":"https:\/\/dev.antudigital.cl\/sites\/vc\/wp-json\/wp\/v2\/categories?post=8479"},{"taxonomy":"post_tag","embeddable":true,"href":"https:\/\/dev.antudigital.cl\/sites\/vc\/wp-json\/wp\/v2\/tags?post=8479"}],"curies":[{"name":"wp","href":"https:\/\/api.w.org\/{rel}","templated":true}]}}