{"id":8484,"date":"2020-11-30T14:44:48","date_gmt":"2020-11-30T14:44:48","guid":{"rendered":"https:\/\/www.valparaisocreativo.cl\/?p=5543"},"modified":"2020-11-30T14:44:48","modified_gmt":"2020-11-30T14:44:48","slug":"cuatro-continentes-reunira-puente-2020-encuentro-interoceanico-de-las-culturas","status":"publish","type":"post","link":"https:\/\/dev.antudigital.cl\/sites\/vc\/cuatro-continentes-reunira-puente-2020-encuentro-interoceanico-de-las-culturas\/","title":{"rendered":"Cuatro continentes reunir\u00e1 Puente 2020: Encuentro interoce\u00e1nico de las culturas"},"content":{"rendered":"<p><span style=\"font-weight: 400;\">\u201c<\/span><i><span style=\"font-weight: 400;\">PUENTE 2020. Encuentro interoce\u00e1nico de las culturas\u201d<\/span><\/i><span style=\"font-weight: 400;\"> es la segunda versi\u00f3n de un festival que reunir\u00e1 a obras de la m\u00fasica contempor\u00e1nea de distintas latitudes del mundo y de la Regi\u00f3n de Valpara\u00edso. El evento se efectuar\u00e1 en Vi\u00f1a del Mar, Valpara\u00edso, Conc\u00f3n y Puchuncav\u00ed entre el 8 al 12 de diciembre pr\u00f3ximos, en los que se efectuar\u00e1n conciertos con obras de compositores consagrados y emergentes de cuatro continentes, dentro de una parrilla tem\u00e1tica.<\/span><\/p>\n<p><img fetchpriority=\"high\" decoding=\"async\" class=\"alignleft size-medium wp-image-5544\" src=\"https:\/\/www.valparaisocreativo.cl\/wp-content\/uploads\/2020\/11\/01-300x300.png\" alt=\"\" width=\"300\" height=\"300\" \/><\/p>\n<p><span style=\"font-weight: 400;\">La primera jornada, la del martes 8, ser\u00e1 destinada a m\u00fasica de Jap\u00f3n, con obras de compositores de dicho pa\u00eds, a saber: \u201cBeyond\u201d de Kaori Nabeshima,<\/span><\/p>\n<p><span style=\"font-weight: 400;\">\u00a0\u201cMirage\u201d de Akira Kobayashi,\u00a0 \u201cThe Baroque of Suri-Ne\u201d de Tomoyuki Hisatome,\u00a0 \u201cShighira II\u201d de la autora Harue Kondoh, y \u201cHow to embroider III\u201d de Takashi Tokunaga. Las piezas, estrenadas para la ocasi\u00f3n, ser\u00e1n interpretadas por la Orquesta Marga Marga en el Museo Palacio Rioja de Vi\u00f1a del Mar.<\/span><\/p>\n<p>&nbsp;<\/p>\n<p><span style=\"font-weight: 400;\">El mi\u00e9rcoles 9, tambi\u00e9n en el recinto vi\u00f1amarino, estar\u00e1 dedicado a los pueblos originarios del mundo y a la preservaci\u00f3n del medio ambiente. Se inicia con el estreno de \u201cTara\u201d de F\u00e9lix C\u00e1rdenas (Chile), fundador y director de la Orquesta Andina de la PUCV. A continuaci\u00f3n, el estreno de \u201cWallum\u201d de Natalya Vagner (Australia), seguido de \u201cTres visiones de un Sikuris atacamen\u0303o\u201d de Carlos Zamora (Chile). Concluye la programaci\u00f3n con Andersen Viana (Brasil) y su \u201cSinfon\u00eda Amerindia\u201d y con Nelson Vinot \u2013 \u201cTierra sagrada\u201d (Chile).<\/span><\/p>\n<p>&nbsp;<\/p>\n<p><span style=\"font-weight: 400;\">El jueves 10 de diciembre la Orquesta Marga Marga, desde el Parque Cultural de Valpara\u00edso, interpretar\u00e1 las obras finalistas de su VII\u00ba concurso de composici\u00f3n. Se trata de\u00a0 \u201cConcerto grosso\u201d de Jorge Castillo (Venezuela), con Anatoly Cheremukhin como solista en viol\u00edn. Lo sigue \u201cDespertar\u201d de Mart\u00edn Rica (Chile) con Ariel Claure como solista en viol\u00edn. Finalmente \u201cEstados emocionales\u201d de Ismael Huerta (Chile), con Christian Galeas como solista en el mismo instrumento.<\/span><\/p>\n<p>&nbsp;<\/p>\n<p><span style=\"font-weight: 400;\">El viernes 11 se traslada todo al Teatro Pompeya de Quilpu\u00e9, con \u201cResplandor de Los Andes\u201d de la Orquesta Andina PUCV. All\u00ed se interpretar\u00e1n \u201cResplandor\u201d, cuya autor\u00eda corresponde a su mismo director F\u00e9lix C\u00e1rdenas y con Ekaterina Makarova como solista en violoncello. Cierra con \u201cCarnaval de Socoroma\u201d de Guillermo Andrade.\u00a0<\/span><\/p>\n<p>&nbsp;<\/p>\n<p><span style=\"font-weight: 400;\">La \u00faltima jornada ser\u00e1 nutrida y heterog\u00e9nea. Se abre con \u201cFiregirl\u201d de Ad van Dongen (Holanda), seguido de \u201cPiedra del Aguila\u201d de Carlos Cabezas (Chile), la cual fue ganadora concurso Darwin Vargas de la PUCV. A prop\u00f3sito de obras ganadoras, se interpretar\u00e1 la que consigui\u00f3 el primer lugar del concurso de composici\u00f3n OMM. Contin\u00faa con \u201cMy respect to you Mr. Tatimbet\u201d del compositor Artyk Toxanbay, proveniente de Kazajst\u00e1n. Cierran el festival el chileno-australiano Andri\u00e1n Pertout con \u201cMantra de regeneracio\u0301n\u201d y el argentino Ezequiel Diz con\u201cFantasi\u0301a tanguera N\u00ba 12\u201d.\u00a0<\/span><\/p>\n<p>&nbsp;<\/p>\n<p><span style=\"font-weight: 400;\">Cabe se\u00f1alar que, por motivos de seguridad sanitaria, el Festival PUENTE se transmitir\u00e1 \u00edntegramente v\u00eda Facebook y YouTube de la Orquesta Marga Marga. Los lugares mencionados fueron donde fueron grabados los conciertos, contenido que ser\u00e1 presentado entre el 8 y el 12 de diciembre desde las 20:00.<\/span><\/p>\n<p>&nbsp;<\/p>\n<p><b>UNIR A CULTURAS LEJANAS<\/b><\/p>\n<p><span style=\"font-weight: 400;\">Para Luis Jos\u00e9 Recart, director de la Orquesta Marga Marga, PUENTE<\/span> <span style=\"font-weight: 400;\">\u00abnaci\u00f3 el a\u00f1o pasado por la necesidad de conectarnos musicales con las diferentes culturas del planeta, sobre todo con aquellos pa\u00edses con los cuales se tiene menos contacto\u00bb. La primera versi\u00f3n, a la que alude Recart, fue dedicada a Tartarist\u00e1n (perteneciente a la Federaci\u00f3n Rusa) y la actual est\u00e1 dedicada a la m\u00fasica de Jap\u00f3n. El violista y director de orquesta remarca: \u00abEl objetivo principal es unir a estas diferentes culturas, con sus personas y seres humanos. La caracter\u00edstica principal de un puente es que es bidireccional, por ende no s\u00f3lo estamos nosotros difundiendo la m\u00fasica de ellos sino tambi\u00e9n ellos difunden la m\u00fasica de nuestro pa\u00eds hacia estas latitudes\u00bb.<\/span><\/p>\n<p><span style=\"font-weight: 400;\">La organizaci\u00f3n del festival PUENTE est\u00e1 a cargo de la Fundaci\u00f3n Orquesta Marga Marga, que contiene a la orquesta hom\u00f3nima. Asimismo, su financiamiento est\u00e1 acogido a la Ley de Donaciones Culturales. Creada y dirigida por el maestro Luis Jos\u00e9 Recart Echenique \u2013Premio Altazor 2013 y Premio Domingo Santa Cruz 2013\u2013, la orquesta fue fundada en marzo de 2010, en el marco del programa del Consejo Nacional de la Cultura y las Artes, para orquestas profesionales en regiones distintas a la Metropolitana.\u00a0\u00a0La Orquesta Marga Marga interpreta un repertorio que incluye compositores de la m\u00fasica universal desde el siglo XVIII en adelante, con \u00e9nfasis en los de finales del siglo XX y XXI, pero da prioridad a la difusi\u00f3n de la m\u00fasica chilena de compositores emergentes y consolidados del \u00e1mbito nacional. Cuatro de los cinco conciertos del festival ser\u00e1n ejecutados por ellos.<\/span><\/p>\n","protected":false},"excerpt":{"rendered":"<p>\u201cPUENTE 2020. Encuentro interoce\u00e1nico de las culturas\u201d es la segunda versi\u00f3n de un festival que reunir\u00e1 a obras de la m\u00fasica contempor\u00e1nea de distintas latitudes del mundo y de la Regi\u00f3n de Valpara\u00edso. El evento se efectuar\u00e1 en Vi\u00f1a del Mar, Valpara\u00edso, Conc\u00f3n y Puchuncav\u00ed entre el 8 al 12 de diciembre pr\u00f3ximos, en los [&hellip;]<\/p>\n","protected":false},"author":3,"featured_media":8485,"comment_status":"closed","ping_status":"closed","sticky":false,"template":"","format":"standard","meta":{"_acf_changed":false,"footnotes":""},"categories":[8],"tags":[],"class_list":["post-8484","post","type-post","status-publish","format-standard","has-post-thumbnail","hentry","category-noticia"],"acf":[],"yoast_head":"<!-- This site is optimized with the Yoast SEO plugin v27.1.1 - https:\/\/yoast.com\/product\/yoast-seo-wordpress\/ -->\n<title>Cuatro continentes reunir\u00e1 Puente 2020: Encuentro interoce\u00e1nico de las culturas - Valpara\u00ed\u00adso Creativo<\/title>\n<meta name=\"robots\" content=\"index, follow, max-snippet:-1, max-image-preview:large, max-video-preview:-1\" \/>\n<link rel=\"canonical\" href=\"https:\/\/dev.antudigital.cl\/sites\/vc\/cuatro-continentes-reunira-puente-2020-encuentro-interoceanico-de-las-culturas\/\" \/>\n<meta property=\"og:locale\" content=\"es_ES\" \/>\n<meta property=\"og:type\" content=\"article\" \/>\n<meta property=\"og:title\" content=\"Cuatro continentes reunir\u00e1 Puente 2020: Encuentro interoce\u00e1nico de las culturas - Valpara\u00ed\u00adso Creativo\" \/>\n<meta property=\"og:description\" content=\"\u201cPUENTE 2020. Encuentro interoce\u00e1nico de las culturas\u201d es la segunda versi\u00f3n de un festival que reunir\u00e1 a obras de la m\u00fasica contempor\u00e1nea de distintas latitudes del mundo y de la Regi\u00f3n de Valpara\u00edso. El evento se efectuar\u00e1 en Vi\u00f1a del Mar, Valpara\u00edso, Conc\u00f3n y Puchuncav\u00ed entre el 8 al 12 de diciembre pr\u00f3ximos, en los [&hellip;]\" \/>\n<meta property=\"og:url\" content=\"https:\/\/dev.antudigital.cl\/sites\/vc\/cuatro-continentes-reunira-puente-2020-encuentro-interoceanico-de-las-culturas\/\" \/>\n<meta property=\"og:site_name\" content=\"Valpara\u00ed\u00adso Creativo\" \/>\n<meta property=\"article:published_time\" content=\"2020-11-30T14:44:48+00:00\" \/>\n<meta property=\"og:image\" content=\"https:\/\/dev.antudigital.cl\/sites\/vc\/wp-content\/uploads\/2020\/11\/Puentes.jpg\" \/>\n\t<meta property=\"og:image:width\" content=\"1280\" \/>\n\t<meta property=\"og:image:height\" content=\"853\" \/>\n\t<meta property=\"og:image:type\" content=\"image\/jpeg\" \/>\n<meta name=\"author\" content=\"Valparaiso Creativo\" \/>\n<meta name=\"twitter:card\" content=\"summary_large_image\" \/>\n<meta name=\"twitter:label1\" content=\"Escrito por\" \/>\n\t<meta name=\"twitter:data1\" content=\"Valparaiso Creativo\" \/>\n\t<meta name=\"twitter:label2\" content=\"Tiempo de lectura\" \/>\n\t<meta name=\"twitter:data2\" content=\"4 minutos\" \/>\n<script type=\"application\/ld+json\" class=\"yoast-schema-graph\">{\"@context\":\"https:\/\/schema.org\",\"@graph\":[{\"@type\":\"Article\",\"@id\":\"https:\/\/dev.antudigital.cl\/sites\/vc\/cuatro-continentes-reunira-puente-2020-encuentro-interoceanico-de-las-culturas\/#article\",\"isPartOf\":{\"@id\":\"https:\/\/dev.antudigital.cl\/sites\/vc\/cuatro-continentes-reunira-puente-2020-encuentro-interoceanico-de-las-culturas\/\"},\"author\":{\"name\":\"Valparaiso Creativo\",\"@id\":\"https:\/\/dev.antudigital.cl\/sites\/vc\/#\/schema\/person\/81d1dcd51abd542b5dfc00f5f951a0f1\"},\"headline\":\"Cuatro continentes reunir\u00e1 Puente 2020: Encuentro interoce\u00e1nico de las culturas\",\"datePublished\":\"2020-11-30T14:44:48+00:00\",\"mainEntityOfPage\":{\"@id\":\"https:\/\/dev.antudigital.cl\/sites\/vc\/cuatro-continentes-reunira-puente-2020-encuentro-interoceanico-de-las-culturas\/\"},\"wordCount\":824,\"image\":{\"@id\":\"https:\/\/dev.antudigital.cl\/sites\/vc\/cuatro-continentes-reunira-puente-2020-encuentro-interoceanico-de-las-culturas\/#primaryimage\"},\"thumbnailUrl\":\"https:\/\/dev.antudigital.cl\/sites\/vc\/wp-content\/uploads\/2020\/11\/Puentes.jpg\",\"articleSection\":[\"Noticia\"],\"inLanguage\":\"es\"},{\"@type\":\"WebPage\",\"@id\":\"https:\/\/dev.antudigital.cl\/sites\/vc\/cuatro-continentes-reunira-puente-2020-encuentro-interoceanico-de-las-culturas\/\",\"url\":\"https:\/\/dev.antudigital.cl\/sites\/vc\/cuatro-continentes-reunira-puente-2020-encuentro-interoceanico-de-las-culturas\/\",\"name\":\"Cuatro continentes reunir\u00e1 Puente 2020: Encuentro interoce\u00e1nico de las culturas - Valpara\u00ed\u00adso Creativo\",\"isPartOf\":{\"@id\":\"https:\/\/dev.antudigital.cl\/sites\/vc\/#website\"},\"primaryImageOfPage\":{\"@id\":\"https:\/\/dev.antudigital.cl\/sites\/vc\/cuatro-continentes-reunira-puente-2020-encuentro-interoceanico-de-las-culturas\/#primaryimage\"},\"image\":{\"@id\":\"https:\/\/dev.antudigital.cl\/sites\/vc\/cuatro-continentes-reunira-puente-2020-encuentro-interoceanico-de-las-culturas\/#primaryimage\"},\"thumbnailUrl\":\"https:\/\/dev.antudigital.cl\/sites\/vc\/wp-content\/uploads\/2020\/11\/Puentes.jpg\",\"datePublished\":\"2020-11-30T14:44:48+00:00\",\"author\":{\"@id\":\"https:\/\/dev.antudigital.cl\/sites\/vc\/#\/schema\/person\/81d1dcd51abd542b5dfc00f5f951a0f1\"},\"breadcrumb\":{\"@id\":\"https:\/\/dev.antudigital.cl\/sites\/vc\/cuatro-continentes-reunira-puente-2020-encuentro-interoceanico-de-las-culturas\/#breadcrumb\"},\"inLanguage\":\"es\",\"potentialAction\":[{\"@type\":\"ReadAction\",\"target\":[\"https:\/\/dev.antudigital.cl\/sites\/vc\/cuatro-continentes-reunira-puente-2020-encuentro-interoceanico-de-las-culturas\/\"]}]},{\"@type\":\"ImageObject\",\"inLanguage\":\"es\",\"@id\":\"https:\/\/dev.antudigital.cl\/sites\/vc\/cuatro-continentes-reunira-puente-2020-encuentro-interoceanico-de-las-culturas\/#primaryimage\",\"url\":\"https:\/\/dev.antudigital.cl\/sites\/vc\/wp-content\/uploads\/2020\/11\/Puentes.jpg\",\"contentUrl\":\"https:\/\/dev.antudigital.cl\/sites\/vc\/wp-content\/uploads\/2020\/11\/Puentes.jpg\",\"width\":1280,\"height\":853},{\"@type\":\"BreadcrumbList\",\"@id\":\"https:\/\/dev.antudigital.cl\/sites\/vc\/cuatro-continentes-reunira-puente-2020-encuentro-interoceanico-de-las-culturas\/#breadcrumb\",\"itemListElement\":[{\"@type\":\"ListItem\",\"position\":1,\"name\":\"Home\",\"item\":\"https:\/\/dev.antudigital.cl\/sites\/vc\/\"},{\"@type\":\"ListItem\",\"position\":2,\"name\":\"Cuatro continentes reunir\u00e1 Puente 2020: Encuentro interoce\u00e1nico de las culturas\"}]},{\"@type\":\"WebSite\",\"@id\":\"https:\/\/dev.antudigital.cl\/sites\/vc\/#website\",\"url\":\"https:\/\/dev.antudigital.cl\/sites\/vc\/\",\"name\":\"Valpara\u00ed\u00adso Creativo\",\"description\":\"\",\"potentialAction\":[{\"@type\":\"SearchAction\",\"target\":{\"@type\":\"EntryPoint\",\"urlTemplate\":\"https:\/\/dev.antudigital.cl\/sites\/vc\/?s={search_term_string}\"},\"query-input\":{\"@type\":\"PropertyValueSpecification\",\"valueRequired\":true,\"valueName\":\"search_term_string\"}}],\"inLanguage\":\"es\"},{\"@type\":\"Person\",\"@id\":\"https:\/\/dev.antudigital.cl\/sites\/vc\/#\/schema\/person\/81d1dcd51abd542b5dfc00f5f951a0f1\",\"name\":\"Valparaiso Creativo\",\"url\":\"https:\/\/dev.antudigital.cl\/sites\/vc\/author\/valparaiso-creativo\/\"}]}<\/script>\n<!-- \/ Yoast SEO plugin. -->","yoast_head_json":{"title":"Cuatro continentes reunir\u00e1 Puente 2020: Encuentro interoce\u00e1nico de las culturas - Valpara\u00ed\u00adso Creativo","robots":{"index":"index","follow":"follow","max-snippet":"max-snippet:-1","max-image-preview":"max-image-preview:large","max-video-preview":"max-video-preview:-1"},"canonical":"https:\/\/dev.antudigital.cl\/sites\/vc\/cuatro-continentes-reunira-puente-2020-encuentro-interoceanico-de-las-culturas\/","og_locale":"es_ES","og_type":"article","og_title":"Cuatro continentes reunir\u00e1 Puente 2020: Encuentro interoce\u00e1nico de las culturas - Valpara\u00ed\u00adso Creativo","og_description":"\u201cPUENTE 2020. Encuentro interoce\u00e1nico de las culturas\u201d es la segunda versi\u00f3n de un festival que reunir\u00e1 a obras de la m\u00fasica contempor\u00e1nea de distintas latitudes del mundo y de la Regi\u00f3n de Valpara\u00edso. El evento se efectuar\u00e1 en Vi\u00f1a del Mar, Valpara\u00edso, Conc\u00f3n y Puchuncav\u00ed entre el 8 al 12 de diciembre pr\u00f3ximos, en los [&hellip;]","og_url":"https:\/\/dev.antudigital.cl\/sites\/vc\/cuatro-continentes-reunira-puente-2020-encuentro-interoceanico-de-las-culturas\/","og_site_name":"Valpara\u00ed\u00adso Creativo","article_published_time":"2020-11-30T14:44:48+00:00","og_image":[{"width":1280,"height":853,"url":"https:\/\/dev.antudigital.cl\/sites\/vc\/wp-content\/uploads\/2020\/11\/Puentes.jpg","type":"image\/jpeg"}],"author":"Valparaiso Creativo","twitter_card":"summary_large_image","twitter_misc":{"Escrito por":"Valparaiso Creativo","Tiempo de lectura":"4 minutos"},"schema":{"@context":"https:\/\/schema.org","@graph":[{"@type":"Article","@id":"https:\/\/dev.antudigital.cl\/sites\/vc\/cuatro-continentes-reunira-puente-2020-encuentro-interoceanico-de-las-culturas\/#article","isPartOf":{"@id":"https:\/\/dev.antudigital.cl\/sites\/vc\/cuatro-continentes-reunira-puente-2020-encuentro-interoceanico-de-las-culturas\/"},"author":{"name":"Valparaiso Creativo","@id":"https:\/\/dev.antudigital.cl\/sites\/vc\/#\/schema\/person\/81d1dcd51abd542b5dfc00f5f951a0f1"},"headline":"Cuatro continentes reunir\u00e1 Puente 2020: Encuentro interoce\u00e1nico de las culturas","datePublished":"2020-11-30T14:44:48+00:00","mainEntityOfPage":{"@id":"https:\/\/dev.antudigital.cl\/sites\/vc\/cuatro-continentes-reunira-puente-2020-encuentro-interoceanico-de-las-culturas\/"},"wordCount":824,"image":{"@id":"https:\/\/dev.antudigital.cl\/sites\/vc\/cuatro-continentes-reunira-puente-2020-encuentro-interoceanico-de-las-culturas\/#primaryimage"},"thumbnailUrl":"https:\/\/dev.antudigital.cl\/sites\/vc\/wp-content\/uploads\/2020\/11\/Puentes.jpg","articleSection":["Noticia"],"inLanguage":"es"},{"@type":"WebPage","@id":"https:\/\/dev.antudigital.cl\/sites\/vc\/cuatro-continentes-reunira-puente-2020-encuentro-interoceanico-de-las-culturas\/","url":"https:\/\/dev.antudigital.cl\/sites\/vc\/cuatro-continentes-reunira-puente-2020-encuentro-interoceanico-de-las-culturas\/","name":"Cuatro continentes reunir\u00e1 Puente 2020: Encuentro interoce\u00e1nico de las culturas - Valpara\u00ed\u00adso Creativo","isPartOf":{"@id":"https:\/\/dev.antudigital.cl\/sites\/vc\/#website"},"primaryImageOfPage":{"@id":"https:\/\/dev.antudigital.cl\/sites\/vc\/cuatro-continentes-reunira-puente-2020-encuentro-interoceanico-de-las-culturas\/#primaryimage"},"image":{"@id":"https:\/\/dev.antudigital.cl\/sites\/vc\/cuatro-continentes-reunira-puente-2020-encuentro-interoceanico-de-las-culturas\/#primaryimage"},"thumbnailUrl":"https:\/\/dev.antudigital.cl\/sites\/vc\/wp-content\/uploads\/2020\/11\/Puentes.jpg","datePublished":"2020-11-30T14:44:48+00:00","author":{"@id":"https:\/\/dev.antudigital.cl\/sites\/vc\/#\/schema\/person\/81d1dcd51abd542b5dfc00f5f951a0f1"},"breadcrumb":{"@id":"https:\/\/dev.antudigital.cl\/sites\/vc\/cuatro-continentes-reunira-puente-2020-encuentro-interoceanico-de-las-culturas\/#breadcrumb"},"inLanguage":"es","potentialAction":[{"@type":"ReadAction","target":["https:\/\/dev.antudigital.cl\/sites\/vc\/cuatro-continentes-reunira-puente-2020-encuentro-interoceanico-de-las-culturas\/"]}]},{"@type":"ImageObject","inLanguage":"es","@id":"https:\/\/dev.antudigital.cl\/sites\/vc\/cuatro-continentes-reunira-puente-2020-encuentro-interoceanico-de-las-culturas\/#primaryimage","url":"https:\/\/dev.antudigital.cl\/sites\/vc\/wp-content\/uploads\/2020\/11\/Puentes.jpg","contentUrl":"https:\/\/dev.antudigital.cl\/sites\/vc\/wp-content\/uploads\/2020\/11\/Puentes.jpg","width":1280,"height":853},{"@type":"BreadcrumbList","@id":"https:\/\/dev.antudigital.cl\/sites\/vc\/cuatro-continentes-reunira-puente-2020-encuentro-interoceanico-de-las-culturas\/#breadcrumb","itemListElement":[{"@type":"ListItem","position":1,"name":"Home","item":"https:\/\/dev.antudigital.cl\/sites\/vc\/"},{"@type":"ListItem","position":2,"name":"Cuatro continentes reunir\u00e1 Puente 2020: Encuentro interoce\u00e1nico de las culturas"}]},{"@type":"WebSite","@id":"https:\/\/dev.antudigital.cl\/sites\/vc\/#website","url":"https:\/\/dev.antudigital.cl\/sites\/vc\/","name":"Valpara\u00ed\u00adso Creativo","description":"","potentialAction":[{"@type":"SearchAction","target":{"@type":"EntryPoint","urlTemplate":"https:\/\/dev.antudigital.cl\/sites\/vc\/?s={search_term_string}"},"query-input":{"@type":"PropertyValueSpecification","valueRequired":true,"valueName":"search_term_string"}}],"inLanguage":"es"},{"@type":"Person","@id":"https:\/\/dev.antudigital.cl\/sites\/vc\/#\/schema\/person\/81d1dcd51abd542b5dfc00f5f951a0f1","name":"Valparaiso Creativo","url":"https:\/\/dev.antudigital.cl\/sites\/vc\/author\/valparaiso-creativo\/"}]}},"_links":{"self":[{"href":"https:\/\/dev.antudigital.cl\/sites\/vc\/wp-json\/wp\/v2\/posts\/8484","targetHints":{"allow":["GET"]}}],"collection":[{"href":"https:\/\/dev.antudigital.cl\/sites\/vc\/wp-json\/wp\/v2\/posts"}],"about":[{"href":"https:\/\/dev.antudigital.cl\/sites\/vc\/wp-json\/wp\/v2\/types\/post"}],"author":[{"embeddable":true,"href":"https:\/\/dev.antudigital.cl\/sites\/vc\/wp-json\/wp\/v2\/users\/3"}],"replies":[{"embeddable":true,"href":"https:\/\/dev.antudigital.cl\/sites\/vc\/wp-json\/wp\/v2\/comments?post=8484"}],"version-history":[{"count":0,"href":"https:\/\/dev.antudigital.cl\/sites\/vc\/wp-json\/wp\/v2\/posts\/8484\/revisions"}],"wp:featuredmedia":[{"embeddable":true,"href":"https:\/\/dev.antudigital.cl\/sites\/vc\/wp-json\/wp\/v2\/media\/8485"}],"wp:attachment":[{"href":"https:\/\/dev.antudigital.cl\/sites\/vc\/wp-json\/wp\/v2\/media?parent=8484"}],"wp:term":[{"taxonomy":"category","embeddable":true,"href":"https:\/\/dev.antudigital.cl\/sites\/vc\/wp-json\/wp\/v2\/categories?post=8484"},{"taxonomy":"post_tag","embeddable":true,"href":"https:\/\/dev.antudigital.cl\/sites\/vc\/wp-json\/wp\/v2\/tags?post=8484"}],"curies":[{"name":"wp","href":"https:\/\/api.w.org\/{rel}","templated":true}]}}