{"id":8487,"date":"2020-11-30T14:34:00","date_gmt":"2020-11-30T14:34:00","guid":{"rendered":"https:\/\/www.valparaisocreativo.cl\/?p=5539"},"modified":"2020-11-30T14:34:00","modified_gmt":"2020-11-30T14:34:00","slug":"ministerio-de-las-culturas-lanzo-plataforma-nacional-de-economias-creativas","status":"publish","type":"post","link":"https:\/\/dev.antudigital.cl\/sites\/vc\/ministerio-de-las-culturas-lanzo-plataforma-nacional-de-economias-creativas\/","title":{"rendered":"Ministerio de las Culturas lanz\u00f3 plataforma nacional de Econom\u00edas Creativas"},"content":{"rendered":"<h3>\u00a1Ya est\u00e1 en l\u00ednea!<\/h3>\n<p>Artes de la visualidad, dise\u00f1o, artesan\u00eda, m\u00fasica, artes esc\u00e9nicas, literatura, audiovisual y arquitectura. Todas estas disciplinas, oficios, e industrias podr\u00e1n reunirse, compartir recursos e interactuar en\u00a0<a href=\"https:\/\/ec.cultura.gob.cl\/\" target=\"_blank\" rel=\"noopener noreferrer\"><b>Plataforma EC<\/b>, la nueva Plataforma digital de Econom\u00edas Creativas<\/a>\u00a0desarrollada por el Ministerio de las Culturas, las Artes y el Patrimonio a trav\u00e9s de su Secretar\u00eda de Econom\u00edas Creativas y apoyada por el Banco Interamericano de Desarrollo (BID).<\/p>\n<p>La iniciativa busca ser un nuevo espacio de conexi\u00f3n, difusi\u00f3n e intercambio de conocimientos entre los diversos agentes que componen el entorno de las econom\u00edas creativas en Chile.<\/p>\n<p>\u201cPara el Ministerio de las Culturas es un proyecto muy relevante, ya que la plataforma permitir\u00e1 potenciar el desarrollo sostenible de los emprendimientos creativos, fomentar sinergias intersectoriales, las cuales ser\u00e1n un aporte al desarrollo econ\u00f3mico, conocimiento e innovaci\u00f3n del pa\u00eds\u201d, se\u00f1ala la ministra de las Culturas, las Artes y el Patrimonio, Consuelo Vald\u00e9s.<\/p>\n<p>La Plataforma EC est\u00e1 dirigida a profesionales de las industrias creativas como artistas, gestores, productores, emprendedores creativos, agentes de intermediaci\u00f3n, y tambi\u00e9n para quienes facilitan la producci\u00f3n, difusi\u00f3n, distribuci\u00f3n y circulaci\u00f3n nacional e internacional de bienes y servicios culturales. El sitio adem\u00e1s permite que los profesionales del sector creativo accedan a convocatorias, instancias de formaci\u00f3n, eventos, estudios, entre otros. Junto con lo anterior, cada usuario podr\u00e1 crear su propio perfil para tener una experiencia personalizada seg\u00fan sus \u00e1reas de inter\u00e9s, alcance geogr\u00e1fico y necesidades espec\u00edficas de cada proyecto, usuario o instituci\u00f3n para intercambiar experiencias con otros usuarios.<\/p>\n<p>La plataforma cuenta con la colaboraci\u00f3n de aliados estrat\u00e9gicos como CORFO, ProChile, Imagen de Chile, Goethe Institut, British Council, Centro Cultural de Espa\u00f1a y el Instituto Franc\u00e9s de Chile. A ellos se suman organismos internacionales como la Organizaci\u00f3n de Estados Iberoamericanos (OEI), nodos creativos regionales (Observatorio Creativo de Valdivia y Llanquihue Creativo); marcas sectoriales (s\u00edsmica y Chilem\u00fasica); espacios culturales (Museo Nacional de Bellas Artes y Teatro del Lago) y gremios como Chile Dise\u00f1o.<\/p>\n<p>A corto plazo se seguir\u00e1n integrando a esta red otros importantes agentes como universidades, institutos profesionales y espacios culturales tanto del sector p\u00fablico como privado. Las instituciones colaboradoras proveer\u00e1n diversos recursos, con el objetivo de aunar en un solo lugar toda la informaci\u00f3n y herramientas disponibles sobre industrias creativas para dejar el registro m\u00e1s importante a nivel nacional a libre disposici\u00f3n de cualquier usuario.<\/p>\n<h3>Conoce la plataforma <a href=\"https:\/\/ec.cultura.gob.cl\/\">aqu\u00ed<\/a>.<\/h3>\n","protected":false},"excerpt":{"rendered":"<p>\u00a1Ya est\u00e1 en l\u00ednea! Artes de la visualidad, dise\u00f1o, artesan\u00eda, m\u00fasica, artes esc\u00e9nicas, literatura, audiovisual y arquitectura. Todas estas disciplinas, oficios, e industrias podr\u00e1n reunirse, compartir recursos e interactuar en\u00a0Plataforma EC, la nueva Plataforma digital de Econom\u00edas Creativas\u00a0desarrollada por el Ministerio de las Culturas, las Artes y el Patrimonio a trav\u00e9s de su Secretar\u00eda de [&hellip;]<\/p>\n","protected":false},"author":3,"featured_media":8488,"comment_status":"closed","ping_status":"closed","sticky":false,"template":"","format":"standard","meta":{"_acf_changed":false,"footnotes":""},"categories":[8],"tags":[],"class_list":["post-8487","post","type-post","status-publish","format-standard","has-post-thumbnail","hentry","category-noticia"],"acf":[],"yoast_head":"<!-- This site is optimized with the Yoast SEO plugin v27.1.1 - https:\/\/yoast.com\/product\/yoast-seo-wordpress\/ -->\n<title>Ministerio de las Culturas lanz\u00f3 plataforma nacional de Econom\u00edas Creativas - Valpara\u00ed\u00adso Creativo<\/title>\n<meta name=\"robots\" content=\"index, follow, max-snippet:-1, max-image-preview:large, max-video-preview:-1\" \/>\n<link rel=\"canonical\" href=\"https:\/\/dev.antudigital.cl\/sites\/vc\/ministerio-de-las-culturas-lanzo-plataforma-nacional-de-economias-creativas\/\" \/>\n<meta property=\"og:locale\" content=\"es_ES\" \/>\n<meta property=\"og:type\" content=\"article\" \/>\n<meta property=\"og:title\" content=\"Ministerio de las Culturas lanz\u00f3 plataforma nacional de Econom\u00edas Creativas - Valpara\u00ed\u00adso Creativo\" \/>\n<meta property=\"og:description\" content=\"\u00a1Ya est\u00e1 en l\u00ednea! Artes de la visualidad, dise\u00f1o, artesan\u00eda, m\u00fasica, artes esc\u00e9nicas, literatura, audiovisual y arquitectura. Todas estas disciplinas, oficios, e industrias podr\u00e1n reunirse, compartir recursos e interactuar en\u00a0Plataforma EC, la nueva Plataforma digital de Econom\u00edas Creativas\u00a0desarrollada por el Ministerio de las Culturas, las Artes y el Patrimonio a trav\u00e9s de su Secretar\u00eda de [&hellip;]\" \/>\n<meta property=\"og:url\" content=\"https:\/\/dev.antudigital.cl\/sites\/vc\/ministerio-de-las-culturas-lanzo-plataforma-nacional-de-economias-creativas\/\" \/>\n<meta property=\"og:site_name\" content=\"Valpara\u00ed\u00adso Creativo\" \/>\n<meta property=\"article:published_time\" content=\"2020-11-30T14:34:00+00:00\" \/>\n<meta property=\"og:image\" content=\"https:\/\/dev.antudigital.cl\/sites\/vc\/wp-content\/uploads\/2020\/11\/EC.png\" \/>\n\t<meta property=\"og:image:width\" content=\"711\" \/>\n\t<meta property=\"og:image:height\" content=\"474\" \/>\n\t<meta property=\"og:image:type\" content=\"image\/png\" \/>\n<meta name=\"author\" content=\"Valparaiso Creativo\" \/>\n<meta name=\"twitter:card\" content=\"summary_large_image\" \/>\n<meta name=\"twitter:label1\" content=\"Escrito por\" \/>\n\t<meta name=\"twitter:data1\" content=\"Valparaiso Creativo\" \/>\n\t<meta name=\"twitter:label2\" content=\"Tiempo de lectura\" \/>\n\t<meta name=\"twitter:data2\" content=\"2 minutos\" \/>\n<script type=\"application\/ld+json\" class=\"yoast-schema-graph\">{\"@context\":\"https:\/\/schema.org\",\"@graph\":[{\"@type\":\"Article\",\"@id\":\"https:\/\/dev.antudigital.cl\/sites\/vc\/ministerio-de-las-culturas-lanzo-plataforma-nacional-de-economias-creativas\/#article\",\"isPartOf\":{\"@id\":\"https:\/\/dev.antudigital.cl\/sites\/vc\/ministerio-de-las-culturas-lanzo-plataforma-nacional-de-economias-creativas\/\"},\"author\":{\"name\":\"Valparaiso Creativo\",\"@id\":\"https:\/\/dev.antudigital.cl\/sites\/vc\/#\/schema\/person\/81d1dcd51abd542b5dfc00f5f951a0f1\"},\"headline\":\"Ministerio de las Culturas lanz\u00f3 plataforma nacional de Econom\u00edas Creativas\",\"datePublished\":\"2020-11-30T14:34:00+00:00\",\"mainEntityOfPage\":{\"@id\":\"https:\/\/dev.antudigital.cl\/sites\/vc\/ministerio-de-las-culturas-lanzo-plataforma-nacional-de-economias-creativas\/\"},\"wordCount\":444,\"image\":{\"@id\":\"https:\/\/dev.antudigital.cl\/sites\/vc\/ministerio-de-las-culturas-lanzo-plataforma-nacional-de-economias-creativas\/#primaryimage\"},\"thumbnailUrl\":\"https:\/\/dev.antudigital.cl\/sites\/vc\/wp-content\/uploads\/2020\/11\/EC.png\",\"articleSection\":[\"Noticia\"],\"inLanguage\":\"es\"},{\"@type\":\"WebPage\",\"@id\":\"https:\/\/dev.antudigital.cl\/sites\/vc\/ministerio-de-las-culturas-lanzo-plataforma-nacional-de-economias-creativas\/\",\"url\":\"https:\/\/dev.antudigital.cl\/sites\/vc\/ministerio-de-las-culturas-lanzo-plataforma-nacional-de-economias-creativas\/\",\"name\":\"Ministerio de las Culturas lanz\u00f3 plataforma nacional de Econom\u00edas Creativas - Valpara\u00ed\u00adso Creativo\",\"isPartOf\":{\"@id\":\"https:\/\/dev.antudigital.cl\/sites\/vc\/#website\"},\"primaryImageOfPage\":{\"@id\":\"https:\/\/dev.antudigital.cl\/sites\/vc\/ministerio-de-las-culturas-lanzo-plataforma-nacional-de-economias-creativas\/#primaryimage\"},\"image\":{\"@id\":\"https:\/\/dev.antudigital.cl\/sites\/vc\/ministerio-de-las-culturas-lanzo-plataforma-nacional-de-economias-creativas\/#primaryimage\"},\"thumbnailUrl\":\"https:\/\/dev.antudigital.cl\/sites\/vc\/wp-content\/uploads\/2020\/11\/EC.png\",\"datePublished\":\"2020-11-30T14:34:00+00:00\",\"author\":{\"@id\":\"https:\/\/dev.antudigital.cl\/sites\/vc\/#\/schema\/person\/81d1dcd51abd542b5dfc00f5f951a0f1\"},\"breadcrumb\":{\"@id\":\"https:\/\/dev.antudigital.cl\/sites\/vc\/ministerio-de-las-culturas-lanzo-plataforma-nacional-de-economias-creativas\/#breadcrumb\"},\"inLanguage\":\"es\",\"potentialAction\":[{\"@type\":\"ReadAction\",\"target\":[\"https:\/\/dev.antudigital.cl\/sites\/vc\/ministerio-de-las-culturas-lanzo-plataforma-nacional-de-economias-creativas\/\"]}]},{\"@type\":\"ImageObject\",\"inLanguage\":\"es\",\"@id\":\"https:\/\/dev.antudigital.cl\/sites\/vc\/ministerio-de-las-culturas-lanzo-plataforma-nacional-de-economias-creativas\/#primaryimage\",\"url\":\"https:\/\/dev.antudigital.cl\/sites\/vc\/wp-content\/uploads\/2020\/11\/EC.png\",\"contentUrl\":\"https:\/\/dev.antudigital.cl\/sites\/vc\/wp-content\/uploads\/2020\/11\/EC.png\",\"width\":711,\"height\":474},{\"@type\":\"BreadcrumbList\",\"@id\":\"https:\/\/dev.antudigital.cl\/sites\/vc\/ministerio-de-las-culturas-lanzo-plataforma-nacional-de-economias-creativas\/#breadcrumb\",\"itemListElement\":[{\"@type\":\"ListItem\",\"position\":1,\"name\":\"Home\",\"item\":\"https:\/\/dev.antudigital.cl\/sites\/vc\/\"},{\"@type\":\"ListItem\",\"position\":2,\"name\":\"Ministerio de las Culturas lanz\u00f3 plataforma nacional de Econom\u00edas Creativas\"}]},{\"@type\":\"WebSite\",\"@id\":\"https:\/\/dev.antudigital.cl\/sites\/vc\/#website\",\"url\":\"https:\/\/dev.antudigital.cl\/sites\/vc\/\",\"name\":\"Valpara\u00ed\u00adso Creativo\",\"description\":\"\",\"potentialAction\":[{\"@type\":\"SearchAction\",\"target\":{\"@type\":\"EntryPoint\",\"urlTemplate\":\"https:\/\/dev.antudigital.cl\/sites\/vc\/?s={search_term_string}\"},\"query-input\":{\"@type\":\"PropertyValueSpecification\",\"valueRequired\":true,\"valueName\":\"search_term_string\"}}],\"inLanguage\":\"es\"},{\"@type\":\"Person\",\"@id\":\"https:\/\/dev.antudigital.cl\/sites\/vc\/#\/schema\/person\/81d1dcd51abd542b5dfc00f5f951a0f1\",\"name\":\"Valparaiso Creativo\",\"url\":\"https:\/\/dev.antudigital.cl\/sites\/vc\/author\/valparaiso-creativo\/\"}]}<\/script>\n<!-- \/ Yoast SEO plugin. -->","yoast_head_json":{"title":"Ministerio de las Culturas lanz\u00f3 plataforma nacional de Econom\u00edas Creativas - Valpara\u00ed\u00adso Creativo","robots":{"index":"index","follow":"follow","max-snippet":"max-snippet:-1","max-image-preview":"max-image-preview:large","max-video-preview":"max-video-preview:-1"},"canonical":"https:\/\/dev.antudigital.cl\/sites\/vc\/ministerio-de-las-culturas-lanzo-plataforma-nacional-de-economias-creativas\/","og_locale":"es_ES","og_type":"article","og_title":"Ministerio de las Culturas lanz\u00f3 plataforma nacional de Econom\u00edas Creativas - Valpara\u00ed\u00adso Creativo","og_description":"\u00a1Ya est\u00e1 en l\u00ednea! Artes de la visualidad, dise\u00f1o, artesan\u00eda, m\u00fasica, artes esc\u00e9nicas, literatura, audiovisual y arquitectura. Todas estas disciplinas, oficios, e industrias podr\u00e1n reunirse, compartir recursos e interactuar en\u00a0Plataforma EC, la nueva Plataforma digital de Econom\u00edas Creativas\u00a0desarrollada por el Ministerio de las Culturas, las Artes y el Patrimonio a trav\u00e9s de su Secretar\u00eda de [&hellip;]","og_url":"https:\/\/dev.antudigital.cl\/sites\/vc\/ministerio-de-las-culturas-lanzo-plataforma-nacional-de-economias-creativas\/","og_site_name":"Valpara\u00ed\u00adso Creativo","article_published_time":"2020-11-30T14:34:00+00:00","og_image":[{"width":711,"height":474,"url":"https:\/\/dev.antudigital.cl\/sites\/vc\/wp-content\/uploads\/2020\/11\/EC.png","type":"image\/png"}],"author":"Valparaiso Creativo","twitter_card":"summary_large_image","twitter_misc":{"Escrito por":"Valparaiso Creativo","Tiempo de lectura":"2 minutos"},"schema":{"@context":"https:\/\/schema.org","@graph":[{"@type":"Article","@id":"https:\/\/dev.antudigital.cl\/sites\/vc\/ministerio-de-las-culturas-lanzo-plataforma-nacional-de-economias-creativas\/#article","isPartOf":{"@id":"https:\/\/dev.antudigital.cl\/sites\/vc\/ministerio-de-las-culturas-lanzo-plataforma-nacional-de-economias-creativas\/"},"author":{"name":"Valparaiso Creativo","@id":"https:\/\/dev.antudigital.cl\/sites\/vc\/#\/schema\/person\/81d1dcd51abd542b5dfc00f5f951a0f1"},"headline":"Ministerio de las Culturas lanz\u00f3 plataforma nacional de Econom\u00edas Creativas","datePublished":"2020-11-30T14:34:00+00:00","mainEntityOfPage":{"@id":"https:\/\/dev.antudigital.cl\/sites\/vc\/ministerio-de-las-culturas-lanzo-plataforma-nacional-de-economias-creativas\/"},"wordCount":444,"image":{"@id":"https:\/\/dev.antudigital.cl\/sites\/vc\/ministerio-de-las-culturas-lanzo-plataforma-nacional-de-economias-creativas\/#primaryimage"},"thumbnailUrl":"https:\/\/dev.antudigital.cl\/sites\/vc\/wp-content\/uploads\/2020\/11\/EC.png","articleSection":["Noticia"],"inLanguage":"es"},{"@type":"WebPage","@id":"https:\/\/dev.antudigital.cl\/sites\/vc\/ministerio-de-las-culturas-lanzo-plataforma-nacional-de-economias-creativas\/","url":"https:\/\/dev.antudigital.cl\/sites\/vc\/ministerio-de-las-culturas-lanzo-plataforma-nacional-de-economias-creativas\/","name":"Ministerio de las Culturas lanz\u00f3 plataforma nacional de Econom\u00edas Creativas - Valpara\u00ed\u00adso Creativo","isPartOf":{"@id":"https:\/\/dev.antudigital.cl\/sites\/vc\/#website"},"primaryImageOfPage":{"@id":"https:\/\/dev.antudigital.cl\/sites\/vc\/ministerio-de-las-culturas-lanzo-plataforma-nacional-de-economias-creativas\/#primaryimage"},"image":{"@id":"https:\/\/dev.antudigital.cl\/sites\/vc\/ministerio-de-las-culturas-lanzo-plataforma-nacional-de-economias-creativas\/#primaryimage"},"thumbnailUrl":"https:\/\/dev.antudigital.cl\/sites\/vc\/wp-content\/uploads\/2020\/11\/EC.png","datePublished":"2020-11-30T14:34:00+00:00","author":{"@id":"https:\/\/dev.antudigital.cl\/sites\/vc\/#\/schema\/person\/81d1dcd51abd542b5dfc00f5f951a0f1"},"breadcrumb":{"@id":"https:\/\/dev.antudigital.cl\/sites\/vc\/ministerio-de-las-culturas-lanzo-plataforma-nacional-de-economias-creativas\/#breadcrumb"},"inLanguage":"es","potentialAction":[{"@type":"ReadAction","target":["https:\/\/dev.antudigital.cl\/sites\/vc\/ministerio-de-las-culturas-lanzo-plataforma-nacional-de-economias-creativas\/"]}]},{"@type":"ImageObject","inLanguage":"es","@id":"https:\/\/dev.antudigital.cl\/sites\/vc\/ministerio-de-las-culturas-lanzo-plataforma-nacional-de-economias-creativas\/#primaryimage","url":"https:\/\/dev.antudigital.cl\/sites\/vc\/wp-content\/uploads\/2020\/11\/EC.png","contentUrl":"https:\/\/dev.antudigital.cl\/sites\/vc\/wp-content\/uploads\/2020\/11\/EC.png","width":711,"height":474},{"@type":"BreadcrumbList","@id":"https:\/\/dev.antudigital.cl\/sites\/vc\/ministerio-de-las-culturas-lanzo-plataforma-nacional-de-economias-creativas\/#breadcrumb","itemListElement":[{"@type":"ListItem","position":1,"name":"Home","item":"https:\/\/dev.antudigital.cl\/sites\/vc\/"},{"@type":"ListItem","position":2,"name":"Ministerio de las Culturas lanz\u00f3 plataforma nacional de Econom\u00edas Creativas"}]},{"@type":"WebSite","@id":"https:\/\/dev.antudigital.cl\/sites\/vc\/#website","url":"https:\/\/dev.antudigital.cl\/sites\/vc\/","name":"Valpara\u00ed\u00adso Creativo","description":"","potentialAction":[{"@type":"SearchAction","target":{"@type":"EntryPoint","urlTemplate":"https:\/\/dev.antudigital.cl\/sites\/vc\/?s={search_term_string}"},"query-input":{"@type":"PropertyValueSpecification","valueRequired":true,"valueName":"search_term_string"}}],"inLanguage":"es"},{"@type":"Person","@id":"https:\/\/dev.antudigital.cl\/sites\/vc\/#\/schema\/person\/81d1dcd51abd542b5dfc00f5f951a0f1","name":"Valparaiso Creativo","url":"https:\/\/dev.antudigital.cl\/sites\/vc\/author\/valparaiso-creativo\/"}]}},"_links":{"self":[{"href":"https:\/\/dev.antudigital.cl\/sites\/vc\/wp-json\/wp\/v2\/posts\/8487","targetHints":{"allow":["GET"]}}],"collection":[{"href":"https:\/\/dev.antudigital.cl\/sites\/vc\/wp-json\/wp\/v2\/posts"}],"about":[{"href":"https:\/\/dev.antudigital.cl\/sites\/vc\/wp-json\/wp\/v2\/types\/post"}],"author":[{"embeddable":true,"href":"https:\/\/dev.antudigital.cl\/sites\/vc\/wp-json\/wp\/v2\/users\/3"}],"replies":[{"embeddable":true,"href":"https:\/\/dev.antudigital.cl\/sites\/vc\/wp-json\/wp\/v2\/comments?post=8487"}],"version-history":[{"count":0,"href":"https:\/\/dev.antudigital.cl\/sites\/vc\/wp-json\/wp\/v2\/posts\/8487\/revisions"}],"wp:featuredmedia":[{"embeddable":true,"href":"https:\/\/dev.antudigital.cl\/sites\/vc\/wp-json\/wp\/v2\/media\/8488"}],"wp:attachment":[{"href":"https:\/\/dev.antudigital.cl\/sites\/vc\/wp-json\/wp\/v2\/media?parent=8487"}],"wp:term":[{"taxonomy":"category","embeddable":true,"href":"https:\/\/dev.antudigital.cl\/sites\/vc\/wp-json\/wp\/v2\/categories?post=8487"},{"taxonomy":"post_tag","embeddable":true,"href":"https:\/\/dev.antudigital.cl\/sites\/vc\/wp-json\/wp\/v2\/tags?post=8487"}],"curies":[{"name":"wp","href":"https:\/\/api.w.org\/{rel}","templated":true}]}}