{"id":8489,"date":"2020-11-30T14:19:05","date_gmt":"2020-11-30T14:19:05","guid":{"rendered":"https:\/\/www.valparaisocreativo.cl\/?p=5530"},"modified":"2021-12-24T20:26:24","modified_gmt":"2021-12-24T20:26:24","slug":"te-invitamos-al-taller-economias-creativas-y-digitalizacion-de-la-musica","status":"publish","type":"post","link":"https:\/\/dev.antudigital.cl\/sites\/vc\/te-invitamos-al-taller-economias-creativas-y-digitalizacion-de-la-musica\/","title":{"rendered":"Te invitamos al Taller \u00abEconom\u00edas creativas y digitalizaci\u00f3n de la m\u00fasica\u00bb"},"content":{"rendered":"<div dir=\"ltr\">El Programa Estrat\u00e9gico Regional Corfo, Valpara\u00edso Creativo, como parte de la organizaci\u00f3n, te invita a&nbsp; ECONOM\u00cdAS CREATIVAS Y LA DIGITALIZACI\u00d3N DE LA M\u00daSICA. Un espacio gratuito para todos y todas quienes est\u00e9n en la industria musical, tengan un proyecto musical, para ser guiados por expertos con ejemplos concretos y herramientas pr\u00e1cticas.<\/div>\n<div dir=\"ltr\"><\/div>\n<div dir=\"ltr\">En entrevista con Crist\u00f3bal Da\u00f1obeitia, uno de los talleristas y parte del Observatorio Digital de la M\u00fasica Chilena, nos coment\u00f3 acerca de la instancia lo siguiente:<\/div>\n<p class=\"p1\"><strong>&#8211; Tu taller habla de Datos, cultura de registro y c\u00f3mo beneficiarse de ello, \u00bfnos puedes explicar un poco m\u00e1s de los contenidos que se tratar\u00e1n aqu\u00ed?<\/strong><\/p>\n<p class=\"p1\">&#8211; Vamos a trabajar conceptos fundamentales para hacer estudios o hacer un proyecto de an\u00e1lisis de datos para tu proyecto musical y creativo. Por ejemplo, cu\u00e1l es la diferencia entre informaci\u00f3n y datos, d\u00f3nde se alojan los datos, cu\u00e1les me conviene rescatar, cu\u00e1nto tiempo dedico a esa b\u00fasqueda de informaci\u00f3n, Para qu\u00e9 sirven los datos de los que hablamos y c\u00f3mo podemos interpretarlos en el contexto.<\/p>\n<p class=\"p1\"><strong>&#8211; \u00bfEn qu\u00e9 tipo de decisiones se puede guiar o puede ser un aporte esta data para un proyecto musical?<\/strong><\/p>\n<p class=\"p1\">&#8211; Hay que entender la importancia de los datos en cualquier tipo de proyecto creativo. Muchas veces no se guardan datos, yo&nbsp; ense\u00f1o c\u00f3mo se registran y les doy ideas de que pueden registrar. Se traspasa la importancia de los datos para tomar decisiones y despu\u00e9s ense\u00f1o a tomar decisiones con eso. Pongo como ejemplo mi mismo caso, y c\u00f3mo esto nos habla del estado de la Industria, haciendo la analog\u00edas para ver c\u00f3mo lo pueden aplicar en cada proyecto.<\/p>\n<p><strong>&#8211; \u00bfCrees que estos contenidos son a\u00fan nuevos, que hay que buscarlos y comenzar a familiarizarse m\u00e1s con ellos? Dentro de la industria musical.<\/strong><\/p>\n<p class=\"p1\">&#8211; Yo creo que es algo que est\u00e1 empezando, pero porque da de la mano con el crecimiento de la industria en Chile en los \u00faltimos a\u00f1os. Como ahora se digitaliza todo, tenemos m\u00e1s datos a la mano, y es necesario tener herramientas para analizarlo. A pesar de que sea una necesidad, estamos en un nivel muy b\u00e1sico. Por eso casi todos son ejemplos. Todav\u00eda trato de nivelar. Reci\u00e9n en una segunda etapa, que tiene que ver con el registro de los datos. La digitalizaci\u00f3n aceler\u00f3 la necesidad, pero no el conocimiento.<\/p>\n<h3 dir=\"ltr\">Puedes revisar el programa e inscribirte <a href=\"https:\/\/www.questionpro.com\/a\/TakeSurvey?tt=vObyKIzWE%2Bc%3D\">aqu\u00ed<\/a>.<\/h3>\n<p><img fetchpriority=\"high\" decoding=\"async\" class=\"alignleft size-medium wp-image-5531\" src=\"https:\/\/www.valparaisocreativo.cl\/wp-content\/uploads\/2020\/11\/1_cc2-1-300x300.png\" alt=\"\" width=\"300\" height=\"300\"><\/p>\n<p>&nbsp;<\/p>\n<p>&nbsp;<\/p>\n<p>&nbsp;<\/p>\n<p>&nbsp;<\/p>\n<p>&nbsp;<\/p>\n<p>&nbsp;<\/p>\n<p>&nbsp;<\/p>\n<p>&nbsp;<\/p>\n","protected":false},"excerpt":{"rendered":"<p>El Programa Estrat\u00e9gico Regional Corfo, Valpara\u00edso Creativo, como parte de la organizaci\u00f3n, te invita a&nbsp; ECONOM\u00cdAS CREATIVAS Y LA DIGITALIZACI\u00d3N DE LA M\u00daSICA. Un espacio gratuito para todos y todas quienes est\u00e9n en la industria musical, tengan un proyecto musical, para ser guiados por expertos con ejemplos concretos y herramientas pr\u00e1cticas. En entrevista con Crist\u00f3bal [&hellip;]<\/p>\n","protected":false},"author":3,"featured_media":8497,"comment_status":"closed","ping_status":"closed","sticky":false,"template":"","format":"standard","meta":{"_acf_changed":false,"footnotes":""},"categories":[8],"tags":[],"class_list":["post-8489","post","type-post","status-publish","format-standard","has-post-thumbnail","hentry","category-noticia"],"acf":[],"yoast_head":"<!-- This site is optimized with the Yoast SEO plugin v27.1.1 - https:\/\/yoast.com\/product\/yoast-seo-wordpress\/ -->\n<title>Te invitamos al Taller &quot;Econom\u00edas creativas y digitalizaci\u00f3n de la m\u00fasica&quot; - Valpara\u00ed\u00adso Creativo<\/title>\n<meta name=\"robots\" content=\"index, follow, max-snippet:-1, max-image-preview:large, max-video-preview:-1\" \/>\n<link rel=\"canonical\" href=\"https:\/\/dev.antudigital.cl\/sites\/vc\/te-invitamos-al-taller-economias-creativas-y-digitalizacion-de-la-musica\/\" \/>\n<meta property=\"og:locale\" content=\"es_ES\" \/>\n<meta property=\"og:type\" content=\"article\" \/>\n<meta property=\"og:title\" content=\"Te invitamos al Taller &quot;Econom\u00edas creativas y digitalizaci\u00f3n de la m\u00fasica&quot; - Valpara\u00ed\u00adso Creativo\" \/>\n<meta property=\"og:description\" content=\"El Programa Estrat\u00e9gico Regional Corfo, Valpara\u00edso Creativo, como parte de la organizaci\u00f3n, te invita a&nbsp; ECONOM\u00cdAS CREATIVAS Y LA DIGITALIZACI\u00d3N DE LA M\u00daSICA. Un espacio gratuito para todos y todas quienes est\u00e9n en la industria musical, tengan un proyecto musical, para ser guiados por expertos con ejemplos concretos y herramientas pr\u00e1cticas. En entrevista con Crist\u00f3bal [&hellip;]\" \/>\n<meta property=\"og:url\" content=\"https:\/\/dev.antudigital.cl\/sites\/vc\/te-invitamos-al-taller-economias-creativas-y-digitalizacion-de-la-musica\/\" \/>\n<meta property=\"og:site_name\" content=\"Valpara\u00ed\u00adso Creativo\" \/>\n<meta property=\"article:published_time\" content=\"2020-11-30T14:19:05+00:00\" \/>\n<meta property=\"article:modified_time\" content=\"2021-12-24T20:26:24+00:00\" \/>\n<meta property=\"og:image\" content=\"https:\/\/dev.antudigital.cl\/sites\/vc\/wp-content\/uploads\/2020\/11\/1_cc2-1-1.png\" \/>\n\t<meta property=\"og:image:width\" content=\"1080\" \/>\n\t<meta property=\"og:image:height\" content=\"1081\" \/>\n\t<meta property=\"og:image:type\" content=\"image\/png\" \/>\n<meta name=\"author\" content=\"Valparaiso Creativo\" \/>\n<meta name=\"twitter:card\" content=\"summary_large_image\" \/>\n<meta name=\"twitter:label1\" content=\"Escrito por\" \/>\n\t<meta name=\"twitter:data1\" content=\"Valparaiso Creativo\" \/>\n\t<meta name=\"twitter:label2\" content=\"Tiempo de lectura\" \/>\n\t<meta name=\"twitter:data2\" content=\"3 minutos\" \/>\n<script type=\"application\/ld+json\" class=\"yoast-schema-graph\">{\"@context\":\"https:\/\/schema.org\",\"@graph\":[{\"@type\":\"Article\",\"@id\":\"https:\/\/dev.antudigital.cl\/sites\/vc\/te-invitamos-al-taller-economias-creativas-y-digitalizacion-de-la-musica\/#article\",\"isPartOf\":{\"@id\":\"https:\/\/dev.antudigital.cl\/sites\/vc\/te-invitamos-al-taller-economias-creativas-y-digitalizacion-de-la-musica\/\"},\"author\":{\"name\":\"Valparaiso Creativo\",\"@id\":\"https:\/\/dev.antudigital.cl\/sites\/vc\/#\/schema\/person\/81d1dcd51abd542b5dfc00f5f951a0f1\"},\"headline\":\"Te invitamos al Taller \u00abEconom\u00edas creativas y digitalizaci\u00f3n de la m\u00fasica\u00bb\",\"datePublished\":\"2020-11-30T14:19:05+00:00\",\"dateModified\":\"2021-12-24T20:26:24+00:00\",\"mainEntityOfPage\":{\"@id\":\"https:\/\/dev.antudigital.cl\/sites\/vc\/te-invitamos-al-taller-economias-creativas-y-digitalizacion-de-la-musica\/\"},\"wordCount\":455,\"image\":{\"@id\":\"https:\/\/dev.antudigital.cl\/sites\/vc\/te-invitamos-al-taller-economias-creativas-y-digitalizacion-de-la-musica\/#primaryimage\"},\"thumbnailUrl\":\"https:\/\/dev.antudigital.cl\/sites\/vc\/wp-content\/uploads\/2020\/11\/1_cc2-1-1.png\",\"articleSection\":[\"Noticia\"],\"inLanguage\":\"es\"},{\"@type\":\"WebPage\",\"@id\":\"https:\/\/dev.antudigital.cl\/sites\/vc\/te-invitamos-al-taller-economias-creativas-y-digitalizacion-de-la-musica\/\",\"url\":\"https:\/\/dev.antudigital.cl\/sites\/vc\/te-invitamos-al-taller-economias-creativas-y-digitalizacion-de-la-musica\/\",\"name\":\"Te invitamos al Taller \\\"Econom\u00edas creativas y digitalizaci\u00f3n de la m\u00fasica\\\" - Valpara\u00ed\u00adso Creativo\",\"isPartOf\":{\"@id\":\"https:\/\/dev.antudigital.cl\/sites\/vc\/#website\"},\"primaryImageOfPage\":{\"@id\":\"https:\/\/dev.antudigital.cl\/sites\/vc\/te-invitamos-al-taller-economias-creativas-y-digitalizacion-de-la-musica\/#primaryimage\"},\"image\":{\"@id\":\"https:\/\/dev.antudigital.cl\/sites\/vc\/te-invitamos-al-taller-economias-creativas-y-digitalizacion-de-la-musica\/#primaryimage\"},\"thumbnailUrl\":\"https:\/\/dev.antudigital.cl\/sites\/vc\/wp-content\/uploads\/2020\/11\/1_cc2-1-1.png\",\"datePublished\":\"2020-11-30T14:19:05+00:00\",\"dateModified\":\"2021-12-24T20:26:24+00:00\",\"author\":{\"@id\":\"https:\/\/dev.antudigital.cl\/sites\/vc\/#\/schema\/person\/81d1dcd51abd542b5dfc00f5f951a0f1\"},\"breadcrumb\":{\"@id\":\"https:\/\/dev.antudigital.cl\/sites\/vc\/te-invitamos-al-taller-economias-creativas-y-digitalizacion-de-la-musica\/#breadcrumb\"},\"inLanguage\":\"es\",\"potentialAction\":[{\"@type\":\"ReadAction\",\"target\":[\"https:\/\/dev.antudigital.cl\/sites\/vc\/te-invitamos-al-taller-economias-creativas-y-digitalizacion-de-la-musica\/\"]}]},{\"@type\":\"ImageObject\",\"inLanguage\":\"es\",\"@id\":\"https:\/\/dev.antudigital.cl\/sites\/vc\/te-invitamos-al-taller-economias-creativas-y-digitalizacion-de-la-musica\/#primaryimage\",\"url\":\"https:\/\/dev.antudigital.cl\/sites\/vc\/wp-content\/uploads\/2020\/11\/1_cc2-1-1.png\",\"contentUrl\":\"https:\/\/dev.antudigital.cl\/sites\/vc\/wp-content\/uploads\/2020\/11\/1_cc2-1-1.png\",\"width\":1080,\"height\":1081},{\"@type\":\"BreadcrumbList\",\"@id\":\"https:\/\/dev.antudigital.cl\/sites\/vc\/te-invitamos-al-taller-economias-creativas-y-digitalizacion-de-la-musica\/#breadcrumb\",\"itemListElement\":[{\"@type\":\"ListItem\",\"position\":1,\"name\":\"Home\",\"item\":\"https:\/\/dev.antudigital.cl\/sites\/vc\/\"},{\"@type\":\"ListItem\",\"position\":2,\"name\":\"Te invitamos al Taller \u00abEconom\u00edas creativas y digitalizaci\u00f3n de la m\u00fasica\u00bb\"}]},{\"@type\":\"WebSite\",\"@id\":\"https:\/\/dev.antudigital.cl\/sites\/vc\/#website\",\"url\":\"https:\/\/dev.antudigital.cl\/sites\/vc\/\",\"name\":\"Valpara\u00ed\u00adso Creativo\",\"description\":\"\",\"potentialAction\":[{\"@type\":\"SearchAction\",\"target\":{\"@type\":\"EntryPoint\",\"urlTemplate\":\"https:\/\/dev.antudigital.cl\/sites\/vc\/?s={search_term_string}\"},\"query-input\":{\"@type\":\"PropertyValueSpecification\",\"valueRequired\":true,\"valueName\":\"search_term_string\"}}],\"inLanguage\":\"es\"},{\"@type\":\"Person\",\"@id\":\"https:\/\/dev.antudigital.cl\/sites\/vc\/#\/schema\/person\/81d1dcd51abd542b5dfc00f5f951a0f1\",\"name\":\"Valparaiso Creativo\",\"url\":\"https:\/\/dev.antudigital.cl\/sites\/vc\/author\/valparaiso-creativo\/\"}]}<\/script>\n<!-- \/ Yoast SEO plugin. -->","yoast_head_json":{"title":"Te invitamos al Taller \"Econom\u00edas creativas y digitalizaci\u00f3n de la m\u00fasica\" - Valpara\u00ed\u00adso Creativo","robots":{"index":"index","follow":"follow","max-snippet":"max-snippet:-1","max-image-preview":"max-image-preview:large","max-video-preview":"max-video-preview:-1"},"canonical":"https:\/\/dev.antudigital.cl\/sites\/vc\/te-invitamos-al-taller-economias-creativas-y-digitalizacion-de-la-musica\/","og_locale":"es_ES","og_type":"article","og_title":"Te invitamos al Taller \"Econom\u00edas creativas y digitalizaci\u00f3n de la m\u00fasica\" - Valpara\u00ed\u00adso Creativo","og_description":"El Programa Estrat\u00e9gico Regional Corfo, Valpara\u00edso Creativo, como parte de la organizaci\u00f3n, te invita a&nbsp; ECONOM\u00cdAS CREATIVAS Y LA DIGITALIZACI\u00d3N DE LA M\u00daSICA. Un espacio gratuito para todos y todas quienes est\u00e9n en la industria musical, tengan un proyecto musical, para ser guiados por expertos con ejemplos concretos y herramientas pr\u00e1cticas. En entrevista con Crist\u00f3bal [&hellip;]","og_url":"https:\/\/dev.antudigital.cl\/sites\/vc\/te-invitamos-al-taller-economias-creativas-y-digitalizacion-de-la-musica\/","og_site_name":"Valpara\u00ed\u00adso Creativo","article_published_time":"2020-11-30T14:19:05+00:00","article_modified_time":"2021-12-24T20:26:24+00:00","og_image":[{"width":1080,"height":1081,"url":"https:\/\/dev.antudigital.cl\/sites\/vc\/wp-content\/uploads\/2020\/11\/1_cc2-1-1.png","type":"image\/png"}],"author":"Valparaiso Creativo","twitter_card":"summary_large_image","twitter_misc":{"Escrito por":"Valparaiso Creativo","Tiempo de lectura":"3 minutos"},"schema":{"@context":"https:\/\/schema.org","@graph":[{"@type":"Article","@id":"https:\/\/dev.antudigital.cl\/sites\/vc\/te-invitamos-al-taller-economias-creativas-y-digitalizacion-de-la-musica\/#article","isPartOf":{"@id":"https:\/\/dev.antudigital.cl\/sites\/vc\/te-invitamos-al-taller-economias-creativas-y-digitalizacion-de-la-musica\/"},"author":{"name":"Valparaiso Creativo","@id":"https:\/\/dev.antudigital.cl\/sites\/vc\/#\/schema\/person\/81d1dcd51abd542b5dfc00f5f951a0f1"},"headline":"Te invitamos al Taller \u00abEconom\u00edas creativas y digitalizaci\u00f3n de la m\u00fasica\u00bb","datePublished":"2020-11-30T14:19:05+00:00","dateModified":"2021-12-24T20:26:24+00:00","mainEntityOfPage":{"@id":"https:\/\/dev.antudigital.cl\/sites\/vc\/te-invitamos-al-taller-economias-creativas-y-digitalizacion-de-la-musica\/"},"wordCount":455,"image":{"@id":"https:\/\/dev.antudigital.cl\/sites\/vc\/te-invitamos-al-taller-economias-creativas-y-digitalizacion-de-la-musica\/#primaryimage"},"thumbnailUrl":"https:\/\/dev.antudigital.cl\/sites\/vc\/wp-content\/uploads\/2020\/11\/1_cc2-1-1.png","articleSection":["Noticia"],"inLanguage":"es"},{"@type":"WebPage","@id":"https:\/\/dev.antudigital.cl\/sites\/vc\/te-invitamos-al-taller-economias-creativas-y-digitalizacion-de-la-musica\/","url":"https:\/\/dev.antudigital.cl\/sites\/vc\/te-invitamos-al-taller-economias-creativas-y-digitalizacion-de-la-musica\/","name":"Te invitamos al Taller \"Econom\u00edas creativas y digitalizaci\u00f3n de la m\u00fasica\" - Valpara\u00ed\u00adso Creativo","isPartOf":{"@id":"https:\/\/dev.antudigital.cl\/sites\/vc\/#website"},"primaryImageOfPage":{"@id":"https:\/\/dev.antudigital.cl\/sites\/vc\/te-invitamos-al-taller-economias-creativas-y-digitalizacion-de-la-musica\/#primaryimage"},"image":{"@id":"https:\/\/dev.antudigital.cl\/sites\/vc\/te-invitamos-al-taller-economias-creativas-y-digitalizacion-de-la-musica\/#primaryimage"},"thumbnailUrl":"https:\/\/dev.antudigital.cl\/sites\/vc\/wp-content\/uploads\/2020\/11\/1_cc2-1-1.png","datePublished":"2020-11-30T14:19:05+00:00","dateModified":"2021-12-24T20:26:24+00:00","author":{"@id":"https:\/\/dev.antudigital.cl\/sites\/vc\/#\/schema\/person\/81d1dcd51abd542b5dfc00f5f951a0f1"},"breadcrumb":{"@id":"https:\/\/dev.antudigital.cl\/sites\/vc\/te-invitamos-al-taller-economias-creativas-y-digitalizacion-de-la-musica\/#breadcrumb"},"inLanguage":"es","potentialAction":[{"@type":"ReadAction","target":["https:\/\/dev.antudigital.cl\/sites\/vc\/te-invitamos-al-taller-economias-creativas-y-digitalizacion-de-la-musica\/"]}]},{"@type":"ImageObject","inLanguage":"es","@id":"https:\/\/dev.antudigital.cl\/sites\/vc\/te-invitamos-al-taller-economias-creativas-y-digitalizacion-de-la-musica\/#primaryimage","url":"https:\/\/dev.antudigital.cl\/sites\/vc\/wp-content\/uploads\/2020\/11\/1_cc2-1-1.png","contentUrl":"https:\/\/dev.antudigital.cl\/sites\/vc\/wp-content\/uploads\/2020\/11\/1_cc2-1-1.png","width":1080,"height":1081},{"@type":"BreadcrumbList","@id":"https:\/\/dev.antudigital.cl\/sites\/vc\/te-invitamos-al-taller-economias-creativas-y-digitalizacion-de-la-musica\/#breadcrumb","itemListElement":[{"@type":"ListItem","position":1,"name":"Home","item":"https:\/\/dev.antudigital.cl\/sites\/vc\/"},{"@type":"ListItem","position":2,"name":"Te invitamos al Taller \u00abEconom\u00edas creativas y digitalizaci\u00f3n de la m\u00fasica\u00bb"}]},{"@type":"WebSite","@id":"https:\/\/dev.antudigital.cl\/sites\/vc\/#website","url":"https:\/\/dev.antudigital.cl\/sites\/vc\/","name":"Valpara\u00ed\u00adso Creativo","description":"","potentialAction":[{"@type":"SearchAction","target":{"@type":"EntryPoint","urlTemplate":"https:\/\/dev.antudigital.cl\/sites\/vc\/?s={search_term_string}"},"query-input":{"@type":"PropertyValueSpecification","valueRequired":true,"valueName":"search_term_string"}}],"inLanguage":"es"},{"@type":"Person","@id":"https:\/\/dev.antudigital.cl\/sites\/vc\/#\/schema\/person\/81d1dcd51abd542b5dfc00f5f951a0f1","name":"Valparaiso Creativo","url":"https:\/\/dev.antudigital.cl\/sites\/vc\/author\/valparaiso-creativo\/"}]}},"_links":{"self":[{"href":"https:\/\/dev.antudigital.cl\/sites\/vc\/wp-json\/wp\/v2\/posts\/8489","targetHints":{"allow":["GET"]}}],"collection":[{"href":"https:\/\/dev.antudigital.cl\/sites\/vc\/wp-json\/wp\/v2\/posts"}],"about":[{"href":"https:\/\/dev.antudigital.cl\/sites\/vc\/wp-json\/wp\/v2\/types\/post"}],"author":[{"embeddable":true,"href":"https:\/\/dev.antudigital.cl\/sites\/vc\/wp-json\/wp\/v2\/users\/3"}],"replies":[{"embeddable":true,"href":"https:\/\/dev.antudigital.cl\/sites\/vc\/wp-json\/wp\/v2\/comments?post=8489"}],"version-history":[{"count":1,"href":"https:\/\/dev.antudigital.cl\/sites\/vc\/wp-json\/wp\/v2\/posts\/8489\/revisions"}],"predecessor-version":[{"id":8498,"href":"https:\/\/dev.antudigital.cl\/sites\/vc\/wp-json\/wp\/v2\/posts\/8489\/revisions\/8498"}],"wp:featuredmedia":[{"embeddable":true,"href":"https:\/\/dev.antudigital.cl\/sites\/vc\/wp-json\/wp\/v2\/media\/8497"}],"wp:attachment":[{"href":"https:\/\/dev.antudigital.cl\/sites\/vc\/wp-json\/wp\/v2\/media?parent=8489"}],"wp:term":[{"taxonomy":"category","embeddable":true,"href":"https:\/\/dev.antudigital.cl\/sites\/vc\/wp-json\/wp\/v2\/categories?post=8489"},{"taxonomy":"post_tag","embeddable":true,"href":"https:\/\/dev.antudigital.cl\/sites\/vc\/wp-json\/wp\/v2\/tags?post=8489"}],"curies":[{"name":"wp","href":"https:\/\/api.w.org\/{rel}","templated":true}]}}