{"id":8507,"date":"2020-11-23T21:27:18","date_gmt":"2020-11-23T21:27:18","guid":{"rendered":"https:\/\/www.valparaisocreativo.cl\/?p=5517"},"modified":"2020-11-23T21:27:18","modified_gmt":"2020-11-23T21:27:18","slug":"ya-llego-expochallenge-2020-y-somos-parte-de-su-jurado","status":"publish","type":"post","link":"https:\/\/dev.antudigital.cl\/sites\/vc\/ya-llego-expochallenge-2020-y-somos-parte-de-su-jurado\/","title":{"rendered":"Ya lleg\u00f3 ExpoChallenge 2020, y somos parte de su jurado"},"content":{"rendered":"<p>Desde el 23 de noviembre al 27 se est\u00e1 realizando Expo Inclusi\u00f3n Online, el \u201cHub de la inclusi\u00f3n\u201d de Chile en materia laboral y de innovaci\u00f3n, que en su tercera versi\u00f3n debuta con formato 100% online.<\/p>\n<p>Por tercer a\u00f1o consecutivo, Expo Inclusi\u00f3n premiar\u00e1 a aquellos proyectos o emprendimientos inclusivos a trav\u00e9s de Inclusi\u00f3n Challenge,<span class=\"Apple-converted-space\">\u00a0<\/span>\u00a0concurso de innovaci\u00f3n social abierta, patrocinado por la Corporaci\u00f3n de Fomento de la Producci\u00f3n (Corfo) y Startup Chile.<\/p>\n<p>Esta cumbre de la inclusi\u00f3n laboral y social para personas con discapacidad se realizar\u00e1 entre los d\u00edas 23 y 27 de noviembre y albergar\u00e1 el primer congreso v\u00eda streaming y una feria laboral 100% inclusiva -que contar\u00e1 con una oferta de m\u00e1s de 2 mil puestos de trabajo-, a trav\u00e9s de una plataforma web accesible para todo Chile. Adem\u00e1s de<span class=\"Apple-converted-space\">\u00a0\u00a0<\/span>innovaciones que permitir\u00e1n, por ejemplo, que tanto pymes, empresas, expositores y visitantes puedan capacitarse y comunicarse en lengua de se\u00f1as.<\/p>\n<p>\u201cEn esta oportunidad Expo Inclusi\u00f3n ha querido estar presente de manera online, transform\u00e1ndose as\u00ed en el gran puente de uni\u00f3n entre las fundaciones, las empresas y las personas con discapacidad. Nuestro objetivo es apoyar y aportar con iniciativas para impulsar a este segmento de la poblaci\u00f3n que ha sufrido los embates del estallido social y el Covid-19. Por ello, destacaremos y potenciaremos los emprendimientos y las capacitaciones en este gran encuentro de la inclusi\u00f3n\u201d, indica la directora ejecutiva de Expo Inclusi\u00f3n Online, Paola Ortega.<\/p>\n<p>Para inscribirse en Inclusi\u00f3n Challenge, los postulantes deben ingresar los datos del proyecto o emprendimiento entre el 1 y el 30 de octubre en un formulario en la web de expoinclusion.cl.<\/p>\n<p>Las startups seleccionadas podr\u00e1n realizar su presentaci\u00f3n (o \u201cpitch\u201d) durante la ma\u00f1ana del d\u00eda jueves 26 de noviembre, a trav\u00e9s de la plataforma online de Expo Inclusi\u00f3n, frente a representantes de las principales incubadoras de negocios del pa\u00eds.<\/p>\n<p>La tercera versi\u00f3n de Expo Inclusi\u00f3n se realizar\u00e1 en formato 100% online, contando con tecnolog\u00eda pionera en materia de feria virtual y comunicaci\u00f3n inclusiva v\u00eda lengua de se\u00f1as para los participantes. Ello permitir\u00e1 adem\u00e1s que startups o proyectos inclusivos de cualquier regi\u00f3n del pa\u00eds puedan participar, lo que adem\u00e1s dar\u00e1 visibilidad y permitir\u00e1 generar redes a emprendedores.<\/p>\n<p>El jurado del Inclusi\u00f3n Challenge, que determinar\u00e1 los mejores proyectos de este a\u00f1o, estar\u00e1 integrado por representantes de Corfo, Startup Chile y Colab UC. \u00a1Y somos parte de ellos!<\/p>\n<p>Los tres primeros lugares ser\u00e1n beneficiados con un programa de mentor\u00eda de ColabUC as\u00ed como un acompa\u00f1amiento acad\u00e9mico de AcercaRedes; y un kit tecnol\u00f3gico de Expo Inclusi\u00f3n, dependiendo de los puntajes obtenidos en un primer, segundo y tercer lugar.<\/p>\n<h3><strong>Algunos ganadores<\/strong><\/h3>\n<p>El a\u00f1o pasado,<span class=\"Apple-converted-space\">\u00a0\u00a0<\/span>el ganador del Inclusi\u00f3n Challenge fue el proyecto Noteikin, tecnolog\u00eda impulsada por acad\u00e9micos de la Facultad de Ingenier\u00eda de la UCSC, que permite a personas con discapacidad visual dictar textos que son transferidos a smartphones o computadores en texto est\u00e1ndar, para que otras personas los puedan leer.<span class=\"Apple-converted-space\">\u00a0<\/span><\/p>\n<p>Destac\u00f3 tambi\u00e9n la iniciativa Vi-sor de Red-Apis, sistema de video interpretaci\u00f3n que permite contar con int\u00e9rpretes de diversas lenguas y que puede facilitar entrevistas laborales, atenci\u00f3n al p\u00fablico, reuniones de equipo, salas de clase, entre otras.<\/p>\n<p>En 2018, en tanto, el proyecto Lazarillo (2018) debut\u00f3 como ganador con la<span class=\"Apple-converted-space\">\u00a0\u00a0<\/span>aplicaci\u00f3n que ayuda a personas con discapacidad visual a conocer su ubicaci\u00f3n y servicios de inter\u00e9s del usuario, junto con las rutas para llegar a destino.<span class=\"Apple-converted-space\">\u00a0<\/span><\/p>\n","protected":false},"excerpt":{"rendered":"<p>Desde el 23 de noviembre al 27 se est\u00e1 realizando Expo Inclusi\u00f3n Online, el \u201cHub de la inclusi\u00f3n\u201d de Chile en materia laboral y de innovaci\u00f3n, que en su tercera versi\u00f3n debuta con formato 100% online. Por tercer a\u00f1o consecutivo, Expo Inclusi\u00f3n premiar\u00e1 a aquellos proyectos o emprendimientos inclusivos a trav\u00e9s de Inclusi\u00f3n Challenge,\u00a0\u00a0concurso de [&hellip;]<\/p>\n","protected":false},"author":3,"featured_media":8508,"comment_status":"closed","ping_status":"closed","sticky":false,"template":"","format":"standard","meta":{"_acf_changed":false,"footnotes":""},"categories":[8],"tags":[],"class_list":["post-8507","post","type-post","status-publish","format-standard","has-post-thumbnail","hentry","category-noticia"],"acf":[],"yoast_head":"<!-- This site is optimized with the Yoast SEO plugin v27.1.1 - https:\/\/yoast.com\/product\/yoast-seo-wordpress\/ -->\n<title>Ya lleg\u00f3 ExpoChallenge 2020, y somos parte de su jurado - Valpara\u00ed\u00adso Creativo<\/title>\n<meta name=\"robots\" content=\"index, follow, max-snippet:-1, max-image-preview:large, max-video-preview:-1\" \/>\n<link rel=\"canonical\" href=\"https:\/\/dev.antudigital.cl\/sites\/vc\/ya-llego-expochallenge-2020-y-somos-parte-de-su-jurado\/\" \/>\n<meta property=\"og:locale\" content=\"es_ES\" \/>\n<meta property=\"og:type\" content=\"article\" \/>\n<meta property=\"og:title\" content=\"Ya lleg\u00f3 ExpoChallenge 2020, y somos parte de su jurado - Valpara\u00ed\u00adso Creativo\" \/>\n<meta property=\"og:description\" content=\"Desde el 23 de noviembre al 27 se est\u00e1 realizando Expo Inclusi\u00f3n Online, el \u201cHub de la inclusi\u00f3n\u201d de Chile en materia laboral y de innovaci\u00f3n, que en su tercera versi\u00f3n debuta con formato 100% online. Por tercer a\u00f1o consecutivo, Expo Inclusi\u00f3n premiar\u00e1 a aquellos proyectos o emprendimientos inclusivos a trav\u00e9s de Inclusi\u00f3n Challenge,\u00a0\u00a0concurso de [&hellip;]\" \/>\n<meta property=\"og:url\" content=\"https:\/\/dev.antudigital.cl\/sites\/vc\/ya-llego-expochallenge-2020-y-somos-parte-de-su-jurado\/\" \/>\n<meta property=\"og:site_name\" content=\"Valpara\u00ed\u00adso Creativo\" \/>\n<meta property=\"article:published_time\" content=\"2020-11-23T21:27:18+00:00\" \/>\n<meta property=\"og:image\" content=\"https:\/\/dev.antudigital.cl\/sites\/vc\/wp-content\/uploads\/2020\/11\/123334627_2764879203840049_2197064101714807974_n.jpg\" \/>\n\t<meta property=\"og:image:width\" content=\"600\" \/>\n\t<meta property=\"og:image:height\" content=\"315\" \/>\n\t<meta property=\"og:image:type\" content=\"image\/jpeg\" \/>\n<meta name=\"author\" content=\"Valparaiso Creativo\" \/>\n<meta name=\"twitter:card\" content=\"summary_large_image\" \/>\n<meta name=\"twitter:label1\" content=\"Escrito por\" \/>\n\t<meta name=\"twitter:data1\" content=\"Valparaiso Creativo\" \/>\n\t<meta name=\"twitter:label2\" content=\"Tiempo de lectura\" \/>\n\t<meta name=\"twitter:data2\" content=\"3 minutos\" \/>\n<script type=\"application\/ld+json\" class=\"yoast-schema-graph\">{\"@context\":\"https:\/\/schema.org\",\"@graph\":[{\"@type\":\"Article\",\"@id\":\"https:\/\/dev.antudigital.cl\/sites\/vc\/ya-llego-expochallenge-2020-y-somos-parte-de-su-jurado\/#article\",\"isPartOf\":{\"@id\":\"https:\/\/dev.antudigital.cl\/sites\/vc\/ya-llego-expochallenge-2020-y-somos-parte-de-su-jurado\/\"},\"author\":{\"name\":\"Valparaiso Creativo\",\"@id\":\"https:\/\/dev.antudigital.cl\/sites\/vc\/#\/schema\/person\/81d1dcd51abd542b5dfc00f5f951a0f1\"},\"headline\":\"Ya lleg\u00f3 ExpoChallenge 2020, y somos parte de su jurado\",\"datePublished\":\"2020-11-23T21:27:18+00:00\",\"mainEntityOfPage\":{\"@id\":\"https:\/\/dev.antudigital.cl\/sites\/vc\/ya-llego-expochallenge-2020-y-somos-parte-de-su-jurado\/\"},\"wordCount\":619,\"image\":{\"@id\":\"https:\/\/dev.antudigital.cl\/sites\/vc\/ya-llego-expochallenge-2020-y-somos-parte-de-su-jurado\/#primaryimage\"},\"thumbnailUrl\":\"https:\/\/dev.antudigital.cl\/sites\/vc\/wp-content\/uploads\/2020\/11\/123334627_2764879203840049_2197064101714807974_n.jpg\",\"articleSection\":[\"Noticia\"],\"inLanguage\":\"es\"},{\"@type\":\"WebPage\",\"@id\":\"https:\/\/dev.antudigital.cl\/sites\/vc\/ya-llego-expochallenge-2020-y-somos-parte-de-su-jurado\/\",\"url\":\"https:\/\/dev.antudigital.cl\/sites\/vc\/ya-llego-expochallenge-2020-y-somos-parte-de-su-jurado\/\",\"name\":\"Ya lleg\u00f3 ExpoChallenge 2020, y somos parte de su jurado - Valpara\u00ed\u00adso Creativo\",\"isPartOf\":{\"@id\":\"https:\/\/dev.antudigital.cl\/sites\/vc\/#website\"},\"primaryImageOfPage\":{\"@id\":\"https:\/\/dev.antudigital.cl\/sites\/vc\/ya-llego-expochallenge-2020-y-somos-parte-de-su-jurado\/#primaryimage\"},\"image\":{\"@id\":\"https:\/\/dev.antudigital.cl\/sites\/vc\/ya-llego-expochallenge-2020-y-somos-parte-de-su-jurado\/#primaryimage\"},\"thumbnailUrl\":\"https:\/\/dev.antudigital.cl\/sites\/vc\/wp-content\/uploads\/2020\/11\/123334627_2764879203840049_2197064101714807974_n.jpg\",\"datePublished\":\"2020-11-23T21:27:18+00:00\",\"author\":{\"@id\":\"https:\/\/dev.antudigital.cl\/sites\/vc\/#\/schema\/person\/81d1dcd51abd542b5dfc00f5f951a0f1\"},\"breadcrumb\":{\"@id\":\"https:\/\/dev.antudigital.cl\/sites\/vc\/ya-llego-expochallenge-2020-y-somos-parte-de-su-jurado\/#breadcrumb\"},\"inLanguage\":\"es\",\"potentialAction\":[{\"@type\":\"ReadAction\",\"target\":[\"https:\/\/dev.antudigital.cl\/sites\/vc\/ya-llego-expochallenge-2020-y-somos-parte-de-su-jurado\/\"]}]},{\"@type\":\"ImageObject\",\"inLanguage\":\"es\",\"@id\":\"https:\/\/dev.antudigital.cl\/sites\/vc\/ya-llego-expochallenge-2020-y-somos-parte-de-su-jurado\/#primaryimage\",\"url\":\"https:\/\/dev.antudigital.cl\/sites\/vc\/wp-content\/uploads\/2020\/11\/123334627_2764879203840049_2197064101714807974_n.jpg\",\"contentUrl\":\"https:\/\/dev.antudigital.cl\/sites\/vc\/wp-content\/uploads\/2020\/11\/123334627_2764879203840049_2197064101714807974_n.jpg\",\"width\":600,\"height\":315},{\"@type\":\"BreadcrumbList\",\"@id\":\"https:\/\/dev.antudigital.cl\/sites\/vc\/ya-llego-expochallenge-2020-y-somos-parte-de-su-jurado\/#breadcrumb\",\"itemListElement\":[{\"@type\":\"ListItem\",\"position\":1,\"name\":\"Home\",\"item\":\"https:\/\/dev.antudigital.cl\/sites\/vc\/\"},{\"@type\":\"ListItem\",\"position\":2,\"name\":\"Ya lleg\u00f3 ExpoChallenge 2020, y somos parte de su jurado\"}]},{\"@type\":\"WebSite\",\"@id\":\"https:\/\/dev.antudigital.cl\/sites\/vc\/#website\",\"url\":\"https:\/\/dev.antudigital.cl\/sites\/vc\/\",\"name\":\"Valpara\u00ed\u00adso Creativo\",\"description\":\"\",\"potentialAction\":[{\"@type\":\"SearchAction\",\"target\":{\"@type\":\"EntryPoint\",\"urlTemplate\":\"https:\/\/dev.antudigital.cl\/sites\/vc\/?s={search_term_string}\"},\"query-input\":{\"@type\":\"PropertyValueSpecification\",\"valueRequired\":true,\"valueName\":\"search_term_string\"}}],\"inLanguage\":\"es\"},{\"@type\":\"Person\",\"@id\":\"https:\/\/dev.antudigital.cl\/sites\/vc\/#\/schema\/person\/81d1dcd51abd542b5dfc00f5f951a0f1\",\"name\":\"Valparaiso Creativo\",\"url\":\"https:\/\/dev.antudigital.cl\/sites\/vc\/author\/valparaiso-creativo\/\"}]}<\/script>\n<!-- \/ Yoast SEO plugin. -->","yoast_head_json":{"title":"Ya lleg\u00f3 ExpoChallenge 2020, y somos parte de su jurado - Valpara\u00ed\u00adso Creativo","robots":{"index":"index","follow":"follow","max-snippet":"max-snippet:-1","max-image-preview":"max-image-preview:large","max-video-preview":"max-video-preview:-1"},"canonical":"https:\/\/dev.antudigital.cl\/sites\/vc\/ya-llego-expochallenge-2020-y-somos-parte-de-su-jurado\/","og_locale":"es_ES","og_type":"article","og_title":"Ya lleg\u00f3 ExpoChallenge 2020, y somos parte de su jurado - Valpara\u00ed\u00adso Creativo","og_description":"Desde el 23 de noviembre al 27 se est\u00e1 realizando Expo Inclusi\u00f3n Online, el \u201cHub de la inclusi\u00f3n\u201d de Chile en materia laboral y de innovaci\u00f3n, que en su tercera versi\u00f3n debuta con formato 100% online. Por tercer a\u00f1o consecutivo, Expo Inclusi\u00f3n premiar\u00e1 a aquellos proyectos o emprendimientos inclusivos a trav\u00e9s de Inclusi\u00f3n Challenge,\u00a0\u00a0concurso de [&hellip;]","og_url":"https:\/\/dev.antudigital.cl\/sites\/vc\/ya-llego-expochallenge-2020-y-somos-parte-de-su-jurado\/","og_site_name":"Valpara\u00ed\u00adso Creativo","article_published_time":"2020-11-23T21:27:18+00:00","og_image":[{"width":600,"height":315,"url":"https:\/\/dev.antudigital.cl\/sites\/vc\/wp-content\/uploads\/2020\/11\/123334627_2764879203840049_2197064101714807974_n.jpg","type":"image\/jpeg"}],"author":"Valparaiso Creativo","twitter_card":"summary_large_image","twitter_misc":{"Escrito por":"Valparaiso Creativo","Tiempo de lectura":"3 minutos"},"schema":{"@context":"https:\/\/schema.org","@graph":[{"@type":"Article","@id":"https:\/\/dev.antudigital.cl\/sites\/vc\/ya-llego-expochallenge-2020-y-somos-parte-de-su-jurado\/#article","isPartOf":{"@id":"https:\/\/dev.antudigital.cl\/sites\/vc\/ya-llego-expochallenge-2020-y-somos-parte-de-su-jurado\/"},"author":{"name":"Valparaiso Creativo","@id":"https:\/\/dev.antudigital.cl\/sites\/vc\/#\/schema\/person\/81d1dcd51abd542b5dfc00f5f951a0f1"},"headline":"Ya lleg\u00f3 ExpoChallenge 2020, y somos parte de su jurado","datePublished":"2020-11-23T21:27:18+00:00","mainEntityOfPage":{"@id":"https:\/\/dev.antudigital.cl\/sites\/vc\/ya-llego-expochallenge-2020-y-somos-parte-de-su-jurado\/"},"wordCount":619,"image":{"@id":"https:\/\/dev.antudigital.cl\/sites\/vc\/ya-llego-expochallenge-2020-y-somos-parte-de-su-jurado\/#primaryimage"},"thumbnailUrl":"https:\/\/dev.antudigital.cl\/sites\/vc\/wp-content\/uploads\/2020\/11\/123334627_2764879203840049_2197064101714807974_n.jpg","articleSection":["Noticia"],"inLanguage":"es"},{"@type":"WebPage","@id":"https:\/\/dev.antudigital.cl\/sites\/vc\/ya-llego-expochallenge-2020-y-somos-parte-de-su-jurado\/","url":"https:\/\/dev.antudigital.cl\/sites\/vc\/ya-llego-expochallenge-2020-y-somos-parte-de-su-jurado\/","name":"Ya lleg\u00f3 ExpoChallenge 2020, y somos parte de su jurado - Valpara\u00ed\u00adso Creativo","isPartOf":{"@id":"https:\/\/dev.antudigital.cl\/sites\/vc\/#website"},"primaryImageOfPage":{"@id":"https:\/\/dev.antudigital.cl\/sites\/vc\/ya-llego-expochallenge-2020-y-somos-parte-de-su-jurado\/#primaryimage"},"image":{"@id":"https:\/\/dev.antudigital.cl\/sites\/vc\/ya-llego-expochallenge-2020-y-somos-parte-de-su-jurado\/#primaryimage"},"thumbnailUrl":"https:\/\/dev.antudigital.cl\/sites\/vc\/wp-content\/uploads\/2020\/11\/123334627_2764879203840049_2197064101714807974_n.jpg","datePublished":"2020-11-23T21:27:18+00:00","author":{"@id":"https:\/\/dev.antudigital.cl\/sites\/vc\/#\/schema\/person\/81d1dcd51abd542b5dfc00f5f951a0f1"},"breadcrumb":{"@id":"https:\/\/dev.antudigital.cl\/sites\/vc\/ya-llego-expochallenge-2020-y-somos-parte-de-su-jurado\/#breadcrumb"},"inLanguage":"es","potentialAction":[{"@type":"ReadAction","target":["https:\/\/dev.antudigital.cl\/sites\/vc\/ya-llego-expochallenge-2020-y-somos-parte-de-su-jurado\/"]}]},{"@type":"ImageObject","inLanguage":"es","@id":"https:\/\/dev.antudigital.cl\/sites\/vc\/ya-llego-expochallenge-2020-y-somos-parte-de-su-jurado\/#primaryimage","url":"https:\/\/dev.antudigital.cl\/sites\/vc\/wp-content\/uploads\/2020\/11\/123334627_2764879203840049_2197064101714807974_n.jpg","contentUrl":"https:\/\/dev.antudigital.cl\/sites\/vc\/wp-content\/uploads\/2020\/11\/123334627_2764879203840049_2197064101714807974_n.jpg","width":600,"height":315},{"@type":"BreadcrumbList","@id":"https:\/\/dev.antudigital.cl\/sites\/vc\/ya-llego-expochallenge-2020-y-somos-parte-de-su-jurado\/#breadcrumb","itemListElement":[{"@type":"ListItem","position":1,"name":"Home","item":"https:\/\/dev.antudigital.cl\/sites\/vc\/"},{"@type":"ListItem","position":2,"name":"Ya lleg\u00f3 ExpoChallenge 2020, y somos parte de su jurado"}]},{"@type":"WebSite","@id":"https:\/\/dev.antudigital.cl\/sites\/vc\/#website","url":"https:\/\/dev.antudigital.cl\/sites\/vc\/","name":"Valpara\u00ed\u00adso Creativo","description":"","potentialAction":[{"@type":"SearchAction","target":{"@type":"EntryPoint","urlTemplate":"https:\/\/dev.antudigital.cl\/sites\/vc\/?s={search_term_string}"},"query-input":{"@type":"PropertyValueSpecification","valueRequired":true,"valueName":"search_term_string"}}],"inLanguage":"es"},{"@type":"Person","@id":"https:\/\/dev.antudigital.cl\/sites\/vc\/#\/schema\/person\/81d1dcd51abd542b5dfc00f5f951a0f1","name":"Valparaiso Creativo","url":"https:\/\/dev.antudigital.cl\/sites\/vc\/author\/valparaiso-creativo\/"}]}},"_links":{"self":[{"href":"https:\/\/dev.antudigital.cl\/sites\/vc\/wp-json\/wp\/v2\/posts\/8507","targetHints":{"allow":["GET"]}}],"collection":[{"href":"https:\/\/dev.antudigital.cl\/sites\/vc\/wp-json\/wp\/v2\/posts"}],"about":[{"href":"https:\/\/dev.antudigital.cl\/sites\/vc\/wp-json\/wp\/v2\/types\/post"}],"author":[{"embeddable":true,"href":"https:\/\/dev.antudigital.cl\/sites\/vc\/wp-json\/wp\/v2\/users\/3"}],"replies":[{"embeddable":true,"href":"https:\/\/dev.antudigital.cl\/sites\/vc\/wp-json\/wp\/v2\/comments?post=8507"}],"version-history":[{"count":0,"href":"https:\/\/dev.antudigital.cl\/sites\/vc\/wp-json\/wp\/v2\/posts\/8507\/revisions"}],"wp:featuredmedia":[{"embeddable":true,"href":"https:\/\/dev.antudigital.cl\/sites\/vc\/wp-json\/wp\/v2\/media\/8508"}],"wp:attachment":[{"href":"https:\/\/dev.antudigital.cl\/sites\/vc\/wp-json\/wp\/v2\/media?parent=8507"}],"wp:term":[{"taxonomy":"category","embeddable":true,"href":"https:\/\/dev.antudigital.cl\/sites\/vc\/wp-json\/wp\/v2\/categories?post=8507"},{"taxonomy":"post_tag","embeddable":true,"href":"https:\/\/dev.antudigital.cl\/sites\/vc\/wp-json\/wp\/v2\/tags?post=8507"}],"curies":[{"name":"wp","href":"https:\/\/api.w.org\/{rel}","templated":true}]}}