{"id":8511,"date":"2020-11-23T20:38:54","date_gmt":"2020-11-23T20:38:54","guid":{"rendered":"https:\/\/www.valparaisocreativo.cl\/?p=5508"},"modified":"2020-11-23T20:38:54","modified_gmt":"2020-11-23T20:38:54","slug":"arquitectura-ciencia-ficcion-y-realidad-virtual-se-unen-en-arqfilm-fest","status":"publish","type":"post","link":"https:\/\/dev.antudigital.cl\/sites\/vc\/arquitectura-ciencia-ficcion-y-realidad-virtual-se-unen-en-arqfilm-fest\/","title":{"rendered":"Arquitectura, ciencia ficci\u00f3n y realidad virtual se unen en ArqFilm Fest"},"content":{"rendered":"<p><a href=\"https:\/\/twitter.com\/ArqFilmFest\">ArqFilm Fest<\/a> comenz\u00f3 y ya est\u00e1 en l\u00ednea hasta el 29 de noviembre del 2020.<\/p>\n<p>ArqFilmFest naci\u00f3 el 2012 como el primer festival de cine y arquitectura de Chile y Latinoam\u00e9rica.Desde entonces se ha posicionado como un espacio para promover la comprensi\u00f3n, reflexi\u00f3n, debate y comunicaci\u00f3n sobre arquitectura, ciudad y vida urbana a trav\u00e9s del cine, construyendo nuevas audiencias, y, promoviendo la producci\u00f3n, circulaci\u00f3n e intercambio de filmes sobre el tema en Chile y el extranjero.<\/p>\n<p>La quinta versi\u00f3n se llevar\u00e1 a cabo bajo el t\u00edtulo\u00a0<strong>\u201cCIUDADES FUTURAS \u00bfY despu\u00e9s de la crisis qu\u00e9?<\/strong>\u201d en un contexto urbano particular, marcado por el permanente \u201cestado de excepci\u00f3n\u201d en el que han estado nuestras vidas tras el 18-O y la pandemia. Estas situaciones que definieron un contraste en nuestras experiencias -desplaz\u00e1ndonos de las calles repletas de gente a la intimidad de nuestras vivencias privadas-, ser\u00e1n parte de la reflexi\u00f3n a la que invita el evento.<\/p>\n<p>Dentro de la pr\u00f3xima semana una de las actividades contar\u00e1 con dos realizadores que est\u00e1n moviendo los l\u00edmites de lo real y lo ficticio, construyendo mundos imaginarios para abrir una discusi\u00f3n sobre el rol de las nuevas generaciones de arquitectos: Liam Young (Australia) y Benoit Felici (italia) en SALA FOCO.<\/p>\n<p>Conoce m\u00e1s de su programaci\u00f3n y actividades a las que puedes acceder en <a href=\"https:\/\/www.arqfilmfest.cl\/\">su sitio web<\/a>.<\/p>\n","protected":false},"excerpt":{"rendered":"<p>ArqFilm Fest comenz\u00f3 y ya est\u00e1 en l\u00ednea hasta el 29 de noviembre del 2020. ArqFilmFest naci\u00f3 el 2012 como el primer festival de cine y arquitectura de Chile y Latinoam\u00e9rica.Desde entonces se ha posicionado como un espacio para promover la comprensi\u00f3n, reflexi\u00f3n, debate y comunicaci\u00f3n sobre arquitectura, ciudad y vida urbana a trav\u00e9s del [&hellip;]<\/p>\n","protected":false},"author":3,"featured_media":8512,"comment_status":"closed","ping_status":"closed","sticky":false,"template":"","format":"standard","meta":{"_acf_changed":false,"footnotes":""},"categories":[8],"tags":[],"class_list":["post-8511","post","type-post","status-publish","format-standard","has-post-thumbnail","hentry","category-noticia"],"acf":[],"yoast_head":"<!-- This site is optimized with the Yoast SEO plugin v27.1.1 - https:\/\/yoast.com\/product\/yoast-seo-wordpress\/ -->\n<title>Arquitectura, ciencia ficci\u00f3n y realidad virtual se unen en ArqFilm Fest - Valpara\u00ed\u00adso Creativo<\/title>\n<meta name=\"robots\" content=\"index, follow, max-snippet:-1, max-image-preview:large, max-video-preview:-1\" \/>\n<link rel=\"canonical\" href=\"https:\/\/dev.antudigital.cl\/sites\/vc\/arquitectura-ciencia-ficcion-y-realidad-virtual-se-unen-en-arqfilm-fest\/\" \/>\n<meta property=\"og:locale\" content=\"es_ES\" \/>\n<meta property=\"og:type\" content=\"article\" \/>\n<meta property=\"og:title\" content=\"Arquitectura, ciencia ficci\u00f3n y realidad virtual se unen en ArqFilm Fest - Valpara\u00ed\u00adso Creativo\" \/>\n<meta property=\"og:description\" content=\"ArqFilm Fest comenz\u00f3 y ya est\u00e1 en l\u00ednea hasta el 29 de noviembre del 2020. ArqFilmFest naci\u00f3 el 2012 como el primer festival de cine y arquitectura de Chile y Latinoam\u00e9rica.Desde entonces se ha posicionado como un espacio para promover la comprensi\u00f3n, reflexi\u00f3n, debate y comunicaci\u00f3n sobre arquitectura, ciudad y vida urbana a trav\u00e9s del [&hellip;]\" \/>\n<meta property=\"og:url\" content=\"https:\/\/dev.antudigital.cl\/sites\/vc\/arquitectura-ciencia-ficcion-y-realidad-virtual-se-unen-en-arqfilm-fest\/\" \/>\n<meta property=\"og:site_name\" content=\"Valpara\u00ed\u00adso Creativo\" \/>\n<meta property=\"article:published_time\" content=\"2020-11-23T20:38:54+00:00\" \/>\n<meta property=\"og:image\" content=\"https:\/\/dev.antudigital.cl\/sites\/vc\/wp-content\/uploads\/2020\/11\/ArqFest.jpeg\" \/>\n\t<meta property=\"og:image:width\" content=\"1280\" \/>\n\t<meta property=\"og:image:height\" content=\"640\" \/>\n\t<meta property=\"og:image:type\" content=\"image\/jpeg\" \/>\n<meta name=\"author\" content=\"Valparaiso Creativo\" \/>\n<meta name=\"twitter:card\" content=\"summary_large_image\" \/>\n<meta name=\"twitter:label1\" content=\"Escrito por\" \/>\n\t<meta name=\"twitter:data1\" content=\"Valparaiso Creativo\" \/>\n\t<meta name=\"twitter:label2\" content=\"Tiempo de lectura\" \/>\n\t<meta name=\"twitter:data2\" content=\"1 minuto\" \/>\n<script type=\"application\/ld+json\" class=\"yoast-schema-graph\">{\"@context\":\"https:\/\/schema.org\",\"@graph\":[{\"@type\":\"Article\",\"@id\":\"https:\/\/dev.antudigital.cl\/sites\/vc\/arquitectura-ciencia-ficcion-y-realidad-virtual-se-unen-en-arqfilm-fest\/#article\",\"isPartOf\":{\"@id\":\"https:\/\/dev.antudigital.cl\/sites\/vc\/arquitectura-ciencia-ficcion-y-realidad-virtual-se-unen-en-arqfilm-fest\/\"},\"author\":{\"name\":\"Valparaiso Creativo\",\"@id\":\"https:\/\/dev.antudigital.cl\/sites\/vc\/#\/schema\/person\/81d1dcd51abd542b5dfc00f5f951a0f1\"},\"headline\":\"Arquitectura, ciencia ficci\u00f3n y realidad virtual se unen en ArqFilm Fest\",\"datePublished\":\"2020-11-23T20:38:54+00:00\",\"mainEntityOfPage\":{\"@id\":\"https:\/\/dev.antudigital.cl\/sites\/vc\/arquitectura-ciencia-ficcion-y-realidad-virtual-se-unen-en-arqfilm-fest\/\"},\"wordCount\":250,\"image\":{\"@id\":\"https:\/\/dev.antudigital.cl\/sites\/vc\/arquitectura-ciencia-ficcion-y-realidad-virtual-se-unen-en-arqfilm-fest\/#primaryimage\"},\"thumbnailUrl\":\"https:\/\/dev.antudigital.cl\/sites\/vc\/wp-content\/uploads\/2020\/11\/ArqFest.jpeg\",\"articleSection\":[\"Noticia\"],\"inLanguage\":\"es\"},{\"@type\":\"WebPage\",\"@id\":\"https:\/\/dev.antudigital.cl\/sites\/vc\/arquitectura-ciencia-ficcion-y-realidad-virtual-se-unen-en-arqfilm-fest\/\",\"url\":\"https:\/\/dev.antudigital.cl\/sites\/vc\/arquitectura-ciencia-ficcion-y-realidad-virtual-se-unen-en-arqfilm-fest\/\",\"name\":\"Arquitectura, ciencia ficci\u00f3n y realidad virtual se unen en ArqFilm Fest - Valpara\u00ed\u00adso Creativo\",\"isPartOf\":{\"@id\":\"https:\/\/dev.antudigital.cl\/sites\/vc\/#website\"},\"primaryImageOfPage\":{\"@id\":\"https:\/\/dev.antudigital.cl\/sites\/vc\/arquitectura-ciencia-ficcion-y-realidad-virtual-se-unen-en-arqfilm-fest\/#primaryimage\"},\"image\":{\"@id\":\"https:\/\/dev.antudigital.cl\/sites\/vc\/arquitectura-ciencia-ficcion-y-realidad-virtual-se-unen-en-arqfilm-fest\/#primaryimage\"},\"thumbnailUrl\":\"https:\/\/dev.antudigital.cl\/sites\/vc\/wp-content\/uploads\/2020\/11\/ArqFest.jpeg\",\"datePublished\":\"2020-11-23T20:38:54+00:00\",\"author\":{\"@id\":\"https:\/\/dev.antudigital.cl\/sites\/vc\/#\/schema\/person\/81d1dcd51abd542b5dfc00f5f951a0f1\"},\"breadcrumb\":{\"@id\":\"https:\/\/dev.antudigital.cl\/sites\/vc\/arquitectura-ciencia-ficcion-y-realidad-virtual-se-unen-en-arqfilm-fest\/#breadcrumb\"},\"inLanguage\":\"es\",\"potentialAction\":[{\"@type\":\"ReadAction\",\"target\":[\"https:\/\/dev.antudigital.cl\/sites\/vc\/arquitectura-ciencia-ficcion-y-realidad-virtual-se-unen-en-arqfilm-fest\/\"]}]},{\"@type\":\"ImageObject\",\"inLanguage\":\"es\",\"@id\":\"https:\/\/dev.antudigital.cl\/sites\/vc\/arquitectura-ciencia-ficcion-y-realidad-virtual-se-unen-en-arqfilm-fest\/#primaryimage\",\"url\":\"https:\/\/dev.antudigital.cl\/sites\/vc\/wp-content\/uploads\/2020\/11\/ArqFest.jpeg\",\"contentUrl\":\"https:\/\/dev.antudigital.cl\/sites\/vc\/wp-content\/uploads\/2020\/11\/ArqFest.jpeg\",\"width\":1280,\"height\":640},{\"@type\":\"BreadcrumbList\",\"@id\":\"https:\/\/dev.antudigital.cl\/sites\/vc\/arquitectura-ciencia-ficcion-y-realidad-virtual-se-unen-en-arqfilm-fest\/#breadcrumb\",\"itemListElement\":[{\"@type\":\"ListItem\",\"position\":1,\"name\":\"Home\",\"item\":\"https:\/\/dev.antudigital.cl\/sites\/vc\/\"},{\"@type\":\"ListItem\",\"position\":2,\"name\":\"Arquitectura, ciencia ficci\u00f3n y realidad virtual se unen en ArqFilm Fest\"}]},{\"@type\":\"WebSite\",\"@id\":\"https:\/\/dev.antudigital.cl\/sites\/vc\/#website\",\"url\":\"https:\/\/dev.antudigital.cl\/sites\/vc\/\",\"name\":\"Valpara\u00ed\u00adso Creativo\",\"description\":\"\",\"potentialAction\":[{\"@type\":\"SearchAction\",\"target\":{\"@type\":\"EntryPoint\",\"urlTemplate\":\"https:\/\/dev.antudigital.cl\/sites\/vc\/?s={search_term_string}\"},\"query-input\":{\"@type\":\"PropertyValueSpecification\",\"valueRequired\":true,\"valueName\":\"search_term_string\"}}],\"inLanguage\":\"es\"},{\"@type\":\"Person\",\"@id\":\"https:\/\/dev.antudigital.cl\/sites\/vc\/#\/schema\/person\/81d1dcd51abd542b5dfc00f5f951a0f1\",\"name\":\"Valparaiso Creativo\",\"url\":\"https:\/\/dev.antudigital.cl\/sites\/vc\/author\/valparaiso-creativo\/\"}]}<\/script>\n<!-- \/ Yoast SEO plugin. -->","yoast_head_json":{"title":"Arquitectura, ciencia ficci\u00f3n y realidad virtual se unen en ArqFilm Fest - Valpara\u00ed\u00adso Creativo","robots":{"index":"index","follow":"follow","max-snippet":"max-snippet:-1","max-image-preview":"max-image-preview:large","max-video-preview":"max-video-preview:-1"},"canonical":"https:\/\/dev.antudigital.cl\/sites\/vc\/arquitectura-ciencia-ficcion-y-realidad-virtual-se-unen-en-arqfilm-fest\/","og_locale":"es_ES","og_type":"article","og_title":"Arquitectura, ciencia ficci\u00f3n y realidad virtual se unen en ArqFilm Fest - Valpara\u00ed\u00adso Creativo","og_description":"ArqFilm Fest comenz\u00f3 y ya est\u00e1 en l\u00ednea hasta el 29 de noviembre del 2020. ArqFilmFest naci\u00f3 el 2012 como el primer festival de cine y arquitectura de Chile y Latinoam\u00e9rica.Desde entonces se ha posicionado como un espacio para promover la comprensi\u00f3n, reflexi\u00f3n, debate y comunicaci\u00f3n sobre arquitectura, ciudad y vida urbana a trav\u00e9s del [&hellip;]","og_url":"https:\/\/dev.antudigital.cl\/sites\/vc\/arquitectura-ciencia-ficcion-y-realidad-virtual-se-unen-en-arqfilm-fest\/","og_site_name":"Valpara\u00ed\u00adso Creativo","article_published_time":"2020-11-23T20:38:54+00:00","og_image":[{"width":1280,"height":640,"url":"https:\/\/dev.antudigital.cl\/sites\/vc\/wp-content\/uploads\/2020\/11\/ArqFest.jpeg","type":"image\/jpeg"}],"author":"Valparaiso Creativo","twitter_card":"summary_large_image","twitter_misc":{"Escrito por":"Valparaiso Creativo","Tiempo de lectura":"1 minuto"},"schema":{"@context":"https:\/\/schema.org","@graph":[{"@type":"Article","@id":"https:\/\/dev.antudigital.cl\/sites\/vc\/arquitectura-ciencia-ficcion-y-realidad-virtual-se-unen-en-arqfilm-fest\/#article","isPartOf":{"@id":"https:\/\/dev.antudigital.cl\/sites\/vc\/arquitectura-ciencia-ficcion-y-realidad-virtual-se-unen-en-arqfilm-fest\/"},"author":{"name":"Valparaiso Creativo","@id":"https:\/\/dev.antudigital.cl\/sites\/vc\/#\/schema\/person\/81d1dcd51abd542b5dfc00f5f951a0f1"},"headline":"Arquitectura, ciencia ficci\u00f3n y realidad virtual se unen en ArqFilm Fest","datePublished":"2020-11-23T20:38:54+00:00","mainEntityOfPage":{"@id":"https:\/\/dev.antudigital.cl\/sites\/vc\/arquitectura-ciencia-ficcion-y-realidad-virtual-se-unen-en-arqfilm-fest\/"},"wordCount":250,"image":{"@id":"https:\/\/dev.antudigital.cl\/sites\/vc\/arquitectura-ciencia-ficcion-y-realidad-virtual-se-unen-en-arqfilm-fest\/#primaryimage"},"thumbnailUrl":"https:\/\/dev.antudigital.cl\/sites\/vc\/wp-content\/uploads\/2020\/11\/ArqFest.jpeg","articleSection":["Noticia"],"inLanguage":"es"},{"@type":"WebPage","@id":"https:\/\/dev.antudigital.cl\/sites\/vc\/arquitectura-ciencia-ficcion-y-realidad-virtual-se-unen-en-arqfilm-fest\/","url":"https:\/\/dev.antudigital.cl\/sites\/vc\/arquitectura-ciencia-ficcion-y-realidad-virtual-se-unen-en-arqfilm-fest\/","name":"Arquitectura, ciencia ficci\u00f3n y realidad virtual se unen en ArqFilm Fest - Valpara\u00ed\u00adso Creativo","isPartOf":{"@id":"https:\/\/dev.antudigital.cl\/sites\/vc\/#website"},"primaryImageOfPage":{"@id":"https:\/\/dev.antudigital.cl\/sites\/vc\/arquitectura-ciencia-ficcion-y-realidad-virtual-se-unen-en-arqfilm-fest\/#primaryimage"},"image":{"@id":"https:\/\/dev.antudigital.cl\/sites\/vc\/arquitectura-ciencia-ficcion-y-realidad-virtual-se-unen-en-arqfilm-fest\/#primaryimage"},"thumbnailUrl":"https:\/\/dev.antudigital.cl\/sites\/vc\/wp-content\/uploads\/2020\/11\/ArqFest.jpeg","datePublished":"2020-11-23T20:38:54+00:00","author":{"@id":"https:\/\/dev.antudigital.cl\/sites\/vc\/#\/schema\/person\/81d1dcd51abd542b5dfc00f5f951a0f1"},"breadcrumb":{"@id":"https:\/\/dev.antudigital.cl\/sites\/vc\/arquitectura-ciencia-ficcion-y-realidad-virtual-se-unen-en-arqfilm-fest\/#breadcrumb"},"inLanguage":"es","potentialAction":[{"@type":"ReadAction","target":["https:\/\/dev.antudigital.cl\/sites\/vc\/arquitectura-ciencia-ficcion-y-realidad-virtual-se-unen-en-arqfilm-fest\/"]}]},{"@type":"ImageObject","inLanguage":"es","@id":"https:\/\/dev.antudigital.cl\/sites\/vc\/arquitectura-ciencia-ficcion-y-realidad-virtual-se-unen-en-arqfilm-fest\/#primaryimage","url":"https:\/\/dev.antudigital.cl\/sites\/vc\/wp-content\/uploads\/2020\/11\/ArqFest.jpeg","contentUrl":"https:\/\/dev.antudigital.cl\/sites\/vc\/wp-content\/uploads\/2020\/11\/ArqFest.jpeg","width":1280,"height":640},{"@type":"BreadcrumbList","@id":"https:\/\/dev.antudigital.cl\/sites\/vc\/arquitectura-ciencia-ficcion-y-realidad-virtual-se-unen-en-arqfilm-fest\/#breadcrumb","itemListElement":[{"@type":"ListItem","position":1,"name":"Home","item":"https:\/\/dev.antudigital.cl\/sites\/vc\/"},{"@type":"ListItem","position":2,"name":"Arquitectura, ciencia ficci\u00f3n y realidad virtual se unen en ArqFilm Fest"}]},{"@type":"WebSite","@id":"https:\/\/dev.antudigital.cl\/sites\/vc\/#website","url":"https:\/\/dev.antudigital.cl\/sites\/vc\/","name":"Valpara\u00ed\u00adso Creativo","description":"","potentialAction":[{"@type":"SearchAction","target":{"@type":"EntryPoint","urlTemplate":"https:\/\/dev.antudigital.cl\/sites\/vc\/?s={search_term_string}"},"query-input":{"@type":"PropertyValueSpecification","valueRequired":true,"valueName":"search_term_string"}}],"inLanguage":"es"},{"@type":"Person","@id":"https:\/\/dev.antudigital.cl\/sites\/vc\/#\/schema\/person\/81d1dcd51abd542b5dfc00f5f951a0f1","name":"Valparaiso Creativo","url":"https:\/\/dev.antudigital.cl\/sites\/vc\/author\/valparaiso-creativo\/"}]}},"_links":{"self":[{"href":"https:\/\/dev.antudigital.cl\/sites\/vc\/wp-json\/wp\/v2\/posts\/8511","targetHints":{"allow":["GET"]}}],"collection":[{"href":"https:\/\/dev.antudigital.cl\/sites\/vc\/wp-json\/wp\/v2\/posts"}],"about":[{"href":"https:\/\/dev.antudigital.cl\/sites\/vc\/wp-json\/wp\/v2\/types\/post"}],"author":[{"embeddable":true,"href":"https:\/\/dev.antudigital.cl\/sites\/vc\/wp-json\/wp\/v2\/users\/3"}],"replies":[{"embeddable":true,"href":"https:\/\/dev.antudigital.cl\/sites\/vc\/wp-json\/wp\/v2\/comments?post=8511"}],"version-history":[{"count":0,"href":"https:\/\/dev.antudigital.cl\/sites\/vc\/wp-json\/wp\/v2\/posts\/8511\/revisions"}],"wp:featuredmedia":[{"embeddable":true,"href":"https:\/\/dev.antudigital.cl\/sites\/vc\/wp-json\/wp\/v2\/media\/8512"}],"wp:attachment":[{"href":"https:\/\/dev.antudigital.cl\/sites\/vc\/wp-json\/wp\/v2\/media?parent=8511"}],"wp:term":[{"taxonomy":"category","embeddable":true,"href":"https:\/\/dev.antudigital.cl\/sites\/vc\/wp-json\/wp\/v2\/categories?post=8511"},{"taxonomy":"post_tag","embeddable":true,"href":"https:\/\/dev.antudigital.cl\/sites\/vc\/wp-json\/wp\/v2\/tags?post=8511"}],"curies":[{"name":"wp","href":"https:\/\/api.w.org\/{rel}","templated":true}]}}