{"id":8514,"date":"2020-11-23T20:12:15","date_gmt":"2020-11-23T20:12:15","guid":{"rendered":"https:\/\/www.valparaisocreativo.cl\/?p=5503"},"modified":"2020-11-23T20:12:15","modified_gmt":"2020-11-23T20:12:15","slug":"calendario-nos-vemos-en-la-jornada-de-politicas-publicas-de-conecta-pacifico","status":"publish","type":"post","link":"https:\/\/dev.antudigital.cl\/sites\/vc\/calendario-nos-vemos-en-la-jornada-de-politicas-publicas-de-conecta-pacifico\/","title":{"rendered":"Calendario: nos vemos en la jornada de Pol\u00edticas P\u00fablicas de Conecta Pac\u00edfico"},"content":{"rendered":"<p>\u00bfTe atreves a dar el siguiente paso de expansi\u00f3n?, es la pregunta principal y a la vez el reto de <a href=\"https:\/\/www.conectapacifico.com\/\">Conecta Pac\u00edfico<\/a>, encuentro internacional que se sigue desarrollando hasta el 1 de diciembre. El pr\u00f3ximo jueves 26 seremos parte de su agenda como Programa, en el marco del d\u00eda dedicado a Pol\u00edticas P\u00fablicas.<\/p>\n<p><strong>\u00bfDe qu\u00e9 se trata Conecta Pac\u00edfico?<\/strong><\/p>\n<p>Este es un <b>encuentro internacional<\/b> que busca promover la\u00a0<b>aceleraci\u00f3n e internacionalizaci\u00f3n de negocios en y desde Latinoam\u00e9rica al mundo.<\/b><\/p>\n<p>Por medio de una serie de eventos digitales de alta convocatoria internacional, buscamos reunir a\u00a0<b>startups, aceleradoras, inversionistas, empresas, instituciones gubernamentales y oficinas de transferencia y licenciamiento<\/b>\u00a0de todo el mundo para posicionar a Chile como un polo de expansi\u00f3n y conexi\u00f3n para el ecosistema de innovaci\u00f3n y emprendimiento latinoamericano.<\/p>\n<p>Conecta Pac\u00edfico es organizado por la Direcci\u00f3n de Incubaci\u00f3n y Negocios, perteneciente a la Vicerrector\u00eda de Investigaci\u00f3n y Estudios Avanzados de la Pontificia Universidad Cat\u00f3lica de Valpara\u00edso, junto al apoyo financiero de Corporaci\u00f3n de Fomento de la Producci\u00f3n de Chile, Corfo.<\/p>\n<p>&nbsp;<\/p>\n<h3>Este jueves 26 a las 12:00hrs. conformaremos el innterludio del d\u00eda, con <strong>Valpara\u00edso Ciudad Musical: pol\u00edticas p\u00fablicas desde la colaboraci\u00f3n. \u00a1No te lo pierdas!<\/strong><\/h3>\n<p><img fetchpriority=\"high\" decoding=\"async\" class=\"alignleft size-medium wp-image-5504\" src=\"https:\/\/www.valparaisocreativo.cl\/wp-content\/uploads\/2020\/11\/jornada04_feed-1-300x300.png\" alt=\"\" width=\"300\" height=\"300\" \/><\/p>\n<p>&nbsp;<\/p>\n","protected":false},"excerpt":{"rendered":"<p>\u00bfTe atreves a dar el siguiente paso de expansi\u00f3n?, es la pregunta principal y a la vez el reto de Conecta Pac\u00edfico, encuentro internacional que se sigue desarrollando hasta el 1 de diciembre. El pr\u00f3ximo jueves 26 seremos parte de su agenda como Programa, en el marco del d\u00eda dedicado a Pol\u00edticas P\u00fablicas. \u00bfDe qu\u00e9 [&hellip;]<\/p>\n","protected":false},"author":3,"featured_media":8515,"comment_status":"closed","ping_status":"closed","sticky":false,"template":"","format":"standard","meta":{"_acf_changed":false,"footnotes":""},"categories":[8],"tags":[],"class_list":["post-8514","post","type-post","status-publish","format-standard","has-post-thumbnail","hentry","category-noticia"],"acf":[],"yoast_head":"<!-- This site is optimized with the Yoast SEO plugin v27.1.1 - https:\/\/yoast.com\/product\/yoast-seo-wordpress\/ -->\n<title>Calendario: nos vemos en la jornada de Pol\u00edticas P\u00fablicas de Conecta Pac\u00edfico - Valpara\u00ed\u00adso Creativo<\/title>\n<meta name=\"robots\" content=\"index, follow, max-snippet:-1, max-image-preview:large, max-video-preview:-1\" \/>\n<link rel=\"canonical\" href=\"https:\/\/dev.antudigital.cl\/sites\/vc\/calendario-nos-vemos-en-la-jornada-de-politicas-publicas-de-conecta-pacifico\/\" \/>\n<meta property=\"og:locale\" content=\"es_ES\" \/>\n<meta property=\"og:type\" content=\"article\" \/>\n<meta property=\"og:title\" content=\"Calendario: nos vemos en la jornada de Pol\u00edticas P\u00fablicas de Conecta Pac\u00edfico - Valpara\u00ed\u00adso Creativo\" \/>\n<meta property=\"og:description\" content=\"\u00bfTe atreves a dar el siguiente paso de expansi\u00f3n?, es la pregunta principal y a la vez el reto de Conecta Pac\u00edfico, encuentro internacional que se sigue desarrollando hasta el 1 de diciembre. El pr\u00f3ximo jueves 26 seremos parte de su agenda como Programa, en el marco del d\u00eda dedicado a Pol\u00edticas P\u00fablicas. \u00bfDe qu\u00e9 [&hellip;]\" \/>\n<meta property=\"og:url\" content=\"https:\/\/dev.antudigital.cl\/sites\/vc\/calendario-nos-vemos-en-la-jornada-de-politicas-publicas-de-conecta-pacifico\/\" \/>\n<meta property=\"og:site_name\" content=\"Valpara\u00ed\u00adso Creativo\" \/>\n<meta property=\"article:published_time\" content=\"2020-11-23T20:12:15+00:00\" \/>\n<meta property=\"og:image\" content=\"https:\/\/dev.antudigital.cl\/sites\/vc\/wp-content\/uploads\/2020\/11\/jornada04_opcion02-mail.png\" \/>\n\t<meta property=\"og:image:width\" content=\"3334\" \/>\n\t<meta property=\"og:image:height\" content=\"1667\" \/>\n\t<meta property=\"og:image:type\" content=\"image\/png\" \/>\n<meta name=\"author\" content=\"Valparaiso Creativo\" \/>\n<meta name=\"twitter:card\" content=\"summary_large_image\" \/>\n<meta name=\"twitter:label1\" content=\"Escrito por\" \/>\n\t<meta name=\"twitter:data1\" content=\"Valparaiso Creativo\" \/>\n\t<meta name=\"twitter:label2\" content=\"Tiempo de lectura\" \/>\n\t<meta name=\"twitter:data2\" content=\"1 minuto\" \/>\n<script type=\"application\/ld+json\" class=\"yoast-schema-graph\">{\"@context\":\"https:\/\/schema.org\",\"@graph\":[{\"@type\":\"Article\",\"@id\":\"https:\/\/dev.antudigital.cl\/sites\/vc\/calendario-nos-vemos-en-la-jornada-de-politicas-publicas-de-conecta-pacifico\/#article\",\"isPartOf\":{\"@id\":\"https:\/\/dev.antudigital.cl\/sites\/vc\/calendario-nos-vemos-en-la-jornada-de-politicas-publicas-de-conecta-pacifico\/\"},\"author\":{\"name\":\"Valparaiso Creativo\",\"@id\":\"https:\/\/dev.antudigital.cl\/sites\/vc\/#\/schema\/person\/81d1dcd51abd542b5dfc00f5f951a0f1\"},\"headline\":\"Calendario: nos vemos en la jornada de Pol\u00edticas P\u00fablicas de Conecta Pac\u00edfico\",\"datePublished\":\"2020-11-23T20:12:15+00:00\",\"mainEntityOfPage\":{\"@id\":\"https:\/\/dev.antudigital.cl\/sites\/vc\/calendario-nos-vemos-en-la-jornada-de-politicas-publicas-de-conecta-pacifico\/\"},\"wordCount\":235,\"image\":{\"@id\":\"https:\/\/dev.antudigital.cl\/sites\/vc\/calendario-nos-vemos-en-la-jornada-de-politicas-publicas-de-conecta-pacifico\/#primaryimage\"},\"thumbnailUrl\":\"https:\/\/dev.antudigital.cl\/sites\/vc\/wp-content\/uploads\/2020\/11\/jornada04_opcion02-mail.png\",\"articleSection\":[\"Noticia\"],\"inLanguage\":\"es\"},{\"@type\":\"WebPage\",\"@id\":\"https:\/\/dev.antudigital.cl\/sites\/vc\/calendario-nos-vemos-en-la-jornada-de-politicas-publicas-de-conecta-pacifico\/\",\"url\":\"https:\/\/dev.antudigital.cl\/sites\/vc\/calendario-nos-vemos-en-la-jornada-de-politicas-publicas-de-conecta-pacifico\/\",\"name\":\"Calendario: nos vemos en la jornada de Pol\u00edticas P\u00fablicas de Conecta Pac\u00edfico - Valpara\u00ed\u00adso Creativo\",\"isPartOf\":{\"@id\":\"https:\/\/dev.antudigital.cl\/sites\/vc\/#website\"},\"primaryImageOfPage\":{\"@id\":\"https:\/\/dev.antudigital.cl\/sites\/vc\/calendario-nos-vemos-en-la-jornada-de-politicas-publicas-de-conecta-pacifico\/#primaryimage\"},\"image\":{\"@id\":\"https:\/\/dev.antudigital.cl\/sites\/vc\/calendario-nos-vemos-en-la-jornada-de-politicas-publicas-de-conecta-pacifico\/#primaryimage\"},\"thumbnailUrl\":\"https:\/\/dev.antudigital.cl\/sites\/vc\/wp-content\/uploads\/2020\/11\/jornada04_opcion02-mail.png\",\"datePublished\":\"2020-11-23T20:12:15+00:00\",\"author\":{\"@id\":\"https:\/\/dev.antudigital.cl\/sites\/vc\/#\/schema\/person\/81d1dcd51abd542b5dfc00f5f951a0f1\"},\"breadcrumb\":{\"@id\":\"https:\/\/dev.antudigital.cl\/sites\/vc\/calendario-nos-vemos-en-la-jornada-de-politicas-publicas-de-conecta-pacifico\/#breadcrumb\"},\"inLanguage\":\"es\",\"potentialAction\":[{\"@type\":\"ReadAction\",\"target\":[\"https:\/\/dev.antudigital.cl\/sites\/vc\/calendario-nos-vemos-en-la-jornada-de-politicas-publicas-de-conecta-pacifico\/\"]}]},{\"@type\":\"ImageObject\",\"inLanguage\":\"es\",\"@id\":\"https:\/\/dev.antudigital.cl\/sites\/vc\/calendario-nos-vemos-en-la-jornada-de-politicas-publicas-de-conecta-pacifico\/#primaryimage\",\"url\":\"https:\/\/dev.antudigital.cl\/sites\/vc\/wp-content\/uploads\/2020\/11\/jornada04_opcion02-mail.png\",\"contentUrl\":\"https:\/\/dev.antudigital.cl\/sites\/vc\/wp-content\/uploads\/2020\/11\/jornada04_opcion02-mail.png\",\"width\":3334,\"height\":1667},{\"@type\":\"BreadcrumbList\",\"@id\":\"https:\/\/dev.antudigital.cl\/sites\/vc\/calendario-nos-vemos-en-la-jornada-de-politicas-publicas-de-conecta-pacifico\/#breadcrumb\",\"itemListElement\":[{\"@type\":\"ListItem\",\"position\":1,\"name\":\"Home\",\"item\":\"https:\/\/dev.antudigital.cl\/sites\/vc\/\"},{\"@type\":\"ListItem\",\"position\":2,\"name\":\"Calendario: nos vemos en la jornada de Pol\u00edticas P\u00fablicas de Conecta Pac\u00edfico\"}]},{\"@type\":\"WebSite\",\"@id\":\"https:\/\/dev.antudigital.cl\/sites\/vc\/#website\",\"url\":\"https:\/\/dev.antudigital.cl\/sites\/vc\/\",\"name\":\"Valpara\u00ed\u00adso Creativo\",\"description\":\"\",\"potentialAction\":[{\"@type\":\"SearchAction\",\"target\":{\"@type\":\"EntryPoint\",\"urlTemplate\":\"https:\/\/dev.antudigital.cl\/sites\/vc\/?s={search_term_string}\"},\"query-input\":{\"@type\":\"PropertyValueSpecification\",\"valueRequired\":true,\"valueName\":\"search_term_string\"}}],\"inLanguage\":\"es\"},{\"@type\":\"Person\",\"@id\":\"https:\/\/dev.antudigital.cl\/sites\/vc\/#\/schema\/person\/81d1dcd51abd542b5dfc00f5f951a0f1\",\"name\":\"Valparaiso Creativo\",\"url\":\"https:\/\/dev.antudigital.cl\/sites\/vc\/author\/valparaiso-creativo\/\"}]}<\/script>\n<!-- \/ Yoast SEO plugin. -->","yoast_head_json":{"title":"Calendario: nos vemos en la jornada de Pol\u00edticas P\u00fablicas de Conecta Pac\u00edfico - Valpara\u00ed\u00adso Creativo","robots":{"index":"index","follow":"follow","max-snippet":"max-snippet:-1","max-image-preview":"max-image-preview:large","max-video-preview":"max-video-preview:-1"},"canonical":"https:\/\/dev.antudigital.cl\/sites\/vc\/calendario-nos-vemos-en-la-jornada-de-politicas-publicas-de-conecta-pacifico\/","og_locale":"es_ES","og_type":"article","og_title":"Calendario: nos vemos en la jornada de Pol\u00edticas P\u00fablicas de Conecta Pac\u00edfico - Valpara\u00ed\u00adso Creativo","og_description":"\u00bfTe atreves a dar el siguiente paso de expansi\u00f3n?, es la pregunta principal y a la vez el reto de Conecta Pac\u00edfico, encuentro internacional que se sigue desarrollando hasta el 1 de diciembre. El pr\u00f3ximo jueves 26 seremos parte de su agenda como Programa, en el marco del d\u00eda dedicado a Pol\u00edticas P\u00fablicas. \u00bfDe qu\u00e9 [&hellip;]","og_url":"https:\/\/dev.antudigital.cl\/sites\/vc\/calendario-nos-vemos-en-la-jornada-de-politicas-publicas-de-conecta-pacifico\/","og_site_name":"Valpara\u00ed\u00adso Creativo","article_published_time":"2020-11-23T20:12:15+00:00","og_image":[{"width":3334,"height":1667,"url":"https:\/\/dev.antudigital.cl\/sites\/vc\/wp-content\/uploads\/2020\/11\/jornada04_opcion02-mail.png","type":"image\/png"}],"author":"Valparaiso Creativo","twitter_card":"summary_large_image","twitter_misc":{"Escrito por":"Valparaiso Creativo","Tiempo de lectura":"1 minuto"},"schema":{"@context":"https:\/\/schema.org","@graph":[{"@type":"Article","@id":"https:\/\/dev.antudigital.cl\/sites\/vc\/calendario-nos-vemos-en-la-jornada-de-politicas-publicas-de-conecta-pacifico\/#article","isPartOf":{"@id":"https:\/\/dev.antudigital.cl\/sites\/vc\/calendario-nos-vemos-en-la-jornada-de-politicas-publicas-de-conecta-pacifico\/"},"author":{"name":"Valparaiso Creativo","@id":"https:\/\/dev.antudigital.cl\/sites\/vc\/#\/schema\/person\/81d1dcd51abd542b5dfc00f5f951a0f1"},"headline":"Calendario: nos vemos en la jornada de Pol\u00edticas P\u00fablicas de Conecta Pac\u00edfico","datePublished":"2020-11-23T20:12:15+00:00","mainEntityOfPage":{"@id":"https:\/\/dev.antudigital.cl\/sites\/vc\/calendario-nos-vemos-en-la-jornada-de-politicas-publicas-de-conecta-pacifico\/"},"wordCount":235,"image":{"@id":"https:\/\/dev.antudigital.cl\/sites\/vc\/calendario-nos-vemos-en-la-jornada-de-politicas-publicas-de-conecta-pacifico\/#primaryimage"},"thumbnailUrl":"https:\/\/dev.antudigital.cl\/sites\/vc\/wp-content\/uploads\/2020\/11\/jornada04_opcion02-mail.png","articleSection":["Noticia"],"inLanguage":"es"},{"@type":"WebPage","@id":"https:\/\/dev.antudigital.cl\/sites\/vc\/calendario-nos-vemos-en-la-jornada-de-politicas-publicas-de-conecta-pacifico\/","url":"https:\/\/dev.antudigital.cl\/sites\/vc\/calendario-nos-vemos-en-la-jornada-de-politicas-publicas-de-conecta-pacifico\/","name":"Calendario: nos vemos en la jornada de Pol\u00edticas P\u00fablicas de Conecta Pac\u00edfico - Valpara\u00ed\u00adso Creativo","isPartOf":{"@id":"https:\/\/dev.antudigital.cl\/sites\/vc\/#website"},"primaryImageOfPage":{"@id":"https:\/\/dev.antudigital.cl\/sites\/vc\/calendario-nos-vemos-en-la-jornada-de-politicas-publicas-de-conecta-pacifico\/#primaryimage"},"image":{"@id":"https:\/\/dev.antudigital.cl\/sites\/vc\/calendario-nos-vemos-en-la-jornada-de-politicas-publicas-de-conecta-pacifico\/#primaryimage"},"thumbnailUrl":"https:\/\/dev.antudigital.cl\/sites\/vc\/wp-content\/uploads\/2020\/11\/jornada04_opcion02-mail.png","datePublished":"2020-11-23T20:12:15+00:00","author":{"@id":"https:\/\/dev.antudigital.cl\/sites\/vc\/#\/schema\/person\/81d1dcd51abd542b5dfc00f5f951a0f1"},"breadcrumb":{"@id":"https:\/\/dev.antudigital.cl\/sites\/vc\/calendario-nos-vemos-en-la-jornada-de-politicas-publicas-de-conecta-pacifico\/#breadcrumb"},"inLanguage":"es","potentialAction":[{"@type":"ReadAction","target":["https:\/\/dev.antudigital.cl\/sites\/vc\/calendario-nos-vemos-en-la-jornada-de-politicas-publicas-de-conecta-pacifico\/"]}]},{"@type":"ImageObject","inLanguage":"es","@id":"https:\/\/dev.antudigital.cl\/sites\/vc\/calendario-nos-vemos-en-la-jornada-de-politicas-publicas-de-conecta-pacifico\/#primaryimage","url":"https:\/\/dev.antudigital.cl\/sites\/vc\/wp-content\/uploads\/2020\/11\/jornada04_opcion02-mail.png","contentUrl":"https:\/\/dev.antudigital.cl\/sites\/vc\/wp-content\/uploads\/2020\/11\/jornada04_opcion02-mail.png","width":3334,"height":1667},{"@type":"BreadcrumbList","@id":"https:\/\/dev.antudigital.cl\/sites\/vc\/calendario-nos-vemos-en-la-jornada-de-politicas-publicas-de-conecta-pacifico\/#breadcrumb","itemListElement":[{"@type":"ListItem","position":1,"name":"Home","item":"https:\/\/dev.antudigital.cl\/sites\/vc\/"},{"@type":"ListItem","position":2,"name":"Calendario: nos vemos en la jornada de Pol\u00edticas P\u00fablicas de Conecta Pac\u00edfico"}]},{"@type":"WebSite","@id":"https:\/\/dev.antudigital.cl\/sites\/vc\/#website","url":"https:\/\/dev.antudigital.cl\/sites\/vc\/","name":"Valpara\u00ed\u00adso Creativo","description":"","potentialAction":[{"@type":"SearchAction","target":{"@type":"EntryPoint","urlTemplate":"https:\/\/dev.antudigital.cl\/sites\/vc\/?s={search_term_string}"},"query-input":{"@type":"PropertyValueSpecification","valueRequired":true,"valueName":"search_term_string"}}],"inLanguage":"es"},{"@type":"Person","@id":"https:\/\/dev.antudigital.cl\/sites\/vc\/#\/schema\/person\/81d1dcd51abd542b5dfc00f5f951a0f1","name":"Valparaiso Creativo","url":"https:\/\/dev.antudigital.cl\/sites\/vc\/author\/valparaiso-creativo\/"}]}},"_links":{"self":[{"href":"https:\/\/dev.antudigital.cl\/sites\/vc\/wp-json\/wp\/v2\/posts\/8514","targetHints":{"allow":["GET"]}}],"collection":[{"href":"https:\/\/dev.antudigital.cl\/sites\/vc\/wp-json\/wp\/v2\/posts"}],"about":[{"href":"https:\/\/dev.antudigital.cl\/sites\/vc\/wp-json\/wp\/v2\/types\/post"}],"author":[{"embeddable":true,"href":"https:\/\/dev.antudigital.cl\/sites\/vc\/wp-json\/wp\/v2\/users\/3"}],"replies":[{"embeddable":true,"href":"https:\/\/dev.antudigital.cl\/sites\/vc\/wp-json\/wp\/v2\/comments?post=8514"}],"version-history":[{"count":0,"href":"https:\/\/dev.antudigital.cl\/sites\/vc\/wp-json\/wp\/v2\/posts\/8514\/revisions"}],"wp:featuredmedia":[{"embeddable":true,"href":"https:\/\/dev.antudigital.cl\/sites\/vc\/wp-json\/wp\/v2\/media\/8515"}],"wp:attachment":[{"href":"https:\/\/dev.antudigital.cl\/sites\/vc\/wp-json\/wp\/v2\/media?parent=8514"}],"wp:term":[{"taxonomy":"category","embeddable":true,"href":"https:\/\/dev.antudigital.cl\/sites\/vc\/wp-json\/wp\/v2\/categories?post=8514"},{"taxonomy":"post_tag","embeddable":true,"href":"https:\/\/dev.antudigital.cl\/sites\/vc\/wp-json\/wp\/v2\/tags?post=8514"}],"curies":[{"name":"wp","href":"https:\/\/api.w.org\/{rel}","templated":true}]}}