{"id":8521,"date":"2020-11-16T18:44:36","date_gmt":"2020-11-16T18:44:36","guid":{"rendered":"https:\/\/www.valparaisocreativo.cl\/?p=5493"},"modified":"2020-11-16T18:44:36","modified_gmt":"2020-11-16T18:44:36","slug":"corporacion-cultural-ojo-de-pescado-realiza-ciclo-de-dialogos-online-a-31-anos-de-la-convencion-de-los-derechos-del-nino","status":"publish","type":"post","link":"https:\/\/dev.antudigital.cl\/sites\/vc\/corporacion-cultural-ojo-de-pescado-realiza-ciclo-de-dialogos-online-a-31-anos-de-la-convencion-de-los-derechos-del-nino\/","title":{"rendered":"Corporaci\u00f3n Cultural Ojo de Pescado realiza ciclo de di\u00e1logos online a 31 a\u00f1os de la Convenci\u00f3n de los Derechos del Ni\u00f1o"},"content":{"rendered":"<ul>\n<li style=\"font-weight: 400;\"><em><span style=\"font-weight: 400;\">El encuentro virtual comenzar\u00e1 este 17 de noviembre a las 19:00 horas y contar\u00e1 con exposiciones de los talleristas del 2do Seminario Internacional \u201cLa Infancia Quiere Cine\u201d.\u00a0<\/span><\/em><\/li>\n<li style=\"font-weight: 400;\"><em><span style=\"font-weight: 400;\">El Seminario Internacional para creadores \u201cLa Infancia quiere Cine\u201d se realizar\u00e1 entre el 5 y el 29 de enero de 2021 y cuenta con financiamiento del Fondo de Fomento Audiovisual, Convocatoria 2020, del Ministerio de las Culturas las Artes y el Patrimonio.<\/span><\/em><\/li>\n<\/ul>\n<p>&nbsp;<\/p>\n<p><span style=\"font-weight: 400;\">A 31 a\u00f1os de la ratificaci\u00f3n de la Convenci\u00f3n sobre los Derechos de los Ni\u00f1os y Ni\u00f1as, la Corporaci\u00f3n Cultural Ojo de Pescado se suma a la conmemoraci\u00f3n abriendo el di\u00e1logo en torno a los\u00a0\u00abDerechos comunicacionales, educativos, de expresi\u00f3n y participaci\u00f3n de ni\u00f1os, ni\u00f1as y j\u00f3venes\u201d, en compa\u00f1\u00eda de\u00a0 los especialistas en cine e infancia que impartir\u00e1n los talleres del 2do Seminario \u201cLa Infancia Quiere Cine\u201d. Este Seminario se realizar\u00e1 entre el 5 y el 29 de enero de 2021 y es posible gracias al financiamiento del Fondo de Fomento Audiovisual, Convocatoria 2020, del Ministerio de las Culturas las Artes y el Patrimonio.<\/span><\/p>\n<p>&nbsp;<\/p>\n<p><span style=\"font-weight: 400;\">El panel de profesionales que participar\u00e1 del encuentro de este 17 de noviembre estar\u00e1 conformado por Nadia Gonz\u00e1lez D\u00e1vila (M\u00e9xico), guionista de teatro, cine y TV; Valerio Fuenzalida (Chile), profesor e investigador de la\u00a0Pontificia Universidad Cat\u00f3lica de Chile y premio 2017 a la Trayectoria por parte del Consejo Nacional de Televisi\u00f3n de Chile; Valeria Dotro (Argentina), directora de contenidos en Latinlab e integrante del equipo creador del canal Pakapaka;\u00a0y Carolina Masci (Argentina), directora digital e interactiva de Latinlab.<\/span><\/p>\n<p>&nbsp;<\/p>\n<p><span style=\"font-weight: 400;\">A esta primera actividad se suman dos instancias de di\u00e1logo online que buscan relevar las opiniones de los ni\u00f1os y ni\u00f1as frente al cine y los procesos sociales que estamos viviendo en Chile. El 24 de noviembre, ni\u00f1os, ni\u00f1as y j\u00f3venes realizadores se encontrar\u00e1n para compartir sus experiencias creativas y los procesos que les llevaron a desarrollar sus cortometrajes, los cu\u00e1les ser\u00e1n exhibidos durante la conversaci\u00f3n, ahondando en las tem\u00e1ticas sociales, medioambientales, de inclusi\u00f3n e identidad presentes en los cortometrajes y, por lo tanto, en los t\u00f3picos y formas que los ni\u00f1os y ni\u00f1as creen que debieran ser abordados en nuestro cine y televisi\u00f3n.<\/span><\/p>\n<p>&nbsp;<\/p>\n<p><span style=\"font-weight: 400;\">El cierre de este ciclo ser\u00e1 el 1\u00ba de diciembre con una actividad muy significativa en conjunto con Fundaci\u00f3n \u201cLa maquinita de sue\u00f1os\u201d, en donde ni\u00f1os y ni\u00f1as compartir\u00e1n sus inquietudes, opiniones y anhelos en torno al Proceso Constituyente. Los di\u00e1logos del 24 de noviembre y del 1 de diciembre ser\u00e1n transmitidos a partir de las 18:00 hrs. en Facebook Live Festival Ojo de Pescado.<\/span><\/p>\n<p>&nbsp;<\/p>\n<p><span style=\"font-weight: 400;\">Sobre la importancia de la realizaci\u00f3n de esta serie de di\u00e1logos en el marco de los 31 a\u00f1os de la Convenci\u00f3n de los Derechos del Ni\u00f1o, la directora de la Corporaci\u00f3n Cultural Ojo de Pescado, Alejandra Fritis Zapata, coment\u00f3 \u201cLa Convenci\u00f3n y los par\u00e1metros que ella establece sobre comunicaci\u00f3n, expresi\u00f3n, participaci\u00f3n y educaci\u00f3n integral siempre han sido los ejes que sustentan el trabajo de nuestra Corporaci\u00f3n Cultural Ojo de Pescado, que adem\u00e1s de inspirarnos para realizar el Festival Internacional de Cine Ojo de Pescado durante 9 a\u00f1os, nos han motivado a implementar el Seminario Internacional \u201cLa Infancia quiere Cine\u201d que busca contribuir, a trav\u00e9s de la formaci\u00f3n de profesionales, a la existencia de m\u00e1s y mejores producciones audiovisuales para las infancias en Chile y el continente con el fin de garantizar parte de los derechos ya mencionados. Las actividades preparatorias del II Seminario se inician con este ciclo de di\u00e1logos, para sensibilizar sobre los derechos de la ni\u00f1ez en medio de la conmemoraci\u00f3n de los 31 a\u00f1os de la Convenci\u00f3n, el inicio de un proceso pol\u00edtico crucial para Chile, y para dar voz a ni\u00f1os y ni\u00f1as en todos estos asuntos que les afectan y conciernen\u201d.<\/span><\/p>\n<p>&nbsp;<\/p>\n<p><span style=\"font-weight: 400;\">Este ciclo de di\u00e1logos forma parte del compromiso de la Corporaci\u00f3n Cultural Ojo de Pescado con la promoci\u00f3n y resguardo del derecho de los ni\u00f1os, ni\u00f1as y j\u00f3venes a participar en la vida art\u00edstica y cultural del pa\u00eds, en concordancia con el Art\u00edculo 31 de la Convenci\u00f3n sobre los Derechos de los Ni\u00f1os y Ni\u00f1as: expresando sus opiniones, creando contenidos, desarrollando procesos de aprendizaje en torno al cine y disfrutando producciones audiovisuales de calidad apropiadas a sus edades e intereses.<\/span><\/p>\n<p>&nbsp;<\/p>\n<p><span style=\"font-weight: 400;\">Para conocer m\u00e1s sobre los expositores del encuentro y los cursos que impartir\u00e1n durante el 2do Seminario \u201cLa Infancia Quiere Cine\u201d, revisa el cat\u00e1logo alojado en <\/span><a href=\"https:\/\/l.facebook.com\/l.php?u=https%3A%2F%2Fojodepescado.cl%2F2o-seminario%3Ffbclid%3DIwAR1Kju3E7HBu1U29kIBtySLQHk60gLap9BvOqcQO98HPTUh_H800qlqurec&amp;h=AT3xv6-TPIHXKfExpOFQu6MvmjGptpo8533MB31J0sx2SWVT21YlMFmVHEZCJU5k74hgRus7xQN72ABIUy1bSMC_1tjJ7MTlD3Nab0IO0xZDsYcE2PTEdW2UOFri3eHZXYLnzw&amp;__tn__=-UK-R&amp;c%5B0%5D=AT3icizIcnSnYO-k-W21Ea_UOSXBwLatlOfX_c-VMmzqMlrCmzB0anugt-zRdvI6iXw9DiABRrn-Cj7W73VZ6flPifqRe_XntpXqrE-37DWxmAhWWiBuDDrMSpevr_Nrx0sFyr7p0sH_AYIKLI9bIWslifvAzgXSqaa8T8DvPC4Wp7EUBYhUeFKejK_KepKKpXUrs9ooJTjkPs6BowpKsuo50Q\"><span style=\"font-weight: 400;\">https:\/\/ojodepescado.cl\/2o-seminario<\/span><\/a><span style=\"font-weight: 400;\">\u00a0 y sigue atento a nuestras redes sociales.<\/span><\/p>\n","protected":false},"excerpt":{"rendered":"<p>El encuentro virtual comenzar\u00e1 este 17 de noviembre a las 19:00 horas y contar\u00e1 con exposiciones de los talleristas del 2do Seminario Internacional \u201cLa Infancia Quiere Cine\u201d.\u00a0 El Seminario Internacional para creadores \u201cLa Infancia quiere Cine\u201d se realizar\u00e1 entre el 5 y el 29 de enero de 2021 y cuenta con financiamiento del Fondo de [&hellip;]<\/p>\n","protected":false},"author":3,"featured_media":8522,"comment_status":"closed","ping_status":"closed","sticky":false,"template":"","format":"standard","meta":{"_acf_changed":false,"footnotes":""},"categories":[8],"tags":[],"class_list":["post-8521","post","type-post","status-publish","format-standard","has-post-thumbnail","hentry","category-noticia"],"acf":[],"yoast_head":"<!-- This site is optimized with the Yoast SEO plugin v27.1.1 - https:\/\/yoast.com\/product\/yoast-seo-wordpress\/ -->\n<title>Corporaci\u00f3n Cultural Ojo de Pescado realiza ciclo de di\u00e1logos online a 31 a\u00f1os de la Convenci\u00f3n de los Derechos del Ni\u00f1o - Valpara\u00ed\u00adso Creativo<\/title>\n<meta name=\"robots\" content=\"index, follow, max-snippet:-1, max-image-preview:large, max-video-preview:-1\" \/>\n<link rel=\"canonical\" href=\"https:\/\/dev.antudigital.cl\/sites\/vc\/corporacion-cultural-ojo-de-pescado-realiza-ciclo-de-dialogos-online-a-31-anos-de-la-convencion-de-los-derechos-del-nino\/\" \/>\n<meta property=\"og:locale\" content=\"es_ES\" \/>\n<meta property=\"og:type\" content=\"article\" \/>\n<meta property=\"og:title\" content=\"Corporaci\u00f3n Cultural Ojo de Pescado realiza ciclo de di\u00e1logos online a 31 a\u00f1os de la Convenci\u00f3n de los Derechos del Ni\u00f1o - Valpara\u00ed\u00adso Creativo\" \/>\n<meta property=\"og:description\" content=\"El encuentro virtual comenzar\u00e1 este 17 de noviembre a las 19:00 horas y contar\u00e1 con exposiciones de los talleristas del 2do Seminario Internacional \u201cLa Infancia Quiere Cine\u201d.\u00a0 El Seminario Internacional para creadores \u201cLa Infancia quiere Cine\u201d se realizar\u00e1 entre el 5 y el 29 de enero de 2021 y cuenta con financiamiento del Fondo de [&hellip;]\" \/>\n<meta property=\"og:url\" content=\"https:\/\/dev.antudigital.cl\/sites\/vc\/corporacion-cultural-ojo-de-pescado-realiza-ciclo-de-dialogos-online-a-31-anos-de-la-convencion-de-los-derechos-del-nino\/\" \/>\n<meta property=\"og:site_name\" content=\"Valpara\u00ed\u00adso Creativo\" \/>\n<meta property=\"article:published_time\" content=\"2020-11-16T18:44:36+00:00\" \/>\n<meta property=\"og:image\" content=\"https:\/\/dev.antudigital.cl\/sites\/vc\/wp-content\/uploads\/2020\/11\/OJOJOS.png\" \/>\n\t<meta property=\"og:image:width\" content=\"1774\" \/>\n\t<meta property=\"og:image:height\" content=\"657\" \/>\n\t<meta property=\"og:image:type\" content=\"image\/png\" \/>\n<meta name=\"author\" content=\"Valparaiso Creativo\" \/>\n<meta name=\"twitter:card\" content=\"summary_large_image\" \/>\n<meta name=\"twitter:label1\" content=\"Escrito por\" \/>\n\t<meta name=\"twitter:data1\" content=\"Valparaiso Creativo\" \/>\n\t<meta name=\"twitter:label2\" content=\"Tiempo de lectura\" \/>\n\t<meta name=\"twitter:data2\" content=\"4 minutos\" \/>\n<script type=\"application\/ld+json\" class=\"yoast-schema-graph\">{\"@context\":\"https:\/\/schema.org\",\"@graph\":[{\"@type\":\"Article\",\"@id\":\"https:\/\/dev.antudigital.cl\/sites\/vc\/corporacion-cultural-ojo-de-pescado-realiza-ciclo-de-dialogos-online-a-31-anos-de-la-convencion-de-los-derechos-del-nino\/#article\",\"isPartOf\":{\"@id\":\"https:\/\/dev.antudigital.cl\/sites\/vc\/corporacion-cultural-ojo-de-pescado-realiza-ciclo-de-dialogos-online-a-31-anos-de-la-convencion-de-los-derechos-del-nino\/\"},\"author\":{\"name\":\"Valparaiso Creativo\",\"@id\":\"https:\/\/dev.antudigital.cl\/sites\/vc\/#\/schema\/person\/81d1dcd51abd542b5dfc00f5f951a0f1\"},\"headline\":\"Corporaci\u00f3n Cultural Ojo de Pescado realiza ciclo de di\u00e1logos online a 31 a\u00f1os de la Convenci\u00f3n de los Derechos del Ni\u00f1o\",\"datePublished\":\"2020-11-16T18:44:36+00:00\",\"mainEntityOfPage\":{\"@id\":\"https:\/\/dev.antudigital.cl\/sites\/vc\/corporacion-cultural-ojo-de-pescado-realiza-ciclo-de-dialogos-online-a-31-anos-de-la-convencion-de-los-derechos-del-nino\/\"},\"wordCount\":829,\"image\":{\"@id\":\"https:\/\/dev.antudigital.cl\/sites\/vc\/corporacion-cultural-ojo-de-pescado-realiza-ciclo-de-dialogos-online-a-31-anos-de-la-convencion-de-los-derechos-del-nino\/#primaryimage\"},\"thumbnailUrl\":\"https:\/\/dev.antudigital.cl\/sites\/vc\/wp-content\/uploads\/2020\/11\/OJOJOS.png\",\"articleSection\":[\"Noticia\"],\"inLanguage\":\"es\"},{\"@type\":\"WebPage\",\"@id\":\"https:\/\/dev.antudigital.cl\/sites\/vc\/corporacion-cultural-ojo-de-pescado-realiza-ciclo-de-dialogos-online-a-31-anos-de-la-convencion-de-los-derechos-del-nino\/\",\"url\":\"https:\/\/dev.antudigital.cl\/sites\/vc\/corporacion-cultural-ojo-de-pescado-realiza-ciclo-de-dialogos-online-a-31-anos-de-la-convencion-de-los-derechos-del-nino\/\",\"name\":\"Corporaci\u00f3n Cultural Ojo de Pescado realiza ciclo de di\u00e1logos online a 31 a\u00f1os de la Convenci\u00f3n de los Derechos del Ni\u00f1o - Valpara\u00ed\u00adso Creativo\",\"isPartOf\":{\"@id\":\"https:\/\/dev.antudigital.cl\/sites\/vc\/#website\"},\"primaryImageOfPage\":{\"@id\":\"https:\/\/dev.antudigital.cl\/sites\/vc\/corporacion-cultural-ojo-de-pescado-realiza-ciclo-de-dialogos-online-a-31-anos-de-la-convencion-de-los-derechos-del-nino\/#primaryimage\"},\"image\":{\"@id\":\"https:\/\/dev.antudigital.cl\/sites\/vc\/corporacion-cultural-ojo-de-pescado-realiza-ciclo-de-dialogos-online-a-31-anos-de-la-convencion-de-los-derechos-del-nino\/#primaryimage\"},\"thumbnailUrl\":\"https:\/\/dev.antudigital.cl\/sites\/vc\/wp-content\/uploads\/2020\/11\/OJOJOS.png\",\"datePublished\":\"2020-11-16T18:44:36+00:00\",\"author\":{\"@id\":\"https:\/\/dev.antudigital.cl\/sites\/vc\/#\/schema\/person\/81d1dcd51abd542b5dfc00f5f951a0f1\"},\"breadcrumb\":{\"@id\":\"https:\/\/dev.antudigital.cl\/sites\/vc\/corporacion-cultural-ojo-de-pescado-realiza-ciclo-de-dialogos-online-a-31-anos-de-la-convencion-de-los-derechos-del-nino\/#breadcrumb\"},\"inLanguage\":\"es\",\"potentialAction\":[{\"@type\":\"ReadAction\",\"target\":[\"https:\/\/dev.antudigital.cl\/sites\/vc\/corporacion-cultural-ojo-de-pescado-realiza-ciclo-de-dialogos-online-a-31-anos-de-la-convencion-de-los-derechos-del-nino\/\"]}]},{\"@type\":\"ImageObject\",\"inLanguage\":\"es\",\"@id\":\"https:\/\/dev.antudigital.cl\/sites\/vc\/corporacion-cultural-ojo-de-pescado-realiza-ciclo-de-dialogos-online-a-31-anos-de-la-convencion-de-los-derechos-del-nino\/#primaryimage\",\"url\":\"https:\/\/dev.antudigital.cl\/sites\/vc\/wp-content\/uploads\/2020\/11\/OJOJOS.png\",\"contentUrl\":\"https:\/\/dev.antudigital.cl\/sites\/vc\/wp-content\/uploads\/2020\/11\/OJOJOS.png\",\"width\":1774,\"height\":657},{\"@type\":\"BreadcrumbList\",\"@id\":\"https:\/\/dev.antudigital.cl\/sites\/vc\/corporacion-cultural-ojo-de-pescado-realiza-ciclo-de-dialogos-online-a-31-anos-de-la-convencion-de-los-derechos-del-nino\/#breadcrumb\",\"itemListElement\":[{\"@type\":\"ListItem\",\"position\":1,\"name\":\"Home\",\"item\":\"https:\/\/dev.antudigital.cl\/sites\/vc\/\"},{\"@type\":\"ListItem\",\"position\":2,\"name\":\"Corporaci\u00f3n Cultural Ojo de Pescado realiza ciclo de di\u00e1logos online a 31 a\u00f1os de la Convenci\u00f3n de los Derechos del Ni\u00f1o\"}]},{\"@type\":\"WebSite\",\"@id\":\"https:\/\/dev.antudigital.cl\/sites\/vc\/#website\",\"url\":\"https:\/\/dev.antudigital.cl\/sites\/vc\/\",\"name\":\"Valpara\u00ed\u00adso Creativo\",\"description\":\"\",\"potentialAction\":[{\"@type\":\"SearchAction\",\"target\":{\"@type\":\"EntryPoint\",\"urlTemplate\":\"https:\/\/dev.antudigital.cl\/sites\/vc\/?s={search_term_string}\"},\"query-input\":{\"@type\":\"PropertyValueSpecification\",\"valueRequired\":true,\"valueName\":\"search_term_string\"}}],\"inLanguage\":\"es\"},{\"@type\":\"Person\",\"@id\":\"https:\/\/dev.antudigital.cl\/sites\/vc\/#\/schema\/person\/81d1dcd51abd542b5dfc00f5f951a0f1\",\"name\":\"Valparaiso Creativo\",\"url\":\"https:\/\/dev.antudigital.cl\/sites\/vc\/author\/valparaiso-creativo\/\"}]}<\/script>\n<!-- \/ Yoast SEO plugin. -->","yoast_head_json":{"title":"Corporaci\u00f3n Cultural Ojo de Pescado realiza ciclo de di\u00e1logos online a 31 a\u00f1os de la Convenci\u00f3n de los Derechos del Ni\u00f1o - Valpara\u00ed\u00adso Creativo","robots":{"index":"index","follow":"follow","max-snippet":"max-snippet:-1","max-image-preview":"max-image-preview:large","max-video-preview":"max-video-preview:-1"},"canonical":"https:\/\/dev.antudigital.cl\/sites\/vc\/corporacion-cultural-ojo-de-pescado-realiza-ciclo-de-dialogos-online-a-31-anos-de-la-convencion-de-los-derechos-del-nino\/","og_locale":"es_ES","og_type":"article","og_title":"Corporaci\u00f3n Cultural Ojo de Pescado realiza ciclo de di\u00e1logos online a 31 a\u00f1os de la Convenci\u00f3n de los Derechos del Ni\u00f1o - Valpara\u00ed\u00adso Creativo","og_description":"El encuentro virtual comenzar\u00e1 este 17 de noviembre a las 19:00 horas y contar\u00e1 con exposiciones de los talleristas del 2do Seminario Internacional \u201cLa Infancia Quiere Cine\u201d.\u00a0 El Seminario Internacional para creadores \u201cLa Infancia quiere Cine\u201d se realizar\u00e1 entre el 5 y el 29 de enero de 2021 y cuenta con financiamiento del Fondo de [&hellip;]","og_url":"https:\/\/dev.antudigital.cl\/sites\/vc\/corporacion-cultural-ojo-de-pescado-realiza-ciclo-de-dialogos-online-a-31-anos-de-la-convencion-de-los-derechos-del-nino\/","og_site_name":"Valpara\u00ed\u00adso Creativo","article_published_time":"2020-11-16T18:44:36+00:00","og_image":[{"width":1774,"height":657,"url":"https:\/\/dev.antudigital.cl\/sites\/vc\/wp-content\/uploads\/2020\/11\/OJOJOS.png","type":"image\/png"}],"author":"Valparaiso Creativo","twitter_card":"summary_large_image","twitter_misc":{"Escrito por":"Valparaiso Creativo","Tiempo de lectura":"4 minutos"},"schema":{"@context":"https:\/\/schema.org","@graph":[{"@type":"Article","@id":"https:\/\/dev.antudigital.cl\/sites\/vc\/corporacion-cultural-ojo-de-pescado-realiza-ciclo-de-dialogos-online-a-31-anos-de-la-convencion-de-los-derechos-del-nino\/#article","isPartOf":{"@id":"https:\/\/dev.antudigital.cl\/sites\/vc\/corporacion-cultural-ojo-de-pescado-realiza-ciclo-de-dialogos-online-a-31-anos-de-la-convencion-de-los-derechos-del-nino\/"},"author":{"name":"Valparaiso Creativo","@id":"https:\/\/dev.antudigital.cl\/sites\/vc\/#\/schema\/person\/81d1dcd51abd542b5dfc00f5f951a0f1"},"headline":"Corporaci\u00f3n Cultural Ojo de Pescado realiza ciclo de di\u00e1logos online a 31 a\u00f1os de la Convenci\u00f3n de los Derechos del Ni\u00f1o","datePublished":"2020-11-16T18:44:36+00:00","mainEntityOfPage":{"@id":"https:\/\/dev.antudigital.cl\/sites\/vc\/corporacion-cultural-ojo-de-pescado-realiza-ciclo-de-dialogos-online-a-31-anos-de-la-convencion-de-los-derechos-del-nino\/"},"wordCount":829,"image":{"@id":"https:\/\/dev.antudigital.cl\/sites\/vc\/corporacion-cultural-ojo-de-pescado-realiza-ciclo-de-dialogos-online-a-31-anos-de-la-convencion-de-los-derechos-del-nino\/#primaryimage"},"thumbnailUrl":"https:\/\/dev.antudigital.cl\/sites\/vc\/wp-content\/uploads\/2020\/11\/OJOJOS.png","articleSection":["Noticia"],"inLanguage":"es"},{"@type":"WebPage","@id":"https:\/\/dev.antudigital.cl\/sites\/vc\/corporacion-cultural-ojo-de-pescado-realiza-ciclo-de-dialogos-online-a-31-anos-de-la-convencion-de-los-derechos-del-nino\/","url":"https:\/\/dev.antudigital.cl\/sites\/vc\/corporacion-cultural-ojo-de-pescado-realiza-ciclo-de-dialogos-online-a-31-anos-de-la-convencion-de-los-derechos-del-nino\/","name":"Corporaci\u00f3n Cultural Ojo de Pescado realiza ciclo de di\u00e1logos online a 31 a\u00f1os de la Convenci\u00f3n de los Derechos del Ni\u00f1o - Valpara\u00ed\u00adso Creativo","isPartOf":{"@id":"https:\/\/dev.antudigital.cl\/sites\/vc\/#website"},"primaryImageOfPage":{"@id":"https:\/\/dev.antudigital.cl\/sites\/vc\/corporacion-cultural-ojo-de-pescado-realiza-ciclo-de-dialogos-online-a-31-anos-de-la-convencion-de-los-derechos-del-nino\/#primaryimage"},"image":{"@id":"https:\/\/dev.antudigital.cl\/sites\/vc\/corporacion-cultural-ojo-de-pescado-realiza-ciclo-de-dialogos-online-a-31-anos-de-la-convencion-de-los-derechos-del-nino\/#primaryimage"},"thumbnailUrl":"https:\/\/dev.antudigital.cl\/sites\/vc\/wp-content\/uploads\/2020\/11\/OJOJOS.png","datePublished":"2020-11-16T18:44:36+00:00","author":{"@id":"https:\/\/dev.antudigital.cl\/sites\/vc\/#\/schema\/person\/81d1dcd51abd542b5dfc00f5f951a0f1"},"breadcrumb":{"@id":"https:\/\/dev.antudigital.cl\/sites\/vc\/corporacion-cultural-ojo-de-pescado-realiza-ciclo-de-dialogos-online-a-31-anos-de-la-convencion-de-los-derechos-del-nino\/#breadcrumb"},"inLanguage":"es","potentialAction":[{"@type":"ReadAction","target":["https:\/\/dev.antudigital.cl\/sites\/vc\/corporacion-cultural-ojo-de-pescado-realiza-ciclo-de-dialogos-online-a-31-anos-de-la-convencion-de-los-derechos-del-nino\/"]}]},{"@type":"ImageObject","inLanguage":"es","@id":"https:\/\/dev.antudigital.cl\/sites\/vc\/corporacion-cultural-ojo-de-pescado-realiza-ciclo-de-dialogos-online-a-31-anos-de-la-convencion-de-los-derechos-del-nino\/#primaryimage","url":"https:\/\/dev.antudigital.cl\/sites\/vc\/wp-content\/uploads\/2020\/11\/OJOJOS.png","contentUrl":"https:\/\/dev.antudigital.cl\/sites\/vc\/wp-content\/uploads\/2020\/11\/OJOJOS.png","width":1774,"height":657},{"@type":"BreadcrumbList","@id":"https:\/\/dev.antudigital.cl\/sites\/vc\/corporacion-cultural-ojo-de-pescado-realiza-ciclo-de-dialogos-online-a-31-anos-de-la-convencion-de-los-derechos-del-nino\/#breadcrumb","itemListElement":[{"@type":"ListItem","position":1,"name":"Home","item":"https:\/\/dev.antudigital.cl\/sites\/vc\/"},{"@type":"ListItem","position":2,"name":"Corporaci\u00f3n Cultural Ojo de Pescado realiza ciclo de di\u00e1logos online a 31 a\u00f1os de la Convenci\u00f3n de los Derechos del Ni\u00f1o"}]},{"@type":"WebSite","@id":"https:\/\/dev.antudigital.cl\/sites\/vc\/#website","url":"https:\/\/dev.antudigital.cl\/sites\/vc\/","name":"Valpara\u00ed\u00adso Creativo","description":"","potentialAction":[{"@type":"SearchAction","target":{"@type":"EntryPoint","urlTemplate":"https:\/\/dev.antudigital.cl\/sites\/vc\/?s={search_term_string}"},"query-input":{"@type":"PropertyValueSpecification","valueRequired":true,"valueName":"search_term_string"}}],"inLanguage":"es"},{"@type":"Person","@id":"https:\/\/dev.antudigital.cl\/sites\/vc\/#\/schema\/person\/81d1dcd51abd542b5dfc00f5f951a0f1","name":"Valparaiso Creativo","url":"https:\/\/dev.antudigital.cl\/sites\/vc\/author\/valparaiso-creativo\/"}]}},"_links":{"self":[{"href":"https:\/\/dev.antudigital.cl\/sites\/vc\/wp-json\/wp\/v2\/posts\/8521","targetHints":{"allow":["GET"]}}],"collection":[{"href":"https:\/\/dev.antudigital.cl\/sites\/vc\/wp-json\/wp\/v2\/posts"}],"about":[{"href":"https:\/\/dev.antudigital.cl\/sites\/vc\/wp-json\/wp\/v2\/types\/post"}],"author":[{"embeddable":true,"href":"https:\/\/dev.antudigital.cl\/sites\/vc\/wp-json\/wp\/v2\/users\/3"}],"replies":[{"embeddable":true,"href":"https:\/\/dev.antudigital.cl\/sites\/vc\/wp-json\/wp\/v2\/comments?post=8521"}],"version-history":[{"count":0,"href":"https:\/\/dev.antudigital.cl\/sites\/vc\/wp-json\/wp\/v2\/posts\/8521\/revisions"}],"wp:featuredmedia":[{"embeddable":true,"href":"https:\/\/dev.antudigital.cl\/sites\/vc\/wp-json\/wp\/v2\/media\/8522"}],"wp:attachment":[{"href":"https:\/\/dev.antudigital.cl\/sites\/vc\/wp-json\/wp\/v2\/media?parent=8521"}],"wp:term":[{"taxonomy":"category","embeddable":true,"href":"https:\/\/dev.antudigital.cl\/sites\/vc\/wp-json\/wp\/v2\/categories?post=8521"},{"taxonomy":"post_tag","embeddable":true,"href":"https:\/\/dev.antudigital.cl\/sites\/vc\/wp-json\/wp\/v2\/tags?post=8521"}],"curies":[{"name":"wp","href":"https:\/\/api.w.org\/{rel}","templated":true}]}}