{"id":8528,"date":"2020-11-16T18:04:36","date_gmt":"2020-11-16T18:04:36","guid":{"rendered":"https:\/\/www.valparaisocreativo.cl\/?p=5482"},"modified":"2020-11-16T18:04:36","modified_gmt":"2020-11-16T18:04:36","slug":"ya-comenzo-la-decima-edicion-de-pasarela-valparaiso","status":"publish","type":"post","link":"https:\/\/dev.antudigital.cl\/sites\/vc\/ya-comenzo-la-decima-edicion-de-pasarela-valparaiso\/","title":{"rendered":"Ya comenz\u00f3 la d\u00e9cima edici\u00f3n de Pasarela Valpara\u00edso"},"content":{"rendered":"<p><strong>La tradicional muestra de moda convoca a creadores y creadoras nacionales de amplia trayectoria,\u00a0 adem\u00e1s de talentos emergentes de la industria regional. Ignacio Lechuga, Juana D\u00edaz y Wendy Pozo entre los expositores.<\/strong><span id=\"more-155595\"><\/span><\/p>\n<p>El evento de moda m\u00e1s relevante de la regi\u00f3n de Valpara\u00edso, que convoca a destacados creadores de gran trayectoria en la industria, lanzar\u00e1 su nueva programaci\u00f3n en su 10\u00b0 aniversario, por primera vez, a trav\u00e9s de plataforma streaming.<\/p>\n<p>Este a\u00f1o, como es habitual, se presentar\u00e1n propuestas de estudiantes de la carrera de Dise\u00f1o de Vestuario Duoc UC, de Vi\u00f1a del Mar y Santiago, basadas en un dise\u00f1o altamente creativo, una interesante experimentaci\u00f3n formal y textil, a trav\u00e9s de las cuales se potencia el dise\u00f1o como elemento diferenciador en productos de vestuario, apoyando una cultura de la moda.<\/p>\n<p>La actividad contempla un Seminario Internacional organizado en conjunto con ProChile, con representantes de M\u00e9xico y Colombia, para apoyar el desarrollo y proyecci\u00f3n de emprendedores textiles y empresas del sector. Mientras que el 19 \u00a0de noviembre a las 21:00 horas, se transmitir\u00e1 el desfile en el canal youtube del evento (https:\/\/www.youtube.com\/channel\/UCfTqMTPrD5JiWS8SSu22Suw).<\/p>\n<p>Para la directora de \u00c1rea Escuelas de Dise\u00f1o y Comunicaci\u00f3n de Duoc UC, Angelina Vaccarella,\u00a0\u201cPasarela Valpara\u00edso es uno de los hitos m\u00e1s relevantes de la Escuela de Dise\u00f1o de Duoc UC, ya que se ha constituido en estos 10 a\u00f1os como una plataforma que re\u00fane a los principales actores de la industria de la moda y el vestuario junto a instituciones de relevancia regional y nacional, con el objetivo de vincular tempranamente a nuestros estudiantes para favorecer y ampliar su campo laboral\u201d.<\/p>\n<p>En tanto, la seremi de la Culturas, las Artes y el Patrimonio de la regi\u00f3n de Valpara\u00edso, Constance Harvey, sostuvo que el evento \u201cen el escenario en que se encuentra hoy nuestro pa\u00eds, los creadores han sabido innovar y detectar oportunidades potenciando el formato digital, con lo cual lograr\u00e1n ampliar su cobertura y posicionar el dise\u00f1o de vestuario a nivel global\u00bb.<\/p>\n<p>Pasarela Valpara\u00edso es organizado desde 2011 por Duoc UC, con el apoyo del Ministerio de las Culturas, el Arte y el Patrimonio, Regi\u00f3n de Valpara\u00edso, ProChile, la C\u00e1mara Regional de Comercio de Valpara\u00edso, y el Programa Estrat\u00e9gico Regional de la Corfo, Valpara\u00edso Creativo y el Parque Cultural de Valpara\u00edso, y busca ser un espacio de integraci\u00f3n, profesionalizaci\u00f3n y colaboraci\u00f3n donde confluyen talentos creativos, servicios productivos, \u00e1mbitos de la cultura y la educaci\u00f3n y las distintas instituciones de la ciudad. La iniciativa tambi\u00e9n ser\u00e1 parte de las actividades del Mes del Dise\u00f1o.<\/p>\n<p><strong>10 a\u00f1os proyectando identidad local<\/strong><\/p>\n<p>En esta nueva versi\u00f3n, la muestra est\u00e1 conformada por marcas muy significativas dentro del panorama de la moda de autor nacional. Entre los convocados se encuentran dise\u00f1adores de gran trayectoria, que se han convertido en referentes de la moda nacional, como Ignacio Lechuga, Juana D\u00edaz, Paulo M\u00e9ndez, Wendy Pozo con la marca Londress, M\u00f3nica Navarro con su marca Puntada Austral, y Cristi\u00e1n Gonz\u00e1lez con su marca Sr. Gonz\u00e1lez.<\/p>\n<p>Por otra parte, el p\u00fablico podr\u00e1 apreciar marcas j\u00f3venes con propuestas innovadoras y grandes proyecciones, como Javiera Rocco y Gustavo Urquieta con su marca PELFF, Sebasti\u00e1n Rom\u00e1n con su marca Ente.UPCYCLING, Francisca Pinto y Valent\u00eda Montenegro con su marca Costura Local x Nunka Inalien, y Christi\u00e1n Palacios con su marca Ceremonia.<\/p>\n<p>No estar\u00e1n ausentes los zapatos y accesorios de dise\u00f1o, representados esta vez por los dise\u00f1adores Loreto Gaytan con su marca Gayt\u00e1n y Sebasti\u00e1n Marino.<\/p>\n<p>Se suman como colaboraci\u00f3n otras marcas de dise\u00f1o en vestuario, calzado y accesorios, como Juan el Dalt\u00f3nico, Tada, La Horma, NS, The Rockers, Gatx Nirankar y Siberia.<\/p>\n<p>\u201cLa Regi\u00f3n de Valpara\u00edso cuenta cada vez con m\u00e1s referentes locales que nos dan relevancia en las Industrias Creativas y tambi\u00e9n en la moda y dise\u00f1o. Como ProChile, el ser aliado estrat\u00e9gico del Pasarela Valpara\u00edso significa empujar la internacionalizaci\u00f3n de las empresas, permitiendo que todos estos desarrolladores creativos puedan cruzar nuestras fronteras y ser valorados a la altura internacional en la que se encuentran\u201d, concluye Vicente Alti, Director Regional, ProChile Valpara\u00edso.<\/p>\n<p>Para m\u00e1s informaci\u00f3n y detalles e invitaciones a las actividades del\u00a0programa, visita\u00a0<a href=\"https:\/\/welcu.com\/pasarela-valparaiso\/pasarela-valparaiso-2020\">https:\/\/welcu.com\/pasarela-valparaiso\/pasarela-valparaiso-2020<\/a><\/p>\n","protected":false},"excerpt":{"rendered":"<p>La tradicional muestra de moda convoca a creadores y creadoras nacionales de amplia trayectoria,\u00a0 adem\u00e1s de talentos emergentes de la industria regional. Ignacio Lechuga, Juana D\u00edaz y Wendy Pozo entre los expositores. El evento de moda m\u00e1s relevante de la regi\u00f3n de Valpara\u00edso, que convoca a destacados creadores de gran trayectoria en la industria, lanzar\u00e1 [&hellip;]<\/p>\n","protected":false},"author":3,"featured_media":8529,"comment_status":"closed","ping_status":"closed","sticky":false,"template":"","format":"standard","meta":{"_acf_changed":false,"footnotes":""},"categories":[8],"tags":[],"class_list":["post-8528","post","type-post","status-publish","format-standard","has-post-thumbnail","hentry","category-noticia"],"acf":[],"yoast_head":"<!-- This site is optimized with the Yoast SEO plugin v27.1.1 - https:\/\/yoast.com\/product\/yoast-seo-wordpress\/ -->\n<title>Ya comenz\u00f3 la d\u00e9cima edici\u00f3n de Pasarela Valpara\u00edso - Valpara\u00ed\u00adso Creativo<\/title>\n<meta name=\"robots\" content=\"index, follow, max-snippet:-1, max-image-preview:large, max-video-preview:-1\" \/>\n<link rel=\"canonical\" href=\"https:\/\/dev.antudigital.cl\/sites\/vc\/ya-comenzo-la-decima-edicion-de-pasarela-valparaiso\/\" \/>\n<meta property=\"og:locale\" content=\"es_ES\" \/>\n<meta property=\"og:type\" content=\"article\" \/>\n<meta property=\"og:title\" content=\"Ya comenz\u00f3 la d\u00e9cima edici\u00f3n de Pasarela Valpara\u00edso - Valpara\u00ed\u00adso Creativo\" \/>\n<meta property=\"og:description\" content=\"La tradicional muestra de moda convoca a creadores y creadoras nacionales de amplia trayectoria,\u00a0 adem\u00e1s de talentos emergentes de la industria regional. Ignacio Lechuga, Juana D\u00edaz y Wendy Pozo entre los expositores. El evento de moda m\u00e1s relevante de la regi\u00f3n de Valpara\u00edso, que convoca a destacados creadores de gran trayectoria en la industria, lanzar\u00e1 [&hellip;]\" \/>\n<meta property=\"og:url\" content=\"https:\/\/dev.antudigital.cl\/sites\/vc\/ya-comenzo-la-decima-edicion-de-pasarela-valparaiso\/\" \/>\n<meta property=\"og:site_name\" content=\"Valpara\u00ed\u00adso Creativo\" \/>\n<meta property=\"article:published_time\" content=\"2020-11-16T18:04:36+00:00\" \/>\n<meta property=\"og:image\" content=\"https:\/\/dev.antudigital.cl\/sites\/vc\/wp-content\/uploads\/2020\/11\/PVSVSVS-scaled.jpg\" \/>\n\t<meta property=\"og:image:width\" content=\"2560\" \/>\n\t<meta property=\"og:image:height\" content=\"1151\" \/>\n\t<meta property=\"og:image:type\" content=\"image\/jpeg\" \/>\n<meta name=\"author\" content=\"Valparaiso Creativo\" \/>\n<meta name=\"twitter:card\" content=\"summary_large_image\" \/>\n<meta name=\"twitter:label1\" content=\"Escrito por\" \/>\n\t<meta name=\"twitter:data1\" content=\"Valparaiso Creativo\" \/>\n\t<meta name=\"twitter:label2\" content=\"Tiempo de lectura\" \/>\n\t<meta name=\"twitter:data2\" content=\"4 minutos\" \/>\n<script type=\"application\/ld+json\" class=\"yoast-schema-graph\">{\"@context\":\"https:\/\/schema.org\",\"@graph\":[{\"@type\":\"Article\",\"@id\":\"https:\/\/dev.antudigital.cl\/sites\/vc\/ya-comenzo-la-decima-edicion-de-pasarela-valparaiso\/#article\",\"isPartOf\":{\"@id\":\"https:\/\/dev.antudigital.cl\/sites\/vc\/ya-comenzo-la-decima-edicion-de-pasarela-valparaiso\/\"},\"author\":{\"name\":\"Valparaiso Creativo\",\"@id\":\"https:\/\/dev.antudigital.cl\/sites\/vc\/#\/schema\/person\/81d1dcd51abd542b5dfc00f5f951a0f1\"},\"headline\":\"Ya comenz\u00f3 la d\u00e9cima edici\u00f3n de Pasarela Valpara\u00edso\",\"datePublished\":\"2020-11-16T18:04:36+00:00\",\"mainEntityOfPage\":{\"@id\":\"https:\/\/dev.antudigital.cl\/sites\/vc\/ya-comenzo-la-decima-edicion-de-pasarela-valparaiso\/\"},\"wordCount\":770,\"image\":{\"@id\":\"https:\/\/dev.antudigital.cl\/sites\/vc\/ya-comenzo-la-decima-edicion-de-pasarela-valparaiso\/#primaryimage\"},\"thumbnailUrl\":\"https:\/\/dev.antudigital.cl\/sites\/vc\/wp-content\/uploads\/2020\/11\/PVSVSVS-scaled.jpg\",\"articleSection\":[\"Noticia\"],\"inLanguage\":\"es\"},{\"@type\":\"WebPage\",\"@id\":\"https:\/\/dev.antudigital.cl\/sites\/vc\/ya-comenzo-la-decima-edicion-de-pasarela-valparaiso\/\",\"url\":\"https:\/\/dev.antudigital.cl\/sites\/vc\/ya-comenzo-la-decima-edicion-de-pasarela-valparaiso\/\",\"name\":\"Ya comenz\u00f3 la d\u00e9cima edici\u00f3n de Pasarela Valpara\u00edso - Valpara\u00ed\u00adso Creativo\",\"isPartOf\":{\"@id\":\"https:\/\/dev.antudigital.cl\/sites\/vc\/#website\"},\"primaryImageOfPage\":{\"@id\":\"https:\/\/dev.antudigital.cl\/sites\/vc\/ya-comenzo-la-decima-edicion-de-pasarela-valparaiso\/#primaryimage\"},\"image\":{\"@id\":\"https:\/\/dev.antudigital.cl\/sites\/vc\/ya-comenzo-la-decima-edicion-de-pasarela-valparaiso\/#primaryimage\"},\"thumbnailUrl\":\"https:\/\/dev.antudigital.cl\/sites\/vc\/wp-content\/uploads\/2020\/11\/PVSVSVS-scaled.jpg\",\"datePublished\":\"2020-11-16T18:04:36+00:00\",\"author\":{\"@id\":\"https:\/\/dev.antudigital.cl\/sites\/vc\/#\/schema\/person\/81d1dcd51abd542b5dfc00f5f951a0f1\"},\"breadcrumb\":{\"@id\":\"https:\/\/dev.antudigital.cl\/sites\/vc\/ya-comenzo-la-decima-edicion-de-pasarela-valparaiso\/#breadcrumb\"},\"inLanguage\":\"es\",\"potentialAction\":[{\"@type\":\"ReadAction\",\"target\":[\"https:\/\/dev.antudigital.cl\/sites\/vc\/ya-comenzo-la-decima-edicion-de-pasarela-valparaiso\/\"]}]},{\"@type\":\"ImageObject\",\"inLanguage\":\"es\",\"@id\":\"https:\/\/dev.antudigital.cl\/sites\/vc\/ya-comenzo-la-decima-edicion-de-pasarela-valparaiso\/#primaryimage\",\"url\":\"https:\/\/dev.antudigital.cl\/sites\/vc\/wp-content\/uploads\/2020\/11\/PVSVSVS-scaled.jpg\",\"contentUrl\":\"https:\/\/dev.antudigital.cl\/sites\/vc\/wp-content\/uploads\/2020\/11\/PVSVSVS-scaled.jpg\",\"width\":2560,\"height\":1151},{\"@type\":\"BreadcrumbList\",\"@id\":\"https:\/\/dev.antudigital.cl\/sites\/vc\/ya-comenzo-la-decima-edicion-de-pasarela-valparaiso\/#breadcrumb\",\"itemListElement\":[{\"@type\":\"ListItem\",\"position\":1,\"name\":\"Home\",\"item\":\"https:\/\/dev.antudigital.cl\/sites\/vc\/\"},{\"@type\":\"ListItem\",\"position\":2,\"name\":\"Ya comenz\u00f3 la d\u00e9cima edici\u00f3n de Pasarela Valpara\u00edso\"}]},{\"@type\":\"WebSite\",\"@id\":\"https:\/\/dev.antudigital.cl\/sites\/vc\/#website\",\"url\":\"https:\/\/dev.antudigital.cl\/sites\/vc\/\",\"name\":\"Valpara\u00ed\u00adso Creativo\",\"description\":\"\",\"potentialAction\":[{\"@type\":\"SearchAction\",\"target\":{\"@type\":\"EntryPoint\",\"urlTemplate\":\"https:\/\/dev.antudigital.cl\/sites\/vc\/?s={search_term_string}\"},\"query-input\":{\"@type\":\"PropertyValueSpecification\",\"valueRequired\":true,\"valueName\":\"search_term_string\"}}],\"inLanguage\":\"es\"},{\"@type\":\"Person\",\"@id\":\"https:\/\/dev.antudigital.cl\/sites\/vc\/#\/schema\/person\/81d1dcd51abd542b5dfc00f5f951a0f1\",\"name\":\"Valparaiso Creativo\",\"url\":\"https:\/\/dev.antudigital.cl\/sites\/vc\/author\/valparaiso-creativo\/\"}]}<\/script>\n<!-- \/ Yoast SEO plugin. -->","yoast_head_json":{"title":"Ya comenz\u00f3 la d\u00e9cima edici\u00f3n de Pasarela Valpara\u00edso - Valpara\u00ed\u00adso Creativo","robots":{"index":"index","follow":"follow","max-snippet":"max-snippet:-1","max-image-preview":"max-image-preview:large","max-video-preview":"max-video-preview:-1"},"canonical":"https:\/\/dev.antudigital.cl\/sites\/vc\/ya-comenzo-la-decima-edicion-de-pasarela-valparaiso\/","og_locale":"es_ES","og_type":"article","og_title":"Ya comenz\u00f3 la d\u00e9cima edici\u00f3n de Pasarela Valpara\u00edso - Valpara\u00ed\u00adso Creativo","og_description":"La tradicional muestra de moda convoca a creadores y creadoras nacionales de amplia trayectoria,\u00a0 adem\u00e1s de talentos emergentes de la industria regional. Ignacio Lechuga, Juana D\u00edaz y Wendy Pozo entre los expositores. El evento de moda m\u00e1s relevante de la regi\u00f3n de Valpara\u00edso, que convoca a destacados creadores de gran trayectoria en la industria, lanzar\u00e1 [&hellip;]","og_url":"https:\/\/dev.antudigital.cl\/sites\/vc\/ya-comenzo-la-decima-edicion-de-pasarela-valparaiso\/","og_site_name":"Valpara\u00ed\u00adso Creativo","article_published_time":"2020-11-16T18:04:36+00:00","og_image":[{"width":2560,"height":1151,"url":"https:\/\/dev.antudigital.cl\/sites\/vc\/wp-content\/uploads\/2020\/11\/PVSVSVS-scaled.jpg","type":"image\/jpeg"}],"author":"Valparaiso Creativo","twitter_card":"summary_large_image","twitter_misc":{"Escrito por":"Valparaiso Creativo","Tiempo de lectura":"4 minutos"},"schema":{"@context":"https:\/\/schema.org","@graph":[{"@type":"Article","@id":"https:\/\/dev.antudigital.cl\/sites\/vc\/ya-comenzo-la-decima-edicion-de-pasarela-valparaiso\/#article","isPartOf":{"@id":"https:\/\/dev.antudigital.cl\/sites\/vc\/ya-comenzo-la-decima-edicion-de-pasarela-valparaiso\/"},"author":{"name":"Valparaiso Creativo","@id":"https:\/\/dev.antudigital.cl\/sites\/vc\/#\/schema\/person\/81d1dcd51abd542b5dfc00f5f951a0f1"},"headline":"Ya comenz\u00f3 la d\u00e9cima edici\u00f3n de Pasarela Valpara\u00edso","datePublished":"2020-11-16T18:04:36+00:00","mainEntityOfPage":{"@id":"https:\/\/dev.antudigital.cl\/sites\/vc\/ya-comenzo-la-decima-edicion-de-pasarela-valparaiso\/"},"wordCount":770,"image":{"@id":"https:\/\/dev.antudigital.cl\/sites\/vc\/ya-comenzo-la-decima-edicion-de-pasarela-valparaiso\/#primaryimage"},"thumbnailUrl":"https:\/\/dev.antudigital.cl\/sites\/vc\/wp-content\/uploads\/2020\/11\/PVSVSVS-scaled.jpg","articleSection":["Noticia"],"inLanguage":"es"},{"@type":"WebPage","@id":"https:\/\/dev.antudigital.cl\/sites\/vc\/ya-comenzo-la-decima-edicion-de-pasarela-valparaiso\/","url":"https:\/\/dev.antudigital.cl\/sites\/vc\/ya-comenzo-la-decima-edicion-de-pasarela-valparaiso\/","name":"Ya comenz\u00f3 la d\u00e9cima edici\u00f3n de Pasarela Valpara\u00edso - Valpara\u00ed\u00adso Creativo","isPartOf":{"@id":"https:\/\/dev.antudigital.cl\/sites\/vc\/#website"},"primaryImageOfPage":{"@id":"https:\/\/dev.antudigital.cl\/sites\/vc\/ya-comenzo-la-decima-edicion-de-pasarela-valparaiso\/#primaryimage"},"image":{"@id":"https:\/\/dev.antudigital.cl\/sites\/vc\/ya-comenzo-la-decima-edicion-de-pasarela-valparaiso\/#primaryimage"},"thumbnailUrl":"https:\/\/dev.antudigital.cl\/sites\/vc\/wp-content\/uploads\/2020\/11\/PVSVSVS-scaled.jpg","datePublished":"2020-11-16T18:04:36+00:00","author":{"@id":"https:\/\/dev.antudigital.cl\/sites\/vc\/#\/schema\/person\/81d1dcd51abd542b5dfc00f5f951a0f1"},"breadcrumb":{"@id":"https:\/\/dev.antudigital.cl\/sites\/vc\/ya-comenzo-la-decima-edicion-de-pasarela-valparaiso\/#breadcrumb"},"inLanguage":"es","potentialAction":[{"@type":"ReadAction","target":["https:\/\/dev.antudigital.cl\/sites\/vc\/ya-comenzo-la-decima-edicion-de-pasarela-valparaiso\/"]}]},{"@type":"ImageObject","inLanguage":"es","@id":"https:\/\/dev.antudigital.cl\/sites\/vc\/ya-comenzo-la-decima-edicion-de-pasarela-valparaiso\/#primaryimage","url":"https:\/\/dev.antudigital.cl\/sites\/vc\/wp-content\/uploads\/2020\/11\/PVSVSVS-scaled.jpg","contentUrl":"https:\/\/dev.antudigital.cl\/sites\/vc\/wp-content\/uploads\/2020\/11\/PVSVSVS-scaled.jpg","width":2560,"height":1151},{"@type":"BreadcrumbList","@id":"https:\/\/dev.antudigital.cl\/sites\/vc\/ya-comenzo-la-decima-edicion-de-pasarela-valparaiso\/#breadcrumb","itemListElement":[{"@type":"ListItem","position":1,"name":"Home","item":"https:\/\/dev.antudigital.cl\/sites\/vc\/"},{"@type":"ListItem","position":2,"name":"Ya comenz\u00f3 la d\u00e9cima edici\u00f3n de Pasarela Valpara\u00edso"}]},{"@type":"WebSite","@id":"https:\/\/dev.antudigital.cl\/sites\/vc\/#website","url":"https:\/\/dev.antudigital.cl\/sites\/vc\/","name":"Valpara\u00ed\u00adso Creativo","description":"","potentialAction":[{"@type":"SearchAction","target":{"@type":"EntryPoint","urlTemplate":"https:\/\/dev.antudigital.cl\/sites\/vc\/?s={search_term_string}"},"query-input":{"@type":"PropertyValueSpecification","valueRequired":true,"valueName":"search_term_string"}}],"inLanguage":"es"},{"@type":"Person","@id":"https:\/\/dev.antudigital.cl\/sites\/vc\/#\/schema\/person\/81d1dcd51abd542b5dfc00f5f951a0f1","name":"Valparaiso Creativo","url":"https:\/\/dev.antudigital.cl\/sites\/vc\/author\/valparaiso-creativo\/"}]}},"_links":{"self":[{"href":"https:\/\/dev.antudigital.cl\/sites\/vc\/wp-json\/wp\/v2\/posts\/8528","targetHints":{"allow":["GET"]}}],"collection":[{"href":"https:\/\/dev.antudigital.cl\/sites\/vc\/wp-json\/wp\/v2\/posts"}],"about":[{"href":"https:\/\/dev.antudigital.cl\/sites\/vc\/wp-json\/wp\/v2\/types\/post"}],"author":[{"embeddable":true,"href":"https:\/\/dev.antudigital.cl\/sites\/vc\/wp-json\/wp\/v2\/users\/3"}],"replies":[{"embeddable":true,"href":"https:\/\/dev.antudigital.cl\/sites\/vc\/wp-json\/wp\/v2\/comments?post=8528"}],"version-history":[{"count":0,"href":"https:\/\/dev.antudigital.cl\/sites\/vc\/wp-json\/wp\/v2\/posts\/8528\/revisions"}],"wp:featuredmedia":[{"embeddable":true,"href":"https:\/\/dev.antudigital.cl\/sites\/vc\/wp-json\/wp\/v2\/media\/8529"}],"wp:attachment":[{"href":"https:\/\/dev.antudigital.cl\/sites\/vc\/wp-json\/wp\/v2\/media?parent=8528"}],"wp:term":[{"taxonomy":"category","embeddable":true,"href":"https:\/\/dev.antudigital.cl\/sites\/vc\/wp-json\/wp\/v2\/categories?post=8528"},{"taxonomy":"post_tag","embeddable":true,"href":"https:\/\/dev.antudigital.cl\/sites\/vc\/wp-json\/wp\/v2\/tags?post=8528"}],"curies":[{"name":"wp","href":"https:\/\/api.w.org\/{rel}","templated":true}]}}