{"id":8530,"date":"2020-11-16T17:55:11","date_gmt":"2020-11-16T17:55:11","guid":{"rendered":"https:\/\/www.valparaisocreativo.cl\/?p=5476"},"modified":"2020-11-16T17:55:11","modified_gmt":"2020-11-16T17:55:11","slug":"no-te-pierdas-el-workshop-chile-connected-industria-audiovisual","status":"publish","type":"post","link":"https:\/\/dev.antudigital.cl\/sites\/vc\/no-te-pierdas-el-workshop-chile-connected-industria-audiovisual\/","title":{"rendered":"No te pierdas el workshop \u00abChile Connected industria audiovisual\u00bb"},"content":{"rendered":"<p>En un contexto de pandemia que ha impedido la realizaci\u00f3n de festivales y encuentros clave para la industria audiovisual, creemos indispensable ejecutar acciones virtuales que te permitan seguir en contacto con los principales actores del sector a nivel global.<\/p>\n<p style=\"font-weight: 400;\">\u00a0\u201c<strong>Chile Connected, get closer to our talent<\/strong>\u201d, el principal encuentro de negocios virtual de econom\u00eda creativa organizado por ProChile en EE.UU., con el objetivo de acercar este sector a este mercado. La instancia consta de una serie de workshops orientados a la industria audiovisual: cine, TV y m\u00e1s.<\/p>\n<p>Este evento dar\u00e1 inicio al encuentro dedicado al sector Audiovisual, en el que tendremos el honor de contar con la participaci\u00f3n del Ministro de Relaciones Exteriores, Sr. Andr\u00e9s Allamand, junto con altos representantes de la industria chilena y estadounidense, quienes a trav\u00e9s de sus testimonios explicar\u00e1n por qu\u00e9 Chile es un pa\u00eds confiable para realizar producciones, encontrar contenido de alta calidad, y contratar servicios creativos de primer nivel.<\/p>\n<p style=\"font-weight: 400;\">Le invitamos a conectarse a este espacio de conversaci\u00f3n, con el que iniciaremos tres d\u00edas de reuniones de negocios y talleres especializados, que contar\u00e1n con la participaci\u00f3n de destacados exponentes de las industrias audiovisuales de ambos pa\u00edses.<\/p>\n<h3>Inscr\u00edbete ahora en el <strong><a href=\"https:\/\/www.prochile.gob.cl\/difusion\/difusion2020\/noviembre\/connected-audiovisual\/mailing.html\">siguiente link<\/a><\/strong>.<\/h3>\n","protected":false},"excerpt":{"rendered":"<p>En un contexto de pandemia que ha impedido la realizaci\u00f3n de festivales y encuentros clave para la industria audiovisual, creemos indispensable ejecutar acciones virtuales que te permitan seguir en contacto con los principales actores del sector a nivel global. \u00a0\u201cChile Connected, get closer to our talent\u201d, el principal encuentro de negocios virtual de econom\u00eda creativa [&hellip;]<\/p>\n","protected":false},"author":3,"featured_media":8531,"comment_status":"closed","ping_status":"closed","sticky":false,"template":"","format":"standard","meta":{"_acf_changed":false,"footnotes":""},"categories":[8],"tags":[],"class_list":["post-8530","post","type-post","status-publish","format-standard","has-post-thumbnail","hentry","category-noticia"],"acf":[],"yoast_head":"<!-- This site is optimized with the Yoast SEO plugin v27.1.1 - https:\/\/yoast.com\/product\/yoast-seo-wordpress\/ -->\n<title>No te pierdas el workshop &quot;Chile Connected industria audiovisual&quot; - Valpara\u00ed\u00adso Creativo<\/title>\n<meta name=\"robots\" content=\"index, follow, max-snippet:-1, max-image-preview:large, max-video-preview:-1\" \/>\n<link rel=\"canonical\" href=\"https:\/\/dev.antudigital.cl\/sites\/vc\/no-te-pierdas-el-workshop-chile-connected-industria-audiovisual\/\" \/>\n<meta property=\"og:locale\" content=\"es_ES\" \/>\n<meta property=\"og:type\" content=\"article\" \/>\n<meta property=\"og:title\" content=\"No te pierdas el workshop &quot;Chile Connected industria audiovisual&quot; - Valpara\u00ed\u00adso Creativo\" \/>\n<meta property=\"og:description\" content=\"En un contexto de pandemia que ha impedido la realizaci\u00f3n de festivales y encuentros clave para la industria audiovisual, creemos indispensable ejecutar acciones virtuales que te permitan seguir en contacto con los principales actores del sector a nivel global. \u00a0\u201cChile Connected, get closer to our talent\u201d, el principal encuentro de negocios virtual de econom\u00eda creativa [&hellip;]\" \/>\n<meta property=\"og:url\" content=\"https:\/\/dev.antudigital.cl\/sites\/vc\/no-te-pierdas-el-workshop-chile-connected-industria-audiovisual\/\" \/>\n<meta property=\"og:site_name\" content=\"Valpara\u00ed\u00adso Creativo\" \/>\n<meta property=\"article:published_time\" content=\"2020-11-16T17:55:11+00:00\" \/>\n<meta property=\"og:image\" content=\"https:\/\/dev.antudigital.cl\/sites\/vc\/wp-content\/uploads\/2020\/11\/ChileConnected.png\" \/>\n\t<meta property=\"og:image:width\" content=\"750\" \/>\n\t<meta property=\"og:image:height\" content=\"306\" \/>\n\t<meta property=\"og:image:type\" content=\"image\/png\" \/>\n<meta name=\"author\" content=\"Valparaiso Creativo\" \/>\n<meta name=\"twitter:card\" content=\"summary_large_image\" \/>\n<meta name=\"twitter:label1\" content=\"Escrito por\" \/>\n\t<meta name=\"twitter:data1\" content=\"Valparaiso Creativo\" \/>\n\t<meta name=\"twitter:label2\" content=\"Tiempo de lectura\" \/>\n\t<meta name=\"twitter:data2\" content=\"1 minuto\" \/>\n<script type=\"application\/ld+json\" class=\"yoast-schema-graph\">{\"@context\":\"https:\/\/schema.org\",\"@graph\":[{\"@type\":\"Article\",\"@id\":\"https:\/\/dev.antudigital.cl\/sites\/vc\/no-te-pierdas-el-workshop-chile-connected-industria-audiovisual\/#article\",\"isPartOf\":{\"@id\":\"https:\/\/dev.antudigital.cl\/sites\/vc\/no-te-pierdas-el-workshop-chile-connected-industria-audiovisual\/\"},\"author\":{\"name\":\"Valparaiso Creativo\",\"@id\":\"https:\/\/dev.antudigital.cl\/sites\/vc\/#\/schema\/person\/81d1dcd51abd542b5dfc00f5f951a0f1\"},\"headline\":\"No te pierdas el workshop \u00abChile Connected industria audiovisual\u00bb\",\"datePublished\":\"2020-11-16T17:55:11+00:00\",\"mainEntityOfPage\":{\"@id\":\"https:\/\/dev.antudigital.cl\/sites\/vc\/no-te-pierdas-el-workshop-chile-connected-industria-audiovisual\/\"},\"wordCount\":222,\"image\":{\"@id\":\"https:\/\/dev.antudigital.cl\/sites\/vc\/no-te-pierdas-el-workshop-chile-connected-industria-audiovisual\/#primaryimage\"},\"thumbnailUrl\":\"https:\/\/dev.antudigital.cl\/sites\/vc\/wp-content\/uploads\/2020\/11\/ChileConnected.png\",\"articleSection\":[\"Noticia\"],\"inLanguage\":\"es\"},{\"@type\":\"WebPage\",\"@id\":\"https:\/\/dev.antudigital.cl\/sites\/vc\/no-te-pierdas-el-workshop-chile-connected-industria-audiovisual\/\",\"url\":\"https:\/\/dev.antudigital.cl\/sites\/vc\/no-te-pierdas-el-workshop-chile-connected-industria-audiovisual\/\",\"name\":\"No te pierdas el workshop \\\"Chile Connected industria audiovisual\\\" - Valpara\u00ed\u00adso Creativo\",\"isPartOf\":{\"@id\":\"https:\/\/dev.antudigital.cl\/sites\/vc\/#website\"},\"primaryImageOfPage\":{\"@id\":\"https:\/\/dev.antudigital.cl\/sites\/vc\/no-te-pierdas-el-workshop-chile-connected-industria-audiovisual\/#primaryimage\"},\"image\":{\"@id\":\"https:\/\/dev.antudigital.cl\/sites\/vc\/no-te-pierdas-el-workshop-chile-connected-industria-audiovisual\/#primaryimage\"},\"thumbnailUrl\":\"https:\/\/dev.antudigital.cl\/sites\/vc\/wp-content\/uploads\/2020\/11\/ChileConnected.png\",\"datePublished\":\"2020-11-16T17:55:11+00:00\",\"author\":{\"@id\":\"https:\/\/dev.antudigital.cl\/sites\/vc\/#\/schema\/person\/81d1dcd51abd542b5dfc00f5f951a0f1\"},\"breadcrumb\":{\"@id\":\"https:\/\/dev.antudigital.cl\/sites\/vc\/no-te-pierdas-el-workshop-chile-connected-industria-audiovisual\/#breadcrumb\"},\"inLanguage\":\"es\",\"potentialAction\":[{\"@type\":\"ReadAction\",\"target\":[\"https:\/\/dev.antudigital.cl\/sites\/vc\/no-te-pierdas-el-workshop-chile-connected-industria-audiovisual\/\"]}]},{\"@type\":\"ImageObject\",\"inLanguage\":\"es\",\"@id\":\"https:\/\/dev.antudigital.cl\/sites\/vc\/no-te-pierdas-el-workshop-chile-connected-industria-audiovisual\/#primaryimage\",\"url\":\"https:\/\/dev.antudigital.cl\/sites\/vc\/wp-content\/uploads\/2020\/11\/ChileConnected.png\",\"contentUrl\":\"https:\/\/dev.antudigital.cl\/sites\/vc\/wp-content\/uploads\/2020\/11\/ChileConnected.png\",\"width\":750,\"height\":306},{\"@type\":\"BreadcrumbList\",\"@id\":\"https:\/\/dev.antudigital.cl\/sites\/vc\/no-te-pierdas-el-workshop-chile-connected-industria-audiovisual\/#breadcrumb\",\"itemListElement\":[{\"@type\":\"ListItem\",\"position\":1,\"name\":\"Home\",\"item\":\"https:\/\/dev.antudigital.cl\/sites\/vc\/\"},{\"@type\":\"ListItem\",\"position\":2,\"name\":\"No te pierdas el workshop \u00abChile Connected industria audiovisual\u00bb\"}]},{\"@type\":\"WebSite\",\"@id\":\"https:\/\/dev.antudigital.cl\/sites\/vc\/#website\",\"url\":\"https:\/\/dev.antudigital.cl\/sites\/vc\/\",\"name\":\"Valpara\u00ed\u00adso Creativo\",\"description\":\"\",\"potentialAction\":[{\"@type\":\"SearchAction\",\"target\":{\"@type\":\"EntryPoint\",\"urlTemplate\":\"https:\/\/dev.antudigital.cl\/sites\/vc\/?s={search_term_string}\"},\"query-input\":{\"@type\":\"PropertyValueSpecification\",\"valueRequired\":true,\"valueName\":\"search_term_string\"}}],\"inLanguage\":\"es\"},{\"@type\":\"Person\",\"@id\":\"https:\/\/dev.antudigital.cl\/sites\/vc\/#\/schema\/person\/81d1dcd51abd542b5dfc00f5f951a0f1\",\"name\":\"Valparaiso Creativo\",\"url\":\"https:\/\/dev.antudigital.cl\/sites\/vc\/author\/valparaiso-creativo\/\"}]}<\/script>\n<!-- \/ Yoast SEO plugin. -->","yoast_head_json":{"title":"No te pierdas el workshop \"Chile Connected industria audiovisual\" - Valpara\u00ed\u00adso Creativo","robots":{"index":"index","follow":"follow","max-snippet":"max-snippet:-1","max-image-preview":"max-image-preview:large","max-video-preview":"max-video-preview:-1"},"canonical":"https:\/\/dev.antudigital.cl\/sites\/vc\/no-te-pierdas-el-workshop-chile-connected-industria-audiovisual\/","og_locale":"es_ES","og_type":"article","og_title":"No te pierdas el workshop \"Chile Connected industria audiovisual\" - Valpara\u00ed\u00adso Creativo","og_description":"En un contexto de pandemia que ha impedido la realizaci\u00f3n de festivales y encuentros clave para la industria audiovisual, creemos indispensable ejecutar acciones virtuales que te permitan seguir en contacto con los principales actores del sector a nivel global. \u00a0\u201cChile Connected, get closer to our talent\u201d, el principal encuentro de negocios virtual de econom\u00eda creativa [&hellip;]","og_url":"https:\/\/dev.antudigital.cl\/sites\/vc\/no-te-pierdas-el-workshop-chile-connected-industria-audiovisual\/","og_site_name":"Valpara\u00ed\u00adso Creativo","article_published_time":"2020-11-16T17:55:11+00:00","og_image":[{"width":750,"height":306,"url":"https:\/\/dev.antudigital.cl\/sites\/vc\/wp-content\/uploads\/2020\/11\/ChileConnected.png","type":"image\/png"}],"author":"Valparaiso Creativo","twitter_card":"summary_large_image","twitter_misc":{"Escrito por":"Valparaiso Creativo","Tiempo de lectura":"1 minuto"},"schema":{"@context":"https:\/\/schema.org","@graph":[{"@type":"Article","@id":"https:\/\/dev.antudigital.cl\/sites\/vc\/no-te-pierdas-el-workshop-chile-connected-industria-audiovisual\/#article","isPartOf":{"@id":"https:\/\/dev.antudigital.cl\/sites\/vc\/no-te-pierdas-el-workshop-chile-connected-industria-audiovisual\/"},"author":{"name":"Valparaiso Creativo","@id":"https:\/\/dev.antudigital.cl\/sites\/vc\/#\/schema\/person\/81d1dcd51abd542b5dfc00f5f951a0f1"},"headline":"No te pierdas el workshop \u00abChile Connected industria audiovisual\u00bb","datePublished":"2020-11-16T17:55:11+00:00","mainEntityOfPage":{"@id":"https:\/\/dev.antudigital.cl\/sites\/vc\/no-te-pierdas-el-workshop-chile-connected-industria-audiovisual\/"},"wordCount":222,"image":{"@id":"https:\/\/dev.antudigital.cl\/sites\/vc\/no-te-pierdas-el-workshop-chile-connected-industria-audiovisual\/#primaryimage"},"thumbnailUrl":"https:\/\/dev.antudigital.cl\/sites\/vc\/wp-content\/uploads\/2020\/11\/ChileConnected.png","articleSection":["Noticia"],"inLanguage":"es"},{"@type":"WebPage","@id":"https:\/\/dev.antudigital.cl\/sites\/vc\/no-te-pierdas-el-workshop-chile-connected-industria-audiovisual\/","url":"https:\/\/dev.antudigital.cl\/sites\/vc\/no-te-pierdas-el-workshop-chile-connected-industria-audiovisual\/","name":"No te pierdas el workshop \"Chile Connected industria audiovisual\" - Valpara\u00ed\u00adso Creativo","isPartOf":{"@id":"https:\/\/dev.antudigital.cl\/sites\/vc\/#website"},"primaryImageOfPage":{"@id":"https:\/\/dev.antudigital.cl\/sites\/vc\/no-te-pierdas-el-workshop-chile-connected-industria-audiovisual\/#primaryimage"},"image":{"@id":"https:\/\/dev.antudigital.cl\/sites\/vc\/no-te-pierdas-el-workshop-chile-connected-industria-audiovisual\/#primaryimage"},"thumbnailUrl":"https:\/\/dev.antudigital.cl\/sites\/vc\/wp-content\/uploads\/2020\/11\/ChileConnected.png","datePublished":"2020-11-16T17:55:11+00:00","author":{"@id":"https:\/\/dev.antudigital.cl\/sites\/vc\/#\/schema\/person\/81d1dcd51abd542b5dfc00f5f951a0f1"},"breadcrumb":{"@id":"https:\/\/dev.antudigital.cl\/sites\/vc\/no-te-pierdas-el-workshop-chile-connected-industria-audiovisual\/#breadcrumb"},"inLanguage":"es","potentialAction":[{"@type":"ReadAction","target":["https:\/\/dev.antudigital.cl\/sites\/vc\/no-te-pierdas-el-workshop-chile-connected-industria-audiovisual\/"]}]},{"@type":"ImageObject","inLanguage":"es","@id":"https:\/\/dev.antudigital.cl\/sites\/vc\/no-te-pierdas-el-workshop-chile-connected-industria-audiovisual\/#primaryimage","url":"https:\/\/dev.antudigital.cl\/sites\/vc\/wp-content\/uploads\/2020\/11\/ChileConnected.png","contentUrl":"https:\/\/dev.antudigital.cl\/sites\/vc\/wp-content\/uploads\/2020\/11\/ChileConnected.png","width":750,"height":306},{"@type":"BreadcrumbList","@id":"https:\/\/dev.antudigital.cl\/sites\/vc\/no-te-pierdas-el-workshop-chile-connected-industria-audiovisual\/#breadcrumb","itemListElement":[{"@type":"ListItem","position":1,"name":"Home","item":"https:\/\/dev.antudigital.cl\/sites\/vc\/"},{"@type":"ListItem","position":2,"name":"No te pierdas el workshop \u00abChile Connected industria audiovisual\u00bb"}]},{"@type":"WebSite","@id":"https:\/\/dev.antudigital.cl\/sites\/vc\/#website","url":"https:\/\/dev.antudigital.cl\/sites\/vc\/","name":"Valpara\u00ed\u00adso Creativo","description":"","potentialAction":[{"@type":"SearchAction","target":{"@type":"EntryPoint","urlTemplate":"https:\/\/dev.antudigital.cl\/sites\/vc\/?s={search_term_string}"},"query-input":{"@type":"PropertyValueSpecification","valueRequired":true,"valueName":"search_term_string"}}],"inLanguage":"es"},{"@type":"Person","@id":"https:\/\/dev.antudigital.cl\/sites\/vc\/#\/schema\/person\/81d1dcd51abd542b5dfc00f5f951a0f1","name":"Valparaiso Creativo","url":"https:\/\/dev.antudigital.cl\/sites\/vc\/author\/valparaiso-creativo\/"}]}},"_links":{"self":[{"href":"https:\/\/dev.antudigital.cl\/sites\/vc\/wp-json\/wp\/v2\/posts\/8530","targetHints":{"allow":["GET"]}}],"collection":[{"href":"https:\/\/dev.antudigital.cl\/sites\/vc\/wp-json\/wp\/v2\/posts"}],"about":[{"href":"https:\/\/dev.antudigital.cl\/sites\/vc\/wp-json\/wp\/v2\/types\/post"}],"author":[{"embeddable":true,"href":"https:\/\/dev.antudigital.cl\/sites\/vc\/wp-json\/wp\/v2\/users\/3"}],"replies":[{"embeddable":true,"href":"https:\/\/dev.antudigital.cl\/sites\/vc\/wp-json\/wp\/v2\/comments?post=8530"}],"version-history":[{"count":0,"href":"https:\/\/dev.antudigital.cl\/sites\/vc\/wp-json\/wp\/v2\/posts\/8530\/revisions"}],"wp:featuredmedia":[{"embeddable":true,"href":"https:\/\/dev.antudigital.cl\/sites\/vc\/wp-json\/wp\/v2\/media\/8531"}],"wp:attachment":[{"href":"https:\/\/dev.antudigital.cl\/sites\/vc\/wp-json\/wp\/v2\/media?parent=8530"}],"wp:term":[{"taxonomy":"category","embeddable":true,"href":"https:\/\/dev.antudigital.cl\/sites\/vc\/wp-json\/wp\/v2\/categories?post=8530"},{"taxonomy":"post_tag","embeddable":true,"href":"https:\/\/dev.antudigital.cl\/sites\/vc\/wp-json\/wp\/v2\/tags?post=8530"}],"curies":[{"name":"wp","href":"https:\/\/api.w.org\/{rel}","templated":true}]}}