{"id":8544,"date":"2020-11-09T17:27:01","date_gmt":"2020-11-09T17:27:01","guid":{"rendered":"https:\/\/www.valparaisocreativo.cl\/?p=5447"},"modified":"2020-11-09T17:27:01","modified_gmt":"2020-11-09T17:27:01","slug":"comenzo-chec-el-pionero-encuentro-de-economia-creativa","status":"publish","type":"post","link":"https:\/\/dev.antudigital.cl\/sites\/vc\/comenzo-chec-el-pionero-encuentro-de-economia-creativa\/","title":{"rendered":"Comenz\u00f3 ChEC: el pionero encuentro de Econom\u00eda Creativa"},"content":{"rendered":"<p><a href=\"https:\/\/encuentrochec.cl\/\" target=\"_blank\" rel=\"noopener noreferrer\"><strong>CHEC 2020<\/strong><\/a>, encuentro de industrias creativas organizado por el Ministerio de las Culturas, las Artes y el Patrimonio, invita a su programa digital gratuito de 4 d\u00edas, entre el 9 y el 12 de noviembre, con\u00a0 MasterClass, charlas y paneles donde se reflexionar\u00e1 en torno a ocho \u00e1reas art\u00edsticas: Audiovisual, Artes Esc\u00e9nicas, M\u00fasica, Libro y Editorial, Arquitectura, Dise\u00f1o, Artesan\u00eda y Artes de la Visualidad.<\/p>\n<p>Las actividades ser\u00e1n transmitidas a trav\u00e9s de la\u00a0<strong><a href=\"https:\/\/www.facebook.com\/EconomiasCreativas\" target=\"_blank\" rel=\"noopener noreferrer\">fanpage de Mercado CHEC<\/a><\/strong>\u00a0y de su\u00a0<strong><a href=\"https:\/\/www.youtube.com\/channel\/UCvKWkQn5cLdf2BwgzN5WJdw\" target=\"_blank\" rel=\"noopener noreferrer\">canal en Youtube<\/a><\/strong>.<\/p>\n<p>Los paneles de conversaci\u00f3n abordar\u00e1n tem\u00e1ticas como \u00abEl valor del trabajo en la cultura\u00bb, \u00abIndicadores del valor creativo\u00bb, \u00abPol\u00edticas p\u00fablicas para las Econom\u00edas Creativas\u00bb, \u00abDise\u00f1o y plataformas digitales\u00bb, \u00abPlataformas digitales artesan\u00edas y oficios\u00bb, \u00abExperiencias digitales en la M\u00fasica\u00bb, y mucho m\u00e1s.<\/p>\n<p>Algunos de los invitados este a\u00f1os son:\u00a0<strong>Alan Pauls<\/strong>\u00a0(escritor argentino),\u00a0<strong>Rub\u00e9n Padilla Cort\u00e9s<\/strong>\u00a0(Feria Internacional del Libro de Guadalajara),\u00a0<strong>Pep Salazar\u00a0<\/strong>(OFFF Festival, Espa\u00f1a),\u00a0<strong>Paola Leoncini-Bartoli<\/strong>\u00a0(UNESCO, Pol\u00edticas Culturales),\u00a0<strong>Jose Miguel Benavente\u00a0<\/strong>(Banco Interamericano de Desarrollo),\u00a0<strong>Tom\u00e1s Peters\u00a0<\/strong>(acad\u00e9mico Universidad de Chile),\u00a0<strong>Magdalena Aninat<\/strong>\u00a0(Universidad Adolfo Ib\u00e1\u00f1ez),\u00a0<strong>Dj Raff (<\/strong>Londres),\u00a0<strong>Trinidad Zald\u00edvar\u00a0<\/strong>(BID),\u00a0<strong>Carmen Gloria Larenas\u00a0<\/strong>(Teatro Municipal),<strong>\u00a0Alejandra Villasmil<\/strong>\u00a0(Directora y Fundadora de Artishock,\u00a0<strong>Maite Alberdi<\/strong>\u00a0(directora de \u201cEl Agente Topo\u201d),\u00a0<strong>Florencia Larrea<\/strong>\u00a0(productora de \u201cTengo miedo torero\u201d) y m\u00e1s.<\/p>\n<h2><strong>\u00bfQu\u00e9 est\u00e1 pasando en el mundo cultural de hoy?<\/strong><\/h2>\n<p>Para ahondar en eso habr\u00e1 un Pabell\u00f3n, espacio digital donde cada curador especialista en su \u00e1rea da a conocer su selecci\u00f3n de 10 organizaciones culturales. As\u00ed\u00a0<strong>Carolina Mart\u00ednez\u00a0<\/strong>(editor y gestora cultural) presenta su selecci\u00f3n en Artes de la Visualidad,\u00a0<strong>Pola Mora\u00a0<\/strong>(arquitecta) en Arquitectura,\u00a0<strong>Guido Arroyo<\/strong>\u00a0(editor) en Libro y Lectura,\u00a0<strong>Antonio Altamirano<\/strong>\u00a0(director del Festival Cielos del Infinito) en Artes Esc\u00e9nica,\u00a0<strong>Alejandra Sep\u00falveda<\/strong>\u00a0(dise\u00f1adora y gestora cultural) en Dise\u00f1o,\u00a0<strong>Teresa D\u00edaz<\/strong>\u00a0(dise\u00f1adora gr\u00e1fica) en Artesan\u00eda,\u00a0<strong>Claudia Pereira\u00a0<\/strong>(productora ejecutiva) en M\u00fasica y\u00a0<strong>Sebasti\u00e1n Freund<\/strong>\u00a0(productor, director, guionista) en Audiovisual.<\/p>\n<h2><strong>\u00bfC\u00f3mo dialogan los agentes de la cultura con el Estado?<\/strong><\/h2>\n<p>De ello se hablar\u00e1 en un espacio llamado\u00a0<strong>Laboratorio,\u00a0<\/strong>un lugar de participaci\u00f3n de los ocho sectores mencionados, para conversar sobre el dise\u00f1o de una pol\u00edtica p\u00fablica, generar insumos y construir indicadores para medir el valor de las Econom\u00edas Creativas en cada sector.<\/p>\n<p>Para cerrar, CHEC tendr\u00e1 un espacio din\u00e1mico: la\u00a0<strong>Vitrina,\u00a0<\/strong>donde podr\u00e1n verse proyecciones de obras de arte, fotograf\u00eda, arquitectura, pel\u00edculas online, obras de teatro, una muestra del cat\u00e1logo Bauhaus, sellos de excelencia en artesan\u00eda, la pel\u00edcula \u201cTengo Miedo Torero\u201d y m\u00e1s; todo gratuitamente.<\/p>\n<p>Las alianzas este a\u00f1o son con UNESCO, BID, OEI, Alianza del Pac\u00edfico, Ministerio de Econom\u00eda, CORFO, Ministerio de Relaciones Exteriores, ProChile, Fundaci\u00f3n Imagen de Chile, SOFOFA, Chile Creativo y Santiago Innova.<\/p>\n<p>M\u00e1s informaci\u00f3n e inscripciones en\u00a0<strong><a href=\"http:\/\/www.encuentrochec.cl\/\">www.encuentrochec.cl<\/a><\/strong><\/p>\n","protected":false},"excerpt":{"rendered":"<p>CHEC 2020, encuentro de industrias creativas organizado por el Ministerio de las Culturas, las Artes y el Patrimonio, invita a su programa digital gratuito de 4 d\u00edas, entre el 9 y el 12 de noviembre, con\u00a0 MasterClass, charlas y paneles donde se reflexionar\u00e1 en torno a ocho \u00e1reas art\u00edsticas: Audiovisual, Artes Esc\u00e9nicas, M\u00fasica, Libro y [&hellip;]<\/p>\n","protected":false},"author":3,"featured_media":8545,"comment_status":"closed","ping_status":"closed","sticky":false,"template":"","format":"standard","meta":{"_acf_changed":false,"footnotes":""},"categories":[8],"tags":[],"class_list":["post-8544","post","type-post","status-publish","format-standard","has-post-thumbnail","hentry","category-noticia"],"acf":[],"yoast_head":"<!-- This site is optimized with the Yoast SEO plugin v27.1.1 - https:\/\/yoast.com\/product\/yoast-seo-wordpress\/ -->\n<title>Comenz\u00f3 ChEC: el pionero encuentro de Econom\u00eda Creativa - Valpara\u00ed\u00adso Creativo<\/title>\n<meta name=\"robots\" content=\"index, follow, max-snippet:-1, max-image-preview:large, max-video-preview:-1\" \/>\n<link rel=\"canonical\" href=\"https:\/\/dev.antudigital.cl\/sites\/vc\/comenzo-chec-el-pionero-encuentro-de-economia-creativa\/\" \/>\n<meta property=\"og:locale\" content=\"es_ES\" \/>\n<meta property=\"og:type\" content=\"article\" \/>\n<meta property=\"og:title\" content=\"Comenz\u00f3 ChEC: el pionero encuentro de Econom\u00eda Creativa - Valpara\u00ed\u00adso Creativo\" \/>\n<meta property=\"og:description\" content=\"CHEC 2020, encuentro de industrias creativas organizado por el Ministerio de las Culturas, las Artes y el Patrimonio, invita a su programa digital gratuito de 4 d\u00edas, entre el 9 y el 12 de noviembre, con\u00a0 MasterClass, charlas y paneles donde se reflexionar\u00e1 en torno a ocho \u00e1reas art\u00edsticas: Audiovisual, Artes Esc\u00e9nicas, M\u00fasica, Libro y [&hellip;]\" \/>\n<meta property=\"og:url\" content=\"https:\/\/dev.antudigital.cl\/sites\/vc\/comenzo-chec-el-pionero-encuentro-de-economia-creativa\/\" \/>\n<meta property=\"og:site_name\" content=\"Valpara\u00ed\u00adso Creativo\" \/>\n<meta property=\"article:published_time\" content=\"2020-11-09T17:27:01+00:00\" \/>\n<meta property=\"og:image\" content=\"https:\/\/dev.antudigital.cl\/sites\/vc\/wp-content\/uploads\/2020\/11\/3d1305ceb5c7b4be7bf22d31c6f9f70c-768x432-1.jpg\" \/>\n\t<meta property=\"og:image:width\" content=\"768\" \/>\n\t<meta property=\"og:image:height\" content=\"432\" \/>\n\t<meta property=\"og:image:type\" content=\"image\/jpeg\" \/>\n<meta name=\"author\" content=\"Valparaiso Creativo\" \/>\n<meta name=\"twitter:card\" content=\"summary_large_image\" \/>\n<meta name=\"twitter:label1\" content=\"Escrito por\" \/>\n\t<meta name=\"twitter:data1\" content=\"Valparaiso Creativo\" \/>\n\t<meta name=\"twitter:label2\" content=\"Tiempo de lectura\" \/>\n\t<meta name=\"twitter:data2\" content=\"2 minutos\" \/>\n<script type=\"application\/ld+json\" class=\"yoast-schema-graph\">{\"@context\":\"https:\/\/schema.org\",\"@graph\":[{\"@type\":\"Article\",\"@id\":\"https:\/\/dev.antudigital.cl\/sites\/vc\/comenzo-chec-el-pionero-encuentro-de-economia-creativa\/#article\",\"isPartOf\":{\"@id\":\"https:\/\/dev.antudigital.cl\/sites\/vc\/comenzo-chec-el-pionero-encuentro-de-economia-creativa\/\"},\"author\":{\"name\":\"Valparaiso Creativo\",\"@id\":\"https:\/\/dev.antudigital.cl\/sites\/vc\/#\/schema\/person\/81d1dcd51abd542b5dfc00f5f951a0f1\"},\"headline\":\"Comenz\u00f3 ChEC: el pionero encuentro de Econom\u00eda Creativa\",\"datePublished\":\"2020-11-09T17:27:01+00:00\",\"mainEntityOfPage\":{\"@id\":\"https:\/\/dev.antudigital.cl\/sites\/vc\/comenzo-chec-el-pionero-encuentro-de-economia-creativa\/\"},\"wordCount\":506,\"image\":{\"@id\":\"https:\/\/dev.antudigital.cl\/sites\/vc\/comenzo-chec-el-pionero-encuentro-de-economia-creativa\/#primaryimage\"},\"thumbnailUrl\":\"https:\/\/dev.antudigital.cl\/sites\/vc\/wp-content\/uploads\/2020\/11\/3d1305ceb5c7b4be7bf22d31c6f9f70c-768x432-1.jpg\",\"articleSection\":[\"Noticia\"],\"inLanguage\":\"es\"},{\"@type\":\"WebPage\",\"@id\":\"https:\/\/dev.antudigital.cl\/sites\/vc\/comenzo-chec-el-pionero-encuentro-de-economia-creativa\/\",\"url\":\"https:\/\/dev.antudigital.cl\/sites\/vc\/comenzo-chec-el-pionero-encuentro-de-economia-creativa\/\",\"name\":\"Comenz\u00f3 ChEC: el pionero encuentro de Econom\u00eda Creativa - Valpara\u00ed\u00adso Creativo\",\"isPartOf\":{\"@id\":\"https:\/\/dev.antudigital.cl\/sites\/vc\/#website\"},\"primaryImageOfPage\":{\"@id\":\"https:\/\/dev.antudigital.cl\/sites\/vc\/comenzo-chec-el-pionero-encuentro-de-economia-creativa\/#primaryimage\"},\"image\":{\"@id\":\"https:\/\/dev.antudigital.cl\/sites\/vc\/comenzo-chec-el-pionero-encuentro-de-economia-creativa\/#primaryimage\"},\"thumbnailUrl\":\"https:\/\/dev.antudigital.cl\/sites\/vc\/wp-content\/uploads\/2020\/11\/3d1305ceb5c7b4be7bf22d31c6f9f70c-768x432-1.jpg\",\"datePublished\":\"2020-11-09T17:27:01+00:00\",\"author\":{\"@id\":\"https:\/\/dev.antudigital.cl\/sites\/vc\/#\/schema\/person\/81d1dcd51abd542b5dfc00f5f951a0f1\"},\"breadcrumb\":{\"@id\":\"https:\/\/dev.antudigital.cl\/sites\/vc\/comenzo-chec-el-pionero-encuentro-de-economia-creativa\/#breadcrumb\"},\"inLanguage\":\"es\",\"potentialAction\":[{\"@type\":\"ReadAction\",\"target\":[\"https:\/\/dev.antudigital.cl\/sites\/vc\/comenzo-chec-el-pionero-encuentro-de-economia-creativa\/\"]}]},{\"@type\":\"ImageObject\",\"inLanguage\":\"es\",\"@id\":\"https:\/\/dev.antudigital.cl\/sites\/vc\/comenzo-chec-el-pionero-encuentro-de-economia-creativa\/#primaryimage\",\"url\":\"https:\/\/dev.antudigital.cl\/sites\/vc\/wp-content\/uploads\/2020\/11\/3d1305ceb5c7b4be7bf22d31c6f9f70c-768x432-1.jpg\",\"contentUrl\":\"https:\/\/dev.antudigital.cl\/sites\/vc\/wp-content\/uploads\/2020\/11\/3d1305ceb5c7b4be7bf22d31c6f9f70c-768x432-1.jpg\",\"width\":768,\"height\":432},{\"@type\":\"BreadcrumbList\",\"@id\":\"https:\/\/dev.antudigital.cl\/sites\/vc\/comenzo-chec-el-pionero-encuentro-de-economia-creativa\/#breadcrumb\",\"itemListElement\":[{\"@type\":\"ListItem\",\"position\":1,\"name\":\"Home\",\"item\":\"https:\/\/dev.antudigital.cl\/sites\/vc\/\"},{\"@type\":\"ListItem\",\"position\":2,\"name\":\"Comenz\u00f3 ChEC: el pionero encuentro de Econom\u00eda Creativa\"}]},{\"@type\":\"WebSite\",\"@id\":\"https:\/\/dev.antudigital.cl\/sites\/vc\/#website\",\"url\":\"https:\/\/dev.antudigital.cl\/sites\/vc\/\",\"name\":\"Valpara\u00ed\u00adso Creativo\",\"description\":\"\",\"potentialAction\":[{\"@type\":\"SearchAction\",\"target\":{\"@type\":\"EntryPoint\",\"urlTemplate\":\"https:\/\/dev.antudigital.cl\/sites\/vc\/?s={search_term_string}\"},\"query-input\":{\"@type\":\"PropertyValueSpecification\",\"valueRequired\":true,\"valueName\":\"search_term_string\"}}],\"inLanguage\":\"es\"},{\"@type\":\"Person\",\"@id\":\"https:\/\/dev.antudigital.cl\/sites\/vc\/#\/schema\/person\/81d1dcd51abd542b5dfc00f5f951a0f1\",\"name\":\"Valparaiso Creativo\",\"url\":\"https:\/\/dev.antudigital.cl\/sites\/vc\/author\/valparaiso-creativo\/\"}]}<\/script>\n<!-- \/ Yoast SEO plugin. -->","yoast_head_json":{"title":"Comenz\u00f3 ChEC: el pionero encuentro de Econom\u00eda Creativa - Valpara\u00ed\u00adso Creativo","robots":{"index":"index","follow":"follow","max-snippet":"max-snippet:-1","max-image-preview":"max-image-preview:large","max-video-preview":"max-video-preview:-1"},"canonical":"https:\/\/dev.antudigital.cl\/sites\/vc\/comenzo-chec-el-pionero-encuentro-de-economia-creativa\/","og_locale":"es_ES","og_type":"article","og_title":"Comenz\u00f3 ChEC: el pionero encuentro de Econom\u00eda Creativa - Valpara\u00ed\u00adso Creativo","og_description":"CHEC 2020, encuentro de industrias creativas organizado por el Ministerio de las Culturas, las Artes y el Patrimonio, invita a su programa digital gratuito de 4 d\u00edas, entre el 9 y el 12 de noviembre, con\u00a0 MasterClass, charlas y paneles donde se reflexionar\u00e1 en torno a ocho \u00e1reas art\u00edsticas: Audiovisual, Artes Esc\u00e9nicas, M\u00fasica, Libro y [&hellip;]","og_url":"https:\/\/dev.antudigital.cl\/sites\/vc\/comenzo-chec-el-pionero-encuentro-de-economia-creativa\/","og_site_name":"Valpara\u00ed\u00adso Creativo","article_published_time":"2020-11-09T17:27:01+00:00","og_image":[{"width":768,"height":432,"url":"https:\/\/dev.antudigital.cl\/sites\/vc\/wp-content\/uploads\/2020\/11\/3d1305ceb5c7b4be7bf22d31c6f9f70c-768x432-1.jpg","type":"image\/jpeg"}],"author":"Valparaiso Creativo","twitter_card":"summary_large_image","twitter_misc":{"Escrito por":"Valparaiso Creativo","Tiempo de lectura":"2 minutos"},"schema":{"@context":"https:\/\/schema.org","@graph":[{"@type":"Article","@id":"https:\/\/dev.antudigital.cl\/sites\/vc\/comenzo-chec-el-pionero-encuentro-de-economia-creativa\/#article","isPartOf":{"@id":"https:\/\/dev.antudigital.cl\/sites\/vc\/comenzo-chec-el-pionero-encuentro-de-economia-creativa\/"},"author":{"name":"Valparaiso Creativo","@id":"https:\/\/dev.antudigital.cl\/sites\/vc\/#\/schema\/person\/81d1dcd51abd542b5dfc00f5f951a0f1"},"headline":"Comenz\u00f3 ChEC: el pionero encuentro de Econom\u00eda Creativa","datePublished":"2020-11-09T17:27:01+00:00","mainEntityOfPage":{"@id":"https:\/\/dev.antudigital.cl\/sites\/vc\/comenzo-chec-el-pionero-encuentro-de-economia-creativa\/"},"wordCount":506,"image":{"@id":"https:\/\/dev.antudigital.cl\/sites\/vc\/comenzo-chec-el-pionero-encuentro-de-economia-creativa\/#primaryimage"},"thumbnailUrl":"https:\/\/dev.antudigital.cl\/sites\/vc\/wp-content\/uploads\/2020\/11\/3d1305ceb5c7b4be7bf22d31c6f9f70c-768x432-1.jpg","articleSection":["Noticia"],"inLanguage":"es"},{"@type":"WebPage","@id":"https:\/\/dev.antudigital.cl\/sites\/vc\/comenzo-chec-el-pionero-encuentro-de-economia-creativa\/","url":"https:\/\/dev.antudigital.cl\/sites\/vc\/comenzo-chec-el-pionero-encuentro-de-economia-creativa\/","name":"Comenz\u00f3 ChEC: el pionero encuentro de Econom\u00eda Creativa - Valpara\u00ed\u00adso Creativo","isPartOf":{"@id":"https:\/\/dev.antudigital.cl\/sites\/vc\/#website"},"primaryImageOfPage":{"@id":"https:\/\/dev.antudigital.cl\/sites\/vc\/comenzo-chec-el-pionero-encuentro-de-economia-creativa\/#primaryimage"},"image":{"@id":"https:\/\/dev.antudigital.cl\/sites\/vc\/comenzo-chec-el-pionero-encuentro-de-economia-creativa\/#primaryimage"},"thumbnailUrl":"https:\/\/dev.antudigital.cl\/sites\/vc\/wp-content\/uploads\/2020\/11\/3d1305ceb5c7b4be7bf22d31c6f9f70c-768x432-1.jpg","datePublished":"2020-11-09T17:27:01+00:00","author":{"@id":"https:\/\/dev.antudigital.cl\/sites\/vc\/#\/schema\/person\/81d1dcd51abd542b5dfc00f5f951a0f1"},"breadcrumb":{"@id":"https:\/\/dev.antudigital.cl\/sites\/vc\/comenzo-chec-el-pionero-encuentro-de-economia-creativa\/#breadcrumb"},"inLanguage":"es","potentialAction":[{"@type":"ReadAction","target":["https:\/\/dev.antudigital.cl\/sites\/vc\/comenzo-chec-el-pionero-encuentro-de-economia-creativa\/"]}]},{"@type":"ImageObject","inLanguage":"es","@id":"https:\/\/dev.antudigital.cl\/sites\/vc\/comenzo-chec-el-pionero-encuentro-de-economia-creativa\/#primaryimage","url":"https:\/\/dev.antudigital.cl\/sites\/vc\/wp-content\/uploads\/2020\/11\/3d1305ceb5c7b4be7bf22d31c6f9f70c-768x432-1.jpg","contentUrl":"https:\/\/dev.antudigital.cl\/sites\/vc\/wp-content\/uploads\/2020\/11\/3d1305ceb5c7b4be7bf22d31c6f9f70c-768x432-1.jpg","width":768,"height":432},{"@type":"BreadcrumbList","@id":"https:\/\/dev.antudigital.cl\/sites\/vc\/comenzo-chec-el-pionero-encuentro-de-economia-creativa\/#breadcrumb","itemListElement":[{"@type":"ListItem","position":1,"name":"Home","item":"https:\/\/dev.antudigital.cl\/sites\/vc\/"},{"@type":"ListItem","position":2,"name":"Comenz\u00f3 ChEC: el pionero encuentro de Econom\u00eda Creativa"}]},{"@type":"WebSite","@id":"https:\/\/dev.antudigital.cl\/sites\/vc\/#website","url":"https:\/\/dev.antudigital.cl\/sites\/vc\/","name":"Valpara\u00ed\u00adso Creativo","description":"","potentialAction":[{"@type":"SearchAction","target":{"@type":"EntryPoint","urlTemplate":"https:\/\/dev.antudigital.cl\/sites\/vc\/?s={search_term_string}"},"query-input":{"@type":"PropertyValueSpecification","valueRequired":true,"valueName":"search_term_string"}}],"inLanguage":"es"},{"@type":"Person","@id":"https:\/\/dev.antudigital.cl\/sites\/vc\/#\/schema\/person\/81d1dcd51abd542b5dfc00f5f951a0f1","name":"Valparaiso Creativo","url":"https:\/\/dev.antudigital.cl\/sites\/vc\/author\/valparaiso-creativo\/"}]}},"_links":{"self":[{"href":"https:\/\/dev.antudigital.cl\/sites\/vc\/wp-json\/wp\/v2\/posts\/8544","targetHints":{"allow":["GET"]}}],"collection":[{"href":"https:\/\/dev.antudigital.cl\/sites\/vc\/wp-json\/wp\/v2\/posts"}],"about":[{"href":"https:\/\/dev.antudigital.cl\/sites\/vc\/wp-json\/wp\/v2\/types\/post"}],"author":[{"embeddable":true,"href":"https:\/\/dev.antudigital.cl\/sites\/vc\/wp-json\/wp\/v2\/users\/3"}],"replies":[{"embeddable":true,"href":"https:\/\/dev.antudigital.cl\/sites\/vc\/wp-json\/wp\/v2\/comments?post=8544"}],"version-history":[{"count":0,"href":"https:\/\/dev.antudigital.cl\/sites\/vc\/wp-json\/wp\/v2\/posts\/8544\/revisions"}],"wp:featuredmedia":[{"embeddable":true,"href":"https:\/\/dev.antudigital.cl\/sites\/vc\/wp-json\/wp\/v2\/media\/8545"}],"wp:attachment":[{"href":"https:\/\/dev.antudigital.cl\/sites\/vc\/wp-json\/wp\/v2\/media?parent=8544"}],"wp:term":[{"taxonomy":"category","embeddable":true,"href":"https:\/\/dev.antudigital.cl\/sites\/vc\/wp-json\/wp\/v2\/categories?post=8544"},{"taxonomy":"post_tag","embeddable":true,"href":"https:\/\/dev.antudigital.cl\/sites\/vc\/wp-json\/wp\/v2\/tags?post=8544"}],"curies":[{"name":"wp","href":"https:\/\/api.w.org\/{rel}","templated":true}]}}