{"id":8548,"date":"2020-11-09T16:51:26","date_gmt":"2020-11-09T16:51:26","guid":{"rendered":"https:\/\/www.valparaisocreativo.cl\/?p=5434"},"modified":"2020-11-09T16:51:26","modified_gmt":"2020-11-09T16:51:26","slug":"valparaiso-creativo-se-suma-al-primer-festival-de-la-ciencia-virtual","status":"publish","type":"post","link":"https:\/\/dev.antudigital.cl\/sites\/vc\/valparaiso-creativo-se-suma-al-primer-festival-de-la-ciencia-virtual\/","title":{"rendered":"Valpara\u00edso Creativo se suma al primer Festival de la Ciencia virtual"},"content":{"rendered":"<p><b>\u201cBordando su propio firmamento\u201d: astr\u00f3noma nacional Mar\u00eda Teresa Ruiz inaugura galer\u00eda virtual<\/b><\/p>\n<p>&nbsp;<\/p>\n<ul>\n<li style=\"font-weight: 400;\"><i><span style=\"font-weight: 400;\">La actividad se enmarcar\u00e1 en el contexto del Festival de la Ciencia 2020, que se realizar\u00e1 del 11 al 15 de noviembre de 2020.<\/span><\/i><\/li>\n<\/ul>\n<ul>\n<li style=\"font-weight: 400;\"><span style=\"font-weight: 400;\">El recorrido virtual 360 mostrar\u00e1 la obra textil de la cient\u00edfica, tanto en la web de Museo Baburizza y Valpara\u00edso Creativo.<\/span><\/li>\n<\/ul>\n<p>&nbsp;<\/p>\n<p><span style=\"font-weight: 400;\">El pr\u00f3ximo <\/span><b>viernes 13 de noviembre a las 16:00hrs<\/b><span style=\"font-weight: 400;\">. Se realizar\u00e1 el webinar \u201cMar\u00eda Teresa Ruiz: Firmando su propio firmamento\u201d, a ra\u00edz de la inauguraci\u00f3n de la galer\u00eda virtual que re\u00fane su trabajo textil. Una faceta diferente de la Premio Nacional de Ciencias Exactas 97, quien conversar\u00e1 con la dise\u00f1adora industrial y docente, Pitti Palacios .<\/span><\/p>\n<p><img fetchpriority=\"high\" decoding=\"async\" class=\"alignleft size-medium wp-image-5437\" src=\"https:\/\/www.valparaisocreativo.cl\/wp-content\/uploads\/2020\/11\/1a-300x300.png\" alt=\"\" width=\"300\" height=\"300\" \/><\/p>\n<p><span style=\"font-weight: 400;\">La actividad pretende profundizar en el desarrollo de Mar\u00eda Teresa Ruiz, partiendo por su \u00e1rea de expertise, con un especial \u00e9nfasis en su historia con el bordado. \u00bfC\u00f3mo cultiva y desarrolla su creatividad a trav\u00e9s de estas experiencias? Eso y m\u00e1s podremos responder.<\/span><\/p>\n<p><span style=\"font-weight: 400;\">La galer\u00eda virtual quedar\u00e1 habilitada desde el d\u00eda de la inauguraci\u00f3n en el sitio web <\/span><a href=\"http:\/\/valparaisocreativo.cl\"><span style=\"font-weight: 400;\">http:\/\/valparaisocreativo.cl<\/span><\/a><span style=\"font-weight: 400;\"> y <\/span><a href=\"http:\/\/museobaburizza.cl\"><span style=\"font-weight: 400;\">http:\/\/museobaburizza.cl<\/span><\/a><span style=\"font-weight: 400;\"> y se podr\u00e1 recorrer de forma totalmente libre y gratuita. Revisaremos en detalle el trabajo textil de la astr\u00f3noma a trav\u00e9s de esta plataforma.<\/span><\/p>\n<p><span style=\"font-weight: 400;\">FECI 2020 cuenta con una amplia parrilla program\u00e1tica con eventos gratuitos y en l\u00ednea para todo p\u00fablico. Esta instancia es dise\u00f1ada por la Divisi\u00f3n Ciencia y Sociedad del Ministerio de Ciencias, con el prop\u00f3sito de celebrar la curiosidad y su influencia positiva en nuestras vidas.<\/span><\/p>\n<p><span style=\"font-weight: 400;\">Cabe destacar que Museo Baburizza y Valpara\u00edso Creativo, son dos de las 50 instituciones que ser\u00e1n parte de FECI, coordinadas por Explora Valpara\u00edso. Museos, centros culturales, y universidades, entre otras, estar\u00e1n disponiendo sus actividades en l\u00ednea: recorridos guiados, talleres, c\u00e1psulas audiovisuales y m\u00e1s.<\/span><\/p>\n<h3>Inscr\u00edbete en el siguiente link: <a href=\"https:\/\/forms.gle\/3SG4CmDTcZqcC7og7\">https:\/\/forms.gle\/3SG4CmDTcZqcC7og7<\/a><\/h3>\n","protected":false},"excerpt":{"rendered":"<p>\u201cBordando su propio firmamento\u201d: astr\u00f3noma nacional Mar\u00eda Teresa Ruiz inaugura galer\u00eda virtual &nbsp; La actividad se enmarcar\u00e1 en el contexto del Festival de la Ciencia 2020, que se realizar\u00e1 del 11 al 15 de noviembre de 2020. El recorrido virtual 360 mostrar\u00e1 la obra textil de la cient\u00edfica, tanto en la web de Museo Baburizza [&hellip;]<\/p>\n","protected":false},"author":3,"featured_media":8550,"comment_status":"closed","ping_status":"closed","sticky":false,"template":"","format":"standard","meta":{"_acf_changed":false,"footnotes":""},"categories":[8],"tags":[],"class_list":["post-8548","post","type-post","status-publish","format-standard","has-post-thumbnail","hentry","category-noticia"],"acf":[],"yoast_head":"<!-- This site is optimized with the Yoast SEO plugin v27.1.1 - https:\/\/yoast.com\/product\/yoast-seo-wordpress\/ -->\n<title>Valpara\u00edso Creativo se suma al primer Festival de la Ciencia virtual - Valpara\u00ed\u00adso Creativo<\/title>\n<meta name=\"robots\" content=\"index, follow, max-snippet:-1, max-image-preview:large, max-video-preview:-1\" \/>\n<link rel=\"canonical\" href=\"https:\/\/dev.antudigital.cl\/sites\/vc\/valparaiso-creativo-se-suma-al-primer-festival-de-la-ciencia-virtual\/\" \/>\n<meta property=\"og:locale\" content=\"es_ES\" \/>\n<meta property=\"og:type\" content=\"article\" \/>\n<meta property=\"og:title\" content=\"Valpara\u00edso Creativo se suma al primer Festival de la Ciencia virtual - Valpara\u00ed\u00adso Creativo\" \/>\n<meta property=\"og:description\" content=\"\u201cBordando su propio firmamento\u201d: astr\u00f3noma nacional Mar\u00eda Teresa Ruiz inaugura galer\u00eda virtual &nbsp; La actividad se enmarcar\u00e1 en el contexto del Festival de la Ciencia 2020, que se realizar\u00e1 del 11 al 15 de noviembre de 2020. El recorrido virtual 360 mostrar\u00e1 la obra textil de la cient\u00edfica, tanto en la web de Museo Baburizza [&hellip;]\" \/>\n<meta property=\"og:url\" content=\"https:\/\/dev.antudigital.cl\/sites\/vc\/valparaiso-creativo-se-suma-al-primer-festival-de-la-ciencia-virtual\/\" \/>\n<meta property=\"og:site_name\" content=\"Valpara\u00ed\u00adso Creativo\" \/>\n<meta property=\"article:published_time\" content=\"2020-11-09T16:51:26+00:00\" \/>\n<meta property=\"og:image\" content=\"https:\/\/dev.antudigital.cl\/sites\/vc\/wp-content\/uploads\/2020\/11\/FECI.jpg\" \/>\n\t<meta property=\"og:image:width\" content=\"1640\" \/>\n\t<meta property=\"og:image:height\" content=\"624\" \/>\n\t<meta property=\"og:image:type\" content=\"image\/jpeg\" \/>\n<meta name=\"author\" content=\"Valparaiso Creativo\" \/>\n<meta name=\"twitter:card\" content=\"summary_large_image\" \/>\n<meta name=\"twitter:label1\" content=\"Escrito por\" \/>\n\t<meta name=\"twitter:data1\" content=\"Valparaiso Creativo\" \/>\n\t<meta name=\"twitter:label2\" content=\"Tiempo de lectura\" \/>\n\t<meta name=\"twitter:data2\" content=\"2 minutos\" \/>\n<script type=\"application\/ld+json\" class=\"yoast-schema-graph\">{\"@context\":\"https:\/\/schema.org\",\"@graph\":[{\"@type\":\"Article\",\"@id\":\"https:\/\/dev.antudigital.cl\/sites\/vc\/valparaiso-creativo-se-suma-al-primer-festival-de-la-ciencia-virtual\/#article\",\"isPartOf\":{\"@id\":\"https:\/\/dev.antudigital.cl\/sites\/vc\/valparaiso-creativo-se-suma-al-primer-festival-de-la-ciencia-virtual\/\"},\"author\":{\"name\":\"Valparaiso Creativo\",\"@id\":\"https:\/\/dev.antudigital.cl\/sites\/vc\/#\/schema\/person\/81d1dcd51abd542b5dfc00f5f951a0f1\"},\"headline\":\"Valpara\u00edso Creativo se suma al primer Festival de la Ciencia virtual\",\"datePublished\":\"2020-11-09T16:51:26+00:00\",\"mainEntityOfPage\":{\"@id\":\"https:\/\/dev.antudigital.cl\/sites\/vc\/valparaiso-creativo-se-suma-al-primer-festival-de-la-ciencia-virtual\/\"},\"wordCount\":340,\"image\":{\"@id\":\"https:\/\/dev.antudigital.cl\/sites\/vc\/valparaiso-creativo-se-suma-al-primer-festival-de-la-ciencia-virtual\/#primaryimage\"},\"thumbnailUrl\":\"https:\/\/dev.antudigital.cl\/sites\/vc\/wp-content\/uploads\/2020\/11\/FECI.jpg\",\"articleSection\":[\"Noticia\"],\"inLanguage\":\"es\"},{\"@type\":\"WebPage\",\"@id\":\"https:\/\/dev.antudigital.cl\/sites\/vc\/valparaiso-creativo-se-suma-al-primer-festival-de-la-ciencia-virtual\/\",\"url\":\"https:\/\/dev.antudigital.cl\/sites\/vc\/valparaiso-creativo-se-suma-al-primer-festival-de-la-ciencia-virtual\/\",\"name\":\"Valpara\u00edso Creativo se suma al primer Festival de la Ciencia virtual - Valpara\u00ed\u00adso Creativo\",\"isPartOf\":{\"@id\":\"https:\/\/dev.antudigital.cl\/sites\/vc\/#website\"},\"primaryImageOfPage\":{\"@id\":\"https:\/\/dev.antudigital.cl\/sites\/vc\/valparaiso-creativo-se-suma-al-primer-festival-de-la-ciencia-virtual\/#primaryimage\"},\"image\":{\"@id\":\"https:\/\/dev.antudigital.cl\/sites\/vc\/valparaiso-creativo-se-suma-al-primer-festival-de-la-ciencia-virtual\/#primaryimage\"},\"thumbnailUrl\":\"https:\/\/dev.antudigital.cl\/sites\/vc\/wp-content\/uploads\/2020\/11\/FECI.jpg\",\"datePublished\":\"2020-11-09T16:51:26+00:00\",\"author\":{\"@id\":\"https:\/\/dev.antudigital.cl\/sites\/vc\/#\/schema\/person\/81d1dcd51abd542b5dfc00f5f951a0f1\"},\"breadcrumb\":{\"@id\":\"https:\/\/dev.antudigital.cl\/sites\/vc\/valparaiso-creativo-se-suma-al-primer-festival-de-la-ciencia-virtual\/#breadcrumb\"},\"inLanguage\":\"es\",\"potentialAction\":[{\"@type\":\"ReadAction\",\"target\":[\"https:\/\/dev.antudigital.cl\/sites\/vc\/valparaiso-creativo-se-suma-al-primer-festival-de-la-ciencia-virtual\/\"]}]},{\"@type\":\"ImageObject\",\"inLanguage\":\"es\",\"@id\":\"https:\/\/dev.antudigital.cl\/sites\/vc\/valparaiso-creativo-se-suma-al-primer-festival-de-la-ciencia-virtual\/#primaryimage\",\"url\":\"https:\/\/dev.antudigital.cl\/sites\/vc\/wp-content\/uploads\/2020\/11\/FECI.jpg\",\"contentUrl\":\"https:\/\/dev.antudigital.cl\/sites\/vc\/wp-content\/uploads\/2020\/11\/FECI.jpg\",\"width\":1640,\"height\":624},{\"@type\":\"BreadcrumbList\",\"@id\":\"https:\/\/dev.antudigital.cl\/sites\/vc\/valparaiso-creativo-se-suma-al-primer-festival-de-la-ciencia-virtual\/#breadcrumb\",\"itemListElement\":[{\"@type\":\"ListItem\",\"position\":1,\"name\":\"Home\",\"item\":\"https:\/\/dev.antudigital.cl\/sites\/vc\/\"},{\"@type\":\"ListItem\",\"position\":2,\"name\":\"Valpara\u00edso Creativo se suma al primer Festival de la Ciencia virtual\"}]},{\"@type\":\"WebSite\",\"@id\":\"https:\/\/dev.antudigital.cl\/sites\/vc\/#website\",\"url\":\"https:\/\/dev.antudigital.cl\/sites\/vc\/\",\"name\":\"Valpara\u00ed\u00adso Creativo\",\"description\":\"\",\"potentialAction\":[{\"@type\":\"SearchAction\",\"target\":{\"@type\":\"EntryPoint\",\"urlTemplate\":\"https:\/\/dev.antudigital.cl\/sites\/vc\/?s={search_term_string}\"},\"query-input\":{\"@type\":\"PropertyValueSpecification\",\"valueRequired\":true,\"valueName\":\"search_term_string\"}}],\"inLanguage\":\"es\"},{\"@type\":\"Person\",\"@id\":\"https:\/\/dev.antudigital.cl\/sites\/vc\/#\/schema\/person\/81d1dcd51abd542b5dfc00f5f951a0f1\",\"name\":\"Valparaiso Creativo\",\"url\":\"https:\/\/dev.antudigital.cl\/sites\/vc\/author\/valparaiso-creativo\/\"}]}<\/script>\n<!-- \/ Yoast SEO plugin. -->","yoast_head_json":{"title":"Valpara\u00edso Creativo se suma al primer Festival de la Ciencia virtual - Valpara\u00ed\u00adso Creativo","robots":{"index":"index","follow":"follow","max-snippet":"max-snippet:-1","max-image-preview":"max-image-preview:large","max-video-preview":"max-video-preview:-1"},"canonical":"https:\/\/dev.antudigital.cl\/sites\/vc\/valparaiso-creativo-se-suma-al-primer-festival-de-la-ciencia-virtual\/","og_locale":"es_ES","og_type":"article","og_title":"Valpara\u00edso Creativo se suma al primer Festival de la Ciencia virtual - Valpara\u00ed\u00adso Creativo","og_description":"\u201cBordando su propio firmamento\u201d: astr\u00f3noma nacional Mar\u00eda Teresa Ruiz inaugura galer\u00eda virtual &nbsp; La actividad se enmarcar\u00e1 en el contexto del Festival de la Ciencia 2020, que se realizar\u00e1 del 11 al 15 de noviembre de 2020. El recorrido virtual 360 mostrar\u00e1 la obra textil de la cient\u00edfica, tanto en la web de Museo Baburizza [&hellip;]","og_url":"https:\/\/dev.antudigital.cl\/sites\/vc\/valparaiso-creativo-se-suma-al-primer-festival-de-la-ciencia-virtual\/","og_site_name":"Valpara\u00ed\u00adso Creativo","article_published_time":"2020-11-09T16:51:26+00:00","og_image":[{"width":1640,"height":624,"url":"https:\/\/dev.antudigital.cl\/sites\/vc\/wp-content\/uploads\/2020\/11\/FECI.jpg","type":"image\/jpeg"}],"author":"Valparaiso Creativo","twitter_card":"summary_large_image","twitter_misc":{"Escrito por":"Valparaiso Creativo","Tiempo de lectura":"2 minutos"},"schema":{"@context":"https:\/\/schema.org","@graph":[{"@type":"Article","@id":"https:\/\/dev.antudigital.cl\/sites\/vc\/valparaiso-creativo-se-suma-al-primer-festival-de-la-ciencia-virtual\/#article","isPartOf":{"@id":"https:\/\/dev.antudigital.cl\/sites\/vc\/valparaiso-creativo-se-suma-al-primer-festival-de-la-ciencia-virtual\/"},"author":{"name":"Valparaiso Creativo","@id":"https:\/\/dev.antudigital.cl\/sites\/vc\/#\/schema\/person\/81d1dcd51abd542b5dfc00f5f951a0f1"},"headline":"Valpara\u00edso Creativo se suma al primer Festival de la Ciencia virtual","datePublished":"2020-11-09T16:51:26+00:00","mainEntityOfPage":{"@id":"https:\/\/dev.antudigital.cl\/sites\/vc\/valparaiso-creativo-se-suma-al-primer-festival-de-la-ciencia-virtual\/"},"wordCount":340,"image":{"@id":"https:\/\/dev.antudigital.cl\/sites\/vc\/valparaiso-creativo-se-suma-al-primer-festival-de-la-ciencia-virtual\/#primaryimage"},"thumbnailUrl":"https:\/\/dev.antudigital.cl\/sites\/vc\/wp-content\/uploads\/2020\/11\/FECI.jpg","articleSection":["Noticia"],"inLanguage":"es"},{"@type":"WebPage","@id":"https:\/\/dev.antudigital.cl\/sites\/vc\/valparaiso-creativo-se-suma-al-primer-festival-de-la-ciencia-virtual\/","url":"https:\/\/dev.antudigital.cl\/sites\/vc\/valparaiso-creativo-se-suma-al-primer-festival-de-la-ciencia-virtual\/","name":"Valpara\u00edso Creativo se suma al primer Festival de la Ciencia virtual - Valpara\u00ed\u00adso Creativo","isPartOf":{"@id":"https:\/\/dev.antudigital.cl\/sites\/vc\/#website"},"primaryImageOfPage":{"@id":"https:\/\/dev.antudigital.cl\/sites\/vc\/valparaiso-creativo-se-suma-al-primer-festival-de-la-ciencia-virtual\/#primaryimage"},"image":{"@id":"https:\/\/dev.antudigital.cl\/sites\/vc\/valparaiso-creativo-se-suma-al-primer-festival-de-la-ciencia-virtual\/#primaryimage"},"thumbnailUrl":"https:\/\/dev.antudigital.cl\/sites\/vc\/wp-content\/uploads\/2020\/11\/FECI.jpg","datePublished":"2020-11-09T16:51:26+00:00","author":{"@id":"https:\/\/dev.antudigital.cl\/sites\/vc\/#\/schema\/person\/81d1dcd51abd542b5dfc00f5f951a0f1"},"breadcrumb":{"@id":"https:\/\/dev.antudigital.cl\/sites\/vc\/valparaiso-creativo-se-suma-al-primer-festival-de-la-ciencia-virtual\/#breadcrumb"},"inLanguage":"es","potentialAction":[{"@type":"ReadAction","target":["https:\/\/dev.antudigital.cl\/sites\/vc\/valparaiso-creativo-se-suma-al-primer-festival-de-la-ciencia-virtual\/"]}]},{"@type":"ImageObject","inLanguage":"es","@id":"https:\/\/dev.antudigital.cl\/sites\/vc\/valparaiso-creativo-se-suma-al-primer-festival-de-la-ciencia-virtual\/#primaryimage","url":"https:\/\/dev.antudigital.cl\/sites\/vc\/wp-content\/uploads\/2020\/11\/FECI.jpg","contentUrl":"https:\/\/dev.antudigital.cl\/sites\/vc\/wp-content\/uploads\/2020\/11\/FECI.jpg","width":1640,"height":624},{"@type":"BreadcrumbList","@id":"https:\/\/dev.antudigital.cl\/sites\/vc\/valparaiso-creativo-se-suma-al-primer-festival-de-la-ciencia-virtual\/#breadcrumb","itemListElement":[{"@type":"ListItem","position":1,"name":"Home","item":"https:\/\/dev.antudigital.cl\/sites\/vc\/"},{"@type":"ListItem","position":2,"name":"Valpara\u00edso Creativo se suma al primer Festival de la Ciencia virtual"}]},{"@type":"WebSite","@id":"https:\/\/dev.antudigital.cl\/sites\/vc\/#website","url":"https:\/\/dev.antudigital.cl\/sites\/vc\/","name":"Valpara\u00ed\u00adso Creativo","description":"","potentialAction":[{"@type":"SearchAction","target":{"@type":"EntryPoint","urlTemplate":"https:\/\/dev.antudigital.cl\/sites\/vc\/?s={search_term_string}"},"query-input":{"@type":"PropertyValueSpecification","valueRequired":true,"valueName":"search_term_string"}}],"inLanguage":"es"},{"@type":"Person","@id":"https:\/\/dev.antudigital.cl\/sites\/vc\/#\/schema\/person\/81d1dcd51abd542b5dfc00f5f951a0f1","name":"Valparaiso Creativo","url":"https:\/\/dev.antudigital.cl\/sites\/vc\/author\/valparaiso-creativo\/"}]}},"_links":{"self":[{"href":"https:\/\/dev.antudigital.cl\/sites\/vc\/wp-json\/wp\/v2\/posts\/8548","targetHints":{"allow":["GET"]}}],"collection":[{"href":"https:\/\/dev.antudigital.cl\/sites\/vc\/wp-json\/wp\/v2\/posts"}],"about":[{"href":"https:\/\/dev.antudigital.cl\/sites\/vc\/wp-json\/wp\/v2\/types\/post"}],"author":[{"embeddable":true,"href":"https:\/\/dev.antudigital.cl\/sites\/vc\/wp-json\/wp\/v2\/users\/3"}],"replies":[{"embeddable":true,"href":"https:\/\/dev.antudigital.cl\/sites\/vc\/wp-json\/wp\/v2\/comments?post=8548"}],"version-history":[{"count":0,"href":"https:\/\/dev.antudigital.cl\/sites\/vc\/wp-json\/wp\/v2\/posts\/8548\/revisions"}],"wp:featuredmedia":[{"embeddable":true,"href":"https:\/\/dev.antudigital.cl\/sites\/vc\/wp-json\/wp\/v2\/media\/8550"}],"wp:attachment":[{"href":"https:\/\/dev.antudigital.cl\/sites\/vc\/wp-json\/wp\/v2\/media?parent=8548"}],"wp:term":[{"taxonomy":"category","embeddable":true,"href":"https:\/\/dev.antudigital.cl\/sites\/vc\/wp-json\/wp\/v2\/categories?post=8548"},{"taxonomy":"post_tag","embeddable":true,"href":"https:\/\/dev.antudigital.cl\/sites\/vc\/wp-json\/wp\/v2\/tags?post=8548"}],"curies":[{"name":"wp","href":"https:\/\/api.w.org\/{rel}","templated":true}]}}