{"id":8551,"date":"2020-11-02T09:12:25","date_gmt":"2020-11-02T09:12:25","guid":{"rendered":"https:\/\/www.valparaisocreativo.cl\/?p=5417"},"modified":"2020-11-02T09:12:25","modified_gmt":"2020-11-02T09:12:25","slug":"lo-nuevo-de-pavez-y-los-inseguros","status":"publish","type":"post","link":"https:\/\/dev.antudigital.cl\/sites\/vc\/lo-nuevo-de-pavez-y-los-inseguros\/","title":{"rendered":"Lo nuevo de Pavez y Los Inseguros"},"content":{"rendered":"<p>Pedro Pavez es uno de los m\u00fasicos m\u00e1s respetados de la escena porte\u00f1a, y durante este a\u00f1o ha pandemia ha estrenado \u00abNada pasa en estas pel\u00edculas\u00bb. Hace unos meses comenz\u00f3 a dar adelantos, con el lanzamiento del sencillo \u00ab20 a\u00f1os\u00bb. Todo ese proceso se ha dado de forma digital, abriendo nuevos desaf\u00edos para el m\u00fasico y su banda.<\/p>\n<p><strong>Pavez y los inseguros\u00a0<\/strong>ya estrenaron este nuevo material.\u00a0<strong>Adem\u00e1s realizaron una grabaci\u00f3n en el Teatro Municipal\u00a0<\/strong>de Valparaiso recientemente, a partir de una convocatoria de la municipalidad: desde ac\u00e1 se generar\u00e1 un compilado de 11 canciones que quedar\u00e1n en l\u00ednea en YouTube.<\/p>\n<p><strong>Nada Pasa en estas Pel\u00edculas<\/strong><\/p>\n<p>El \u00faltimo trabajo de la agrupaci\u00f3n porte\u00f1a, trata de un mix que une soul, blues, funk, baladas y pop, que tributa los gustos personales de Rodrigo Quiroz (bajo), Roberto Lillo (bater\u00eda), Pablo Mu\u00f1oz (guitarra el\u00e9ctrica) y Pedro Pavez (guitarras y voz), la pl\u00e9yade de m\u00fasicos porte\u00f1os que conforman una de las bandas claves en la escena de Valpara\u00edso en la segunda mitad de esta d\u00e9cada.<\/p>\n<p>\u201cNada pasa en estas pel\u00edculas\u201d contiene canciones que mostraban el universo creativo de la banda, caracterizado por un sonido depurado y tradicional puesto en escena a partir de la mezcla de Pablo Mu\u00f1oz y el mastering de Chalo Gonz\u00e1lez.<\/p>\n<p>Las canciones est\u00e1n inspiradas principalmente en espacios cotidianos e \u00edntimos, lugares desde los que Pavez reniega de los grandes discursos, en un rescate de aquellas cosas que pareciera no constituyen nada que importe en estos tiempos vertiginosos: \u201cSiempre me he sentido cercano a buscar lo invisible, lo personal, las cosas que no construyen la historia contempor\u00e1nea, ni ning\u00fan tipo de historia. Quiero ir en contra de la dictadura de las tramas, en contra de los grandes discursos y del \u00abtongo\u00bb de la \u00e9pica\u201d, replica el autor porte\u00f1o.<\/p>\n<blockquote><p>\u00abNo pienso en m\u00fasica propiamente tal, no tengo esa capacidad. Pienso en los relatos, en la formalidad para articularlos, en el groove o en el car\u00e1cter. Para este disco trabaj\u00e9 cazando frases, y de una frase sacaba toda la canci\u00f3n. Todas las canciones tienen eso en com\u00fan. Tengo un arsenal de ideas de canciones en la guitarra porque soy bueno memorizando en mi cerebro ciertas estructuras. Acordes que pongo y que saco cuando ya voy armando la historia. Tengo muletillas. Me gustan las canciones donde la parte distinta genera algo. Lo primero que hago son los puentes, si es que as\u00ed se denominan. Me gustan las canciones con ganchos, ya no abandono las ideas mel\u00f3dicas por ser lindas como antes. Aprend\u00ed a aceptar en mi que me gustan las canciones pegajosas y que no hay ning\u00fan problema en acercarse a los g\u00e9neros que me gustaban desde ni\u00f1o como el soul o el blues\u00bb.<\/p><\/blockquote>\n<ul>\n<li style=\"text-align: right;\">Pedro Pavez.<\/li>\n<\/ul>\n<h3>Puedes escuchar \u00abNada Pasa en estas Pel\u00edculas\u00bb a continuaci\u00f3n:<\/h3>\n<p><iframe src=\"https:\/\/open.spotify.com\/embed\/album\/7JAGvEIUoxivxM7ZjFEq7K\" width=\"300\" height=\"380\" frameborder=\"0\"><\/iframe><\/p>\n","protected":false},"excerpt":{"rendered":"<p>Pedro Pavez es uno de los m\u00fasicos m\u00e1s respetados de la escena porte\u00f1a, y durante este a\u00f1o ha pandemia ha estrenado \u00abNada pasa en estas pel\u00edculas\u00bb. Hace unos meses comenz\u00f3 a dar adelantos, con el lanzamiento del sencillo \u00ab20 a\u00f1os\u00bb. Todo ese proceso se ha dado de forma digital, abriendo nuevos desaf\u00edos para el m\u00fasico [&hellip;]<\/p>\n","protected":false},"author":3,"featured_media":8552,"comment_status":"closed","ping_status":"closed","sticky":false,"template":"","format":"standard","meta":{"_acf_changed":false,"footnotes":""},"categories":[8],"tags":[],"class_list":["post-8551","post","type-post","status-publish","format-standard","has-post-thumbnail","hentry","category-noticia"],"acf":[],"yoast_head":"<!-- This site is optimized with the Yoast SEO plugin v27.1.1 - https:\/\/yoast.com\/product\/yoast-seo-wordpress\/ -->\n<title>Lo nuevo de Pavez y Los Inseguros - Valpara\u00ed\u00adso Creativo<\/title>\n<meta name=\"robots\" content=\"index, follow, max-snippet:-1, max-image-preview:large, max-video-preview:-1\" \/>\n<link rel=\"canonical\" href=\"https:\/\/dev.antudigital.cl\/sites\/vc\/lo-nuevo-de-pavez-y-los-inseguros\/\" \/>\n<meta property=\"og:locale\" content=\"es_ES\" \/>\n<meta property=\"og:type\" content=\"article\" \/>\n<meta property=\"og:title\" content=\"Lo nuevo de Pavez y Los Inseguros - Valpara\u00ed\u00adso Creativo\" \/>\n<meta property=\"og:description\" content=\"Pedro Pavez es uno de los m\u00fasicos m\u00e1s respetados de la escena porte\u00f1a, y durante este a\u00f1o ha pandemia ha estrenado \u00abNada pasa en estas pel\u00edculas\u00bb. Hace unos meses comenz\u00f3 a dar adelantos, con el lanzamiento del sencillo \u00ab20 a\u00f1os\u00bb. Todo ese proceso se ha dado de forma digital, abriendo nuevos desaf\u00edos para el m\u00fasico [&hellip;]\" \/>\n<meta property=\"og:url\" content=\"https:\/\/dev.antudigital.cl\/sites\/vc\/lo-nuevo-de-pavez-y-los-inseguros\/\" \/>\n<meta property=\"og:site_name\" content=\"Valpara\u00ed\u00adso Creativo\" \/>\n<meta property=\"article:published_time\" content=\"2020-11-02T09:12:25+00:00\" \/>\n<meta property=\"og:image\" content=\"https:\/\/dev.antudigital.cl\/sites\/vc\/wp-content\/uploads\/2020\/11\/WhatsApp-Image-2020-10-29-at-14.18.38.jpeg\" \/>\n\t<meta property=\"og:image:width\" content=\"1080\" \/>\n\t<meta property=\"og:image:height\" content=\"721\" \/>\n\t<meta property=\"og:image:type\" content=\"image\/jpeg\" \/>\n<meta name=\"author\" content=\"Valparaiso Creativo\" \/>\n<meta name=\"twitter:card\" content=\"summary_large_image\" \/>\n<meta name=\"twitter:label1\" content=\"Escrito por\" \/>\n\t<meta name=\"twitter:data1\" content=\"Valparaiso Creativo\" \/>\n\t<meta name=\"twitter:label2\" content=\"Tiempo de lectura\" \/>\n\t<meta name=\"twitter:data2\" content=\"2 minutos\" \/>\n<script type=\"application\/ld+json\" class=\"yoast-schema-graph\">{\"@context\":\"https:\/\/schema.org\",\"@graph\":[{\"@type\":\"Article\",\"@id\":\"https:\/\/dev.antudigital.cl\/sites\/vc\/lo-nuevo-de-pavez-y-los-inseguros\/#article\",\"isPartOf\":{\"@id\":\"https:\/\/dev.antudigital.cl\/sites\/vc\/lo-nuevo-de-pavez-y-los-inseguros\/\"},\"author\":{\"name\":\"Valparaiso Creativo\",\"@id\":\"https:\/\/dev.antudigital.cl\/sites\/vc\/#\/schema\/person\/81d1dcd51abd542b5dfc00f5f951a0f1\"},\"headline\":\"Lo nuevo de Pavez y Los Inseguros\",\"datePublished\":\"2020-11-02T09:12:25+00:00\",\"mainEntityOfPage\":{\"@id\":\"https:\/\/dev.antudigital.cl\/sites\/vc\/lo-nuevo-de-pavez-y-los-inseguros\/\"},\"wordCount\":506,\"image\":{\"@id\":\"https:\/\/dev.antudigital.cl\/sites\/vc\/lo-nuevo-de-pavez-y-los-inseguros\/#primaryimage\"},\"thumbnailUrl\":\"https:\/\/dev.antudigital.cl\/sites\/vc\/wp-content\/uploads\/2020\/11\/WhatsApp-Image-2020-10-29-at-14.18.38.jpeg\",\"articleSection\":[\"Noticia\"],\"inLanguage\":\"es\"},{\"@type\":\"WebPage\",\"@id\":\"https:\/\/dev.antudigital.cl\/sites\/vc\/lo-nuevo-de-pavez-y-los-inseguros\/\",\"url\":\"https:\/\/dev.antudigital.cl\/sites\/vc\/lo-nuevo-de-pavez-y-los-inseguros\/\",\"name\":\"Lo nuevo de Pavez y Los Inseguros - Valpara\u00ed\u00adso Creativo\",\"isPartOf\":{\"@id\":\"https:\/\/dev.antudigital.cl\/sites\/vc\/#website\"},\"primaryImageOfPage\":{\"@id\":\"https:\/\/dev.antudigital.cl\/sites\/vc\/lo-nuevo-de-pavez-y-los-inseguros\/#primaryimage\"},\"image\":{\"@id\":\"https:\/\/dev.antudigital.cl\/sites\/vc\/lo-nuevo-de-pavez-y-los-inseguros\/#primaryimage\"},\"thumbnailUrl\":\"https:\/\/dev.antudigital.cl\/sites\/vc\/wp-content\/uploads\/2020\/11\/WhatsApp-Image-2020-10-29-at-14.18.38.jpeg\",\"datePublished\":\"2020-11-02T09:12:25+00:00\",\"author\":{\"@id\":\"https:\/\/dev.antudigital.cl\/sites\/vc\/#\/schema\/person\/81d1dcd51abd542b5dfc00f5f951a0f1\"},\"breadcrumb\":{\"@id\":\"https:\/\/dev.antudigital.cl\/sites\/vc\/lo-nuevo-de-pavez-y-los-inseguros\/#breadcrumb\"},\"inLanguage\":\"es\",\"potentialAction\":[{\"@type\":\"ReadAction\",\"target\":[\"https:\/\/dev.antudigital.cl\/sites\/vc\/lo-nuevo-de-pavez-y-los-inseguros\/\"]}]},{\"@type\":\"ImageObject\",\"inLanguage\":\"es\",\"@id\":\"https:\/\/dev.antudigital.cl\/sites\/vc\/lo-nuevo-de-pavez-y-los-inseguros\/#primaryimage\",\"url\":\"https:\/\/dev.antudigital.cl\/sites\/vc\/wp-content\/uploads\/2020\/11\/WhatsApp-Image-2020-10-29-at-14.18.38.jpeg\",\"contentUrl\":\"https:\/\/dev.antudigital.cl\/sites\/vc\/wp-content\/uploads\/2020\/11\/WhatsApp-Image-2020-10-29-at-14.18.38.jpeg\",\"width\":1080,\"height\":721},{\"@type\":\"BreadcrumbList\",\"@id\":\"https:\/\/dev.antudigital.cl\/sites\/vc\/lo-nuevo-de-pavez-y-los-inseguros\/#breadcrumb\",\"itemListElement\":[{\"@type\":\"ListItem\",\"position\":1,\"name\":\"Home\",\"item\":\"https:\/\/dev.antudigital.cl\/sites\/vc\/\"},{\"@type\":\"ListItem\",\"position\":2,\"name\":\"Lo nuevo de Pavez y Los Inseguros\"}]},{\"@type\":\"WebSite\",\"@id\":\"https:\/\/dev.antudigital.cl\/sites\/vc\/#website\",\"url\":\"https:\/\/dev.antudigital.cl\/sites\/vc\/\",\"name\":\"Valpara\u00ed\u00adso Creativo\",\"description\":\"\",\"potentialAction\":[{\"@type\":\"SearchAction\",\"target\":{\"@type\":\"EntryPoint\",\"urlTemplate\":\"https:\/\/dev.antudigital.cl\/sites\/vc\/?s={search_term_string}\"},\"query-input\":{\"@type\":\"PropertyValueSpecification\",\"valueRequired\":true,\"valueName\":\"search_term_string\"}}],\"inLanguage\":\"es\"},{\"@type\":\"Person\",\"@id\":\"https:\/\/dev.antudigital.cl\/sites\/vc\/#\/schema\/person\/81d1dcd51abd542b5dfc00f5f951a0f1\",\"name\":\"Valparaiso Creativo\",\"url\":\"https:\/\/dev.antudigital.cl\/sites\/vc\/author\/valparaiso-creativo\/\"}]}<\/script>\n<!-- \/ Yoast SEO plugin. -->","yoast_head_json":{"title":"Lo nuevo de Pavez y Los Inseguros - Valpara\u00ed\u00adso Creativo","robots":{"index":"index","follow":"follow","max-snippet":"max-snippet:-1","max-image-preview":"max-image-preview:large","max-video-preview":"max-video-preview:-1"},"canonical":"https:\/\/dev.antudigital.cl\/sites\/vc\/lo-nuevo-de-pavez-y-los-inseguros\/","og_locale":"es_ES","og_type":"article","og_title":"Lo nuevo de Pavez y Los Inseguros - Valpara\u00ed\u00adso Creativo","og_description":"Pedro Pavez es uno de los m\u00fasicos m\u00e1s respetados de la escena porte\u00f1a, y durante este a\u00f1o ha pandemia ha estrenado \u00abNada pasa en estas pel\u00edculas\u00bb. Hace unos meses comenz\u00f3 a dar adelantos, con el lanzamiento del sencillo \u00ab20 a\u00f1os\u00bb. Todo ese proceso se ha dado de forma digital, abriendo nuevos desaf\u00edos para el m\u00fasico [&hellip;]","og_url":"https:\/\/dev.antudigital.cl\/sites\/vc\/lo-nuevo-de-pavez-y-los-inseguros\/","og_site_name":"Valpara\u00ed\u00adso Creativo","article_published_time":"2020-11-02T09:12:25+00:00","og_image":[{"width":1080,"height":721,"url":"https:\/\/dev.antudigital.cl\/sites\/vc\/wp-content\/uploads\/2020\/11\/WhatsApp-Image-2020-10-29-at-14.18.38.jpeg","type":"image\/jpeg"}],"author":"Valparaiso Creativo","twitter_card":"summary_large_image","twitter_misc":{"Escrito por":"Valparaiso Creativo","Tiempo de lectura":"2 minutos"},"schema":{"@context":"https:\/\/schema.org","@graph":[{"@type":"Article","@id":"https:\/\/dev.antudigital.cl\/sites\/vc\/lo-nuevo-de-pavez-y-los-inseguros\/#article","isPartOf":{"@id":"https:\/\/dev.antudigital.cl\/sites\/vc\/lo-nuevo-de-pavez-y-los-inseguros\/"},"author":{"name":"Valparaiso Creativo","@id":"https:\/\/dev.antudigital.cl\/sites\/vc\/#\/schema\/person\/81d1dcd51abd542b5dfc00f5f951a0f1"},"headline":"Lo nuevo de Pavez y Los Inseguros","datePublished":"2020-11-02T09:12:25+00:00","mainEntityOfPage":{"@id":"https:\/\/dev.antudigital.cl\/sites\/vc\/lo-nuevo-de-pavez-y-los-inseguros\/"},"wordCount":506,"image":{"@id":"https:\/\/dev.antudigital.cl\/sites\/vc\/lo-nuevo-de-pavez-y-los-inseguros\/#primaryimage"},"thumbnailUrl":"https:\/\/dev.antudigital.cl\/sites\/vc\/wp-content\/uploads\/2020\/11\/WhatsApp-Image-2020-10-29-at-14.18.38.jpeg","articleSection":["Noticia"],"inLanguage":"es"},{"@type":"WebPage","@id":"https:\/\/dev.antudigital.cl\/sites\/vc\/lo-nuevo-de-pavez-y-los-inseguros\/","url":"https:\/\/dev.antudigital.cl\/sites\/vc\/lo-nuevo-de-pavez-y-los-inseguros\/","name":"Lo nuevo de Pavez y Los Inseguros - Valpara\u00ed\u00adso Creativo","isPartOf":{"@id":"https:\/\/dev.antudigital.cl\/sites\/vc\/#website"},"primaryImageOfPage":{"@id":"https:\/\/dev.antudigital.cl\/sites\/vc\/lo-nuevo-de-pavez-y-los-inseguros\/#primaryimage"},"image":{"@id":"https:\/\/dev.antudigital.cl\/sites\/vc\/lo-nuevo-de-pavez-y-los-inseguros\/#primaryimage"},"thumbnailUrl":"https:\/\/dev.antudigital.cl\/sites\/vc\/wp-content\/uploads\/2020\/11\/WhatsApp-Image-2020-10-29-at-14.18.38.jpeg","datePublished":"2020-11-02T09:12:25+00:00","author":{"@id":"https:\/\/dev.antudigital.cl\/sites\/vc\/#\/schema\/person\/81d1dcd51abd542b5dfc00f5f951a0f1"},"breadcrumb":{"@id":"https:\/\/dev.antudigital.cl\/sites\/vc\/lo-nuevo-de-pavez-y-los-inseguros\/#breadcrumb"},"inLanguage":"es","potentialAction":[{"@type":"ReadAction","target":["https:\/\/dev.antudigital.cl\/sites\/vc\/lo-nuevo-de-pavez-y-los-inseguros\/"]}]},{"@type":"ImageObject","inLanguage":"es","@id":"https:\/\/dev.antudigital.cl\/sites\/vc\/lo-nuevo-de-pavez-y-los-inseguros\/#primaryimage","url":"https:\/\/dev.antudigital.cl\/sites\/vc\/wp-content\/uploads\/2020\/11\/WhatsApp-Image-2020-10-29-at-14.18.38.jpeg","contentUrl":"https:\/\/dev.antudigital.cl\/sites\/vc\/wp-content\/uploads\/2020\/11\/WhatsApp-Image-2020-10-29-at-14.18.38.jpeg","width":1080,"height":721},{"@type":"BreadcrumbList","@id":"https:\/\/dev.antudigital.cl\/sites\/vc\/lo-nuevo-de-pavez-y-los-inseguros\/#breadcrumb","itemListElement":[{"@type":"ListItem","position":1,"name":"Home","item":"https:\/\/dev.antudigital.cl\/sites\/vc\/"},{"@type":"ListItem","position":2,"name":"Lo nuevo de Pavez y Los Inseguros"}]},{"@type":"WebSite","@id":"https:\/\/dev.antudigital.cl\/sites\/vc\/#website","url":"https:\/\/dev.antudigital.cl\/sites\/vc\/","name":"Valpara\u00ed\u00adso Creativo","description":"","potentialAction":[{"@type":"SearchAction","target":{"@type":"EntryPoint","urlTemplate":"https:\/\/dev.antudigital.cl\/sites\/vc\/?s={search_term_string}"},"query-input":{"@type":"PropertyValueSpecification","valueRequired":true,"valueName":"search_term_string"}}],"inLanguage":"es"},{"@type":"Person","@id":"https:\/\/dev.antudigital.cl\/sites\/vc\/#\/schema\/person\/81d1dcd51abd542b5dfc00f5f951a0f1","name":"Valparaiso Creativo","url":"https:\/\/dev.antudigital.cl\/sites\/vc\/author\/valparaiso-creativo\/"}]}},"_links":{"self":[{"href":"https:\/\/dev.antudigital.cl\/sites\/vc\/wp-json\/wp\/v2\/posts\/8551","targetHints":{"allow":["GET"]}}],"collection":[{"href":"https:\/\/dev.antudigital.cl\/sites\/vc\/wp-json\/wp\/v2\/posts"}],"about":[{"href":"https:\/\/dev.antudigital.cl\/sites\/vc\/wp-json\/wp\/v2\/types\/post"}],"author":[{"embeddable":true,"href":"https:\/\/dev.antudigital.cl\/sites\/vc\/wp-json\/wp\/v2\/users\/3"}],"replies":[{"embeddable":true,"href":"https:\/\/dev.antudigital.cl\/sites\/vc\/wp-json\/wp\/v2\/comments?post=8551"}],"version-history":[{"count":0,"href":"https:\/\/dev.antudigital.cl\/sites\/vc\/wp-json\/wp\/v2\/posts\/8551\/revisions"}],"wp:featuredmedia":[{"embeddable":true,"href":"https:\/\/dev.antudigital.cl\/sites\/vc\/wp-json\/wp\/v2\/media\/8552"}],"wp:attachment":[{"href":"https:\/\/dev.antudigital.cl\/sites\/vc\/wp-json\/wp\/v2\/media?parent=8551"}],"wp:term":[{"taxonomy":"category","embeddable":true,"href":"https:\/\/dev.antudigital.cl\/sites\/vc\/wp-json\/wp\/v2\/categories?post=8551"},{"taxonomy":"post_tag","embeddable":true,"href":"https:\/\/dev.antudigital.cl\/sites\/vc\/wp-json\/wp\/v2\/tags?post=8551"}],"curies":[{"name":"wp","href":"https:\/\/api.w.org\/{rel}","templated":true}]}}