{"id":8558,"date":"2020-10-30T20:40:50","date_gmt":"2020-10-30T20:40:50","guid":{"rendered":"https:\/\/www.valparaisocreativo.cl\/?p=5408"},"modified":"2020-10-30T20:40:50","modified_gmt":"2020-10-30T20:40:50","slug":"comienza-la-24va-version-del-festival-internacional-de-cine-recobrado-de-valparaiso","status":"publish","type":"post","link":"https:\/\/dev.antudigital.cl\/sites\/vc\/comienza-la-24va-version-del-festival-internacional-de-cine-recobrado-de-valparaiso\/","title":{"rendered":"Comienza la 24va versi\u00f3n del Festival Internacional de Cine Recobrado de Valpara\u00edso"},"content":{"rendered":"<p>Del 2 al 6 de noviembre, se llevar\u00e1 a cabo el Festival Internacional de Cine Recobrado de Valpara\u00edso. Es el 24vo a\u00f1o consecutivo en el que se gestiona, siendo este su primer a\u00f1o adapt\u00e1ndose al formato digital.<\/p>\n<p>Cuatro d\u00edas de programaci\u00f3n en dos bloques, que tiene por tem\u00e1tica central un\u00a0<strong>homenaje a Terence Fisher.\u00a0<\/strong>Las actividades estar\u00e1n enfocadas en su obra, la revisi\u00f3n de los t\u00f3picos que abarca, y la mirada de mujer que establece en sus filmes, entre mucho m\u00e1s.<\/p>\n<p>Puedes acceder a las actividades desde cualquier punto del pa\u00eds. Las actividades se realizar\u00e1n todos los d\u00edas desde el 2 a 4 a las 11 y 12:00hrs.<\/p>\n<h3>En <strong><a href=\"https:\/\/docs.google.com\/forms\/d\/e\/1FAIpQLSel3A-8R36QcCLREA-camTIenysEqrJeZpjs3_v06sDZpSmew\/viewform\">el siguiente link<\/a><\/strong> puedes encontrar las inscripciones.<\/h3>\n<p><iframe title=\"Festival Internacional de Cine Recobrado de Valpara\u00edso - Spot 2020\" width=\"800\" height=\"450\" src=\"https:\/\/www.youtube.com\/embed\/w17kSolMMF0?feature=oembed\" frameborder=\"0\" allow=\"accelerometer; autoplay; clipboard-write; encrypted-media; gyroscope; picture-in-picture; web-share\" referrerpolicy=\"strict-origin-when-cross-origin\" allowfullscreen><\/iframe><\/p>\n<blockquote><p><strong>Sobre el Festival:<\/strong><\/p>\n<p>El Festival de Cine de Valpara\u00edso es un evento archiv\u00edstico y patrimonial \u00fanico en Hispanoam\u00e9rica.<\/p>\n<p>Desde la fecha de su creaci\u00f3n en 1997, este certamen ha desarrollado una l\u00ednea curatorial vinculada al archivo, las piezas restauradas y el cine arcaico y primitivo, exhibiendo gratuitamente piezas de colecci\u00f3n en 35 y 16 mm. que pertenecen a filmotecas nacionales e internacionales, siendo materiales restaurados, reconstruidos o remasterizados.<\/p><\/blockquote>\n","protected":false},"excerpt":{"rendered":"<p>Del 2 al 6 de noviembre, se llevar\u00e1 a cabo el Festival Internacional de Cine Recobrado de Valpara\u00edso. Es el 24vo a\u00f1o consecutivo en el que se gestiona, siendo este su primer a\u00f1o adapt\u00e1ndose al formato digital. Cuatro d\u00edas de programaci\u00f3n en dos bloques, que tiene por tem\u00e1tica central un\u00a0homenaje a Terence Fisher.\u00a0Las actividades estar\u00e1n [&hellip;]<\/p>\n","protected":false},"author":3,"featured_media":8559,"comment_status":"closed","ping_status":"closed","sticky":false,"template":"","format":"standard","meta":{"_acf_changed":false,"footnotes":""},"categories":[8],"tags":[],"class_list":["post-8558","post","type-post","status-publish","format-standard","has-post-thumbnail","hentry","category-noticia"],"acf":[],"yoast_head":"<!-- This site is optimized with the Yoast SEO plugin v27.1.1 - https:\/\/yoast.com\/product\/yoast-seo-wordpress\/ -->\n<title>Comienza la 24va versi\u00f3n del Festival Internacional de Cine Recobrado de Valpara\u00edso - Valpara\u00ed\u00adso Creativo<\/title>\n<meta name=\"robots\" content=\"index, follow, max-snippet:-1, max-image-preview:large, max-video-preview:-1\" \/>\n<link rel=\"canonical\" href=\"https:\/\/dev.antudigital.cl\/sites\/vc\/comienza-la-24va-version-del-festival-internacional-de-cine-recobrado-de-valparaiso\/\" \/>\n<meta property=\"og:locale\" content=\"es_ES\" \/>\n<meta property=\"og:type\" content=\"article\" \/>\n<meta property=\"og:title\" content=\"Comienza la 24va versi\u00f3n del Festival Internacional de Cine Recobrado de Valpara\u00edso - Valpara\u00ed\u00adso Creativo\" \/>\n<meta property=\"og:description\" content=\"Del 2 al 6 de noviembre, se llevar\u00e1 a cabo el Festival Internacional de Cine Recobrado de Valpara\u00edso. Es el 24vo a\u00f1o consecutivo en el que se gestiona, siendo este su primer a\u00f1o adapt\u00e1ndose al formato digital. Cuatro d\u00edas de programaci\u00f3n en dos bloques, que tiene por tem\u00e1tica central un\u00a0homenaje a Terence Fisher.\u00a0Las actividades estar\u00e1n [&hellip;]\" \/>\n<meta property=\"og:url\" content=\"https:\/\/dev.antudigital.cl\/sites\/vc\/comienza-la-24va-version-del-festival-internacional-de-cine-recobrado-de-valparaiso\/\" \/>\n<meta property=\"og:site_name\" content=\"Valpara\u00ed\u00adso Creativo\" \/>\n<meta property=\"article:published_time\" content=\"2020-10-30T20:40:50+00:00\" \/>\n<meta property=\"og:image\" content=\"https:\/\/dev.antudigital.cl\/sites\/vc\/wp-content\/uploads\/2020\/10\/CINERE.jpg\" \/>\n\t<meta property=\"og:image:width\" content=\"851\" \/>\n\t<meta property=\"og:image:height\" content=\"315\" \/>\n\t<meta property=\"og:image:type\" content=\"image\/jpeg\" \/>\n<meta name=\"author\" content=\"Valparaiso Creativo\" \/>\n<meta name=\"twitter:card\" content=\"summary_large_image\" \/>\n<meta name=\"twitter:label1\" content=\"Escrito por\" \/>\n\t<meta name=\"twitter:data1\" content=\"Valparaiso Creativo\" \/>\n\t<meta name=\"twitter:label2\" content=\"Tiempo de lectura\" \/>\n\t<meta name=\"twitter:data2\" content=\"1 minuto\" \/>\n<script type=\"application\/ld+json\" class=\"yoast-schema-graph\">{\"@context\":\"https:\/\/schema.org\",\"@graph\":[{\"@type\":\"Article\",\"@id\":\"https:\/\/dev.antudigital.cl\/sites\/vc\/comienza-la-24va-version-del-festival-internacional-de-cine-recobrado-de-valparaiso\/#article\",\"isPartOf\":{\"@id\":\"https:\/\/dev.antudigital.cl\/sites\/vc\/comienza-la-24va-version-del-festival-internacional-de-cine-recobrado-de-valparaiso\/\"},\"author\":{\"name\":\"Valparaiso Creativo\",\"@id\":\"https:\/\/dev.antudigital.cl\/sites\/vc\/#\/schema\/person\/81d1dcd51abd542b5dfc00f5f951a0f1\"},\"headline\":\"Comienza la 24va versi\u00f3n del Festival Internacional de Cine Recobrado de Valpara\u00edso\",\"datePublished\":\"2020-10-30T20:40:50+00:00\",\"mainEntityOfPage\":{\"@id\":\"https:\/\/dev.antudigital.cl\/sites\/vc\/comienza-la-24va-version-del-festival-internacional-de-cine-recobrado-de-valparaiso\/\"},\"wordCount\":218,\"image\":{\"@id\":\"https:\/\/dev.antudigital.cl\/sites\/vc\/comienza-la-24va-version-del-festival-internacional-de-cine-recobrado-de-valparaiso\/#primaryimage\"},\"thumbnailUrl\":\"https:\/\/dev.antudigital.cl\/sites\/vc\/wp-content\/uploads\/2020\/10\/CINERE.jpg\",\"articleSection\":[\"Noticia\"],\"inLanguage\":\"es\"},{\"@type\":\"WebPage\",\"@id\":\"https:\/\/dev.antudigital.cl\/sites\/vc\/comienza-la-24va-version-del-festival-internacional-de-cine-recobrado-de-valparaiso\/\",\"url\":\"https:\/\/dev.antudigital.cl\/sites\/vc\/comienza-la-24va-version-del-festival-internacional-de-cine-recobrado-de-valparaiso\/\",\"name\":\"Comienza la 24va versi\u00f3n del Festival Internacional de Cine Recobrado de Valpara\u00edso - Valpara\u00ed\u00adso Creativo\",\"isPartOf\":{\"@id\":\"https:\/\/dev.antudigital.cl\/sites\/vc\/#website\"},\"primaryImageOfPage\":{\"@id\":\"https:\/\/dev.antudigital.cl\/sites\/vc\/comienza-la-24va-version-del-festival-internacional-de-cine-recobrado-de-valparaiso\/#primaryimage\"},\"image\":{\"@id\":\"https:\/\/dev.antudigital.cl\/sites\/vc\/comienza-la-24va-version-del-festival-internacional-de-cine-recobrado-de-valparaiso\/#primaryimage\"},\"thumbnailUrl\":\"https:\/\/dev.antudigital.cl\/sites\/vc\/wp-content\/uploads\/2020\/10\/CINERE.jpg\",\"datePublished\":\"2020-10-30T20:40:50+00:00\",\"author\":{\"@id\":\"https:\/\/dev.antudigital.cl\/sites\/vc\/#\/schema\/person\/81d1dcd51abd542b5dfc00f5f951a0f1\"},\"breadcrumb\":{\"@id\":\"https:\/\/dev.antudigital.cl\/sites\/vc\/comienza-la-24va-version-del-festival-internacional-de-cine-recobrado-de-valparaiso\/#breadcrumb\"},\"inLanguage\":\"es\",\"potentialAction\":[{\"@type\":\"ReadAction\",\"target\":[\"https:\/\/dev.antudigital.cl\/sites\/vc\/comienza-la-24va-version-del-festival-internacional-de-cine-recobrado-de-valparaiso\/\"]}]},{\"@type\":\"ImageObject\",\"inLanguage\":\"es\",\"@id\":\"https:\/\/dev.antudigital.cl\/sites\/vc\/comienza-la-24va-version-del-festival-internacional-de-cine-recobrado-de-valparaiso\/#primaryimage\",\"url\":\"https:\/\/dev.antudigital.cl\/sites\/vc\/wp-content\/uploads\/2020\/10\/CINERE.jpg\",\"contentUrl\":\"https:\/\/dev.antudigital.cl\/sites\/vc\/wp-content\/uploads\/2020\/10\/CINERE.jpg\",\"width\":851,\"height\":315},{\"@type\":\"BreadcrumbList\",\"@id\":\"https:\/\/dev.antudigital.cl\/sites\/vc\/comienza-la-24va-version-del-festival-internacional-de-cine-recobrado-de-valparaiso\/#breadcrumb\",\"itemListElement\":[{\"@type\":\"ListItem\",\"position\":1,\"name\":\"Home\",\"item\":\"https:\/\/dev.antudigital.cl\/sites\/vc\/\"},{\"@type\":\"ListItem\",\"position\":2,\"name\":\"Comienza la 24va versi\u00f3n del Festival Internacional de Cine Recobrado de Valpara\u00edso\"}]},{\"@type\":\"WebSite\",\"@id\":\"https:\/\/dev.antudigital.cl\/sites\/vc\/#website\",\"url\":\"https:\/\/dev.antudigital.cl\/sites\/vc\/\",\"name\":\"Valpara\u00ed\u00adso Creativo\",\"description\":\"\",\"potentialAction\":[{\"@type\":\"SearchAction\",\"target\":{\"@type\":\"EntryPoint\",\"urlTemplate\":\"https:\/\/dev.antudigital.cl\/sites\/vc\/?s={search_term_string}\"},\"query-input\":{\"@type\":\"PropertyValueSpecification\",\"valueRequired\":true,\"valueName\":\"search_term_string\"}}],\"inLanguage\":\"es\"},{\"@type\":\"Person\",\"@id\":\"https:\/\/dev.antudigital.cl\/sites\/vc\/#\/schema\/person\/81d1dcd51abd542b5dfc00f5f951a0f1\",\"name\":\"Valparaiso Creativo\",\"url\":\"https:\/\/dev.antudigital.cl\/sites\/vc\/author\/valparaiso-creativo\/\"}]}<\/script>\n<!-- \/ Yoast SEO plugin. -->","yoast_head_json":{"title":"Comienza la 24va versi\u00f3n del Festival Internacional de Cine Recobrado de Valpara\u00edso - Valpara\u00ed\u00adso Creativo","robots":{"index":"index","follow":"follow","max-snippet":"max-snippet:-1","max-image-preview":"max-image-preview:large","max-video-preview":"max-video-preview:-1"},"canonical":"https:\/\/dev.antudigital.cl\/sites\/vc\/comienza-la-24va-version-del-festival-internacional-de-cine-recobrado-de-valparaiso\/","og_locale":"es_ES","og_type":"article","og_title":"Comienza la 24va versi\u00f3n del Festival Internacional de Cine Recobrado de Valpara\u00edso - Valpara\u00ed\u00adso Creativo","og_description":"Del 2 al 6 de noviembre, se llevar\u00e1 a cabo el Festival Internacional de Cine Recobrado de Valpara\u00edso. Es el 24vo a\u00f1o consecutivo en el que se gestiona, siendo este su primer a\u00f1o adapt\u00e1ndose al formato digital. Cuatro d\u00edas de programaci\u00f3n en dos bloques, que tiene por tem\u00e1tica central un\u00a0homenaje a Terence Fisher.\u00a0Las actividades estar\u00e1n [&hellip;]","og_url":"https:\/\/dev.antudigital.cl\/sites\/vc\/comienza-la-24va-version-del-festival-internacional-de-cine-recobrado-de-valparaiso\/","og_site_name":"Valpara\u00ed\u00adso Creativo","article_published_time":"2020-10-30T20:40:50+00:00","og_image":[{"width":851,"height":315,"url":"https:\/\/dev.antudigital.cl\/sites\/vc\/wp-content\/uploads\/2020\/10\/CINERE.jpg","type":"image\/jpeg"}],"author":"Valparaiso Creativo","twitter_card":"summary_large_image","twitter_misc":{"Escrito por":"Valparaiso Creativo","Tiempo de lectura":"1 minuto"},"schema":{"@context":"https:\/\/schema.org","@graph":[{"@type":"Article","@id":"https:\/\/dev.antudigital.cl\/sites\/vc\/comienza-la-24va-version-del-festival-internacional-de-cine-recobrado-de-valparaiso\/#article","isPartOf":{"@id":"https:\/\/dev.antudigital.cl\/sites\/vc\/comienza-la-24va-version-del-festival-internacional-de-cine-recobrado-de-valparaiso\/"},"author":{"name":"Valparaiso Creativo","@id":"https:\/\/dev.antudigital.cl\/sites\/vc\/#\/schema\/person\/81d1dcd51abd542b5dfc00f5f951a0f1"},"headline":"Comienza la 24va versi\u00f3n del Festival Internacional de Cine Recobrado de Valpara\u00edso","datePublished":"2020-10-30T20:40:50+00:00","mainEntityOfPage":{"@id":"https:\/\/dev.antudigital.cl\/sites\/vc\/comienza-la-24va-version-del-festival-internacional-de-cine-recobrado-de-valparaiso\/"},"wordCount":218,"image":{"@id":"https:\/\/dev.antudigital.cl\/sites\/vc\/comienza-la-24va-version-del-festival-internacional-de-cine-recobrado-de-valparaiso\/#primaryimage"},"thumbnailUrl":"https:\/\/dev.antudigital.cl\/sites\/vc\/wp-content\/uploads\/2020\/10\/CINERE.jpg","articleSection":["Noticia"],"inLanguage":"es"},{"@type":"WebPage","@id":"https:\/\/dev.antudigital.cl\/sites\/vc\/comienza-la-24va-version-del-festival-internacional-de-cine-recobrado-de-valparaiso\/","url":"https:\/\/dev.antudigital.cl\/sites\/vc\/comienza-la-24va-version-del-festival-internacional-de-cine-recobrado-de-valparaiso\/","name":"Comienza la 24va versi\u00f3n del Festival Internacional de Cine Recobrado de Valpara\u00edso - Valpara\u00ed\u00adso Creativo","isPartOf":{"@id":"https:\/\/dev.antudigital.cl\/sites\/vc\/#website"},"primaryImageOfPage":{"@id":"https:\/\/dev.antudigital.cl\/sites\/vc\/comienza-la-24va-version-del-festival-internacional-de-cine-recobrado-de-valparaiso\/#primaryimage"},"image":{"@id":"https:\/\/dev.antudigital.cl\/sites\/vc\/comienza-la-24va-version-del-festival-internacional-de-cine-recobrado-de-valparaiso\/#primaryimage"},"thumbnailUrl":"https:\/\/dev.antudigital.cl\/sites\/vc\/wp-content\/uploads\/2020\/10\/CINERE.jpg","datePublished":"2020-10-30T20:40:50+00:00","author":{"@id":"https:\/\/dev.antudigital.cl\/sites\/vc\/#\/schema\/person\/81d1dcd51abd542b5dfc00f5f951a0f1"},"breadcrumb":{"@id":"https:\/\/dev.antudigital.cl\/sites\/vc\/comienza-la-24va-version-del-festival-internacional-de-cine-recobrado-de-valparaiso\/#breadcrumb"},"inLanguage":"es","potentialAction":[{"@type":"ReadAction","target":["https:\/\/dev.antudigital.cl\/sites\/vc\/comienza-la-24va-version-del-festival-internacional-de-cine-recobrado-de-valparaiso\/"]}]},{"@type":"ImageObject","inLanguage":"es","@id":"https:\/\/dev.antudigital.cl\/sites\/vc\/comienza-la-24va-version-del-festival-internacional-de-cine-recobrado-de-valparaiso\/#primaryimage","url":"https:\/\/dev.antudigital.cl\/sites\/vc\/wp-content\/uploads\/2020\/10\/CINERE.jpg","contentUrl":"https:\/\/dev.antudigital.cl\/sites\/vc\/wp-content\/uploads\/2020\/10\/CINERE.jpg","width":851,"height":315},{"@type":"BreadcrumbList","@id":"https:\/\/dev.antudigital.cl\/sites\/vc\/comienza-la-24va-version-del-festival-internacional-de-cine-recobrado-de-valparaiso\/#breadcrumb","itemListElement":[{"@type":"ListItem","position":1,"name":"Home","item":"https:\/\/dev.antudigital.cl\/sites\/vc\/"},{"@type":"ListItem","position":2,"name":"Comienza la 24va versi\u00f3n del Festival Internacional de Cine Recobrado de Valpara\u00edso"}]},{"@type":"WebSite","@id":"https:\/\/dev.antudigital.cl\/sites\/vc\/#website","url":"https:\/\/dev.antudigital.cl\/sites\/vc\/","name":"Valpara\u00ed\u00adso Creativo","description":"","potentialAction":[{"@type":"SearchAction","target":{"@type":"EntryPoint","urlTemplate":"https:\/\/dev.antudigital.cl\/sites\/vc\/?s={search_term_string}"},"query-input":{"@type":"PropertyValueSpecification","valueRequired":true,"valueName":"search_term_string"}}],"inLanguage":"es"},{"@type":"Person","@id":"https:\/\/dev.antudigital.cl\/sites\/vc\/#\/schema\/person\/81d1dcd51abd542b5dfc00f5f951a0f1","name":"Valparaiso Creativo","url":"https:\/\/dev.antudigital.cl\/sites\/vc\/author\/valparaiso-creativo\/"}]}},"_links":{"self":[{"href":"https:\/\/dev.antudigital.cl\/sites\/vc\/wp-json\/wp\/v2\/posts\/8558","targetHints":{"allow":["GET"]}}],"collection":[{"href":"https:\/\/dev.antudigital.cl\/sites\/vc\/wp-json\/wp\/v2\/posts"}],"about":[{"href":"https:\/\/dev.antudigital.cl\/sites\/vc\/wp-json\/wp\/v2\/types\/post"}],"author":[{"embeddable":true,"href":"https:\/\/dev.antudigital.cl\/sites\/vc\/wp-json\/wp\/v2\/users\/3"}],"replies":[{"embeddable":true,"href":"https:\/\/dev.antudigital.cl\/sites\/vc\/wp-json\/wp\/v2\/comments?post=8558"}],"version-history":[{"count":0,"href":"https:\/\/dev.antudigital.cl\/sites\/vc\/wp-json\/wp\/v2\/posts\/8558\/revisions"}],"wp:featuredmedia":[{"embeddable":true,"href":"https:\/\/dev.antudigital.cl\/sites\/vc\/wp-json\/wp\/v2\/media\/8559"}],"wp:attachment":[{"href":"https:\/\/dev.antudigital.cl\/sites\/vc\/wp-json\/wp\/v2\/media?parent=8558"}],"wp:term":[{"taxonomy":"category","embeddable":true,"href":"https:\/\/dev.antudigital.cl\/sites\/vc\/wp-json\/wp\/v2\/categories?post=8558"},{"taxonomy":"post_tag","embeddable":true,"href":"https:\/\/dev.antudigital.cl\/sites\/vc\/wp-json\/wp\/v2\/tags?post=8558"}],"curies":[{"name":"wp","href":"https:\/\/api.w.org\/{rel}","templated":true}]}}