{"id":8560,"date":"2020-10-30T20:05:06","date_gmt":"2020-10-30T20:05:06","guid":{"rendered":"https:\/\/www.valparaisocreativo.cl\/?p=5404"},"modified":"2020-10-30T20:05:06","modified_gmt":"2020-10-30T20:05:06","slug":"desde-el-4-al-9-de-noviembre-disfruta-de-puerto-de-ideas-en-linea","status":"publish","type":"post","link":"https:\/\/dev.antudigital.cl\/sites\/vc\/desde-el-4-al-9-de-noviembre-disfruta-de-puerto-de-ideas-en-linea\/","title":{"rendered":"Desde el 4 al 9 de noviembre disfruta de Puerto de Ideas en l\u00ednea"},"content":{"rendered":"<p class=\"font_tertiary paragraph\">Escritores como\u00a0<b>Mariana Enriquez, Irwing Welsh, Siri Hustvedt, Salman Rushdie<\/b>\u00a0y el premio Nobel de Econom\u00eda\u00a0<b>Joseph Stiglitz<\/b>, entre otros 80 invitados, participar\u00e1n de Puerto de ideas de Valpara\u00edso (Chile), que entre el 4 y el 9 de noviembre celebrar\u00e1 diez a\u00f1os con un festival digital y gratuito \u201cpara pensar el ma\u00f1ana despu\u00e9s\u201d.<\/p>\n<p class=\"font_tertiary paragraph\">Desde Chile se realizar\u00e1 online Puerto de Ideas Valpara\u00edso, concebido como un espacio de encuentro, di\u00e1logo y reflexi\u00f3n multidisciplinario, en un a\u00f1o marcado por crisis y transformaciones, que apuesta a reflejar y articular los grandes temas del mundo para la agenda postpandemia, como los modelos democr\u00e1ticos, la expansi\u00f3n de los movimientos sociales y el cambio clim\u00e1tico.<\/p>\n<p class=\"font_tertiary paragraph\">Tambi\u00e9n tendr\u00e1 espacios para la reflexi\u00f3n sobre la literatura, las artes visuales, el teatro y la m\u00fasica, con exposiciones de artistas locales y espect\u00e1culos: la historia, la \u00e9tica y la contracultura ser\u00e1n los grandes temas literarios del festival, que cumple 10 a\u00f1os y en 2019 decidi\u00f3 suspender su realizaci\u00f3n por el \u201cestallido social\u201d producido en el vecino pa\u00eds.<\/p>\n<p class=\"font_tertiary paragraph\">El poeta chileno-mapuche\u00a0<b>Elicura Chihuailaf<\/b>, los premios Nobel\u00a0<b>Joseph Stiglitz\u00a0<\/b>(econom\u00eda) y\u00a0<b>Michael Rosbach\u00a0<\/b>(medicina), los escritoras\u00a0<b>Siri Hustvedt, Andrea Wulf, Irvine Welsh, Salman Rushdie, Patricia Rivadeneria, Alejandra Costamagna<\/b>, la argentina\u00a0<b>Mariana Enriquez<\/b>, entre otros, ser\u00e1n los expositores nacionales e internacionales convocados.<\/p>\n<p class=\"font_tertiary paragraph\">El escritor italiano\u00a0<b>Antonio Scurati<\/b>, Premio Strega 2019 por su biograf\u00eda novelada de\u00a0<b>Mussolini<\/b>,\u00a0<i><b>M. El hijo del siglo<\/b><\/i>, abordar\u00e1 \u201clos lenguajes del miedo y del luto en los medios de comunicaci\u00f3n y la literatura\u201d y el lenguaje del odio; y el ingl\u00e9s\u00a0<b>Gabriele Finaldi<\/b>, director de la National Gallery de Londres hablar\u00e1 sobre los grandes museos en tiempos de pandemia.<\/p>\n<p class=\"font_tertiary paragraph\">Tambi\u00e9n habr\u00e1 un espacio donde conversar\u00e1n sobre el contexto de los procesos pol\u00edticos y sociales chilenos. Se puede acceder al festival y su programaci\u00f3n en\u00a0<a href=\"http:\/\/puertodeideas.cl\/\" target=\"_blank\" rel=\"noopener noreferrer\">puertodeideas.cl<\/a><\/p>\n<p>&nbsp;<\/p>\n","protected":false},"excerpt":{"rendered":"<p>Escritores como\u00a0Mariana Enriquez, Irwing Welsh, Siri Hustvedt, Salman Rushdie\u00a0y el premio Nobel de Econom\u00eda\u00a0Joseph Stiglitz, entre otros 80 invitados, participar\u00e1n de Puerto de ideas de Valpara\u00edso (Chile), que entre el 4 y el 9 de noviembre celebrar\u00e1 diez a\u00f1os con un festival digital y gratuito \u201cpara pensar el ma\u00f1ana despu\u00e9s\u201d. Desde Chile se realizar\u00e1 online [&hellip;]<\/p>\n","protected":false},"author":3,"featured_media":8561,"comment_status":"closed","ping_status":"closed","sticky":false,"template":"","format":"standard","meta":{"_acf_changed":false,"footnotes":""},"categories":[8],"tags":[],"class_list":["post-8560","post","type-post","status-publish","format-standard","has-post-thumbnail","hentry","category-noticia"],"acf":[],"yoast_head":"<!-- This site is optimized with the Yoast SEO plugin v27.1.1 - https:\/\/yoast.com\/product\/yoast-seo-wordpress\/ -->\n<title>Desde el 4 al 9 de noviembre disfruta de Puerto de Ideas en l\u00ednea - Valpara\u00ed\u00adso Creativo<\/title>\n<meta name=\"robots\" content=\"index, follow, max-snippet:-1, max-image-preview:large, max-video-preview:-1\" \/>\n<link rel=\"canonical\" href=\"https:\/\/dev.antudigital.cl\/sites\/vc\/desde-el-4-al-9-de-noviembre-disfruta-de-puerto-de-ideas-en-linea\/\" \/>\n<meta property=\"og:locale\" content=\"es_ES\" \/>\n<meta property=\"og:type\" content=\"article\" \/>\n<meta property=\"og:title\" content=\"Desde el 4 al 9 de noviembre disfruta de Puerto de Ideas en l\u00ednea - Valpara\u00ed\u00adso Creativo\" \/>\n<meta property=\"og:description\" content=\"Escritores como\u00a0Mariana Enriquez, Irwing Welsh, Siri Hustvedt, Salman Rushdie\u00a0y el premio Nobel de Econom\u00eda\u00a0Joseph Stiglitz, entre otros 80 invitados, participar\u00e1n de Puerto de ideas de Valpara\u00edso (Chile), que entre el 4 y el 9 de noviembre celebrar\u00e1 diez a\u00f1os con un festival digital y gratuito \u201cpara pensar el ma\u00f1ana despu\u00e9s\u201d. Desde Chile se realizar\u00e1 online [&hellip;]\" \/>\n<meta property=\"og:url\" content=\"https:\/\/dev.antudigital.cl\/sites\/vc\/desde-el-4-al-9-de-noviembre-disfruta-de-puerto-de-ideas-en-linea\/\" \/>\n<meta property=\"og:site_name\" content=\"Valpara\u00ed\u00adso Creativo\" \/>\n<meta property=\"article:published_time\" content=\"2020-10-30T20:05:06+00:00\" \/>\n<meta property=\"og:image\" content=\"https:\/\/dev.antudigital.cl\/sites\/vc\/wp-content\/uploads\/2020\/10\/Pto-de-Ideas.png\" \/>\n\t<meta property=\"og:image:width\" content=\"1330\" \/>\n\t<meta property=\"og:image:height\" content=\"449\" \/>\n\t<meta property=\"og:image:type\" content=\"image\/png\" \/>\n<meta name=\"author\" content=\"Valparaiso Creativo\" \/>\n<meta name=\"twitter:card\" content=\"summary_large_image\" \/>\n<meta name=\"twitter:label1\" content=\"Escrito por\" \/>\n\t<meta name=\"twitter:data1\" content=\"Valparaiso Creativo\" \/>\n\t<meta name=\"twitter:label2\" content=\"Tiempo de lectura\" \/>\n\t<meta name=\"twitter:data2\" content=\"2 minutos\" \/>\n<script type=\"application\/ld+json\" class=\"yoast-schema-graph\">{\"@context\":\"https:\/\/schema.org\",\"@graph\":[{\"@type\":\"Article\",\"@id\":\"https:\/\/dev.antudigital.cl\/sites\/vc\/desde-el-4-al-9-de-noviembre-disfruta-de-puerto-de-ideas-en-linea\/#article\",\"isPartOf\":{\"@id\":\"https:\/\/dev.antudigital.cl\/sites\/vc\/desde-el-4-al-9-de-noviembre-disfruta-de-puerto-de-ideas-en-linea\/\"},\"author\":{\"name\":\"Valparaiso Creativo\",\"@id\":\"https:\/\/dev.antudigital.cl\/sites\/vc\/#\/schema\/person\/81d1dcd51abd542b5dfc00f5f951a0f1\"},\"headline\":\"Desde el 4 al 9 de noviembre disfruta de Puerto de Ideas en l\u00ednea\",\"datePublished\":\"2020-10-30T20:05:06+00:00\",\"mainEntityOfPage\":{\"@id\":\"https:\/\/dev.antudigital.cl\/sites\/vc\/desde-el-4-al-9-de-noviembre-disfruta-de-puerto-de-ideas-en-linea\/\"},\"wordCount\":335,\"image\":{\"@id\":\"https:\/\/dev.antudigital.cl\/sites\/vc\/desde-el-4-al-9-de-noviembre-disfruta-de-puerto-de-ideas-en-linea\/#primaryimage\"},\"thumbnailUrl\":\"https:\/\/dev.antudigital.cl\/sites\/vc\/wp-content\/uploads\/2020\/10\/Pto-de-Ideas.png\",\"articleSection\":[\"Noticia\"],\"inLanguage\":\"es\"},{\"@type\":\"WebPage\",\"@id\":\"https:\/\/dev.antudigital.cl\/sites\/vc\/desde-el-4-al-9-de-noviembre-disfruta-de-puerto-de-ideas-en-linea\/\",\"url\":\"https:\/\/dev.antudigital.cl\/sites\/vc\/desde-el-4-al-9-de-noviembre-disfruta-de-puerto-de-ideas-en-linea\/\",\"name\":\"Desde el 4 al 9 de noviembre disfruta de Puerto de Ideas en l\u00ednea - Valpara\u00ed\u00adso Creativo\",\"isPartOf\":{\"@id\":\"https:\/\/dev.antudigital.cl\/sites\/vc\/#website\"},\"primaryImageOfPage\":{\"@id\":\"https:\/\/dev.antudigital.cl\/sites\/vc\/desde-el-4-al-9-de-noviembre-disfruta-de-puerto-de-ideas-en-linea\/#primaryimage\"},\"image\":{\"@id\":\"https:\/\/dev.antudigital.cl\/sites\/vc\/desde-el-4-al-9-de-noviembre-disfruta-de-puerto-de-ideas-en-linea\/#primaryimage\"},\"thumbnailUrl\":\"https:\/\/dev.antudigital.cl\/sites\/vc\/wp-content\/uploads\/2020\/10\/Pto-de-Ideas.png\",\"datePublished\":\"2020-10-30T20:05:06+00:00\",\"author\":{\"@id\":\"https:\/\/dev.antudigital.cl\/sites\/vc\/#\/schema\/person\/81d1dcd51abd542b5dfc00f5f951a0f1\"},\"breadcrumb\":{\"@id\":\"https:\/\/dev.antudigital.cl\/sites\/vc\/desde-el-4-al-9-de-noviembre-disfruta-de-puerto-de-ideas-en-linea\/#breadcrumb\"},\"inLanguage\":\"es\",\"potentialAction\":[{\"@type\":\"ReadAction\",\"target\":[\"https:\/\/dev.antudigital.cl\/sites\/vc\/desde-el-4-al-9-de-noviembre-disfruta-de-puerto-de-ideas-en-linea\/\"]}]},{\"@type\":\"ImageObject\",\"inLanguage\":\"es\",\"@id\":\"https:\/\/dev.antudigital.cl\/sites\/vc\/desde-el-4-al-9-de-noviembre-disfruta-de-puerto-de-ideas-en-linea\/#primaryimage\",\"url\":\"https:\/\/dev.antudigital.cl\/sites\/vc\/wp-content\/uploads\/2020\/10\/Pto-de-Ideas.png\",\"contentUrl\":\"https:\/\/dev.antudigital.cl\/sites\/vc\/wp-content\/uploads\/2020\/10\/Pto-de-Ideas.png\",\"width\":1330,\"height\":449},{\"@type\":\"BreadcrumbList\",\"@id\":\"https:\/\/dev.antudigital.cl\/sites\/vc\/desde-el-4-al-9-de-noviembre-disfruta-de-puerto-de-ideas-en-linea\/#breadcrumb\",\"itemListElement\":[{\"@type\":\"ListItem\",\"position\":1,\"name\":\"Home\",\"item\":\"https:\/\/dev.antudigital.cl\/sites\/vc\/\"},{\"@type\":\"ListItem\",\"position\":2,\"name\":\"Desde el 4 al 9 de noviembre disfruta de Puerto de Ideas en l\u00ednea\"}]},{\"@type\":\"WebSite\",\"@id\":\"https:\/\/dev.antudigital.cl\/sites\/vc\/#website\",\"url\":\"https:\/\/dev.antudigital.cl\/sites\/vc\/\",\"name\":\"Valpara\u00ed\u00adso Creativo\",\"description\":\"\",\"potentialAction\":[{\"@type\":\"SearchAction\",\"target\":{\"@type\":\"EntryPoint\",\"urlTemplate\":\"https:\/\/dev.antudigital.cl\/sites\/vc\/?s={search_term_string}\"},\"query-input\":{\"@type\":\"PropertyValueSpecification\",\"valueRequired\":true,\"valueName\":\"search_term_string\"}}],\"inLanguage\":\"es\"},{\"@type\":\"Person\",\"@id\":\"https:\/\/dev.antudigital.cl\/sites\/vc\/#\/schema\/person\/81d1dcd51abd542b5dfc00f5f951a0f1\",\"name\":\"Valparaiso Creativo\",\"url\":\"https:\/\/dev.antudigital.cl\/sites\/vc\/author\/valparaiso-creativo\/\"}]}<\/script>\n<!-- \/ Yoast SEO plugin. -->","yoast_head_json":{"title":"Desde el 4 al 9 de noviembre disfruta de Puerto de Ideas en l\u00ednea - Valpara\u00ed\u00adso Creativo","robots":{"index":"index","follow":"follow","max-snippet":"max-snippet:-1","max-image-preview":"max-image-preview:large","max-video-preview":"max-video-preview:-1"},"canonical":"https:\/\/dev.antudigital.cl\/sites\/vc\/desde-el-4-al-9-de-noviembre-disfruta-de-puerto-de-ideas-en-linea\/","og_locale":"es_ES","og_type":"article","og_title":"Desde el 4 al 9 de noviembre disfruta de Puerto de Ideas en l\u00ednea - Valpara\u00ed\u00adso Creativo","og_description":"Escritores como\u00a0Mariana Enriquez, Irwing Welsh, Siri Hustvedt, Salman Rushdie\u00a0y el premio Nobel de Econom\u00eda\u00a0Joseph Stiglitz, entre otros 80 invitados, participar\u00e1n de Puerto de ideas de Valpara\u00edso (Chile), que entre el 4 y el 9 de noviembre celebrar\u00e1 diez a\u00f1os con un festival digital y gratuito \u201cpara pensar el ma\u00f1ana despu\u00e9s\u201d. Desde Chile se realizar\u00e1 online [&hellip;]","og_url":"https:\/\/dev.antudigital.cl\/sites\/vc\/desde-el-4-al-9-de-noviembre-disfruta-de-puerto-de-ideas-en-linea\/","og_site_name":"Valpara\u00ed\u00adso Creativo","article_published_time":"2020-10-30T20:05:06+00:00","og_image":[{"width":1330,"height":449,"url":"https:\/\/dev.antudigital.cl\/sites\/vc\/wp-content\/uploads\/2020\/10\/Pto-de-Ideas.png","type":"image\/png"}],"author":"Valparaiso Creativo","twitter_card":"summary_large_image","twitter_misc":{"Escrito por":"Valparaiso Creativo","Tiempo de lectura":"2 minutos"},"schema":{"@context":"https:\/\/schema.org","@graph":[{"@type":"Article","@id":"https:\/\/dev.antudigital.cl\/sites\/vc\/desde-el-4-al-9-de-noviembre-disfruta-de-puerto-de-ideas-en-linea\/#article","isPartOf":{"@id":"https:\/\/dev.antudigital.cl\/sites\/vc\/desde-el-4-al-9-de-noviembre-disfruta-de-puerto-de-ideas-en-linea\/"},"author":{"name":"Valparaiso Creativo","@id":"https:\/\/dev.antudigital.cl\/sites\/vc\/#\/schema\/person\/81d1dcd51abd542b5dfc00f5f951a0f1"},"headline":"Desde el 4 al 9 de noviembre disfruta de Puerto de Ideas en l\u00ednea","datePublished":"2020-10-30T20:05:06+00:00","mainEntityOfPage":{"@id":"https:\/\/dev.antudigital.cl\/sites\/vc\/desde-el-4-al-9-de-noviembre-disfruta-de-puerto-de-ideas-en-linea\/"},"wordCount":335,"image":{"@id":"https:\/\/dev.antudigital.cl\/sites\/vc\/desde-el-4-al-9-de-noviembre-disfruta-de-puerto-de-ideas-en-linea\/#primaryimage"},"thumbnailUrl":"https:\/\/dev.antudigital.cl\/sites\/vc\/wp-content\/uploads\/2020\/10\/Pto-de-Ideas.png","articleSection":["Noticia"],"inLanguage":"es"},{"@type":"WebPage","@id":"https:\/\/dev.antudigital.cl\/sites\/vc\/desde-el-4-al-9-de-noviembre-disfruta-de-puerto-de-ideas-en-linea\/","url":"https:\/\/dev.antudigital.cl\/sites\/vc\/desde-el-4-al-9-de-noviembre-disfruta-de-puerto-de-ideas-en-linea\/","name":"Desde el 4 al 9 de noviembre disfruta de Puerto de Ideas en l\u00ednea - Valpara\u00ed\u00adso Creativo","isPartOf":{"@id":"https:\/\/dev.antudigital.cl\/sites\/vc\/#website"},"primaryImageOfPage":{"@id":"https:\/\/dev.antudigital.cl\/sites\/vc\/desde-el-4-al-9-de-noviembre-disfruta-de-puerto-de-ideas-en-linea\/#primaryimage"},"image":{"@id":"https:\/\/dev.antudigital.cl\/sites\/vc\/desde-el-4-al-9-de-noviembre-disfruta-de-puerto-de-ideas-en-linea\/#primaryimage"},"thumbnailUrl":"https:\/\/dev.antudigital.cl\/sites\/vc\/wp-content\/uploads\/2020\/10\/Pto-de-Ideas.png","datePublished":"2020-10-30T20:05:06+00:00","author":{"@id":"https:\/\/dev.antudigital.cl\/sites\/vc\/#\/schema\/person\/81d1dcd51abd542b5dfc00f5f951a0f1"},"breadcrumb":{"@id":"https:\/\/dev.antudigital.cl\/sites\/vc\/desde-el-4-al-9-de-noviembre-disfruta-de-puerto-de-ideas-en-linea\/#breadcrumb"},"inLanguage":"es","potentialAction":[{"@type":"ReadAction","target":["https:\/\/dev.antudigital.cl\/sites\/vc\/desde-el-4-al-9-de-noviembre-disfruta-de-puerto-de-ideas-en-linea\/"]}]},{"@type":"ImageObject","inLanguage":"es","@id":"https:\/\/dev.antudigital.cl\/sites\/vc\/desde-el-4-al-9-de-noviembre-disfruta-de-puerto-de-ideas-en-linea\/#primaryimage","url":"https:\/\/dev.antudigital.cl\/sites\/vc\/wp-content\/uploads\/2020\/10\/Pto-de-Ideas.png","contentUrl":"https:\/\/dev.antudigital.cl\/sites\/vc\/wp-content\/uploads\/2020\/10\/Pto-de-Ideas.png","width":1330,"height":449},{"@type":"BreadcrumbList","@id":"https:\/\/dev.antudigital.cl\/sites\/vc\/desde-el-4-al-9-de-noviembre-disfruta-de-puerto-de-ideas-en-linea\/#breadcrumb","itemListElement":[{"@type":"ListItem","position":1,"name":"Home","item":"https:\/\/dev.antudigital.cl\/sites\/vc\/"},{"@type":"ListItem","position":2,"name":"Desde el 4 al 9 de noviembre disfruta de Puerto de Ideas en l\u00ednea"}]},{"@type":"WebSite","@id":"https:\/\/dev.antudigital.cl\/sites\/vc\/#website","url":"https:\/\/dev.antudigital.cl\/sites\/vc\/","name":"Valpara\u00ed\u00adso Creativo","description":"","potentialAction":[{"@type":"SearchAction","target":{"@type":"EntryPoint","urlTemplate":"https:\/\/dev.antudigital.cl\/sites\/vc\/?s={search_term_string}"},"query-input":{"@type":"PropertyValueSpecification","valueRequired":true,"valueName":"search_term_string"}}],"inLanguage":"es"},{"@type":"Person","@id":"https:\/\/dev.antudigital.cl\/sites\/vc\/#\/schema\/person\/81d1dcd51abd542b5dfc00f5f951a0f1","name":"Valparaiso Creativo","url":"https:\/\/dev.antudigital.cl\/sites\/vc\/author\/valparaiso-creativo\/"}]}},"_links":{"self":[{"href":"https:\/\/dev.antudigital.cl\/sites\/vc\/wp-json\/wp\/v2\/posts\/8560","targetHints":{"allow":["GET"]}}],"collection":[{"href":"https:\/\/dev.antudigital.cl\/sites\/vc\/wp-json\/wp\/v2\/posts"}],"about":[{"href":"https:\/\/dev.antudigital.cl\/sites\/vc\/wp-json\/wp\/v2\/types\/post"}],"author":[{"embeddable":true,"href":"https:\/\/dev.antudigital.cl\/sites\/vc\/wp-json\/wp\/v2\/users\/3"}],"replies":[{"embeddable":true,"href":"https:\/\/dev.antudigital.cl\/sites\/vc\/wp-json\/wp\/v2\/comments?post=8560"}],"version-history":[{"count":0,"href":"https:\/\/dev.antudigital.cl\/sites\/vc\/wp-json\/wp\/v2\/posts\/8560\/revisions"}],"wp:featuredmedia":[{"embeddable":true,"href":"https:\/\/dev.antudigital.cl\/sites\/vc\/wp-json\/wp\/v2\/media\/8561"}],"wp:attachment":[{"href":"https:\/\/dev.antudigital.cl\/sites\/vc\/wp-json\/wp\/v2\/media?parent=8560"}],"wp:term":[{"taxonomy":"category","embeddable":true,"href":"https:\/\/dev.antudigital.cl\/sites\/vc\/wp-json\/wp\/v2\/categories?post=8560"},{"taxonomy":"post_tag","embeddable":true,"href":"https:\/\/dev.antudigital.cl\/sites\/vc\/wp-json\/wp\/v2\/tags?post=8560"}],"curies":[{"name":"wp","href":"https:\/\/api.w.org\/{rel}","templated":true}]}}