{"id":8568,"date":"2020-10-26T18:40:15","date_gmt":"2020-10-26T18:40:15","guid":{"rendered":"https:\/\/www.valparaisocreativo.cl\/?p=5370"},"modified":"2020-10-26T18:40:15","modified_gmt":"2020-10-26T18:40:15","slug":"comienza-una-nueva-edicion-de-ficvina-y-te-contamos-los-detalles","status":"publish","type":"post","link":"https:\/\/dev.antudigital.cl\/sites\/vc\/comienza-una-nueva-edicion-de-ficvina-y-te-contamos-los-detalles\/","title":{"rendered":"Comienza una nueva edici\u00f3n de FICVI\u00d1A y te contamos los detalles"},"content":{"rendered":"<p>La versi\u00f3n n\u00famero 32 del FICVI\u00d1A se acerca por primera vez para todo el territorio gracias a las plataformas digitales.<\/p>\n<p>El calendario de festivales y encuentros se acerca. Muchas instancias han debido cambiar por completo su agenda a una v\u00eda streaming. <strong>Tal como lo ha estado haciendo el Festival Internacional de Cine de Vi\u00f1a del Mar.\u00a0<\/strong><\/p>\n<p>Esta versi\u00f3n ofrecer\u00e1 m\u00faltiples visiones de latinoam\u00e9rica que<strong>\u00a0\u201cllegar\u00e1n a nuestros p\u00fablicos, con pel\u00edculas en competencia y muestras, as\u00ed como la posibilidad de encontrarnos con nuestros invitados e invitadas a trav\u00e9s de cine foros, master class y di\u00e1logos de cine. No olvidemos que lo que hace ser un festival, es su car\u00e1cter de visionado colectivo, el cual este a\u00f1o lo haremos desde nuestros hogares, disfrutando del mejor cine latinoamericano\u201d.<\/strong><\/p>\n<p><img fetchpriority=\"high\" decoding=\"async\" class=\"alignleft size-medium wp-image-5383\" src=\"https:\/\/www.valparaisocreativo.cl\/wp-content\/uploads\/2020\/10\/Captura-de-Pantalla-2020-10-26-a-las-19.18.51-300x300.png\" alt=\"\" width=\"300\" height=\"300\" \/><\/p>\n<p>Desde el 2 al 6 de noviembre ser\u00e1 la pr\u00f3xima versi\u00f3n del certamen, por lo que sus invitaciones v\u00eda streaming de los viernes, permiten la difusi\u00f3n y visibilizaci\u00f3n de proyectos y creadores audiovisuales, donde se ha conversado con importantes como Kira Russo,\u00a0 Inti Briones, entre otros. El reciente s\u00e1bado tambi\u00e9n generaron un \u00abDi\u00e1logo con cineastas\u00bb, donde se pueden compartir diferentes experiencias y perspectivas sobre la industria audiovisual.<\/p>\n<p>Este a\u00f1o el pa\u00eds invitado, del cual se generar\u00e1 una selecci\u00f3n especial de piezas, es <strong>Uruguay.<\/strong><\/p>\n<h3>Para conocer m\u00e1s detalles, sigue\u00a0<a href=\"https:\/\/www.instagram.com\/ficvina\/\">sus redes sociales<\/a>, donde anuncian las actividades de cada semana. Puedes encontrar m\u00e1s informaci\u00f3n en su p\u00e1gina web.<\/h3>\n<div class=\"kvgmc6g5 cxmmr5t8 oygrvhab hcukyx3x c1et5uql ii04i59q\">\n<div dir=\"auto\"><strong>Estas son las obras que compiten en la categor\u00eda de Obra Regional\u00a0<\/strong><\/div>\n<\/div>\n<div class=\"o9v6fnle cxmmr5t8 oygrvhab hcukyx3x c1et5uql ii04i59q\">\n<div dir=\"auto\"><span class=\"pq6dq46d tbxw36s4 knj5qynh kvgmc6g5 ditlmg2l oygrvhab nvdbi5me sf5mxxl7 gl3lb2sf hhz5lgdu\"><img decoding=\"async\" src=\"https:\/\/static.xx.fbcdn.net\/images\/emoji.php\/v9\/t4c\/1\/16\/25aa.png\" alt=\"\u25aa\ufe0f\" width=\"16\" height=\"16\" \/><\/span> Mi \u00faltimo Kajef dir. Mat\u00edas Bravo y Carlos Reyes<\/div>\n<\/div>\n<div class=\"o9v6fnle cxmmr5t8 oygrvhab hcukyx3x c1et5uql ii04i59q\">\n<div dir=\"auto\"><span class=\"pq6dq46d tbxw36s4 knj5qynh kvgmc6g5 ditlmg2l oygrvhab nvdbi5me sf5mxxl7 gl3lb2sf hhz5lgdu\"><img decoding=\"async\" src=\"https:\/\/static.xx.fbcdn.net\/images\/emoji.php\/v9\/t4c\/1\/16\/25aa.png\" alt=\"\u25aa\ufe0f\" width=\"16\" height=\"16\" \/><\/span> Ciruelas y humo verde dir. Amanda Mora Klein<\/div>\n<\/div>\n<div class=\"o9v6fnle cxmmr5t8 oygrvhab hcukyx3x c1et5uql ii04i59q\">\n<div dir=\"auto\"><span class=\"pq6dq46d tbxw36s4 knj5qynh kvgmc6g5 ditlmg2l oygrvhab nvdbi5me sf5mxxl7 gl3lb2sf hhz5lgdu\"><img decoding=\"async\" src=\"https:\/\/static.xx.fbcdn.net\/images\/emoji.php\/v9\/t4c\/1\/16\/25aa.png\" alt=\"\u25aa\ufe0f\" width=\"16\" height=\"16\" \/><\/span> Somos Caleta dir. Iv\u00e1n Stevens<\/div>\n<\/div>\n<div class=\"o9v6fnle cxmmr5t8 oygrvhab hcukyx3x c1et5uql ii04i59q\">\n<div dir=\"auto\"><span class=\"pq6dq46d tbxw36s4 knj5qynh kvgmc6g5 ditlmg2l oygrvhab nvdbi5me sf5mxxl7 gl3lb2sf hhz5lgdu\"><img decoding=\"async\" src=\"https:\/\/static.xx.fbcdn.net\/images\/emoji.php\/v9\/t4c\/1\/16\/25aa.png\" alt=\"\u25aa\ufe0f\" width=\"16\" height=\"16\" \/><\/span> Los Halcones dir. Felipe Novoa<\/div>\n<\/div>\n<div class=\"o9v6fnle cxmmr5t8 oygrvhab hcukyx3x c1et5uql ii04i59q\">\n<div dir=\"auto\"><span class=\"pq6dq46d tbxw36s4 knj5qynh kvgmc6g5 ditlmg2l oygrvhab nvdbi5me sf5mxxl7 gl3lb2sf hhz5lgdu\"><img decoding=\"async\" src=\"https:\/\/static.xx.fbcdn.net\/images\/emoji.php\/v9\/t4c\/1\/16\/25aa.png\" alt=\"\u25aa\ufe0f\" width=\"16\" height=\"16\" \/><\/span> El Mensaje dir. Germ\u00e1n Natanael Marchant<\/div>\n<\/div>\n<div class=\"o9v6fnle cxmmr5t8 oygrvhab hcukyx3x c1et5uql ii04i59q\">\n<div dir=\"auto\"><span class=\"pq6dq46d tbxw36s4 knj5qynh kvgmc6g5 ditlmg2l oygrvhab nvdbi5me sf5mxxl7 gl3lb2sf hhz5lgdu\"><img decoding=\"async\" src=\"https:\/\/static.xx.fbcdn.net\/images\/emoji.php\/v9\/t4c\/1\/16\/25aa.png\" alt=\"\u25aa\ufe0f\" width=\"16\" height=\"16\" \/><\/span> La Pensionada Mercante dir. Adriana Araya<\/div>\n<\/div>\n<div class=\"o9v6fnle cxmmr5t8 oygrvhab hcukyx3x c1et5uql ii04i59q\">\n<div dir=\"auto\"><span class=\"pq6dq46d tbxw36s4 knj5qynh kvgmc6g5 ditlmg2l oygrvhab nvdbi5me sf5mxxl7 gl3lb2sf hhz5lgdu\"><img decoding=\"async\" src=\"https:\/\/static.xx.fbcdn.net\/images\/emoji.php\/v9\/t4c\/1\/16\/25aa.png\" alt=\"\u25aa\ufe0f\" width=\"16\" height=\"16\" \/><\/span> Eva Mamani: sembrando palabras olvidadas dir. Camila Pizarro<\/div>\n<\/div>\n<div class=\"o9v6fnle cxmmr5t8 oygrvhab hcukyx3x c1et5uql ii04i59q\">\n<div dir=\"auto\"><span class=\"pq6dq46d tbxw36s4 knj5qynh kvgmc6g5 ditlmg2l oygrvhab nvdbi5me sf5mxxl7 gl3lb2sf hhz5lgdu\"><img decoding=\"async\" src=\"https:\/\/static.xx.fbcdn.net\/images\/emoji.php\/v9\/t4c\/1\/16\/25aa.png\" alt=\"\u25aa\ufe0f\" width=\"16\" height=\"16\" \/><\/span> Vestigios dir. Constanza Contreras<\/div>\n<\/div>\n<div class=\"o9v6fnle cxmmr5t8 oygrvhab hcukyx3x c1et5uql ii04i59q\">\n<div dir=\"auto\"><span class=\"pq6dq46d tbxw36s4 knj5qynh kvgmc6g5 ditlmg2l oygrvhab nvdbi5me sf5mxxl7 gl3lb2sf hhz5lgdu\"><img decoding=\"async\" src=\"https:\/\/static.xx.fbcdn.net\/images\/emoji.php\/v9\/t4c\/1\/16\/25aa.png\" alt=\"\u25aa\ufe0f\" width=\"16\" height=\"16\" \/><\/span> Chile A\u00f1o 0 dir. Gonzalo D\u00edaz<\/div>\n<\/div>\n","protected":false},"excerpt":{"rendered":"<p>La versi\u00f3n n\u00famero 32 del FICVI\u00d1A se acerca por primera vez para todo el territorio gracias a las plataformas digitales. El calendario de festivales y encuentros se acerca. Muchas instancias han debido cambiar por completo su agenda a una v\u00eda streaming. Tal como lo ha estado haciendo el Festival Internacional de Cine de Vi\u00f1a del [&hellip;]<\/p>\n","protected":false},"author":3,"featured_media":8570,"comment_status":"closed","ping_status":"closed","sticky":false,"template":"","format":"standard","meta":{"_acf_changed":false,"footnotes":""},"categories":[8],"tags":[],"class_list":["post-8568","post","type-post","status-publish","format-standard","has-post-thumbnail","hentry","category-noticia"],"acf":[],"yoast_head":"<!-- This site is optimized with the Yoast SEO plugin v27.1.1 - https:\/\/yoast.com\/product\/yoast-seo-wordpress\/ -->\n<title>Comienza una nueva edici\u00f3n de FICVI\u00d1A y te contamos los detalles - Valpara\u00ed\u00adso Creativo<\/title>\n<meta name=\"robots\" content=\"index, follow, max-snippet:-1, max-image-preview:large, max-video-preview:-1\" \/>\n<link rel=\"canonical\" href=\"https:\/\/dev.antudigital.cl\/sites\/vc\/comienza-una-nueva-edicion-de-ficvina-y-te-contamos-los-detalles\/\" \/>\n<meta property=\"og:locale\" content=\"es_ES\" \/>\n<meta property=\"og:type\" content=\"article\" \/>\n<meta property=\"og:title\" content=\"Comienza una nueva edici\u00f3n de FICVI\u00d1A y te contamos los detalles - Valpara\u00ed\u00adso Creativo\" \/>\n<meta property=\"og:description\" content=\"La versi\u00f3n n\u00famero 32 del FICVI\u00d1A se acerca por primera vez para todo el territorio gracias a las plataformas digitales. El calendario de festivales y encuentros se acerca. Muchas instancias han debido cambiar por completo su agenda a una v\u00eda streaming. Tal como lo ha estado haciendo el Festival Internacional de Cine de Vi\u00f1a del [&hellip;]\" \/>\n<meta property=\"og:url\" content=\"https:\/\/dev.antudigital.cl\/sites\/vc\/comienza-una-nueva-edicion-de-ficvina-y-te-contamos-los-detalles\/\" \/>\n<meta property=\"og:site_name\" content=\"Valpara\u00ed\u00adso Creativo\" \/>\n<meta property=\"article:published_time\" content=\"2020-10-26T18:40:15+00:00\" \/>\n<meta property=\"og:image\" content=\"https:\/\/dev.antudigital.cl\/sites\/vc\/wp-content\/uploads\/2020\/10\/FIFVVV.png\" \/>\n\t<meta property=\"og:image:width\" content=\"950\" \/>\n\t<meta property=\"og:image:height\" content=\"316\" \/>\n\t<meta property=\"og:image:type\" content=\"image\/png\" \/>\n<meta name=\"author\" content=\"Valparaiso Creativo\" \/>\n<meta name=\"twitter:card\" content=\"summary_large_image\" \/>\n<meta name=\"twitter:label1\" content=\"Escrito por\" \/>\n\t<meta name=\"twitter:data1\" content=\"Valparaiso Creativo\" \/>\n\t<meta name=\"twitter:label2\" content=\"Tiempo de lectura\" \/>\n\t<meta name=\"twitter:data2\" content=\"2 minutos\" \/>\n<script type=\"application\/ld+json\" class=\"yoast-schema-graph\">{\"@context\":\"https:\/\/schema.org\",\"@graph\":[{\"@type\":\"Article\",\"@id\":\"https:\/\/dev.antudigital.cl\/sites\/vc\/comienza-una-nueva-edicion-de-ficvina-y-te-contamos-los-detalles\/#article\",\"isPartOf\":{\"@id\":\"https:\/\/dev.antudigital.cl\/sites\/vc\/comienza-una-nueva-edicion-de-ficvina-y-te-contamos-los-detalles\/\"},\"author\":{\"name\":\"Valparaiso Creativo\",\"@id\":\"https:\/\/dev.antudigital.cl\/sites\/vc\/#\/schema\/person\/81d1dcd51abd542b5dfc00f5f951a0f1\"},\"headline\":\"Comienza una nueva edici\u00f3n de FICVI\u00d1A y te contamos los detalles\",\"datePublished\":\"2020-10-26T18:40:15+00:00\",\"mainEntityOfPage\":{\"@id\":\"https:\/\/dev.antudigital.cl\/sites\/vc\/comienza-una-nueva-edicion-de-ficvina-y-te-contamos-los-detalles\/\"},\"wordCount\":345,\"image\":{\"@id\":\"https:\/\/dev.antudigital.cl\/sites\/vc\/comienza-una-nueva-edicion-de-ficvina-y-te-contamos-los-detalles\/#primaryimage\"},\"thumbnailUrl\":\"https:\/\/dev.antudigital.cl\/sites\/vc\/wp-content\/uploads\/2020\/10\/FIFVVV.png\",\"articleSection\":[\"Noticia\"],\"inLanguage\":\"es\"},{\"@type\":\"WebPage\",\"@id\":\"https:\/\/dev.antudigital.cl\/sites\/vc\/comienza-una-nueva-edicion-de-ficvina-y-te-contamos-los-detalles\/\",\"url\":\"https:\/\/dev.antudigital.cl\/sites\/vc\/comienza-una-nueva-edicion-de-ficvina-y-te-contamos-los-detalles\/\",\"name\":\"Comienza una nueva edici\u00f3n de FICVI\u00d1A y te contamos los detalles - Valpara\u00ed\u00adso Creativo\",\"isPartOf\":{\"@id\":\"https:\/\/dev.antudigital.cl\/sites\/vc\/#website\"},\"primaryImageOfPage\":{\"@id\":\"https:\/\/dev.antudigital.cl\/sites\/vc\/comienza-una-nueva-edicion-de-ficvina-y-te-contamos-los-detalles\/#primaryimage\"},\"image\":{\"@id\":\"https:\/\/dev.antudigital.cl\/sites\/vc\/comienza-una-nueva-edicion-de-ficvina-y-te-contamos-los-detalles\/#primaryimage\"},\"thumbnailUrl\":\"https:\/\/dev.antudigital.cl\/sites\/vc\/wp-content\/uploads\/2020\/10\/FIFVVV.png\",\"datePublished\":\"2020-10-26T18:40:15+00:00\",\"author\":{\"@id\":\"https:\/\/dev.antudigital.cl\/sites\/vc\/#\/schema\/person\/81d1dcd51abd542b5dfc00f5f951a0f1\"},\"breadcrumb\":{\"@id\":\"https:\/\/dev.antudigital.cl\/sites\/vc\/comienza-una-nueva-edicion-de-ficvina-y-te-contamos-los-detalles\/#breadcrumb\"},\"inLanguage\":\"es\",\"potentialAction\":[{\"@type\":\"ReadAction\",\"target\":[\"https:\/\/dev.antudigital.cl\/sites\/vc\/comienza-una-nueva-edicion-de-ficvina-y-te-contamos-los-detalles\/\"]}]},{\"@type\":\"ImageObject\",\"inLanguage\":\"es\",\"@id\":\"https:\/\/dev.antudigital.cl\/sites\/vc\/comienza-una-nueva-edicion-de-ficvina-y-te-contamos-los-detalles\/#primaryimage\",\"url\":\"https:\/\/dev.antudigital.cl\/sites\/vc\/wp-content\/uploads\/2020\/10\/FIFVVV.png\",\"contentUrl\":\"https:\/\/dev.antudigital.cl\/sites\/vc\/wp-content\/uploads\/2020\/10\/FIFVVV.png\",\"width\":950,\"height\":316},{\"@type\":\"BreadcrumbList\",\"@id\":\"https:\/\/dev.antudigital.cl\/sites\/vc\/comienza-una-nueva-edicion-de-ficvina-y-te-contamos-los-detalles\/#breadcrumb\",\"itemListElement\":[{\"@type\":\"ListItem\",\"position\":1,\"name\":\"Home\",\"item\":\"https:\/\/dev.antudigital.cl\/sites\/vc\/\"},{\"@type\":\"ListItem\",\"position\":2,\"name\":\"Comienza una nueva edici\u00f3n de FICVI\u00d1A y te contamos los detalles\"}]},{\"@type\":\"WebSite\",\"@id\":\"https:\/\/dev.antudigital.cl\/sites\/vc\/#website\",\"url\":\"https:\/\/dev.antudigital.cl\/sites\/vc\/\",\"name\":\"Valpara\u00ed\u00adso Creativo\",\"description\":\"\",\"potentialAction\":[{\"@type\":\"SearchAction\",\"target\":{\"@type\":\"EntryPoint\",\"urlTemplate\":\"https:\/\/dev.antudigital.cl\/sites\/vc\/?s={search_term_string}\"},\"query-input\":{\"@type\":\"PropertyValueSpecification\",\"valueRequired\":true,\"valueName\":\"search_term_string\"}}],\"inLanguage\":\"es\"},{\"@type\":\"Person\",\"@id\":\"https:\/\/dev.antudigital.cl\/sites\/vc\/#\/schema\/person\/81d1dcd51abd542b5dfc00f5f951a0f1\",\"name\":\"Valparaiso Creativo\",\"url\":\"https:\/\/dev.antudigital.cl\/sites\/vc\/author\/valparaiso-creativo\/\"}]}<\/script>\n<!-- \/ Yoast SEO plugin. -->","yoast_head_json":{"title":"Comienza una nueva edici\u00f3n de FICVI\u00d1A y te contamos los detalles - Valpara\u00ed\u00adso Creativo","robots":{"index":"index","follow":"follow","max-snippet":"max-snippet:-1","max-image-preview":"max-image-preview:large","max-video-preview":"max-video-preview:-1"},"canonical":"https:\/\/dev.antudigital.cl\/sites\/vc\/comienza-una-nueva-edicion-de-ficvina-y-te-contamos-los-detalles\/","og_locale":"es_ES","og_type":"article","og_title":"Comienza una nueva edici\u00f3n de FICVI\u00d1A y te contamos los detalles - Valpara\u00ed\u00adso Creativo","og_description":"La versi\u00f3n n\u00famero 32 del FICVI\u00d1A se acerca por primera vez para todo el territorio gracias a las plataformas digitales. El calendario de festivales y encuentros se acerca. Muchas instancias han debido cambiar por completo su agenda a una v\u00eda streaming. Tal como lo ha estado haciendo el Festival Internacional de Cine de Vi\u00f1a del [&hellip;]","og_url":"https:\/\/dev.antudigital.cl\/sites\/vc\/comienza-una-nueva-edicion-de-ficvina-y-te-contamos-los-detalles\/","og_site_name":"Valpara\u00ed\u00adso Creativo","article_published_time":"2020-10-26T18:40:15+00:00","og_image":[{"width":950,"height":316,"url":"https:\/\/dev.antudigital.cl\/sites\/vc\/wp-content\/uploads\/2020\/10\/FIFVVV.png","type":"image\/png"}],"author":"Valparaiso Creativo","twitter_card":"summary_large_image","twitter_misc":{"Escrito por":"Valparaiso Creativo","Tiempo de lectura":"2 minutos"},"schema":{"@context":"https:\/\/schema.org","@graph":[{"@type":"Article","@id":"https:\/\/dev.antudigital.cl\/sites\/vc\/comienza-una-nueva-edicion-de-ficvina-y-te-contamos-los-detalles\/#article","isPartOf":{"@id":"https:\/\/dev.antudigital.cl\/sites\/vc\/comienza-una-nueva-edicion-de-ficvina-y-te-contamos-los-detalles\/"},"author":{"name":"Valparaiso Creativo","@id":"https:\/\/dev.antudigital.cl\/sites\/vc\/#\/schema\/person\/81d1dcd51abd542b5dfc00f5f951a0f1"},"headline":"Comienza una nueva edici\u00f3n de FICVI\u00d1A y te contamos los detalles","datePublished":"2020-10-26T18:40:15+00:00","mainEntityOfPage":{"@id":"https:\/\/dev.antudigital.cl\/sites\/vc\/comienza-una-nueva-edicion-de-ficvina-y-te-contamos-los-detalles\/"},"wordCount":345,"image":{"@id":"https:\/\/dev.antudigital.cl\/sites\/vc\/comienza-una-nueva-edicion-de-ficvina-y-te-contamos-los-detalles\/#primaryimage"},"thumbnailUrl":"https:\/\/dev.antudigital.cl\/sites\/vc\/wp-content\/uploads\/2020\/10\/FIFVVV.png","articleSection":["Noticia"],"inLanguage":"es"},{"@type":"WebPage","@id":"https:\/\/dev.antudigital.cl\/sites\/vc\/comienza-una-nueva-edicion-de-ficvina-y-te-contamos-los-detalles\/","url":"https:\/\/dev.antudigital.cl\/sites\/vc\/comienza-una-nueva-edicion-de-ficvina-y-te-contamos-los-detalles\/","name":"Comienza una nueva edici\u00f3n de FICVI\u00d1A y te contamos los detalles - Valpara\u00ed\u00adso Creativo","isPartOf":{"@id":"https:\/\/dev.antudigital.cl\/sites\/vc\/#website"},"primaryImageOfPage":{"@id":"https:\/\/dev.antudigital.cl\/sites\/vc\/comienza-una-nueva-edicion-de-ficvina-y-te-contamos-los-detalles\/#primaryimage"},"image":{"@id":"https:\/\/dev.antudigital.cl\/sites\/vc\/comienza-una-nueva-edicion-de-ficvina-y-te-contamos-los-detalles\/#primaryimage"},"thumbnailUrl":"https:\/\/dev.antudigital.cl\/sites\/vc\/wp-content\/uploads\/2020\/10\/FIFVVV.png","datePublished":"2020-10-26T18:40:15+00:00","author":{"@id":"https:\/\/dev.antudigital.cl\/sites\/vc\/#\/schema\/person\/81d1dcd51abd542b5dfc00f5f951a0f1"},"breadcrumb":{"@id":"https:\/\/dev.antudigital.cl\/sites\/vc\/comienza-una-nueva-edicion-de-ficvina-y-te-contamos-los-detalles\/#breadcrumb"},"inLanguage":"es","potentialAction":[{"@type":"ReadAction","target":["https:\/\/dev.antudigital.cl\/sites\/vc\/comienza-una-nueva-edicion-de-ficvina-y-te-contamos-los-detalles\/"]}]},{"@type":"ImageObject","inLanguage":"es","@id":"https:\/\/dev.antudigital.cl\/sites\/vc\/comienza-una-nueva-edicion-de-ficvina-y-te-contamos-los-detalles\/#primaryimage","url":"https:\/\/dev.antudigital.cl\/sites\/vc\/wp-content\/uploads\/2020\/10\/FIFVVV.png","contentUrl":"https:\/\/dev.antudigital.cl\/sites\/vc\/wp-content\/uploads\/2020\/10\/FIFVVV.png","width":950,"height":316},{"@type":"BreadcrumbList","@id":"https:\/\/dev.antudigital.cl\/sites\/vc\/comienza-una-nueva-edicion-de-ficvina-y-te-contamos-los-detalles\/#breadcrumb","itemListElement":[{"@type":"ListItem","position":1,"name":"Home","item":"https:\/\/dev.antudigital.cl\/sites\/vc\/"},{"@type":"ListItem","position":2,"name":"Comienza una nueva edici\u00f3n de FICVI\u00d1A y te contamos los detalles"}]},{"@type":"WebSite","@id":"https:\/\/dev.antudigital.cl\/sites\/vc\/#website","url":"https:\/\/dev.antudigital.cl\/sites\/vc\/","name":"Valpara\u00ed\u00adso Creativo","description":"","potentialAction":[{"@type":"SearchAction","target":{"@type":"EntryPoint","urlTemplate":"https:\/\/dev.antudigital.cl\/sites\/vc\/?s={search_term_string}"},"query-input":{"@type":"PropertyValueSpecification","valueRequired":true,"valueName":"search_term_string"}}],"inLanguage":"es"},{"@type":"Person","@id":"https:\/\/dev.antudigital.cl\/sites\/vc\/#\/schema\/person\/81d1dcd51abd542b5dfc00f5f951a0f1","name":"Valparaiso Creativo","url":"https:\/\/dev.antudigital.cl\/sites\/vc\/author\/valparaiso-creativo\/"}]}},"_links":{"self":[{"href":"https:\/\/dev.antudigital.cl\/sites\/vc\/wp-json\/wp\/v2\/posts\/8568","targetHints":{"allow":["GET"]}}],"collection":[{"href":"https:\/\/dev.antudigital.cl\/sites\/vc\/wp-json\/wp\/v2\/posts"}],"about":[{"href":"https:\/\/dev.antudigital.cl\/sites\/vc\/wp-json\/wp\/v2\/types\/post"}],"author":[{"embeddable":true,"href":"https:\/\/dev.antudigital.cl\/sites\/vc\/wp-json\/wp\/v2\/users\/3"}],"replies":[{"embeddable":true,"href":"https:\/\/dev.antudigital.cl\/sites\/vc\/wp-json\/wp\/v2\/comments?post=8568"}],"version-history":[{"count":0,"href":"https:\/\/dev.antudigital.cl\/sites\/vc\/wp-json\/wp\/v2\/posts\/8568\/revisions"}],"wp:featuredmedia":[{"embeddable":true,"href":"https:\/\/dev.antudigital.cl\/sites\/vc\/wp-json\/wp\/v2\/media\/8570"}],"wp:attachment":[{"href":"https:\/\/dev.antudigital.cl\/sites\/vc\/wp-json\/wp\/v2\/media?parent=8568"}],"wp:term":[{"taxonomy":"category","embeddable":true,"href":"https:\/\/dev.antudigital.cl\/sites\/vc\/wp-json\/wp\/v2\/categories?post=8568"},{"taxonomy":"post_tag","embeddable":true,"href":"https:\/\/dev.antudigital.cl\/sites\/vc\/wp-json\/wp\/v2\/tags?post=8568"}],"curies":[{"name":"wp","href":"https:\/\/api.w.org\/{rel}","templated":true}]}}