{"id":8571,"date":"2020-10-26T18:35:47","date_gmt":"2020-10-26T18:35:47","guid":{"rendered":"https:\/\/www.valparaisocreativo.cl\/?p=5371"},"modified":"2020-10-26T18:35:47","modified_gmt":"2020-10-26T18:35:47","slug":"te-invitamos-a-conocer-conexiones-creativas-y-el-5o-ecosistema-arte","status":"publish","type":"post","link":"https:\/\/dev.antudigital.cl\/sites\/vc\/te-invitamos-a-conocer-conexiones-creativas-y-el-5o-ecosistema-arte\/","title":{"rendered":"Te invitamos a conocer \u00abConexiones Creativas\u00bb y el 5\u00ba Ecosistema Arte"},"content":{"rendered":"<div dir=\"ltr\">\n<div dir=\"ltr\">\n<div dir=\"ltr\">\n<div dir=\"ltr\">\n<div dir=\"ltr\">\n<div dir=\"ltr\">\n<div dir=\"ltr\">\n<p dir=\"ltr\">Conexiones Creativas es una plataforma que trabaja por el fortalecimiento de los ecosistemas creativos en Iberoam\u00e9rica. Con ya 7 a\u00f1os de funcionamiento, este <strong>4 al 6<\/strong> de noviembre llevar\u00e1n a cabo la <strong>5\u00ba edici\u00f3n de Ecosistema Arte<\/strong>, encuentro del que seremos parte en Valpara\u00edso Creativo.<\/p>\n<p dir=\"ltr\">El encuentro Ecosistema Arte ofrece espacios internacionales de encuentro en torno a los Ecosistemas <span class=\"il\">Creativos<\/span> y Culturales. Entre el 2016 y el 2019 ha reunido a m\u00e1s de 400 prescriptores del sector junto a voces tan reconocidas como Mar\u00eda Paz Gaviria (directora de Artbo, Bogot\u00e1); Patrick Charpenel (director del Museo del Barrio, NY); Carles Guerra (Director de la Fundaci\u00f3n T\u00e1pies, Barcelona); Pilar Estrada (Directora del Centro Cultural Metropolitano, Quito); Francisco Garc\u00eda Iglesias (Alcald\u00eda de Miami) o Igor Zanti (IED Italia).<\/p>\n<p dir=\"ltr\">La edici\u00f3n 2020 ser\u00e1 un encuentro profesional Europa-Am\u00e9rica de Distritos <span class=\"il\">creativos<\/span> bajo el slogan <strong><em>to be or not to be <\/em><\/strong>(ser o no ser). Este foco tem\u00e1tico se define por su pertinencia dentro de las estrategias de desarrollo territorial actuales, como tambi\u00e9n por la experiencia de <span class=\"il\">Conexiones<\/span> <span class=\"il\">Creativas<\/span> en este \u00e1mbito. Vale la pena\u00a0el trabajo de colaboraci\u00f3n e intercambio que <span class=\"il\">Conexiones<\/span> <span class=\"il\">Creativas<\/span> ha tenido en los \u00faltimos a\u00f1os con diversos\u00a0 distritos <span class=\"il\">creativos<\/span> de ciudades como Miami, Barcelona, Marsella, Montpellier, Par\u00eds, Bruselas, entre otras.<\/p>\n<p dir=\"ltr\">El encuentro est\u00e1 dirigido a l\u00edderes y promotores de distritos creativos, tanto como para secretar\u00edas de cultura y desarrollo, o cargos afines. Tambi\u00e9n a organizaciones p\u00fablico-privadas que est\u00e9n comprometidas con estos ecosistemas, comprendiendo la multiplicidad de sus actores.<\/p>\n<p dir=\"ltr\">Los ejes tem\u00e1ticos ser\u00e1n:<\/p>\n<ul>\n<li>Las estrategias de\u00a0<strong>planeaci\u00f3n territorial<\/strong>.<\/li>\n<li>El dise\u00f1o de\u00a0<strong>pol\u00edticas p\u00fablicas<\/strong>.<\/li>\n<li>La\u00a0<strong>formaci\u00f3n de audiencias<\/strong>.<\/li>\n<li>El aceleramiento de los\u00a0<strong>ecosistemas creativos<\/strong>.<\/li>\n<li>Las\u00a0<strong>din\u00e1micas urbanas<\/strong>.<\/li>\n<li>El\u00a0<strong>consumo cultural<\/strong>.<\/li>\n<\/ul>\n<\/div>\n<\/div>\n<\/div>\n<\/div>\n<\/div>\n<\/div>\n<\/div>\n<div dir=\"ltr\">\n<div dir=\"ltr\">\n<div dir=\"ltr\">\n<div dir=\"ltr\">\n<div dir=\"ltr\">\n<div dir=\"ltr\">\n<div dir=\"ltr\">\n<h3 dir=\"ltr\">Si quieres aprender de expositores de nivel mundial y enterarte de las tendencias en Industrias Creativas de Latinoam\u00e9rica, conoce mucho m\u00e1s e inscr\u00edbete en su <strong><a href=\"https:\/\/cccreativas.com\/portfolio\/ecosistema-arte-2020\/\">p\u00e1gina web<\/a><\/strong>.<\/h3>\n<p dir=\"ltr\"><img fetchpriority=\"high\" decoding=\"async\" class=\"alignleft size-medium wp-image-5377\" src=\"https:\/\/www.valparaisocreativo.cl\/wp-content\/uploads\/2020\/10\/LVKJIWLK-270x300.jpg\" alt=\"\" width=\"270\" height=\"300\" \/><\/p>\n<\/div>\n<\/div>\n<\/div>\n<\/div>\n<\/div>\n<\/div>\n<\/div>\n","protected":false},"excerpt":{"rendered":"<p>Conexiones Creativas es una plataforma que trabaja por el fortalecimiento de los ecosistemas creativos en Iberoam\u00e9rica. Con ya 7 a\u00f1os de funcionamiento, este 4 al 6 de noviembre llevar\u00e1n a cabo la 5\u00ba edici\u00f3n de Ecosistema Arte, encuentro del que seremos parte en Valpara\u00edso Creativo. El encuentro Ecosistema Arte ofrece espacios internacionales de encuentro en [&hellip;]<\/p>\n","protected":false},"author":3,"featured_media":8573,"comment_status":"closed","ping_status":"closed","sticky":false,"template":"","format":"standard","meta":{"_acf_changed":false,"footnotes":""},"categories":[8],"tags":[],"class_list":["post-8571","post","type-post","status-publish","format-standard","has-post-thumbnail","hentry","category-noticia"],"acf":[],"yoast_head":"<!-- This site is optimized with the Yoast SEO plugin v27.1.1 - https:\/\/yoast.com\/product\/yoast-seo-wordpress\/ -->\n<title>Te invitamos a conocer &quot;Conexiones Creativas&quot; y el 5\u00ba Ecosistema Arte - Valpara\u00ed\u00adso Creativo<\/title>\n<meta name=\"robots\" content=\"index, follow, max-snippet:-1, max-image-preview:large, max-video-preview:-1\" \/>\n<link rel=\"canonical\" href=\"https:\/\/dev.antudigital.cl\/sites\/vc\/te-invitamos-a-conocer-conexiones-creativas-y-el-5o-ecosistema-arte\/\" \/>\n<meta property=\"og:locale\" content=\"es_ES\" \/>\n<meta property=\"og:type\" content=\"article\" \/>\n<meta property=\"og:title\" content=\"Te invitamos a conocer &quot;Conexiones Creativas&quot; y el 5\u00ba Ecosistema Arte - Valpara\u00ed\u00adso Creativo\" \/>\n<meta property=\"og:description\" content=\"Conexiones Creativas es una plataforma que trabaja por el fortalecimiento de los ecosistemas creativos en Iberoam\u00e9rica. Con ya 7 a\u00f1os de funcionamiento, este 4 al 6 de noviembre llevar\u00e1n a cabo la 5\u00ba edici\u00f3n de Ecosistema Arte, encuentro del que seremos parte en Valpara\u00edso Creativo. El encuentro Ecosistema Arte ofrece espacios internacionales de encuentro en [&hellip;]\" \/>\n<meta property=\"og:url\" content=\"https:\/\/dev.antudigital.cl\/sites\/vc\/te-invitamos-a-conocer-conexiones-creativas-y-el-5o-ecosistema-arte\/\" \/>\n<meta property=\"og:site_name\" content=\"Valpara\u00ed\u00adso Creativo\" \/>\n<meta property=\"article:published_time\" content=\"2020-10-26T18:35:47+00:00\" \/>\n<meta property=\"og:image\" content=\"https:\/\/dev.antudigital.cl\/sites\/vc\/wp-content\/uploads\/2020\/10\/CC.jpg\" \/>\n\t<meta property=\"og:image:width\" content=\"2048\" \/>\n\t<meta property=\"og:image:height\" content=\"1367\" \/>\n\t<meta property=\"og:image:type\" content=\"image\/jpeg\" \/>\n<meta name=\"author\" content=\"Valparaiso Creativo\" \/>\n<meta name=\"twitter:card\" content=\"summary_large_image\" \/>\n<meta name=\"twitter:label1\" content=\"Escrito por\" \/>\n\t<meta name=\"twitter:data1\" content=\"Valparaiso Creativo\" \/>\n\t<meta name=\"twitter:label2\" content=\"Tiempo de lectura\" \/>\n\t<meta name=\"twitter:data2\" content=\"2 minutos\" \/>\n<script type=\"application\/ld+json\" class=\"yoast-schema-graph\">{\"@context\":\"https:\/\/schema.org\",\"@graph\":[{\"@type\":\"Article\",\"@id\":\"https:\/\/dev.antudigital.cl\/sites\/vc\/te-invitamos-a-conocer-conexiones-creativas-y-el-5o-ecosistema-arte\/#article\",\"isPartOf\":{\"@id\":\"https:\/\/dev.antudigital.cl\/sites\/vc\/te-invitamos-a-conocer-conexiones-creativas-y-el-5o-ecosistema-arte\/\"},\"author\":{\"name\":\"Valparaiso Creativo\",\"@id\":\"https:\/\/dev.antudigital.cl\/sites\/vc\/#\/schema\/person\/81d1dcd51abd542b5dfc00f5f951a0f1\"},\"headline\":\"Te invitamos a conocer \u00abConexiones Creativas\u00bb y el 5\u00ba Ecosistema Arte\",\"datePublished\":\"2020-10-26T18:35:47+00:00\",\"mainEntityOfPage\":{\"@id\":\"https:\/\/dev.antudigital.cl\/sites\/vc\/te-invitamos-a-conocer-conexiones-creativas-y-el-5o-ecosistema-arte\/\"},\"wordCount\":341,\"image\":{\"@id\":\"https:\/\/dev.antudigital.cl\/sites\/vc\/te-invitamos-a-conocer-conexiones-creativas-y-el-5o-ecosistema-arte\/#primaryimage\"},\"thumbnailUrl\":\"https:\/\/dev.antudigital.cl\/sites\/vc\/wp-content\/uploads\/2020\/10\/CC.jpg\",\"articleSection\":[\"Noticia\"],\"inLanguage\":\"es\"},{\"@type\":\"WebPage\",\"@id\":\"https:\/\/dev.antudigital.cl\/sites\/vc\/te-invitamos-a-conocer-conexiones-creativas-y-el-5o-ecosistema-arte\/\",\"url\":\"https:\/\/dev.antudigital.cl\/sites\/vc\/te-invitamos-a-conocer-conexiones-creativas-y-el-5o-ecosistema-arte\/\",\"name\":\"Te invitamos a conocer \\\"Conexiones Creativas\\\" y el 5\u00ba Ecosistema Arte - Valpara\u00ed\u00adso Creativo\",\"isPartOf\":{\"@id\":\"https:\/\/dev.antudigital.cl\/sites\/vc\/#website\"},\"primaryImageOfPage\":{\"@id\":\"https:\/\/dev.antudigital.cl\/sites\/vc\/te-invitamos-a-conocer-conexiones-creativas-y-el-5o-ecosistema-arte\/#primaryimage\"},\"image\":{\"@id\":\"https:\/\/dev.antudigital.cl\/sites\/vc\/te-invitamos-a-conocer-conexiones-creativas-y-el-5o-ecosistema-arte\/#primaryimage\"},\"thumbnailUrl\":\"https:\/\/dev.antudigital.cl\/sites\/vc\/wp-content\/uploads\/2020\/10\/CC.jpg\",\"datePublished\":\"2020-10-26T18:35:47+00:00\",\"author\":{\"@id\":\"https:\/\/dev.antudigital.cl\/sites\/vc\/#\/schema\/person\/81d1dcd51abd542b5dfc00f5f951a0f1\"},\"breadcrumb\":{\"@id\":\"https:\/\/dev.antudigital.cl\/sites\/vc\/te-invitamos-a-conocer-conexiones-creativas-y-el-5o-ecosistema-arte\/#breadcrumb\"},\"inLanguage\":\"es\",\"potentialAction\":[{\"@type\":\"ReadAction\",\"target\":[\"https:\/\/dev.antudigital.cl\/sites\/vc\/te-invitamos-a-conocer-conexiones-creativas-y-el-5o-ecosistema-arte\/\"]}]},{\"@type\":\"ImageObject\",\"inLanguage\":\"es\",\"@id\":\"https:\/\/dev.antudigital.cl\/sites\/vc\/te-invitamos-a-conocer-conexiones-creativas-y-el-5o-ecosistema-arte\/#primaryimage\",\"url\":\"https:\/\/dev.antudigital.cl\/sites\/vc\/wp-content\/uploads\/2020\/10\/CC.jpg\",\"contentUrl\":\"https:\/\/dev.antudigital.cl\/sites\/vc\/wp-content\/uploads\/2020\/10\/CC.jpg\",\"width\":2048,\"height\":1367},{\"@type\":\"BreadcrumbList\",\"@id\":\"https:\/\/dev.antudigital.cl\/sites\/vc\/te-invitamos-a-conocer-conexiones-creativas-y-el-5o-ecosistema-arte\/#breadcrumb\",\"itemListElement\":[{\"@type\":\"ListItem\",\"position\":1,\"name\":\"Home\",\"item\":\"https:\/\/dev.antudigital.cl\/sites\/vc\/\"},{\"@type\":\"ListItem\",\"position\":2,\"name\":\"Te invitamos a conocer \u00abConexiones Creativas\u00bb y el 5\u00ba Ecosistema Arte\"}]},{\"@type\":\"WebSite\",\"@id\":\"https:\/\/dev.antudigital.cl\/sites\/vc\/#website\",\"url\":\"https:\/\/dev.antudigital.cl\/sites\/vc\/\",\"name\":\"Valpara\u00ed\u00adso Creativo\",\"description\":\"\",\"potentialAction\":[{\"@type\":\"SearchAction\",\"target\":{\"@type\":\"EntryPoint\",\"urlTemplate\":\"https:\/\/dev.antudigital.cl\/sites\/vc\/?s={search_term_string}\"},\"query-input\":{\"@type\":\"PropertyValueSpecification\",\"valueRequired\":true,\"valueName\":\"search_term_string\"}}],\"inLanguage\":\"es\"},{\"@type\":\"Person\",\"@id\":\"https:\/\/dev.antudigital.cl\/sites\/vc\/#\/schema\/person\/81d1dcd51abd542b5dfc00f5f951a0f1\",\"name\":\"Valparaiso Creativo\",\"url\":\"https:\/\/dev.antudigital.cl\/sites\/vc\/author\/valparaiso-creativo\/\"}]}<\/script>\n<!-- \/ Yoast SEO plugin. -->","yoast_head_json":{"title":"Te invitamos a conocer \"Conexiones Creativas\" y el 5\u00ba Ecosistema Arte - Valpara\u00ed\u00adso Creativo","robots":{"index":"index","follow":"follow","max-snippet":"max-snippet:-1","max-image-preview":"max-image-preview:large","max-video-preview":"max-video-preview:-1"},"canonical":"https:\/\/dev.antudigital.cl\/sites\/vc\/te-invitamos-a-conocer-conexiones-creativas-y-el-5o-ecosistema-arte\/","og_locale":"es_ES","og_type":"article","og_title":"Te invitamos a conocer \"Conexiones Creativas\" y el 5\u00ba Ecosistema Arte - Valpara\u00ed\u00adso Creativo","og_description":"Conexiones Creativas es una plataforma que trabaja por el fortalecimiento de los ecosistemas creativos en Iberoam\u00e9rica. Con ya 7 a\u00f1os de funcionamiento, este 4 al 6 de noviembre llevar\u00e1n a cabo la 5\u00ba edici\u00f3n de Ecosistema Arte, encuentro del que seremos parte en Valpara\u00edso Creativo. El encuentro Ecosistema Arte ofrece espacios internacionales de encuentro en [&hellip;]","og_url":"https:\/\/dev.antudigital.cl\/sites\/vc\/te-invitamos-a-conocer-conexiones-creativas-y-el-5o-ecosistema-arte\/","og_site_name":"Valpara\u00ed\u00adso Creativo","article_published_time":"2020-10-26T18:35:47+00:00","og_image":[{"width":2048,"height":1367,"url":"https:\/\/dev.antudigital.cl\/sites\/vc\/wp-content\/uploads\/2020\/10\/CC.jpg","type":"image\/jpeg"}],"author":"Valparaiso Creativo","twitter_card":"summary_large_image","twitter_misc":{"Escrito por":"Valparaiso Creativo","Tiempo de lectura":"2 minutos"},"schema":{"@context":"https:\/\/schema.org","@graph":[{"@type":"Article","@id":"https:\/\/dev.antudigital.cl\/sites\/vc\/te-invitamos-a-conocer-conexiones-creativas-y-el-5o-ecosistema-arte\/#article","isPartOf":{"@id":"https:\/\/dev.antudigital.cl\/sites\/vc\/te-invitamos-a-conocer-conexiones-creativas-y-el-5o-ecosistema-arte\/"},"author":{"name":"Valparaiso Creativo","@id":"https:\/\/dev.antudigital.cl\/sites\/vc\/#\/schema\/person\/81d1dcd51abd542b5dfc00f5f951a0f1"},"headline":"Te invitamos a conocer \u00abConexiones Creativas\u00bb y el 5\u00ba Ecosistema Arte","datePublished":"2020-10-26T18:35:47+00:00","mainEntityOfPage":{"@id":"https:\/\/dev.antudigital.cl\/sites\/vc\/te-invitamos-a-conocer-conexiones-creativas-y-el-5o-ecosistema-arte\/"},"wordCount":341,"image":{"@id":"https:\/\/dev.antudigital.cl\/sites\/vc\/te-invitamos-a-conocer-conexiones-creativas-y-el-5o-ecosistema-arte\/#primaryimage"},"thumbnailUrl":"https:\/\/dev.antudigital.cl\/sites\/vc\/wp-content\/uploads\/2020\/10\/CC.jpg","articleSection":["Noticia"],"inLanguage":"es"},{"@type":"WebPage","@id":"https:\/\/dev.antudigital.cl\/sites\/vc\/te-invitamos-a-conocer-conexiones-creativas-y-el-5o-ecosistema-arte\/","url":"https:\/\/dev.antudigital.cl\/sites\/vc\/te-invitamos-a-conocer-conexiones-creativas-y-el-5o-ecosistema-arte\/","name":"Te invitamos a conocer \"Conexiones Creativas\" y el 5\u00ba Ecosistema Arte - Valpara\u00ed\u00adso Creativo","isPartOf":{"@id":"https:\/\/dev.antudigital.cl\/sites\/vc\/#website"},"primaryImageOfPage":{"@id":"https:\/\/dev.antudigital.cl\/sites\/vc\/te-invitamos-a-conocer-conexiones-creativas-y-el-5o-ecosistema-arte\/#primaryimage"},"image":{"@id":"https:\/\/dev.antudigital.cl\/sites\/vc\/te-invitamos-a-conocer-conexiones-creativas-y-el-5o-ecosistema-arte\/#primaryimage"},"thumbnailUrl":"https:\/\/dev.antudigital.cl\/sites\/vc\/wp-content\/uploads\/2020\/10\/CC.jpg","datePublished":"2020-10-26T18:35:47+00:00","author":{"@id":"https:\/\/dev.antudigital.cl\/sites\/vc\/#\/schema\/person\/81d1dcd51abd542b5dfc00f5f951a0f1"},"breadcrumb":{"@id":"https:\/\/dev.antudigital.cl\/sites\/vc\/te-invitamos-a-conocer-conexiones-creativas-y-el-5o-ecosistema-arte\/#breadcrumb"},"inLanguage":"es","potentialAction":[{"@type":"ReadAction","target":["https:\/\/dev.antudigital.cl\/sites\/vc\/te-invitamos-a-conocer-conexiones-creativas-y-el-5o-ecosistema-arte\/"]}]},{"@type":"ImageObject","inLanguage":"es","@id":"https:\/\/dev.antudigital.cl\/sites\/vc\/te-invitamos-a-conocer-conexiones-creativas-y-el-5o-ecosistema-arte\/#primaryimage","url":"https:\/\/dev.antudigital.cl\/sites\/vc\/wp-content\/uploads\/2020\/10\/CC.jpg","contentUrl":"https:\/\/dev.antudigital.cl\/sites\/vc\/wp-content\/uploads\/2020\/10\/CC.jpg","width":2048,"height":1367},{"@type":"BreadcrumbList","@id":"https:\/\/dev.antudigital.cl\/sites\/vc\/te-invitamos-a-conocer-conexiones-creativas-y-el-5o-ecosistema-arte\/#breadcrumb","itemListElement":[{"@type":"ListItem","position":1,"name":"Home","item":"https:\/\/dev.antudigital.cl\/sites\/vc\/"},{"@type":"ListItem","position":2,"name":"Te invitamos a conocer \u00abConexiones Creativas\u00bb y el 5\u00ba Ecosistema Arte"}]},{"@type":"WebSite","@id":"https:\/\/dev.antudigital.cl\/sites\/vc\/#website","url":"https:\/\/dev.antudigital.cl\/sites\/vc\/","name":"Valpara\u00ed\u00adso Creativo","description":"","potentialAction":[{"@type":"SearchAction","target":{"@type":"EntryPoint","urlTemplate":"https:\/\/dev.antudigital.cl\/sites\/vc\/?s={search_term_string}"},"query-input":{"@type":"PropertyValueSpecification","valueRequired":true,"valueName":"search_term_string"}}],"inLanguage":"es"},{"@type":"Person","@id":"https:\/\/dev.antudigital.cl\/sites\/vc\/#\/schema\/person\/81d1dcd51abd542b5dfc00f5f951a0f1","name":"Valparaiso Creativo","url":"https:\/\/dev.antudigital.cl\/sites\/vc\/author\/valparaiso-creativo\/"}]}},"_links":{"self":[{"href":"https:\/\/dev.antudigital.cl\/sites\/vc\/wp-json\/wp\/v2\/posts\/8571","targetHints":{"allow":["GET"]}}],"collection":[{"href":"https:\/\/dev.antudigital.cl\/sites\/vc\/wp-json\/wp\/v2\/posts"}],"about":[{"href":"https:\/\/dev.antudigital.cl\/sites\/vc\/wp-json\/wp\/v2\/types\/post"}],"author":[{"embeddable":true,"href":"https:\/\/dev.antudigital.cl\/sites\/vc\/wp-json\/wp\/v2\/users\/3"}],"replies":[{"embeddable":true,"href":"https:\/\/dev.antudigital.cl\/sites\/vc\/wp-json\/wp\/v2\/comments?post=8571"}],"version-history":[{"count":0,"href":"https:\/\/dev.antudigital.cl\/sites\/vc\/wp-json\/wp\/v2\/posts\/8571\/revisions"}],"wp:featuredmedia":[{"embeddable":true,"href":"https:\/\/dev.antudigital.cl\/sites\/vc\/wp-json\/wp\/v2\/media\/8573"}],"wp:attachment":[{"href":"https:\/\/dev.antudigital.cl\/sites\/vc\/wp-json\/wp\/v2\/media?parent=8571"}],"wp:term":[{"taxonomy":"category","embeddable":true,"href":"https:\/\/dev.antudigital.cl\/sites\/vc\/wp-json\/wp\/v2\/categories?post=8571"},{"taxonomy":"post_tag","embeddable":true,"href":"https:\/\/dev.antudigital.cl\/sites\/vc\/wp-json\/wp\/v2\/tags?post=8571"}],"curies":[{"name":"wp","href":"https:\/\/api.w.org\/{rel}","templated":true}]}}