{"id":8574,"date":"2020-10-26T18:20:10","date_gmt":"2020-10-26T18:20:10","guid":{"rendered":"https:\/\/www.valparaisocreativo.cl\/?p=5365"},"modified":"2020-10-26T18:20:10","modified_gmt":"2020-10-26T18:20:10","slug":"contigopyme-conversamos-con-yolanda-carmin-sobre-su-experiencia","status":"publish","type":"post","link":"https:\/\/dev.antudigital.cl\/sites\/vc\/contigopyme-conversamos-con-yolanda-carmin-sobre-su-experiencia\/","title":{"rendered":"ContigoPyme: conversamos con Yolanda Carmin sobre su experiencia"},"content":{"rendered":"<p>La semana pasada comenzaron las sesiones de capacitaci\u00f3n para ser parte de\u00a0<strong>Contigo Pyme,\u00a0<\/strong>gestionados por la C\u00e1mara Regional de Comercio en Valpara\u00edso. Se trata de un marketplace que permitir\u00e1 acceder a una plataforma de e-commerce donde promocionar y vender productos en l\u00ednea, sin tener una p\u00e1gina web propia.<\/p>\n<p>Para participar debes inscribirte en <a href=\"https:\/\/contigopyme.cl\/seller\/register\">la p\u00e1gina web<\/a>, y a trav\u00e9s de un formulario se pondr\u00e1n en contacto contigo. A trav\u00e9s de una simple suscripci\u00f3n puedes acceder a m\u00faltiples beneficios que permitir\u00e1n reactivar o partir tu negocio.<\/p>\n<p>La actriz Lorena Ibaceta, creadora del personaje Yolanda Carm\u00edn, tom\u00f3 contacto para acceder a esta herramienta y nos cont\u00f3 de su experiencia personal:<\/p>\n<p><img fetchpriority=\"high\" decoding=\"async\" class=\"alignleft size-medium wp-image-5368\" src=\"https:\/\/www.valparaisocreativo.cl\/wp-content\/uploads\/2020\/10\/WhatsApp-Image-2020-10-26-at-17.37.35-240x300.jpeg\" alt=\"\" width=\"240\" height=\"300\" \/><\/p>\n<p><strong>&#8211; Principalmente quisi\u00e9ramos conocer c\u00f3mo fue tu experiencia en ContigoPyme<\/strong><\/p>\n<p>&#8211; Mi experiencia en ContigoPyme fue tremendamente sorpresiva. Ingres\u00e9 dispuesta a ver de que se trataba, y me encontr\u00e9 con una propuesta s\u00f3lida, super armada y, por sobre todo, dispuesta para asesorar a emprendedores en su inicio en el proceso de ventas en linea siendo parte del marketplace.<\/p>\n<p>&nbsp;<\/p>\n<p><strong>&#8211; \u00bfC\u00f3mo se desarroll\u00f3?<\/strong><\/p>\n<p>&#8211; Las jornadas no solo fueron informativas, si no que tambi\u00e9n formativas. Particip\u00e9 en tres jornadas de webinar muy interesantes. Creo que es un proyecto pionero y eso me encanta, es una manera simple de formar parte del mundo de las ventas en linea.<\/p>\n<p>&#8211;<strong> \u00bfQu\u00e9 herramientas destacas, y desde tu labor qu\u00e9 te sirvi\u00f3 para aplicar?<\/strong><\/p>\n<p>&#8211; Las herramientas que destaco son la asesor\u00eda para lograr iniciarse en el mercado <em>online<\/em>, y la posterior gu\u00eda para caminar con \u00e9xito en este nuevo formato Por mi parte, como actriz, yo entrego servicios pero conocer este formato abri\u00f3 mi mente a quiz\u00e1s ampliar complementar con productos afines a mis servicios art\u00edsticos como una tienda de merchandising, ser parte de un mall virtual es tremendamente interesante como formato para reactivar la econom\u00eda. \u00a1Excelente iniciativa!<\/p>\n","protected":false},"excerpt":{"rendered":"<p>La semana pasada comenzaron las sesiones de capacitaci\u00f3n para ser parte de\u00a0Contigo Pyme,\u00a0gestionados por la C\u00e1mara Regional de Comercio en Valpara\u00edso. Se trata de un marketplace que permitir\u00e1 acceder a una plataforma de e-commerce donde promocionar y vender productos en l\u00ednea, sin tener una p\u00e1gina web propia. Para participar debes inscribirte en la p\u00e1gina web, [&hellip;]<\/p>\n","protected":false},"author":3,"featured_media":8576,"comment_status":"closed","ping_status":"closed","sticky":false,"template":"","format":"standard","meta":{"_acf_changed":false,"footnotes":""},"categories":[8],"tags":[],"class_list":["post-8574","post","type-post","status-publish","format-standard","has-post-thumbnail","hentry","category-noticia"],"acf":[],"yoast_head":"<!-- This site is optimized with the Yoast SEO plugin v27.1.1 - https:\/\/yoast.com\/product\/yoast-seo-wordpress\/ -->\n<title>ContigoPyme: conversamos con Yolanda Carmin sobre su experiencia - Valpara\u00ed\u00adso Creativo<\/title>\n<meta name=\"robots\" content=\"index, follow, max-snippet:-1, max-image-preview:large, max-video-preview:-1\" \/>\n<link rel=\"canonical\" href=\"https:\/\/dev.antudigital.cl\/sites\/vc\/contigopyme-conversamos-con-yolanda-carmin-sobre-su-experiencia\/\" \/>\n<meta property=\"og:locale\" content=\"es_ES\" \/>\n<meta property=\"og:type\" content=\"article\" \/>\n<meta property=\"og:title\" content=\"ContigoPyme: conversamos con Yolanda Carmin sobre su experiencia - Valpara\u00ed\u00adso Creativo\" \/>\n<meta property=\"og:description\" content=\"La semana pasada comenzaron las sesiones de capacitaci\u00f3n para ser parte de\u00a0Contigo Pyme,\u00a0gestionados por la C\u00e1mara Regional de Comercio en Valpara\u00edso. Se trata de un marketplace que permitir\u00e1 acceder a una plataforma de e-commerce donde promocionar y vender productos en l\u00ednea, sin tener una p\u00e1gina web propia. Para participar debes inscribirte en la p\u00e1gina web, [&hellip;]\" \/>\n<meta property=\"og:url\" content=\"https:\/\/dev.antudigital.cl\/sites\/vc\/contigopyme-conversamos-con-yolanda-carmin-sobre-su-experiencia\/\" \/>\n<meta property=\"og:site_name\" content=\"Valpara\u00ed\u00adso Creativo\" \/>\n<meta property=\"article:published_time\" content=\"2020-10-26T18:20:10+00:00\" \/>\n<meta property=\"og:image\" content=\"https:\/\/dev.antudigital.cl\/sites\/vc\/wp-content\/uploads\/2020\/10\/ContigoPyme.png\" \/>\n\t<meta property=\"og:image:width\" content=\"1920\" \/>\n\t<meta property=\"og:image:height\" content=\"730\" \/>\n\t<meta property=\"og:image:type\" content=\"image\/png\" \/>\n<meta name=\"author\" content=\"Valparaiso Creativo\" \/>\n<meta name=\"twitter:card\" content=\"summary_large_image\" \/>\n<meta name=\"twitter:label1\" content=\"Escrito por\" \/>\n\t<meta name=\"twitter:data1\" content=\"Valparaiso Creativo\" \/>\n\t<meta name=\"twitter:label2\" content=\"Tiempo de lectura\" \/>\n\t<meta name=\"twitter:data2\" content=\"2 minutos\" \/>\n<script type=\"application\/ld+json\" class=\"yoast-schema-graph\">{\"@context\":\"https:\/\/schema.org\",\"@graph\":[{\"@type\":\"Article\",\"@id\":\"https:\/\/dev.antudigital.cl\/sites\/vc\/contigopyme-conversamos-con-yolanda-carmin-sobre-su-experiencia\/#article\",\"isPartOf\":{\"@id\":\"https:\/\/dev.antudigital.cl\/sites\/vc\/contigopyme-conversamos-con-yolanda-carmin-sobre-su-experiencia\/\"},\"author\":{\"name\":\"Valparaiso Creativo\",\"@id\":\"https:\/\/dev.antudigital.cl\/sites\/vc\/#\/schema\/person\/81d1dcd51abd542b5dfc00f5f951a0f1\"},\"headline\":\"ContigoPyme: conversamos con Yolanda Carmin sobre su experiencia\",\"datePublished\":\"2020-10-26T18:20:10+00:00\",\"mainEntityOfPage\":{\"@id\":\"https:\/\/dev.antudigital.cl\/sites\/vc\/contigopyme-conversamos-con-yolanda-carmin-sobre-su-experiencia\/\"},\"wordCount\":335,\"image\":{\"@id\":\"https:\/\/dev.antudigital.cl\/sites\/vc\/contigopyme-conversamos-con-yolanda-carmin-sobre-su-experiencia\/#primaryimage\"},\"thumbnailUrl\":\"https:\/\/dev.antudigital.cl\/sites\/vc\/wp-content\/uploads\/2020\/10\/ContigoPyme.png\",\"articleSection\":[\"Noticia\"],\"inLanguage\":\"es\"},{\"@type\":\"WebPage\",\"@id\":\"https:\/\/dev.antudigital.cl\/sites\/vc\/contigopyme-conversamos-con-yolanda-carmin-sobre-su-experiencia\/\",\"url\":\"https:\/\/dev.antudigital.cl\/sites\/vc\/contigopyme-conversamos-con-yolanda-carmin-sobre-su-experiencia\/\",\"name\":\"ContigoPyme: conversamos con Yolanda Carmin sobre su experiencia - Valpara\u00ed\u00adso Creativo\",\"isPartOf\":{\"@id\":\"https:\/\/dev.antudigital.cl\/sites\/vc\/#website\"},\"primaryImageOfPage\":{\"@id\":\"https:\/\/dev.antudigital.cl\/sites\/vc\/contigopyme-conversamos-con-yolanda-carmin-sobre-su-experiencia\/#primaryimage\"},\"image\":{\"@id\":\"https:\/\/dev.antudigital.cl\/sites\/vc\/contigopyme-conversamos-con-yolanda-carmin-sobre-su-experiencia\/#primaryimage\"},\"thumbnailUrl\":\"https:\/\/dev.antudigital.cl\/sites\/vc\/wp-content\/uploads\/2020\/10\/ContigoPyme.png\",\"datePublished\":\"2020-10-26T18:20:10+00:00\",\"author\":{\"@id\":\"https:\/\/dev.antudigital.cl\/sites\/vc\/#\/schema\/person\/81d1dcd51abd542b5dfc00f5f951a0f1\"},\"breadcrumb\":{\"@id\":\"https:\/\/dev.antudigital.cl\/sites\/vc\/contigopyme-conversamos-con-yolanda-carmin-sobre-su-experiencia\/#breadcrumb\"},\"inLanguage\":\"es\",\"potentialAction\":[{\"@type\":\"ReadAction\",\"target\":[\"https:\/\/dev.antudigital.cl\/sites\/vc\/contigopyme-conversamos-con-yolanda-carmin-sobre-su-experiencia\/\"]}]},{\"@type\":\"ImageObject\",\"inLanguage\":\"es\",\"@id\":\"https:\/\/dev.antudigital.cl\/sites\/vc\/contigopyme-conversamos-con-yolanda-carmin-sobre-su-experiencia\/#primaryimage\",\"url\":\"https:\/\/dev.antudigital.cl\/sites\/vc\/wp-content\/uploads\/2020\/10\/ContigoPyme.png\",\"contentUrl\":\"https:\/\/dev.antudigital.cl\/sites\/vc\/wp-content\/uploads\/2020\/10\/ContigoPyme.png\",\"width\":1920,\"height\":730},{\"@type\":\"BreadcrumbList\",\"@id\":\"https:\/\/dev.antudigital.cl\/sites\/vc\/contigopyme-conversamos-con-yolanda-carmin-sobre-su-experiencia\/#breadcrumb\",\"itemListElement\":[{\"@type\":\"ListItem\",\"position\":1,\"name\":\"Home\",\"item\":\"https:\/\/dev.antudigital.cl\/sites\/vc\/\"},{\"@type\":\"ListItem\",\"position\":2,\"name\":\"ContigoPyme: conversamos con Yolanda Carmin sobre su experiencia\"}]},{\"@type\":\"WebSite\",\"@id\":\"https:\/\/dev.antudigital.cl\/sites\/vc\/#website\",\"url\":\"https:\/\/dev.antudigital.cl\/sites\/vc\/\",\"name\":\"Valpara\u00ed\u00adso Creativo\",\"description\":\"\",\"potentialAction\":[{\"@type\":\"SearchAction\",\"target\":{\"@type\":\"EntryPoint\",\"urlTemplate\":\"https:\/\/dev.antudigital.cl\/sites\/vc\/?s={search_term_string}\"},\"query-input\":{\"@type\":\"PropertyValueSpecification\",\"valueRequired\":true,\"valueName\":\"search_term_string\"}}],\"inLanguage\":\"es\"},{\"@type\":\"Person\",\"@id\":\"https:\/\/dev.antudigital.cl\/sites\/vc\/#\/schema\/person\/81d1dcd51abd542b5dfc00f5f951a0f1\",\"name\":\"Valparaiso Creativo\",\"url\":\"https:\/\/dev.antudigital.cl\/sites\/vc\/author\/valparaiso-creativo\/\"}]}<\/script>\n<!-- \/ Yoast SEO plugin. -->","yoast_head_json":{"title":"ContigoPyme: conversamos con Yolanda Carmin sobre su experiencia - Valpara\u00ed\u00adso Creativo","robots":{"index":"index","follow":"follow","max-snippet":"max-snippet:-1","max-image-preview":"max-image-preview:large","max-video-preview":"max-video-preview:-1"},"canonical":"https:\/\/dev.antudigital.cl\/sites\/vc\/contigopyme-conversamos-con-yolanda-carmin-sobre-su-experiencia\/","og_locale":"es_ES","og_type":"article","og_title":"ContigoPyme: conversamos con Yolanda Carmin sobre su experiencia - Valpara\u00ed\u00adso Creativo","og_description":"La semana pasada comenzaron las sesiones de capacitaci\u00f3n para ser parte de\u00a0Contigo Pyme,\u00a0gestionados por la C\u00e1mara Regional de Comercio en Valpara\u00edso. Se trata de un marketplace que permitir\u00e1 acceder a una plataforma de e-commerce donde promocionar y vender productos en l\u00ednea, sin tener una p\u00e1gina web propia. Para participar debes inscribirte en la p\u00e1gina web, [&hellip;]","og_url":"https:\/\/dev.antudigital.cl\/sites\/vc\/contigopyme-conversamos-con-yolanda-carmin-sobre-su-experiencia\/","og_site_name":"Valpara\u00ed\u00adso Creativo","article_published_time":"2020-10-26T18:20:10+00:00","og_image":[{"width":1920,"height":730,"url":"https:\/\/dev.antudigital.cl\/sites\/vc\/wp-content\/uploads\/2020\/10\/ContigoPyme.png","type":"image\/png"}],"author":"Valparaiso Creativo","twitter_card":"summary_large_image","twitter_misc":{"Escrito por":"Valparaiso Creativo","Tiempo de lectura":"2 minutos"},"schema":{"@context":"https:\/\/schema.org","@graph":[{"@type":"Article","@id":"https:\/\/dev.antudigital.cl\/sites\/vc\/contigopyme-conversamos-con-yolanda-carmin-sobre-su-experiencia\/#article","isPartOf":{"@id":"https:\/\/dev.antudigital.cl\/sites\/vc\/contigopyme-conversamos-con-yolanda-carmin-sobre-su-experiencia\/"},"author":{"name":"Valparaiso Creativo","@id":"https:\/\/dev.antudigital.cl\/sites\/vc\/#\/schema\/person\/81d1dcd51abd542b5dfc00f5f951a0f1"},"headline":"ContigoPyme: conversamos con Yolanda Carmin sobre su experiencia","datePublished":"2020-10-26T18:20:10+00:00","mainEntityOfPage":{"@id":"https:\/\/dev.antudigital.cl\/sites\/vc\/contigopyme-conversamos-con-yolanda-carmin-sobre-su-experiencia\/"},"wordCount":335,"image":{"@id":"https:\/\/dev.antudigital.cl\/sites\/vc\/contigopyme-conversamos-con-yolanda-carmin-sobre-su-experiencia\/#primaryimage"},"thumbnailUrl":"https:\/\/dev.antudigital.cl\/sites\/vc\/wp-content\/uploads\/2020\/10\/ContigoPyme.png","articleSection":["Noticia"],"inLanguage":"es"},{"@type":"WebPage","@id":"https:\/\/dev.antudigital.cl\/sites\/vc\/contigopyme-conversamos-con-yolanda-carmin-sobre-su-experiencia\/","url":"https:\/\/dev.antudigital.cl\/sites\/vc\/contigopyme-conversamos-con-yolanda-carmin-sobre-su-experiencia\/","name":"ContigoPyme: conversamos con Yolanda Carmin sobre su experiencia - Valpara\u00ed\u00adso Creativo","isPartOf":{"@id":"https:\/\/dev.antudigital.cl\/sites\/vc\/#website"},"primaryImageOfPage":{"@id":"https:\/\/dev.antudigital.cl\/sites\/vc\/contigopyme-conversamos-con-yolanda-carmin-sobre-su-experiencia\/#primaryimage"},"image":{"@id":"https:\/\/dev.antudigital.cl\/sites\/vc\/contigopyme-conversamos-con-yolanda-carmin-sobre-su-experiencia\/#primaryimage"},"thumbnailUrl":"https:\/\/dev.antudigital.cl\/sites\/vc\/wp-content\/uploads\/2020\/10\/ContigoPyme.png","datePublished":"2020-10-26T18:20:10+00:00","author":{"@id":"https:\/\/dev.antudigital.cl\/sites\/vc\/#\/schema\/person\/81d1dcd51abd542b5dfc00f5f951a0f1"},"breadcrumb":{"@id":"https:\/\/dev.antudigital.cl\/sites\/vc\/contigopyme-conversamos-con-yolanda-carmin-sobre-su-experiencia\/#breadcrumb"},"inLanguage":"es","potentialAction":[{"@type":"ReadAction","target":["https:\/\/dev.antudigital.cl\/sites\/vc\/contigopyme-conversamos-con-yolanda-carmin-sobre-su-experiencia\/"]}]},{"@type":"ImageObject","inLanguage":"es","@id":"https:\/\/dev.antudigital.cl\/sites\/vc\/contigopyme-conversamos-con-yolanda-carmin-sobre-su-experiencia\/#primaryimage","url":"https:\/\/dev.antudigital.cl\/sites\/vc\/wp-content\/uploads\/2020\/10\/ContigoPyme.png","contentUrl":"https:\/\/dev.antudigital.cl\/sites\/vc\/wp-content\/uploads\/2020\/10\/ContigoPyme.png","width":1920,"height":730},{"@type":"BreadcrumbList","@id":"https:\/\/dev.antudigital.cl\/sites\/vc\/contigopyme-conversamos-con-yolanda-carmin-sobre-su-experiencia\/#breadcrumb","itemListElement":[{"@type":"ListItem","position":1,"name":"Home","item":"https:\/\/dev.antudigital.cl\/sites\/vc\/"},{"@type":"ListItem","position":2,"name":"ContigoPyme: conversamos con Yolanda Carmin sobre su experiencia"}]},{"@type":"WebSite","@id":"https:\/\/dev.antudigital.cl\/sites\/vc\/#website","url":"https:\/\/dev.antudigital.cl\/sites\/vc\/","name":"Valpara\u00ed\u00adso Creativo","description":"","potentialAction":[{"@type":"SearchAction","target":{"@type":"EntryPoint","urlTemplate":"https:\/\/dev.antudigital.cl\/sites\/vc\/?s={search_term_string}"},"query-input":{"@type":"PropertyValueSpecification","valueRequired":true,"valueName":"search_term_string"}}],"inLanguage":"es"},{"@type":"Person","@id":"https:\/\/dev.antudigital.cl\/sites\/vc\/#\/schema\/person\/81d1dcd51abd542b5dfc00f5f951a0f1","name":"Valparaiso Creativo","url":"https:\/\/dev.antudigital.cl\/sites\/vc\/author\/valparaiso-creativo\/"}]}},"_links":{"self":[{"href":"https:\/\/dev.antudigital.cl\/sites\/vc\/wp-json\/wp\/v2\/posts\/8574","targetHints":{"allow":["GET"]}}],"collection":[{"href":"https:\/\/dev.antudigital.cl\/sites\/vc\/wp-json\/wp\/v2\/posts"}],"about":[{"href":"https:\/\/dev.antudigital.cl\/sites\/vc\/wp-json\/wp\/v2\/types\/post"}],"author":[{"embeddable":true,"href":"https:\/\/dev.antudigital.cl\/sites\/vc\/wp-json\/wp\/v2\/users\/3"}],"replies":[{"embeddable":true,"href":"https:\/\/dev.antudigital.cl\/sites\/vc\/wp-json\/wp\/v2\/comments?post=8574"}],"version-history":[{"count":0,"href":"https:\/\/dev.antudigital.cl\/sites\/vc\/wp-json\/wp\/v2\/posts\/8574\/revisions"}],"wp:featuredmedia":[{"embeddable":true,"href":"https:\/\/dev.antudigital.cl\/sites\/vc\/wp-json\/wp\/v2\/media\/8576"}],"wp:attachment":[{"href":"https:\/\/dev.antudigital.cl\/sites\/vc\/wp-json\/wp\/v2\/media?parent=8574"}],"wp:term":[{"taxonomy":"category","embeddable":true,"href":"https:\/\/dev.antudigital.cl\/sites\/vc\/wp-json\/wp\/v2\/categories?post=8574"},{"taxonomy":"post_tag","embeddable":true,"href":"https:\/\/dev.antudigital.cl\/sites\/vc\/wp-json\/wp\/v2\/tags?post=8574"}],"curies":[{"name":"wp","href":"https:\/\/api.w.org\/{rel}","templated":true}]}}