{"id":8577,"date":"2020-10-26T15:50:46","date_gmt":"2020-10-26T15:50:46","guid":{"rendered":"https:\/\/www.valparaisocreativo.cl\/?p=5358"},"modified":"2020-10-26T15:50:46","modified_gmt":"2020-10-26T15:50:46","slug":"talleristas-fifv-2020-mat-jacob","status":"publish","type":"post","link":"https:\/\/dev.antudigital.cl\/sites\/vc\/talleristas-fifv-2020-mat-jacob\/","title":{"rendered":"Talleristas FIFV 2020: Mat Jacob"},"content":{"rendered":"<pre>Por: Cristofer D\u00edaz R\u00edos<\/pre>\n<p>&nbsp;<\/p>\n<p><span style=\"font-weight: 400;\">A finales de los 80, el franc\u00e9s Mat Jacob viaja a China y -por casualidad- se encuentra con el inicio de una espectacular mutaci\u00f3n mundial. Obviamente, lo document\u00f3, marcando as\u00ed el comienzo de su trabajo como fot\u00f3grafo.\u00a0<\/span><\/p>\n<p><span style=\"font-weight: 400;\">Desde 1991 es parte del colectivo Tendance Floue, del cual tambi\u00e9n es cofundador. En 1995 se embarc\u00f3 en el primero de una larga serie de viajes a Chiapas, M\u00e9xico, que lo llev\u00f3 a documentar la insurrecci\u00f3n zapatista durante m\u00e1s de 20 a\u00f1os, motivado por la influencia de este movimiento cultural y pol\u00edtico.\u00a0<\/span><\/p>\n<p>&nbsp;<\/p>\n\n<p>&nbsp;<\/p>\n<p><span style=\"font-weight: 400;\">En la misma l\u00ednea, durante dos d\u00e9cadas y siete viajes, ha recorrido el mundo documentando grandes eventos pol\u00edticos y luchas sociales, con su impacto en la vida cotidiana, en la participaci\u00f3n democr\u00e1tica y en las formas de reivindicaci\u00f3n de diferentes identidades. As\u00ed, en su trabajo podemos hallar reflejos sobre las distintas materializaciones del acto pol\u00edtico y de las utop\u00edas que los abrazan.\u00a0<\/span><\/p>\n<p><span style=\"font-weight: 400;\">Este a\u00f1o, en el Festival Internacional de Fotograf\u00eda de Valpara\u00edso, el fot\u00f3grafo franc\u00e9s lider\u00f3 el workshop \u201cNarrativa fotogr\u00e1fica colectiva\u201d, que cont\u00f3 con la participaci\u00f3n de 11 fot\u00f3grafxs chilenxs y argentinxs.\u00a0<\/span><\/p>\n<p><span style=\"font-weight: 400;\">Te invitamos a conocer los resultados de este trabajo el mi\u00e9rcoles 28 de octubre, a las 14:30 hrs. mismo d\u00eda en que el fot\u00f3grafo ofrecer\u00e1 un di\u00e1logo fotogr\u00e1fico a las 12:00 hrs.\u00a0<\/span><\/p>\n<p><b>Programaci\u00f3n y transmisi\u00f3n en www.fifv.cl.<\/b><\/p>\n","protected":false},"excerpt":{"rendered":"<p>Por: Cristofer D\u00edaz R\u00edos &nbsp; A finales de los 80, el franc\u00e9s Mat Jacob viaja a China y -por casualidad- se encuentra con el inicio de una espectacular mutaci\u00f3n mundial. Obviamente, lo document\u00f3, marcando as\u00ed el comienzo de su trabajo como fot\u00f3grafo.\u00a0 Desde 1991 es parte del colectivo Tendance Floue, del cual tambi\u00e9n es cofundador. [&hellip;]<\/p>\n","protected":false},"author":3,"featured_media":8581,"comment_status":"closed","ping_status":"closed","sticky":false,"template":"","format":"standard","meta":{"_acf_changed":false,"footnotes":""},"categories":[8],"tags":[],"class_list":["post-8577","post","type-post","status-publish","format-standard","has-post-thumbnail","hentry","category-noticia"],"acf":[],"yoast_head":"<!-- This site is optimized with the Yoast SEO plugin v27.1.1 - https:\/\/yoast.com\/product\/yoast-seo-wordpress\/ -->\n<title>Talleristas FIFV 2020: Mat Jacob - Valpara\u00ed\u00adso Creativo<\/title>\n<meta name=\"robots\" content=\"index, follow, max-snippet:-1, max-image-preview:large, max-video-preview:-1\" \/>\n<link rel=\"canonical\" href=\"https:\/\/dev.antudigital.cl\/sites\/vc\/talleristas-fifv-2020-mat-jacob\/\" \/>\n<meta property=\"og:locale\" content=\"es_ES\" \/>\n<meta property=\"og:type\" content=\"article\" \/>\n<meta property=\"og:title\" content=\"Talleristas FIFV 2020: Mat Jacob - Valpara\u00ed\u00adso Creativo\" \/>\n<meta property=\"og:description\" content=\"Por: Cristofer D\u00edaz R\u00edos &nbsp; A finales de los 80, el franc\u00e9s Mat Jacob viaja a China y -por casualidad- se encuentra con el inicio de una espectacular mutaci\u00f3n mundial. Obviamente, lo document\u00f3, marcando as\u00ed el comienzo de su trabajo como fot\u00f3grafo.\u00a0 Desde 1991 es parte del colectivo Tendance Floue, del cual tambi\u00e9n es cofundador. [&hellip;]\" \/>\n<meta property=\"og:url\" content=\"https:\/\/dev.antudigital.cl\/sites\/vc\/talleristas-fifv-2020-mat-jacob\/\" \/>\n<meta property=\"og:site_name\" content=\"Valpara\u00ed\u00adso Creativo\" \/>\n<meta property=\"article:published_time\" content=\"2020-10-26T15:50:46+00:00\" \/>\n<meta property=\"og:image\" content=\"https:\/\/dev.antudigital.cl\/sites\/vc\/wp-content\/uploads\/2020\/10\/002.jpg\" \/>\n\t<meta property=\"og:image:width\" content=\"1280\" \/>\n\t<meta property=\"og:image:height\" content=\"850\" \/>\n\t<meta property=\"og:image:type\" content=\"image\/jpeg\" \/>\n<meta name=\"author\" content=\"Valparaiso Creativo\" \/>\n<meta name=\"twitter:card\" content=\"summary_large_image\" \/>\n<meta name=\"twitter:label1\" content=\"Escrito por\" \/>\n\t<meta name=\"twitter:data1\" content=\"Valparaiso Creativo\" \/>\n\t<meta name=\"twitter:label2\" content=\"Tiempo de lectura\" \/>\n\t<meta name=\"twitter:data2\" content=\"1 minuto\" \/>\n<script type=\"application\/ld+json\" class=\"yoast-schema-graph\">{\"@context\":\"https:\/\/schema.org\",\"@graph\":[{\"@type\":\"Article\",\"@id\":\"https:\/\/dev.antudigital.cl\/sites\/vc\/talleristas-fifv-2020-mat-jacob\/#article\",\"isPartOf\":{\"@id\":\"https:\/\/dev.antudigital.cl\/sites\/vc\/talleristas-fifv-2020-mat-jacob\/\"},\"author\":{\"name\":\"Valparaiso Creativo\",\"@id\":\"https:\/\/dev.antudigital.cl\/sites\/vc\/#\/schema\/person\/81d1dcd51abd542b5dfc00f5f951a0f1\"},\"headline\":\"Talleristas FIFV 2020: Mat Jacob\",\"datePublished\":\"2020-10-26T15:50:46+00:00\",\"mainEntityOfPage\":{\"@id\":\"https:\/\/dev.antudigital.cl\/sites\/vc\/talleristas-fifv-2020-mat-jacob\/\"},\"wordCount\":253,\"image\":{\"@id\":\"https:\/\/dev.antudigital.cl\/sites\/vc\/talleristas-fifv-2020-mat-jacob\/#primaryimage\"},\"thumbnailUrl\":\"https:\/\/dev.antudigital.cl\/sites\/vc\/wp-content\/uploads\/2020\/10\/002.jpg\",\"articleSection\":[\"Noticia\"],\"inLanguage\":\"es\"},{\"@type\":\"WebPage\",\"@id\":\"https:\/\/dev.antudigital.cl\/sites\/vc\/talleristas-fifv-2020-mat-jacob\/\",\"url\":\"https:\/\/dev.antudigital.cl\/sites\/vc\/talleristas-fifv-2020-mat-jacob\/\",\"name\":\"Talleristas FIFV 2020: Mat Jacob - Valpara\u00ed\u00adso Creativo\",\"isPartOf\":{\"@id\":\"https:\/\/dev.antudigital.cl\/sites\/vc\/#website\"},\"primaryImageOfPage\":{\"@id\":\"https:\/\/dev.antudigital.cl\/sites\/vc\/talleristas-fifv-2020-mat-jacob\/#primaryimage\"},\"image\":{\"@id\":\"https:\/\/dev.antudigital.cl\/sites\/vc\/talleristas-fifv-2020-mat-jacob\/#primaryimage\"},\"thumbnailUrl\":\"https:\/\/dev.antudigital.cl\/sites\/vc\/wp-content\/uploads\/2020\/10\/002.jpg\",\"datePublished\":\"2020-10-26T15:50:46+00:00\",\"author\":{\"@id\":\"https:\/\/dev.antudigital.cl\/sites\/vc\/#\/schema\/person\/81d1dcd51abd542b5dfc00f5f951a0f1\"},\"breadcrumb\":{\"@id\":\"https:\/\/dev.antudigital.cl\/sites\/vc\/talleristas-fifv-2020-mat-jacob\/#breadcrumb\"},\"inLanguage\":\"es\",\"potentialAction\":[{\"@type\":\"ReadAction\",\"target\":[\"https:\/\/dev.antudigital.cl\/sites\/vc\/talleristas-fifv-2020-mat-jacob\/\"]}]},{\"@type\":\"ImageObject\",\"inLanguage\":\"es\",\"@id\":\"https:\/\/dev.antudigital.cl\/sites\/vc\/talleristas-fifv-2020-mat-jacob\/#primaryimage\",\"url\":\"https:\/\/dev.antudigital.cl\/sites\/vc\/wp-content\/uploads\/2020\/10\/002.jpg\",\"contentUrl\":\"https:\/\/dev.antudigital.cl\/sites\/vc\/wp-content\/uploads\/2020\/10\/002.jpg\",\"width\":1280,\"height\":850},{\"@type\":\"BreadcrumbList\",\"@id\":\"https:\/\/dev.antudigital.cl\/sites\/vc\/talleristas-fifv-2020-mat-jacob\/#breadcrumb\",\"itemListElement\":[{\"@type\":\"ListItem\",\"position\":1,\"name\":\"Home\",\"item\":\"https:\/\/dev.antudigital.cl\/sites\/vc\/\"},{\"@type\":\"ListItem\",\"position\":2,\"name\":\"Talleristas FIFV 2020: Mat Jacob\"}]},{\"@type\":\"WebSite\",\"@id\":\"https:\/\/dev.antudigital.cl\/sites\/vc\/#website\",\"url\":\"https:\/\/dev.antudigital.cl\/sites\/vc\/\",\"name\":\"Valpara\u00ed\u00adso Creativo\",\"description\":\"\",\"potentialAction\":[{\"@type\":\"SearchAction\",\"target\":{\"@type\":\"EntryPoint\",\"urlTemplate\":\"https:\/\/dev.antudigital.cl\/sites\/vc\/?s={search_term_string}\"},\"query-input\":{\"@type\":\"PropertyValueSpecification\",\"valueRequired\":true,\"valueName\":\"search_term_string\"}}],\"inLanguage\":\"es\"},{\"@type\":\"Person\",\"@id\":\"https:\/\/dev.antudigital.cl\/sites\/vc\/#\/schema\/person\/81d1dcd51abd542b5dfc00f5f951a0f1\",\"name\":\"Valparaiso Creativo\",\"url\":\"https:\/\/dev.antudigital.cl\/sites\/vc\/author\/valparaiso-creativo\/\"}]}<\/script>\n<!-- \/ Yoast SEO plugin. -->","yoast_head_json":{"title":"Talleristas FIFV 2020: Mat Jacob - Valpara\u00ed\u00adso Creativo","robots":{"index":"index","follow":"follow","max-snippet":"max-snippet:-1","max-image-preview":"max-image-preview:large","max-video-preview":"max-video-preview:-1"},"canonical":"https:\/\/dev.antudigital.cl\/sites\/vc\/talleristas-fifv-2020-mat-jacob\/","og_locale":"es_ES","og_type":"article","og_title":"Talleristas FIFV 2020: Mat Jacob - Valpara\u00ed\u00adso Creativo","og_description":"Por: Cristofer D\u00edaz R\u00edos &nbsp; A finales de los 80, el franc\u00e9s Mat Jacob viaja a China y -por casualidad- se encuentra con el inicio de una espectacular mutaci\u00f3n mundial. Obviamente, lo document\u00f3, marcando as\u00ed el comienzo de su trabajo como fot\u00f3grafo.\u00a0 Desde 1991 es parte del colectivo Tendance Floue, del cual tambi\u00e9n es cofundador. [&hellip;]","og_url":"https:\/\/dev.antudigital.cl\/sites\/vc\/talleristas-fifv-2020-mat-jacob\/","og_site_name":"Valpara\u00ed\u00adso Creativo","article_published_time":"2020-10-26T15:50:46+00:00","og_image":[{"width":1280,"height":850,"url":"https:\/\/dev.antudigital.cl\/sites\/vc\/wp-content\/uploads\/2020\/10\/002.jpg","type":"image\/jpeg"}],"author":"Valparaiso Creativo","twitter_card":"summary_large_image","twitter_misc":{"Escrito por":"Valparaiso Creativo","Tiempo de lectura":"1 minuto"},"schema":{"@context":"https:\/\/schema.org","@graph":[{"@type":"Article","@id":"https:\/\/dev.antudigital.cl\/sites\/vc\/talleristas-fifv-2020-mat-jacob\/#article","isPartOf":{"@id":"https:\/\/dev.antudigital.cl\/sites\/vc\/talleristas-fifv-2020-mat-jacob\/"},"author":{"name":"Valparaiso Creativo","@id":"https:\/\/dev.antudigital.cl\/sites\/vc\/#\/schema\/person\/81d1dcd51abd542b5dfc00f5f951a0f1"},"headline":"Talleristas FIFV 2020: Mat Jacob","datePublished":"2020-10-26T15:50:46+00:00","mainEntityOfPage":{"@id":"https:\/\/dev.antudigital.cl\/sites\/vc\/talleristas-fifv-2020-mat-jacob\/"},"wordCount":253,"image":{"@id":"https:\/\/dev.antudigital.cl\/sites\/vc\/talleristas-fifv-2020-mat-jacob\/#primaryimage"},"thumbnailUrl":"https:\/\/dev.antudigital.cl\/sites\/vc\/wp-content\/uploads\/2020\/10\/002.jpg","articleSection":["Noticia"],"inLanguage":"es"},{"@type":"WebPage","@id":"https:\/\/dev.antudigital.cl\/sites\/vc\/talleristas-fifv-2020-mat-jacob\/","url":"https:\/\/dev.antudigital.cl\/sites\/vc\/talleristas-fifv-2020-mat-jacob\/","name":"Talleristas FIFV 2020: Mat Jacob - Valpara\u00ed\u00adso Creativo","isPartOf":{"@id":"https:\/\/dev.antudigital.cl\/sites\/vc\/#website"},"primaryImageOfPage":{"@id":"https:\/\/dev.antudigital.cl\/sites\/vc\/talleristas-fifv-2020-mat-jacob\/#primaryimage"},"image":{"@id":"https:\/\/dev.antudigital.cl\/sites\/vc\/talleristas-fifv-2020-mat-jacob\/#primaryimage"},"thumbnailUrl":"https:\/\/dev.antudigital.cl\/sites\/vc\/wp-content\/uploads\/2020\/10\/002.jpg","datePublished":"2020-10-26T15:50:46+00:00","author":{"@id":"https:\/\/dev.antudigital.cl\/sites\/vc\/#\/schema\/person\/81d1dcd51abd542b5dfc00f5f951a0f1"},"breadcrumb":{"@id":"https:\/\/dev.antudigital.cl\/sites\/vc\/talleristas-fifv-2020-mat-jacob\/#breadcrumb"},"inLanguage":"es","potentialAction":[{"@type":"ReadAction","target":["https:\/\/dev.antudigital.cl\/sites\/vc\/talleristas-fifv-2020-mat-jacob\/"]}]},{"@type":"ImageObject","inLanguage":"es","@id":"https:\/\/dev.antudigital.cl\/sites\/vc\/talleristas-fifv-2020-mat-jacob\/#primaryimage","url":"https:\/\/dev.antudigital.cl\/sites\/vc\/wp-content\/uploads\/2020\/10\/002.jpg","contentUrl":"https:\/\/dev.antudigital.cl\/sites\/vc\/wp-content\/uploads\/2020\/10\/002.jpg","width":1280,"height":850},{"@type":"BreadcrumbList","@id":"https:\/\/dev.antudigital.cl\/sites\/vc\/talleristas-fifv-2020-mat-jacob\/#breadcrumb","itemListElement":[{"@type":"ListItem","position":1,"name":"Home","item":"https:\/\/dev.antudigital.cl\/sites\/vc\/"},{"@type":"ListItem","position":2,"name":"Talleristas FIFV 2020: Mat Jacob"}]},{"@type":"WebSite","@id":"https:\/\/dev.antudigital.cl\/sites\/vc\/#website","url":"https:\/\/dev.antudigital.cl\/sites\/vc\/","name":"Valpara\u00ed\u00adso Creativo","description":"","potentialAction":[{"@type":"SearchAction","target":{"@type":"EntryPoint","urlTemplate":"https:\/\/dev.antudigital.cl\/sites\/vc\/?s={search_term_string}"},"query-input":{"@type":"PropertyValueSpecification","valueRequired":true,"valueName":"search_term_string"}}],"inLanguage":"es"},{"@type":"Person","@id":"https:\/\/dev.antudigital.cl\/sites\/vc\/#\/schema\/person\/81d1dcd51abd542b5dfc00f5f951a0f1","name":"Valparaiso Creativo","url":"https:\/\/dev.antudigital.cl\/sites\/vc\/author\/valparaiso-creativo\/"}]}},"_links":{"self":[{"href":"https:\/\/dev.antudigital.cl\/sites\/vc\/wp-json\/wp\/v2\/posts\/8577","targetHints":{"allow":["GET"]}}],"collection":[{"href":"https:\/\/dev.antudigital.cl\/sites\/vc\/wp-json\/wp\/v2\/posts"}],"about":[{"href":"https:\/\/dev.antudigital.cl\/sites\/vc\/wp-json\/wp\/v2\/types\/post"}],"author":[{"embeddable":true,"href":"https:\/\/dev.antudigital.cl\/sites\/vc\/wp-json\/wp\/v2\/users\/3"}],"replies":[{"embeddable":true,"href":"https:\/\/dev.antudigital.cl\/sites\/vc\/wp-json\/wp\/v2\/comments?post=8577"}],"version-history":[{"count":0,"href":"https:\/\/dev.antudigital.cl\/sites\/vc\/wp-json\/wp\/v2\/posts\/8577\/revisions"}],"wp:featuredmedia":[{"embeddable":true,"href":"https:\/\/dev.antudigital.cl\/sites\/vc\/wp-json\/wp\/v2\/media\/8581"}],"wp:attachment":[{"href":"https:\/\/dev.antudigital.cl\/sites\/vc\/wp-json\/wp\/v2\/media?parent=8577"}],"wp:term":[{"taxonomy":"category","embeddable":true,"href":"https:\/\/dev.antudigital.cl\/sites\/vc\/wp-json\/wp\/v2\/categories?post=8577"},{"taxonomy":"post_tag","embeddable":true,"href":"https:\/\/dev.antudigital.cl\/sites\/vc\/wp-json\/wp\/v2\/tags?post=8577"}],"curies":[{"name":"wp","href":"https:\/\/api.w.org\/{rel}","templated":true}]}}