{"id":8590,"date":"2020-10-19T19:08:21","date_gmt":"2020-10-19T19:08:21","guid":{"rendered":"https:\/\/www.valparaisocreativo.cl\/?p=5341"},"modified":"2020-10-19T19:08:21","modified_gmt":"2020-10-19T19:08:21","slug":"ya-esta-cerca-el-24-encuentro-empresarial-colabora","status":"publish","type":"post","link":"https:\/\/dev.antudigital.cl\/sites\/vc\/ya-esta-cerca-el-24-encuentro-empresarial-colabora\/","title":{"rendered":"Ya est\u00e1 cerca el 24\u00b0 Encuentro Empresarial Colabora"},"content":{"rendered":"<p>La C\u00e1mara Regional de Comercio de Valpara\u00edso invita a la 24va versi\u00f3n del Encuentro Empresarial Colabora <strong>el pr\u00f3ximo 27 y 28 de octubre, una experiencia totalmente virtual <\/strong>disponible para todo el territorio.<\/p>\n<p>Seminarios, expositores de primer nivel nacionales e internacionales y la rueda de negocios m\u00e1s grande que se haya realizado hasta el momento, son parte de las actividades en las que los asistentes podr\u00e1n participar de forma completamente digital. A trav\u00e9s de estas instancias se pretende instalar el debate sobre temas como la ciencia de los datos, reactivaci\u00f3n del turismo, sostenibilidad, transformaci\u00f3n digital, entre otros.<\/p>\n<p>\u00a1Atent@s! Que pronto se entregar\u00e1n m\u00e1s anuncios y novedades del evento, por lo que pueden seguir las actualizaciones en Twitter (@CRCPValpo), Instagram (@CRCPValparaiso), LinkedIn y Facebook (C\u00e1mara Regional del Comercio de Valpara\u00edso).<\/p>\n<p><img fetchpriority=\"high\" decoding=\"async\" class=\"alignleft size-medium wp-image-5343\" src=\"https:\/\/www.valparaisocreativo.cl\/wp-content\/uploads\/2020\/10\/24EE-300x300.jpg\" alt=\"\" width=\"300\" height=\"300\" \/><\/p>\n","protected":false},"excerpt":{"rendered":"<p>La C\u00e1mara Regional de Comercio de Valpara\u00edso invita a la 24va versi\u00f3n del Encuentro Empresarial Colabora el pr\u00f3ximo 27 y 28 de octubre, una experiencia totalmente virtual disponible para todo el territorio. Seminarios, expositores de primer nivel nacionales e internacionales y la rueda de negocios m\u00e1s grande que se haya realizado hasta el momento, son [&hellip;]<\/p>\n","protected":false},"author":3,"featured_media":8591,"comment_status":"closed","ping_status":"closed","sticky":false,"template":"","format":"standard","meta":{"_acf_changed":false,"footnotes":""},"categories":[8],"tags":[],"class_list":["post-8590","post","type-post","status-publish","format-standard","has-post-thumbnail","hentry","category-noticia"],"acf":[],"yoast_head":"<!-- This site is optimized with the Yoast SEO plugin v27.1.1 - https:\/\/yoast.com\/product\/yoast-seo-wordpress\/ -->\n<title>Ya est\u00e1 cerca el 24\u00b0 Encuentro Empresarial Colabora - Valpara\u00ed\u00adso Creativo<\/title>\n<meta name=\"robots\" content=\"index, follow, max-snippet:-1, max-image-preview:large, max-video-preview:-1\" \/>\n<link rel=\"canonical\" href=\"https:\/\/dev.antudigital.cl\/sites\/vc\/ya-esta-cerca-el-24-encuentro-empresarial-colabora\/\" \/>\n<meta property=\"og:locale\" content=\"es_ES\" \/>\n<meta property=\"og:type\" content=\"article\" \/>\n<meta property=\"og:title\" content=\"Ya est\u00e1 cerca el 24\u00b0 Encuentro Empresarial Colabora - Valpara\u00ed\u00adso Creativo\" \/>\n<meta property=\"og:description\" content=\"La C\u00e1mara Regional de Comercio de Valpara\u00edso invita a la 24va versi\u00f3n del Encuentro Empresarial Colabora el pr\u00f3ximo 27 y 28 de octubre, una experiencia totalmente virtual disponible para todo el territorio. Seminarios, expositores de primer nivel nacionales e internacionales y la rueda de negocios m\u00e1s grande que se haya realizado hasta el momento, son [&hellip;]\" \/>\n<meta property=\"og:url\" content=\"https:\/\/dev.antudigital.cl\/sites\/vc\/ya-esta-cerca-el-24-encuentro-empresarial-colabora\/\" \/>\n<meta property=\"og:site_name\" content=\"Valpara\u00ed\u00adso Creativo\" \/>\n<meta property=\"article:published_time\" content=\"2020-10-19T19:08:21+00:00\" \/>\n<meta property=\"og:image\" content=\"https:\/\/dev.antudigital.cl\/sites\/vc\/wp-content\/uploads\/2020\/10\/24EE-1.jpg\" \/>\n\t<meta property=\"og:image:width\" content=\"1080\" \/>\n\t<meta property=\"og:image:height\" content=\"754\" \/>\n\t<meta property=\"og:image:type\" content=\"image\/jpeg\" \/>\n<meta name=\"author\" content=\"Valparaiso Creativo\" \/>\n<meta name=\"twitter:card\" content=\"summary_large_image\" \/>\n<meta name=\"twitter:label1\" content=\"Escrito por\" \/>\n\t<meta name=\"twitter:data1\" content=\"Valparaiso Creativo\" \/>\n\t<meta name=\"twitter:label2\" content=\"Tiempo de lectura\" \/>\n\t<meta name=\"twitter:data2\" content=\"1 minuto\" \/>\n<script type=\"application\/ld+json\" class=\"yoast-schema-graph\">{\"@context\":\"https:\/\/schema.org\",\"@graph\":[{\"@type\":\"Article\",\"@id\":\"https:\/\/dev.antudigital.cl\/sites\/vc\/ya-esta-cerca-el-24-encuentro-empresarial-colabora\/#article\",\"isPartOf\":{\"@id\":\"https:\/\/dev.antudigital.cl\/sites\/vc\/ya-esta-cerca-el-24-encuentro-empresarial-colabora\/\"},\"author\":{\"name\":\"Valparaiso Creativo\",\"@id\":\"https:\/\/dev.antudigital.cl\/sites\/vc\/#\/schema\/person\/81d1dcd51abd542b5dfc00f5f951a0f1\"},\"headline\":\"Ya est\u00e1 cerca el 24\u00b0 Encuentro Empresarial Colabora\",\"datePublished\":\"2020-10-19T19:08:21+00:00\",\"mainEntityOfPage\":{\"@id\":\"https:\/\/dev.antudigital.cl\/sites\/vc\/ya-esta-cerca-el-24-encuentro-empresarial-colabora\/\"},\"wordCount\":147,\"image\":{\"@id\":\"https:\/\/dev.antudigital.cl\/sites\/vc\/ya-esta-cerca-el-24-encuentro-empresarial-colabora\/#primaryimage\"},\"thumbnailUrl\":\"https:\/\/dev.antudigital.cl\/sites\/vc\/wp-content\/uploads\/2020\/10\/24EE-1.jpg\",\"articleSection\":[\"Noticia\"],\"inLanguage\":\"es\"},{\"@type\":\"WebPage\",\"@id\":\"https:\/\/dev.antudigital.cl\/sites\/vc\/ya-esta-cerca-el-24-encuentro-empresarial-colabora\/\",\"url\":\"https:\/\/dev.antudigital.cl\/sites\/vc\/ya-esta-cerca-el-24-encuentro-empresarial-colabora\/\",\"name\":\"Ya est\u00e1 cerca el 24\u00b0 Encuentro Empresarial Colabora - Valpara\u00ed\u00adso Creativo\",\"isPartOf\":{\"@id\":\"https:\/\/dev.antudigital.cl\/sites\/vc\/#website\"},\"primaryImageOfPage\":{\"@id\":\"https:\/\/dev.antudigital.cl\/sites\/vc\/ya-esta-cerca-el-24-encuentro-empresarial-colabora\/#primaryimage\"},\"image\":{\"@id\":\"https:\/\/dev.antudigital.cl\/sites\/vc\/ya-esta-cerca-el-24-encuentro-empresarial-colabora\/#primaryimage\"},\"thumbnailUrl\":\"https:\/\/dev.antudigital.cl\/sites\/vc\/wp-content\/uploads\/2020\/10\/24EE-1.jpg\",\"datePublished\":\"2020-10-19T19:08:21+00:00\",\"author\":{\"@id\":\"https:\/\/dev.antudigital.cl\/sites\/vc\/#\/schema\/person\/81d1dcd51abd542b5dfc00f5f951a0f1\"},\"breadcrumb\":{\"@id\":\"https:\/\/dev.antudigital.cl\/sites\/vc\/ya-esta-cerca-el-24-encuentro-empresarial-colabora\/#breadcrumb\"},\"inLanguage\":\"es\",\"potentialAction\":[{\"@type\":\"ReadAction\",\"target\":[\"https:\/\/dev.antudigital.cl\/sites\/vc\/ya-esta-cerca-el-24-encuentro-empresarial-colabora\/\"]}]},{\"@type\":\"ImageObject\",\"inLanguage\":\"es\",\"@id\":\"https:\/\/dev.antudigital.cl\/sites\/vc\/ya-esta-cerca-el-24-encuentro-empresarial-colabora\/#primaryimage\",\"url\":\"https:\/\/dev.antudigital.cl\/sites\/vc\/wp-content\/uploads\/2020\/10\/24EE-1.jpg\",\"contentUrl\":\"https:\/\/dev.antudigital.cl\/sites\/vc\/wp-content\/uploads\/2020\/10\/24EE-1.jpg\",\"width\":1080,\"height\":754},{\"@type\":\"BreadcrumbList\",\"@id\":\"https:\/\/dev.antudigital.cl\/sites\/vc\/ya-esta-cerca-el-24-encuentro-empresarial-colabora\/#breadcrumb\",\"itemListElement\":[{\"@type\":\"ListItem\",\"position\":1,\"name\":\"Home\",\"item\":\"https:\/\/dev.antudigital.cl\/sites\/vc\/\"},{\"@type\":\"ListItem\",\"position\":2,\"name\":\"Ya est\u00e1 cerca el 24\u00b0 Encuentro Empresarial Colabora\"}]},{\"@type\":\"WebSite\",\"@id\":\"https:\/\/dev.antudigital.cl\/sites\/vc\/#website\",\"url\":\"https:\/\/dev.antudigital.cl\/sites\/vc\/\",\"name\":\"Valpara\u00ed\u00adso Creativo\",\"description\":\"\",\"potentialAction\":[{\"@type\":\"SearchAction\",\"target\":{\"@type\":\"EntryPoint\",\"urlTemplate\":\"https:\/\/dev.antudigital.cl\/sites\/vc\/?s={search_term_string}\"},\"query-input\":{\"@type\":\"PropertyValueSpecification\",\"valueRequired\":true,\"valueName\":\"search_term_string\"}}],\"inLanguage\":\"es\"},{\"@type\":\"Person\",\"@id\":\"https:\/\/dev.antudigital.cl\/sites\/vc\/#\/schema\/person\/81d1dcd51abd542b5dfc00f5f951a0f1\",\"name\":\"Valparaiso Creativo\",\"url\":\"https:\/\/dev.antudigital.cl\/sites\/vc\/author\/valparaiso-creativo\/\"}]}<\/script>\n<!-- \/ Yoast SEO plugin. -->","yoast_head_json":{"title":"Ya est\u00e1 cerca el 24\u00b0 Encuentro Empresarial Colabora - Valpara\u00ed\u00adso Creativo","robots":{"index":"index","follow":"follow","max-snippet":"max-snippet:-1","max-image-preview":"max-image-preview:large","max-video-preview":"max-video-preview:-1"},"canonical":"https:\/\/dev.antudigital.cl\/sites\/vc\/ya-esta-cerca-el-24-encuentro-empresarial-colabora\/","og_locale":"es_ES","og_type":"article","og_title":"Ya est\u00e1 cerca el 24\u00b0 Encuentro Empresarial Colabora - Valpara\u00ed\u00adso Creativo","og_description":"La C\u00e1mara Regional de Comercio de Valpara\u00edso invita a la 24va versi\u00f3n del Encuentro Empresarial Colabora el pr\u00f3ximo 27 y 28 de octubre, una experiencia totalmente virtual disponible para todo el territorio. Seminarios, expositores de primer nivel nacionales e internacionales y la rueda de negocios m\u00e1s grande que se haya realizado hasta el momento, son [&hellip;]","og_url":"https:\/\/dev.antudigital.cl\/sites\/vc\/ya-esta-cerca-el-24-encuentro-empresarial-colabora\/","og_site_name":"Valpara\u00ed\u00adso Creativo","article_published_time":"2020-10-19T19:08:21+00:00","og_image":[{"width":1080,"height":754,"url":"https:\/\/dev.antudigital.cl\/sites\/vc\/wp-content\/uploads\/2020\/10\/24EE-1.jpg","type":"image\/jpeg"}],"author":"Valparaiso Creativo","twitter_card":"summary_large_image","twitter_misc":{"Escrito por":"Valparaiso Creativo","Tiempo de lectura":"1 minuto"},"schema":{"@context":"https:\/\/schema.org","@graph":[{"@type":"Article","@id":"https:\/\/dev.antudigital.cl\/sites\/vc\/ya-esta-cerca-el-24-encuentro-empresarial-colabora\/#article","isPartOf":{"@id":"https:\/\/dev.antudigital.cl\/sites\/vc\/ya-esta-cerca-el-24-encuentro-empresarial-colabora\/"},"author":{"name":"Valparaiso Creativo","@id":"https:\/\/dev.antudigital.cl\/sites\/vc\/#\/schema\/person\/81d1dcd51abd542b5dfc00f5f951a0f1"},"headline":"Ya est\u00e1 cerca el 24\u00b0 Encuentro Empresarial Colabora","datePublished":"2020-10-19T19:08:21+00:00","mainEntityOfPage":{"@id":"https:\/\/dev.antudigital.cl\/sites\/vc\/ya-esta-cerca-el-24-encuentro-empresarial-colabora\/"},"wordCount":147,"image":{"@id":"https:\/\/dev.antudigital.cl\/sites\/vc\/ya-esta-cerca-el-24-encuentro-empresarial-colabora\/#primaryimage"},"thumbnailUrl":"https:\/\/dev.antudigital.cl\/sites\/vc\/wp-content\/uploads\/2020\/10\/24EE-1.jpg","articleSection":["Noticia"],"inLanguage":"es"},{"@type":"WebPage","@id":"https:\/\/dev.antudigital.cl\/sites\/vc\/ya-esta-cerca-el-24-encuentro-empresarial-colabora\/","url":"https:\/\/dev.antudigital.cl\/sites\/vc\/ya-esta-cerca-el-24-encuentro-empresarial-colabora\/","name":"Ya est\u00e1 cerca el 24\u00b0 Encuentro Empresarial Colabora - Valpara\u00ed\u00adso Creativo","isPartOf":{"@id":"https:\/\/dev.antudigital.cl\/sites\/vc\/#website"},"primaryImageOfPage":{"@id":"https:\/\/dev.antudigital.cl\/sites\/vc\/ya-esta-cerca-el-24-encuentro-empresarial-colabora\/#primaryimage"},"image":{"@id":"https:\/\/dev.antudigital.cl\/sites\/vc\/ya-esta-cerca-el-24-encuentro-empresarial-colabora\/#primaryimage"},"thumbnailUrl":"https:\/\/dev.antudigital.cl\/sites\/vc\/wp-content\/uploads\/2020\/10\/24EE-1.jpg","datePublished":"2020-10-19T19:08:21+00:00","author":{"@id":"https:\/\/dev.antudigital.cl\/sites\/vc\/#\/schema\/person\/81d1dcd51abd542b5dfc00f5f951a0f1"},"breadcrumb":{"@id":"https:\/\/dev.antudigital.cl\/sites\/vc\/ya-esta-cerca-el-24-encuentro-empresarial-colabora\/#breadcrumb"},"inLanguage":"es","potentialAction":[{"@type":"ReadAction","target":["https:\/\/dev.antudigital.cl\/sites\/vc\/ya-esta-cerca-el-24-encuentro-empresarial-colabora\/"]}]},{"@type":"ImageObject","inLanguage":"es","@id":"https:\/\/dev.antudigital.cl\/sites\/vc\/ya-esta-cerca-el-24-encuentro-empresarial-colabora\/#primaryimage","url":"https:\/\/dev.antudigital.cl\/sites\/vc\/wp-content\/uploads\/2020\/10\/24EE-1.jpg","contentUrl":"https:\/\/dev.antudigital.cl\/sites\/vc\/wp-content\/uploads\/2020\/10\/24EE-1.jpg","width":1080,"height":754},{"@type":"BreadcrumbList","@id":"https:\/\/dev.antudigital.cl\/sites\/vc\/ya-esta-cerca-el-24-encuentro-empresarial-colabora\/#breadcrumb","itemListElement":[{"@type":"ListItem","position":1,"name":"Home","item":"https:\/\/dev.antudigital.cl\/sites\/vc\/"},{"@type":"ListItem","position":2,"name":"Ya est\u00e1 cerca el 24\u00b0 Encuentro Empresarial Colabora"}]},{"@type":"WebSite","@id":"https:\/\/dev.antudigital.cl\/sites\/vc\/#website","url":"https:\/\/dev.antudigital.cl\/sites\/vc\/","name":"Valpara\u00ed\u00adso Creativo","description":"","potentialAction":[{"@type":"SearchAction","target":{"@type":"EntryPoint","urlTemplate":"https:\/\/dev.antudigital.cl\/sites\/vc\/?s={search_term_string}"},"query-input":{"@type":"PropertyValueSpecification","valueRequired":true,"valueName":"search_term_string"}}],"inLanguage":"es"},{"@type":"Person","@id":"https:\/\/dev.antudigital.cl\/sites\/vc\/#\/schema\/person\/81d1dcd51abd542b5dfc00f5f951a0f1","name":"Valparaiso Creativo","url":"https:\/\/dev.antudigital.cl\/sites\/vc\/author\/valparaiso-creativo\/"}]}},"_links":{"self":[{"href":"https:\/\/dev.antudigital.cl\/sites\/vc\/wp-json\/wp\/v2\/posts\/8590","targetHints":{"allow":["GET"]}}],"collection":[{"href":"https:\/\/dev.antudigital.cl\/sites\/vc\/wp-json\/wp\/v2\/posts"}],"about":[{"href":"https:\/\/dev.antudigital.cl\/sites\/vc\/wp-json\/wp\/v2\/types\/post"}],"author":[{"embeddable":true,"href":"https:\/\/dev.antudigital.cl\/sites\/vc\/wp-json\/wp\/v2\/users\/3"}],"replies":[{"embeddable":true,"href":"https:\/\/dev.antudigital.cl\/sites\/vc\/wp-json\/wp\/v2\/comments?post=8590"}],"version-history":[{"count":0,"href":"https:\/\/dev.antudigital.cl\/sites\/vc\/wp-json\/wp\/v2\/posts\/8590\/revisions"}],"wp:featuredmedia":[{"embeddable":true,"href":"https:\/\/dev.antudigital.cl\/sites\/vc\/wp-json\/wp\/v2\/media\/8591"}],"wp:attachment":[{"href":"https:\/\/dev.antudigital.cl\/sites\/vc\/wp-json\/wp\/v2\/media?parent=8590"}],"wp:term":[{"taxonomy":"category","embeddable":true,"href":"https:\/\/dev.antudigital.cl\/sites\/vc\/wp-json\/wp\/v2\/categories?post=8590"},{"taxonomy":"post_tag","embeddable":true,"href":"https:\/\/dev.antudigital.cl\/sites\/vc\/wp-json\/wp\/v2\/tags?post=8590"}],"curies":[{"name":"wp","href":"https:\/\/api.w.org\/{rel}","templated":true}]}}