{"id":8599,"date":"2020-10-16T12:12:33","date_gmt":"2020-10-16T12:12:33","guid":{"rendered":"https:\/\/www.valparaisocreativo.cl\/?p=5328"},"modified":"2020-10-16T12:12:33","modified_gmt":"2020-10-16T12:12:33","slug":"entrevista-a-gladys-gonzalez-gestion-cultural-desde-la-literatura-con-enfoque-de-genero","status":"publish","type":"post","link":"https:\/\/dev.antudigital.cl\/sites\/vc\/entrevista-a-gladys-gonzalez-gestion-cultural-desde-la-literatura-con-enfoque-de-genero\/","title":{"rendered":"Entrevista a Gladys Gonz\u00e1lez: gesti\u00f3n cultural desde la literatura con enfoque de g\u00e9nero"},"content":{"rendered":"<p><b>Desde tu experiencia como gestora cultural, \u00bfc\u00f3mo ha sido cambiar instancias como la Feria del Libro Independiente de Valpara\u00edso a la virtualidad?<\/b><\/p>\n<p><span style=\"font-weight: 400;\">Hacer el cambio de formato no es tan sencillo, porque generar programaci\u00f3n virtual implica tener un financiamiento que se equipare al trabajo que se realiza, para contar con buenas transmisiones, o algo que se encargue de los contactos. Recae en un equipo muy peque\u00f1o, somos tres personas que hacemos todo ese trabajo.<\/span><\/p>\n<p><span style=\"font-weight: 400;\">Dentro de nuestras posibilidades y recursos, despu\u00e9s del trabajo formal, ha funcionado bastante bien. Tenemos apoyo del Plan Regional que es muy importante para estas instancias, desde donde queremos generar empleabilidad, y la raz\u00f3n por la que nos adaptamos a la virtualidad, quisimos considerar a los cuenta cuentos, quienes est\u00e1n afectados por esta situaci\u00f3n. As\u00ed hemos podido enfocarnos en su trabajo en darles honorarios.<\/span><\/p>\n<p><span style=\"font-weight: 400;\">El trabajo presencial genera relaciones, una din\u00e1mica afectiva que es mucho mejor.\u00a0<\/span><\/p>\n<p><span style=\"font-weight: 400;\">Vamos a hacer ahora en noviembre, el 14 y 15 un Festival de Literatura Infantil JONI, esta es la tercera versi\u00f3n. El a\u00f1o pasado no la pudimos hacer debido a la revuelta popular. Y el 21 y 22 haremos una feria del Libro Ilustraci\u00f3n y Gr\u00e1fica con enfoque de g\u00e9nero, que se har\u00e1n con el Plan Regional de Lectura y el PCdV, que contacta a actores nacionales para combatir el desempleo.<\/span><\/p>\n<p><span style=\"font-weight: 400;\">Y en diciembre vamos a hacer otro versi\u00f3n de la Feria Int del Libro de Valpara\u00edso, e iba a ser invitado Ecuador, pero lo enfocaremos de manera interregional, que es una propuesta nueva que se mantendr\u00e1 despu\u00e9s de la pandemia. Trabajaremos en tres d\u00edas de transmisi\u00f3n y presentaciones, coloquios y exposici\u00f3n de distintos programas y proyectos con la Regi\u00f3n de Los R\u00edos. Hay literatura infantil, investigaci\u00f3n de documentos de dictadura, revistas literarias, y marcar\u00e1 l\u00edneas de trabajo del trabajo.\u00a0<\/span><\/p>\n<p>&nbsp;<\/p>\n<p><b>\u00bfCu\u00e1les son las actividades que impulsas desde la Red Feminista del Libro y c\u00f3mo se ha desarrollado esa misma red?<\/b><\/p>\n<p><span style=\"font-weight: 400;\">La Red la empezamos a proyectar el 2016, y desde ah\u00ed hemos ido trabajando, primero desde una org\u00e1nica interna y analizar lo que se quer\u00eda realizar. Estamos realizando planes de proyectos que van a algunos a 4 o 10 a\u00f1os. Lo que ahora estamos haciendo con la Bancada Feminista Julieta Kirckwood y Carolina Marchant, es que estamos haciendo un protocolo para disidencias, y personas con dificultad motora. As\u00ed se tendr\u00e1 en los ejes program\u00e1tico enfoque de g\u00e9nero, que haya una preocupaci\u00f3n porque en estos espacios est\u00e9n las plataformas para personas con discapacidad funcional, libros braile, lengua de se\u00f1a y m\u00e1s.\u00a0<\/span><\/p>\n<p><span style=\"font-weight: 400;\">Tambi\u00e9n estamos haciendo talleres en relaci\u00f3n a habilidades y competencias ling\u00fc\u00edsticas. Hay uno para presentar proyectos editoriales, u otro con estrategias comunicativas, donde una periodista en dos sesiones explica c\u00f3mo hacer comunicados de prensa, o talleres de dise\u00f1o que seguir\u00e1n los talleres gratuitos hasta 1er semestre del 2021.\u00a0<\/span><\/p>\n<p>&nbsp;<\/p>\n<p><b>En cuanto a tu trabajo como editora en Libros del Cardo, s\u00e9 que este a\u00f1o se han adaptado al contexto de pandemia a trav\u00e9s de env\u00edos, por ejemplo, con un chico <\/b><b><i>motor boy <\/i><\/b><b>que hace los repartos. \u00bfPodr\u00edas profundizar en los desaf\u00edos y oportunidades que desde aqu\u00ed han surgido?<\/b><\/p>\n<p><span style=\"font-weight: 400;\">En t\u00e9rminos de ventas, hemos aumentado la cantidad de libros que se han vendido, y es porque trabajamos con LaKomuna, y ellos han promocionado bastante y distribuyen a lo largo de todo Chile. En Valpara\u00edso trabajamos con quien hace despacho en la Feria, y en Stgo tambi\u00e9n con otra persona, quienes son nuestros contactos de la red, que hace despacho.<\/span><\/p>\n<p><span style=\"font-weight: 400;\">Sacamos este a\u00f1o una colecci\u00f3n de grandes autores y autoras para la infancia. Tenemos una colecci\u00f3n de Virginia Wolff para ni\u00f1os, o de autoras, estamos sacando otro libro para ni\u00f1as con una primera traducci\u00f3n y un trabajo de archivo desde el \u00e1rea de la literatura infantil y juvenil, que ha permitido mantener la colecci\u00f3n. Nos permite volver a imprimir.\u00a0<\/span><\/p>\n<p><span style=\"font-weight: 400;\">Por otra parte est\u00e1n las compras anuales del Estado y de Bibliotecas P\u00fablicas del Estado, que compran libros por el alza en la lectura de libros digitales. Y eso nos ayud\u00f3 bastante.\u00a0<\/span><\/p>\n<p>&nbsp;<\/p>\n<p><b>\u00bfCu\u00e1l es tu visi\u00f3n de la gesti\u00f3n cultural en Valpara\u00edso?<\/b><\/p>\n<p><span style=\"font-weight: 400;\">Hay muchos buenos proyectos que en el tiempo se han mantenido, y creo que esa sistematicidad ha permitido instalar a Valpara\u00edso como un espacio bien diverso en el \u00e1rea de las artes. S\u00ed creo que falta un poco m\u00e1s de apoyo y profesionalizaci\u00f3n para la postulaci\u00f3n de Fondos, por ejemplo, y tambi\u00e9n un poco m\u00e1s de colaboraci\u00f3n interdisciplinaria, creo que eso es esencial, poder hacer un trabajo transdisciplinario, de esa manera los proyectos van tomando otros p\u00fablicos y generando otras audiencias. Ser\u00eda bueno salir del propio nicho para poder ir desarrollando actividades en conjunto.<\/span><\/p>\n<p><span style=\"font-weight: 400;\">S\u00ed me parece que es un espacio bastante masculinizado, lo que hace que las gestoras culturales tengan una doble carga de trabajo, hay una especie de idea de que no se puede con las mujeres. Hay que tener doble perseverancia. Tiene que ver con la idiosincrasia y la migraci\u00f3n interna de la ciudad, y tambi\u00e9n es sintom\u00e1tico porque refleja una cultura que desconoce el valor del trabajo feminizado, y en literatura se refleja en que hayan m\u00e1s autores en las mallas, o que los fondos de cultura los ganen m\u00e1s hombres. Y tiene que ver con una cosa estructural, entonces por ejemplo desde la Red trabajamos desde varias aristas que promueven entender por qu\u00e9 es importante que las minor\u00edas participen, y generar instancias que impliquen el afecto en centros culturales, trabajar con la comunidad y las representaciones. Y no s\u00f3lo en la literatura.<\/span><\/p>\n<p><span style=\"font-weight: 400;\">El trabajo de gesti\u00f3n cultural se ha extendido m\u00e1s internacionalmente, y voy a varias ferias del libro y presentar mi propio cat\u00e1logo en el extranjero. Lo que me ha hecho conocer a gente que se va motivando con los proyectos y eso es bonito de ver, c\u00f3mo se replican los proyectos fuera, y se generan otras sinergias, o incluyen a otras personas, lejos de las capitales.<\/span><\/p>\n<p>&nbsp;<\/p>\n<p><strong>\u00bfY la colaboraci\u00f3n, el trabajo en redes, c\u00f3mo se da en tu caso?<\/strong><\/p>\n<p><span style=\"font-weight: 400;\">En el caso de la Red Feminista, estamos presentes en 8 regiones, y desde cada una se van generando nuevas actividades. En Coquimbo se hizo una primera feria virtual, por ejemplo,y eso es todo un esfuerzo mancomunado de la Red. Hay gente de distintos lugares y ha sido un trabajo de aprendizaje mutuo, pues aprendemos las formas y experiencias de manera que nos vamos retroalimentando.<\/span><\/p>\n<p><span style=\"font-weight: 400;\">Trabajamos en redarqu\u00eda, que tiene que ver con la horizontalidad, aprendizaje mutuo y valoraci\u00f3n, pues trabajamos con organizaciones sin que haya un organigrama cl\u00e1sico, cada quien trabaja seg\u00fan lo que pueda aportar. Y si hay un compromiso bastante f\u00e9rreo en llevar a cabo las comisiones, que tienen dos ejes desde que se los trabaja completamente.\u00a0<\/span><\/p>\n<p><span style=\"font-weight: 400;\">Este a\u00f1o es el tema del protocolo, y tambi\u00e9n trabajar en pos un proyecto de ley de paridad de g\u00e9nero en la educaci\u00f3n chilena. Cada regi\u00f3n lo va haciendo al tiempo, en el tiempo en que se generan nuevos lazos, y despu\u00e9s en asamblea se conversa. Entonces no nos preocupamos tanto en publicitar, pues me parece que es un error de muchas organizaciones feministas. Primero vamos a desarrollar el trabajo, y cuando se trabajen m\u00e1s cosas e instancias, se har\u00e1 la promoci\u00f3n. Hay que trabajar en los lazos interregionales para que pueda mantenerse.\u00a0<\/span><\/p>\n<p><strong>\u00bfQu\u00e9 es lo que ahora se viene y nos puedes contar?<\/strong><\/p>\n<p><b>Estamos trabajando una escuela de escritura creativa, <\/b><span style=\"font-weight: 400;\">que es un proyecto que tiene relaci\u00f3n con la red porque muchas hacemos talleres de literatura como parte de la econom\u00eda dom\u00e9stica, entonces hace dos a\u00f1os surgi\u00f3 esta idea. Con un sello regional, donde escritores y escritoras de aqu\u00ed, a prop\u00f3sito de la misma feria, puedan mostrar su trabajo hacia afuera, formar j\u00f3venes, entonces es importante ese foco: infantil, tercera edad, juvenil. Es un proyecto que pasar\u00e1 el tiempo para que se fortalezca, pero comenzaremos con talleres gratuitos de dos a tres sesiones para ir viendo c\u00f3mo podemos trabajar, poder observar la recepci\u00f3n de las personas, y hasta ahora ha sido bastante positiva. Y tenemos la idea de generar residencias de escritoras de renombre internacional que puedan trabajar con personas de la regi\u00f3n, lo que abre caminos literarios, por lo que estamos trabajando en esos nexos y el financiamiento, con profes de la NYU, de Houston, de IOWA, donde tienen master de literatura creativa, queremos darle herramientas a las personas para que puedan desenvolverse en estos espacios, lo que en regiones es dif\u00edcil de obtener. Siempre pensando en la formaci\u00f3n.<\/span><\/p>\n<p><span style=\"font-weight: 400;\">Vamos a empezar. Estamos en una marcha blanca lenta. Pero segura. Si no es en diciembre, empezaremos el pr\u00f3ximo a\u00f1o, la idea es que sea un aporte con buena estructura.<\/span><\/p>\n","protected":false},"excerpt":{"rendered":"<p>Desde tu experiencia como gestora cultural, \u00bfc\u00f3mo ha sido cambiar instancias como la Feria del Libro Independiente de Valpara\u00edso a la virtualidad? Hacer el cambio de formato no es tan sencillo, porque generar programaci\u00f3n virtual implica tener un financiamiento que se equipare al trabajo que se realiza, para contar con buenas transmisiones, o algo que [&hellip;]<\/p>\n","protected":false},"author":3,"featured_media":8600,"comment_status":"closed","ping_status":"closed","sticky":false,"template":"","format":"standard","meta":{"_acf_changed":false,"footnotes":""},"categories":[8],"tags":[],"class_list":["post-8599","post","type-post","status-publish","format-standard","has-post-thumbnail","hentry","category-noticia"],"acf":[],"yoast_head":"<!-- This site is optimized with the Yoast SEO plugin v27.1.1 - https:\/\/yoast.com\/product\/yoast-seo-wordpress\/ -->\n<title>Entrevista a Gladys Gonz\u00e1lez: gesti\u00f3n cultural desde la literatura con enfoque de g\u00e9nero - Valpara\u00ed\u00adso Creativo<\/title>\n<meta name=\"robots\" content=\"index, follow, max-snippet:-1, max-image-preview:large, max-video-preview:-1\" \/>\n<link rel=\"canonical\" href=\"https:\/\/dev.antudigital.cl\/sites\/vc\/entrevista-a-gladys-gonzalez-gestion-cultural-desde-la-literatura-con-enfoque-de-genero\/\" \/>\n<meta property=\"og:locale\" content=\"es_ES\" \/>\n<meta property=\"og:type\" content=\"article\" \/>\n<meta property=\"og:title\" content=\"Entrevista a Gladys Gonz\u00e1lez: gesti\u00f3n cultural desde la literatura con enfoque de g\u00e9nero - Valpara\u00ed\u00adso Creativo\" \/>\n<meta property=\"og:description\" content=\"Desde tu experiencia como gestora cultural, \u00bfc\u00f3mo ha sido cambiar instancias como la Feria del Libro Independiente de Valpara\u00edso a la virtualidad? Hacer el cambio de formato no es tan sencillo, porque generar programaci\u00f3n virtual implica tener un financiamiento que se equipare al trabajo que se realiza, para contar con buenas transmisiones, o algo que [&hellip;]\" \/>\n<meta property=\"og:url\" content=\"https:\/\/dev.antudigital.cl\/sites\/vc\/entrevista-a-gladys-gonzalez-gestion-cultural-desde-la-literatura-con-enfoque-de-genero\/\" \/>\n<meta property=\"og:site_name\" content=\"Valpara\u00ed\u00adso Creativo\" \/>\n<meta property=\"article:published_time\" content=\"2020-10-16T12:12:33+00:00\" \/>\n<meta property=\"og:image\" content=\"https:\/\/dev.antudigital.cl\/sites\/vc\/wp-content\/uploads\/2020\/10\/Gladys.jpg\" \/>\n\t<meta property=\"og:image:width\" content=\"900\" \/>\n\t<meta property=\"og:image:height\" content=\"600\" \/>\n\t<meta property=\"og:image:type\" content=\"image\/jpeg\" \/>\n<meta name=\"author\" content=\"Valparaiso Creativo\" \/>\n<meta name=\"twitter:card\" content=\"summary_large_image\" \/>\n<meta name=\"twitter:label1\" content=\"Escrito por\" \/>\n\t<meta name=\"twitter:data1\" content=\"Valparaiso Creativo\" \/>\n\t<meta name=\"twitter:label2\" content=\"Tiempo de lectura\" \/>\n\t<meta name=\"twitter:data2\" content=\"8 minutos\" \/>\n<script type=\"application\/ld+json\" class=\"yoast-schema-graph\">{\"@context\":\"https:\/\/schema.org\",\"@graph\":[{\"@type\":\"Article\",\"@id\":\"https:\/\/dev.antudigital.cl\/sites\/vc\/entrevista-a-gladys-gonzalez-gestion-cultural-desde-la-literatura-con-enfoque-de-genero\/#article\",\"isPartOf\":{\"@id\":\"https:\/\/dev.antudigital.cl\/sites\/vc\/entrevista-a-gladys-gonzalez-gestion-cultural-desde-la-literatura-con-enfoque-de-genero\/\"},\"author\":{\"name\":\"Valparaiso Creativo\",\"@id\":\"https:\/\/dev.antudigital.cl\/sites\/vc\/#\/schema\/person\/81d1dcd51abd542b5dfc00f5f951a0f1\"},\"headline\":\"Entrevista a Gladys Gonz\u00e1lez: gesti\u00f3n cultural desde la literatura con enfoque de g\u00e9nero\",\"datePublished\":\"2020-10-16T12:12:33+00:00\",\"mainEntityOfPage\":{\"@id\":\"https:\/\/dev.antudigital.cl\/sites\/vc\/entrevista-a-gladys-gonzalez-gestion-cultural-desde-la-literatura-con-enfoque-de-genero\/\"},\"wordCount\":1558,\"image\":{\"@id\":\"https:\/\/dev.antudigital.cl\/sites\/vc\/entrevista-a-gladys-gonzalez-gestion-cultural-desde-la-literatura-con-enfoque-de-genero\/#primaryimage\"},\"thumbnailUrl\":\"https:\/\/dev.antudigital.cl\/sites\/vc\/wp-content\/uploads\/2020\/10\/Gladys.jpg\",\"articleSection\":[\"Noticia\"],\"inLanguage\":\"es\"},{\"@type\":\"WebPage\",\"@id\":\"https:\/\/dev.antudigital.cl\/sites\/vc\/entrevista-a-gladys-gonzalez-gestion-cultural-desde-la-literatura-con-enfoque-de-genero\/\",\"url\":\"https:\/\/dev.antudigital.cl\/sites\/vc\/entrevista-a-gladys-gonzalez-gestion-cultural-desde-la-literatura-con-enfoque-de-genero\/\",\"name\":\"Entrevista a Gladys Gonz\u00e1lez: gesti\u00f3n cultural desde la literatura con enfoque de g\u00e9nero - Valpara\u00ed\u00adso Creativo\",\"isPartOf\":{\"@id\":\"https:\/\/dev.antudigital.cl\/sites\/vc\/#website\"},\"primaryImageOfPage\":{\"@id\":\"https:\/\/dev.antudigital.cl\/sites\/vc\/entrevista-a-gladys-gonzalez-gestion-cultural-desde-la-literatura-con-enfoque-de-genero\/#primaryimage\"},\"image\":{\"@id\":\"https:\/\/dev.antudigital.cl\/sites\/vc\/entrevista-a-gladys-gonzalez-gestion-cultural-desde-la-literatura-con-enfoque-de-genero\/#primaryimage\"},\"thumbnailUrl\":\"https:\/\/dev.antudigital.cl\/sites\/vc\/wp-content\/uploads\/2020\/10\/Gladys.jpg\",\"datePublished\":\"2020-10-16T12:12:33+00:00\",\"author\":{\"@id\":\"https:\/\/dev.antudigital.cl\/sites\/vc\/#\/schema\/person\/81d1dcd51abd542b5dfc00f5f951a0f1\"},\"breadcrumb\":{\"@id\":\"https:\/\/dev.antudigital.cl\/sites\/vc\/entrevista-a-gladys-gonzalez-gestion-cultural-desde-la-literatura-con-enfoque-de-genero\/#breadcrumb\"},\"inLanguage\":\"es\",\"potentialAction\":[{\"@type\":\"ReadAction\",\"target\":[\"https:\/\/dev.antudigital.cl\/sites\/vc\/entrevista-a-gladys-gonzalez-gestion-cultural-desde-la-literatura-con-enfoque-de-genero\/\"]}]},{\"@type\":\"ImageObject\",\"inLanguage\":\"es\",\"@id\":\"https:\/\/dev.antudigital.cl\/sites\/vc\/entrevista-a-gladys-gonzalez-gestion-cultural-desde-la-literatura-con-enfoque-de-genero\/#primaryimage\",\"url\":\"https:\/\/dev.antudigital.cl\/sites\/vc\/wp-content\/uploads\/2020\/10\/Gladys.jpg\",\"contentUrl\":\"https:\/\/dev.antudigital.cl\/sites\/vc\/wp-content\/uploads\/2020\/10\/Gladys.jpg\",\"width\":900,\"height\":600},{\"@type\":\"BreadcrumbList\",\"@id\":\"https:\/\/dev.antudigital.cl\/sites\/vc\/entrevista-a-gladys-gonzalez-gestion-cultural-desde-la-literatura-con-enfoque-de-genero\/#breadcrumb\",\"itemListElement\":[{\"@type\":\"ListItem\",\"position\":1,\"name\":\"Home\",\"item\":\"https:\/\/dev.antudigital.cl\/sites\/vc\/\"},{\"@type\":\"ListItem\",\"position\":2,\"name\":\"Entrevista a Gladys Gonz\u00e1lez: gesti\u00f3n cultural desde la literatura con enfoque de g\u00e9nero\"}]},{\"@type\":\"WebSite\",\"@id\":\"https:\/\/dev.antudigital.cl\/sites\/vc\/#website\",\"url\":\"https:\/\/dev.antudigital.cl\/sites\/vc\/\",\"name\":\"Valpara\u00ed\u00adso Creativo\",\"description\":\"\",\"potentialAction\":[{\"@type\":\"SearchAction\",\"target\":{\"@type\":\"EntryPoint\",\"urlTemplate\":\"https:\/\/dev.antudigital.cl\/sites\/vc\/?s={search_term_string}\"},\"query-input\":{\"@type\":\"PropertyValueSpecification\",\"valueRequired\":true,\"valueName\":\"search_term_string\"}}],\"inLanguage\":\"es\"},{\"@type\":\"Person\",\"@id\":\"https:\/\/dev.antudigital.cl\/sites\/vc\/#\/schema\/person\/81d1dcd51abd542b5dfc00f5f951a0f1\",\"name\":\"Valparaiso Creativo\",\"url\":\"https:\/\/dev.antudigital.cl\/sites\/vc\/author\/valparaiso-creativo\/\"}]}<\/script>\n<!-- \/ Yoast SEO plugin. -->","yoast_head_json":{"title":"Entrevista a Gladys Gonz\u00e1lez: gesti\u00f3n cultural desde la literatura con enfoque de g\u00e9nero - Valpara\u00ed\u00adso Creativo","robots":{"index":"index","follow":"follow","max-snippet":"max-snippet:-1","max-image-preview":"max-image-preview:large","max-video-preview":"max-video-preview:-1"},"canonical":"https:\/\/dev.antudigital.cl\/sites\/vc\/entrevista-a-gladys-gonzalez-gestion-cultural-desde-la-literatura-con-enfoque-de-genero\/","og_locale":"es_ES","og_type":"article","og_title":"Entrevista a Gladys Gonz\u00e1lez: gesti\u00f3n cultural desde la literatura con enfoque de g\u00e9nero - Valpara\u00ed\u00adso Creativo","og_description":"Desde tu experiencia como gestora cultural, \u00bfc\u00f3mo ha sido cambiar instancias como la Feria del Libro Independiente de Valpara\u00edso a la virtualidad? Hacer el cambio de formato no es tan sencillo, porque generar programaci\u00f3n virtual implica tener un financiamiento que se equipare al trabajo que se realiza, para contar con buenas transmisiones, o algo que [&hellip;]","og_url":"https:\/\/dev.antudigital.cl\/sites\/vc\/entrevista-a-gladys-gonzalez-gestion-cultural-desde-la-literatura-con-enfoque-de-genero\/","og_site_name":"Valpara\u00ed\u00adso Creativo","article_published_time":"2020-10-16T12:12:33+00:00","og_image":[{"width":900,"height":600,"url":"https:\/\/dev.antudigital.cl\/sites\/vc\/wp-content\/uploads\/2020\/10\/Gladys.jpg","type":"image\/jpeg"}],"author":"Valparaiso Creativo","twitter_card":"summary_large_image","twitter_misc":{"Escrito por":"Valparaiso Creativo","Tiempo de lectura":"8 minutos"},"schema":{"@context":"https:\/\/schema.org","@graph":[{"@type":"Article","@id":"https:\/\/dev.antudigital.cl\/sites\/vc\/entrevista-a-gladys-gonzalez-gestion-cultural-desde-la-literatura-con-enfoque-de-genero\/#article","isPartOf":{"@id":"https:\/\/dev.antudigital.cl\/sites\/vc\/entrevista-a-gladys-gonzalez-gestion-cultural-desde-la-literatura-con-enfoque-de-genero\/"},"author":{"name":"Valparaiso Creativo","@id":"https:\/\/dev.antudigital.cl\/sites\/vc\/#\/schema\/person\/81d1dcd51abd542b5dfc00f5f951a0f1"},"headline":"Entrevista a Gladys Gonz\u00e1lez: gesti\u00f3n cultural desde la literatura con enfoque de g\u00e9nero","datePublished":"2020-10-16T12:12:33+00:00","mainEntityOfPage":{"@id":"https:\/\/dev.antudigital.cl\/sites\/vc\/entrevista-a-gladys-gonzalez-gestion-cultural-desde-la-literatura-con-enfoque-de-genero\/"},"wordCount":1558,"image":{"@id":"https:\/\/dev.antudigital.cl\/sites\/vc\/entrevista-a-gladys-gonzalez-gestion-cultural-desde-la-literatura-con-enfoque-de-genero\/#primaryimage"},"thumbnailUrl":"https:\/\/dev.antudigital.cl\/sites\/vc\/wp-content\/uploads\/2020\/10\/Gladys.jpg","articleSection":["Noticia"],"inLanguage":"es"},{"@type":"WebPage","@id":"https:\/\/dev.antudigital.cl\/sites\/vc\/entrevista-a-gladys-gonzalez-gestion-cultural-desde-la-literatura-con-enfoque-de-genero\/","url":"https:\/\/dev.antudigital.cl\/sites\/vc\/entrevista-a-gladys-gonzalez-gestion-cultural-desde-la-literatura-con-enfoque-de-genero\/","name":"Entrevista a Gladys Gonz\u00e1lez: gesti\u00f3n cultural desde la literatura con enfoque de g\u00e9nero - Valpara\u00ed\u00adso Creativo","isPartOf":{"@id":"https:\/\/dev.antudigital.cl\/sites\/vc\/#website"},"primaryImageOfPage":{"@id":"https:\/\/dev.antudigital.cl\/sites\/vc\/entrevista-a-gladys-gonzalez-gestion-cultural-desde-la-literatura-con-enfoque-de-genero\/#primaryimage"},"image":{"@id":"https:\/\/dev.antudigital.cl\/sites\/vc\/entrevista-a-gladys-gonzalez-gestion-cultural-desde-la-literatura-con-enfoque-de-genero\/#primaryimage"},"thumbnailUrl":"https:\/\/dev.antudigital.cl\/sites\/vc\/wp-content\/uploads\/2020\/10\/Gladys.jpg","datePublished":"2020-10-16T12:12:33+00:00","author":{"@id":"https:\/\/dev.antudigital.cl\/sites\/vc\/#\/schema\/person\/81d1dcd51abd542b5dfc00f5f951a0f1"},"breadcrumb":{"@id":"https:\/\/dev.antudigital.cl\/sites\/vc\/entrevista-a-gladys-gonzalez-gestion-cultural-desde-la-literatura-con-enfoque-de-genero\/#breadcrumb"},"inLanguage":"es","potentialAction":[{"@type":"ReadAction","target":["https:\/\/dev.antudigital.cl\/sites\/vc\/entrevista-a-gladys-gonzalez-gestion-cultural-desde-la-literatura-con-enfoque-de-genero\/"]}]},{"@type":"ImageObject","inLanguage":"es","@id":"https:\/\/dev.antudigital.cl\/sites\/vc\/entrevista-a-gladys-gonzalez-gestion-cultural-desde-la-literatura-con-enfoque-de-genero\/#primaryimage","url":"https:\/\/dev.antudigital.cl\/sites\/vc\/wp-content\/uploads\/2020\/10\/Gladys.jpg","contentUrl":"https:\/\/dev.antudigital.cl\/sites\/vc\/wp-content\/uploads\/2020\/10\/Gladys.jpg","width":900,"height":600},{"@type":"BreadcrumbList","@id":"https:\/\/dev.antudigital.cl\/sites\/vc\/entrevista-a-gladys-gonzalez-gestion-cultural-desde-la-literatura-con-enfoque-de-genero\/#breadcrumb","itemListElement":[{"@type":"ListItem","position":1,"name":"Home","item":"https:\/\/dev.antudigital.cl\/sites\/vc\/"},{"@type":"ListItem","position":2,"name":"Entrevista a Gladys Gonz\u00e1lez: gesti\u00f3n cultural desde la literatura con enfoque de g\u00e9nero"}]},{"@type":"WebSite","@id":"https:\/\/dev.antudigital.cl\/sites\/vc\/#website","url":"https:\/\/dev.antudigital.cl\/sites\/vc\/","name":"Valpara\u00ed\u00adso Creativo","description":"","potentialAction":[{"@type":"SearchAction","target":{"@type":"EntryPoint","urlTemplate":"https:\/\/dev.antudigital.cl\/sites\/vc\/?s={search_term_string}"},"query-input":{"@type":"PropertyValueSpecification","valueRequired":true,"valueName":"search_term_string"}}],"inLanguage":"es"},{"@type":"Person","@id":"https:\/\/dev.antudigital.cl\/sites\/vc\/#\/schema\/person\/81d1dcd51abd542b5dfc00f5f951a0f1","name":"Valparaiso Creativo","url":"https:\/\/dev.antudigital.cl\/sites\/vc\/author\/valparaiso-creativo\/"}]}},"_links":{"self":[{"href":"https:\/\/dev.antudigital.cl\/sites\/vc\/wp-json\/wp\/v2\/posts\/8599","targetHints":{"allow":["GET"]}}],"collection":[{"href":"https:\/\/dev.antudigital.cl\/sites\/vc\/wp-json\/wp\/v2\/posts"}],"about":[{"href":"https:\/\/dev.antudigital.cl\/sites\/vc\/wp-json\/wp\/v2\/types\/post"}],"author":[{"embeddable":true,"href":"https:\/\/dev.antudigital.cl\/sites\/vc\/wp-json\/wp\/v2\/users\/3"}],"replies":[{"embeddable":true,"href":"https:\/\/dev.antudigital.cl\/sites\/vc\/wp-json\/wp\/v2\/comments?post=8599"}],"version-history":[{"count":0,"href":"https:\/\/dev.antudigital.cl\/sites\/vc\/wp-json\/wp\/v2\/posts\/8599\/revisions"}],"wp:featuredmedia":[{"embeddable":true,"href":"https:\/\/dev.antudigital.cl\/sites\/vc\/wp-json\/wp\/v2\/media\/8600"}],"wp:attachment":[{"href":"https:\/\/dev.antudigital.cl\/sites\/vc\/wp-json\/wp\/v2\/media?parent=8599"}],"wp:term":[{"taxonomy":"category","embeddable":true,"href":"https:\/\/dev.antudigital.cl\/sites\/vc\/wp-json\/wp\/v2\/categories?post=8599"},{"taxonomy":"post_tag","embeddable":true,"href":"https:\/\/dev.antudigital.cl\/sites\/vc\/wp-json\/wp\/v2\/tags?post=8599"}],"curies":[{"name":"wp","href":"https:\/\/api.w.org\/{rel}","templated":true}]}}