{"id":8601,"date":"2020-10-16T12:04:53","date_gmt":"2020-10-16T12:04:53","guid":{"rendered":"https:\/\/www.valparaisocreativo.cl\/?p=5321"},"modified":"2020-10-16T12:04:53","modified_gmt":"2020-10-16T12:04:53","slug":"talleristas-fifv-2020-cristina-de-middel","status":"publish","type":"post","link":"https:\/\/dev.antudigital.cl\/sites\/vc\/talleristas-fifv-2020-cristina-de-middel\/","title":{"rendered":"Talleristas FIFV 2020: Cristina de Middel"},"content":{"rendered":"<p>Continuamos compartiendo a los y las invitadas de la und\u00e9cima versi\u00f3n del Festival Internacional de Fotograf\u00eda en Valpara\u00edso. Hoy revisaremos la obra de Cristina de Middel, una de las talleristas al encuentro.<\/p>\n\n<pre><em>Por: Cristofer D\u00edaz R\u00edos.<\/em><\/pre>\n<p><span style=\"font-weight: 400;\">Cristina de Middel naci\u00f3 en Alicante, Espa\u00f1a. Su trabajo investiga la ambigua relaci\u00f3n existente entre fotograf\u00eda y verdad. Combinando acercamientos documentales y conceptuales, en su obrajuega con la reconstrucci\u00f3n de arquetipos y estereotipos que ayudan a difuminar la separaci\u00f3n entre la realidad y ficci\u00f3n.<\/span><\/p>\n<p><span style=\"font-weight: 400;\">Tras 10 a\u00f1os de trabajo en prensa y como fot\u00f3grafa humanitaria, de Middel se apart\u00f3 de la mirada documental y cre\u00f3 The Afronauts, una serie fotogr\u00e1fica que narraba las haza\u00f1as del programa espacial zambiano en 1964, a trav\u00e9s de puestas en escena que reconstru\u00edan los hechos, marcado por el uso deliberado de narrativas oscuras.<\/span><\/p>\n<p><span style=\"font-weight: 400;\">Desde el a\u00f1o 2012, ha producido continuamente nuevos trabajos que se centran en redefinir la idea de lo documental y en completar la limitada descripci\u00f3n del mundo que ofrecen los medios de comunicaci\u00f3n masivos. El trabajo de la espa\u00f1ola nos muestra que, a la hora de entender el mundo en el que vivimos, la ficci\u00f3n puede servir de herramienta fotogr\u00e1fica, tanto como el lenguaje documental, promoviendo as\u00ed una mirada m\u00e1s cr\u00edtica por parte de la audiencia.<\/span><\/p>\n<p><span style=\"font-weight: 400;\">Con m\u00e1s de 12 libros publicados, Cristina de Middel ha expuesto su trabajo extensivamente y ha sido galardonada y finalista en numerosos cert\u00e1menes, como el PhotoFolio Arles 2012, el Deutsche B\u00f6rse Prize y el Infinity Award from del International Center of Photography en Nueva York.\u00a0\u00a0<\/span><\/p>\n<p><span style=\"font-weight: 400;\">En el a\u00f1o 2017, Cristina gan\u00f3 el Premio Nacional de Fotograf\u00eda en Espa\u00f1a y fue nominada como miembro en la agencia Magnum. Hoy, vive y trabaja entre Brasil y M\u00e9xico, y en durante el desarrollo del FIFV2020 lider\u00f3 el taller \u201cLimbograf\u00edas\u201d.\u00a0<\/span><\/p>\n<p><span style=\"font-weight: 400;\">Te invitamos a conocer los resultados de este encuentro, <\/span><b>entre el 28 y 31 de octubre. Conoce m\u00e1s en <\/b><a href=\"https:\/\/fifv.cl\/2020\/\"><b>www.fifv.cl<\/b><\/a><\/p>\n","protected":false},"excerpt":{"rendered":"<p>Continuamos compartiendo a los y las invitadas de la und\u00e9cima versi\u00f3n del Festival Internacional de Fotograf\u00eda en Valpara\u00edso. Hoy revisaremos la obra de Cristina de Middel, una de las talleristas al encuentro. Por: Cristofer D\u00edaz R\u00edos. Cristina de Middel naci\u00f3 en Alicante, Espa\u00f1a. Su trabajo investiga la ambigua relaci\u00f3n existente entre fotograf\u00eda y verdad. Combinando [&hellip;]<\/p>\n","protected":false},"author":3,"featured_media":8605,"comment_status":"closed","ping_status":"closed","sticky":false,"template":"","format":"standard","meta":{"_acf_changed":false,"footnotes":""},"categories":[8],"tags":[],"class_list":["post-8601","post","type-post","status-publish","format-standard","has-post-thumbnail","hentry","category-noticia"],"acf":[],"yoast_head":"<!-- This site is optimized with the Yoast SEO plugin v27.1.1 - https:\/\/yoast.com\/product\/yoast-seo-wordpress\/ -->\n<title>Talleristas FIFV 2020: Cristina de Middel - Valpara\u00ed\u00adso Creativo<\/title>\n<meta name=\"robots\" content=\"index, follow, max-snippet:-1, max-image-preview:large, max-video-preview:-1\" \/>\n<link rel=\"canonical\" href=\"https:\/\/dev.antudigital.cl\/sites\/vc\/talleristas-fifv-2020-cristina-de-middel\/\" \/>\n<meta property=\"og:locale\" content=\"es_ES\" \/>\n<meta property=\"og:type\" content=\"article\" \/>\n<meta property=\"og:title\" content=\"Talleristas FIFV 2020: Cristina de Middel - Valpara\u00ed\u00adso Creativo\" \/>\n<meta property=\"og:description\" content=\"Continuamos compartiendo a los y las invitadas de la und\u00e9cima versi\u00f3n del Festival Internacional de Fotograf\u00eda en Valpara\u00edso. Hoy revisaremos la obra de Cristina de Middel, una de las talleristas al encuentro. Por: Cristofer D\u00edaz R\u00edos. Cristina de Middel naci\u00f3 en Alicante, Espa\u00f1a. Su trabajo investiga la ambigua relaci\u00f3n existente entre fotograf\u00eda y verdad. Combinando [&hellip;]\" \/>\n<meta property=\"og:url\" content=\"https:\/\/dev.antudigital.cl\/sites\/vc\/talleristas-fifv-2020-cristina-de-middel\/\" \/>\n<meta property=\"og:site_name\" content=\"Valpara\u00ed\u00adso Creativo\" \/>\n<meta property=\"article:published_time\" content=\"2020-10-16T12:04:53+00:00\" \/>\n<meta property=\"og:image\" content=\"https:\/\/dev.antudigital.cl\/sites\/vc\/wp-content\/uploads\/2020\/10\/Cristina.jpg\" \/>\n\t<meta property=\"og:image:width\" content=\"1000\" \/>\n\t<meta property=\"og:image:height\" content=\"750\" \/>\n\t<meta property=\"og:image:type\" content=\"image\/jpeg\" \/>\n<meta name=\"author\" content=\"Valparaiso Creativo\" \/>\n<meta name=\"twitter:card\" content=\"summary_large_image\" \/>\n<meta name=\"twitter:label1\" content=\"Escrito por\" \/>\n\t<meta name=\"twitter:data1\" content=\"Valparaiso Creativo\" \/>\n\t<meta name=\"twitter:label2\" content=\"Tiempo de lectura\" \/>\n\t<meta name=\"twitter:data2\" content=\"2 minutos\" \/>\n<script type=\"application\/ld+json\" class=\"yoast-schema-graph\">{\"@context\":\"https:\/\/schema.org\",\"@graph\":[{\"@type\":\"Article\",\"@id\":\"https:\/\/dev.antudigital.cl\/sites\/vc\/talleristas-fifv-2020-cristina-de-middel\/#article\",\"isPartOf\":{\"@id\":\"https:\/\/dev.antudigital.cl\/sites\/vc\/talleristas-fifv-2020-cristina-de-middel\/\"},\"author\":{\"name\":\"Valparaiso Creativo\",\"@id\":\"https:\/\/dev.antudigital.cl\/sites\/vc\/#\/schema\/person\/81d1dcd51abd542b5dfc00f5f951a0f1\"},\"headline\":\"Talleristas FIFV 2020: Cristina de Middel\",\"datePublished\":\"2020-10-16T12:04:53+00:00\",\"mainEntityOfPage\":{\"@id\":\"https:\/\/dev.antudigital.cl\/sites\/vc\/talleristas-fifv-2020-cristina-de-middel\/\"},\"wordCount\":346,\"image\":{\"@id\":\"https:\/\/dev.antudigital.cl\/sites\/vc\/talleristas-fifv-2020-cristina-de-middel\/#primaryimage\"},\"thumbnailUrl\":\"https:\/\/dev.antudigital.cl\/sites\/vc\/wp-content\/uploads\/2020\/10\/Cristina.jpg\",\"articleSection\":[\"Noticia\"],\"inLanguage\":\"es\"},{\"@type\":\"WebPage\",\"@id\":\"https:\/\/dev.antudigital.cl\/sites\/vc\/talleristas-fifv-2020-cristina-de-middel\/\",\"url\":\"https:\/\/dev.antudigital.cl\/sites\/vc\/talleristas-fifv-2020-cristina-de-middel\/\",\"name\":\"Talleristas FIFV 2020: Cristina de Middel - Valpara\u00ed\u00adso Creativo\",\"isPartOf\":{\"@id\":\"https:\/\/dev.antudigital.cl\/sites\/vc\/#website\"},\"primaryImageOfPage\":{\"@id\":\"https:\/\/dev.antudigital.cl\/sites\/vc\/talleristas-fifv-2020-cristina-de-middel\/#primaryimage\"},\"image\":{\"@id\":\"https:\/\/dev.antudigital.cl\/sites\/vc\/talleristas-fifv-2020-cristina-de-middel\/#primaryimage\"},\"thumbnailUrl\":\"https:\/\/dev.antudigital.cl\/sites\/vc\/wp-content\/uploads\/2020\/10\/Cristina.jpg\",\"datePublished\":\"2020-10-16T12:04:53+00:00\",\"author\":{\"@id\":\"https:\/\/dev.antudigital.cl\/sites\/vc\/#\/schema\/person\/81d1dcd51abd542b5dfc00f5f951a0f1\"},\"breadcrumb\":{\"@id\":\"https:\/\/dev.antudigital.cl\/sites\/vc\/talleristas-fifv-2020-cristina-de-middel\/#breadcrumb\"},\"inLanguage\":\"es\",\"potentialAction\":[{\"@type\":\"ReadAction\",\"target\":[\"https:\/\/dev.antudigital.cl\/sites\/vc\/talleristas-fifv-2020-cristina-de-middel\/\"]}]},{\"@type\":\"ImageObject\",\"inLanguage\":\"es\",\"@id\":\"https:\/\/dev.antudigital.cl\/sites\/vc\/talleristas-fifv-2020-cristina-de-middel\/#primaryimage\",\"url\":\"https:\/\/dev.antudigital.cl\/sites\/vc\/wp-content\/uploads\/2020\/10\/Cristina.jpg\",\"contentUrl\":\"https:\/\/dev.antudigital.cl\/sites\/vc\/wp-content\/uploads\/2020\/10\/Cristina.jpg\",\"width\":1000,\"height\":750},{\"@type\":\"BreadcrumbList\",\"@id\":\"https:\/\/dev.antudigital.cl\/sites\/vc\/talleristas-fifv-2020-cristina-de-middel\/#breadcrumb\",\"itemListElement\":[{\"@type\":\"ListItem\",\"position\":1,\"name\":\"Home\",\"item\":\"https:\/\/dev.antudigital.cl\/sites\/vc\/\"},{\"@type\":\"ListItem\",\"position\":2,\"name\":\"Talleristas FIFV 2020: Cristina de Middel\"}]},{\"@type\":\"WebSite\",\"@id\":\"https:\/\/dev.antudigital.cl\/sites\/vc\/#website\",\"url\":\"https:\/\/dev.antudigital.cl\/sites\/vc\/\",\"name\":\"Valpara\u00ed\u00adso Creativo\",\"description\":\"\",\"potentialAction\":[{\"@type\":\"SearchAction\",\"target\":{\"@type\":\"EntryPoint\",\"urlTemplate\":\"https:\/\/dev.antudigital.cl\/sites\/vc\/?s={search_term_string}\"},\"query-input\":{\"@type\":\"PropertyValueSpecification\",\"valueRequired\":true,\"valueName\":\"search_term_string\"}}],\"inLanguage\":\"es\"},{\"@type\":\"Person\",\"@id\":\"https:\/\/dev.antudigital.cl\/sites\/vc\/#\/schema\/person\/81d1dcd51abd542b5dfc00f5f951a0f1\",\"name\":\"Valparaiso Creativo\",\"url\":\"https:\/\/dev.antudigital.cl\/sites\/vc\/author\/valparaiso-creativo\/\"}]}<\/script>\n<!-- \/ Yoast SEO plugin. -->","yoast_head_json":{"title":"Talleristas FIFV 2020: Cristina de Middel - Valpara\u00ed\u00adso Creativo","robots":{"index":"index","follow":"follow","max-snippet":"max-snippet:-1","max-image-preview":"max-image-preview:large","max-video-preview":"max-video-preview:-1"},"canonical":"https:\/\/dev.antudigital.cl\/sites\/vc\/talleristas-fifv-2020-cristina-de-middel\/","og_locale":"es_ES","og_type":"article","og_title":"Talleristas FIFV 2020: Cristina de Middel - Valpara\u00ed\u00adso Creativo","og_description":"Continuamos compartiendo a los y las invitadas de la und\u00e9cima versi\u00f3n del Festival Internacional de Fotograf\u00eda en Valpara\u00edso. Hoy revisaremos la obra de Cristina de Middel, una de las talleristas al encuentro. Por: Cristofer D\u00edaz R\u00edos. Cristina de Middel naci\u00f3 en Alicante, Espa\u00f1a. Su trabajo investiga la ambigua relaci\u00f3n existente entre fotograf\u00eda y verdad. Combinando [&hellip;]","og_url":"https:\/\/dev.antudigital.cl\/sites\/vc\/talleristas-fifv-2020-cristina-de-middel\/","og_site_name":"Valpara\u00ed\u00adso Creativo","article_published_time":"2020-10-16T12:04:53+00:00","og_image":[{"width":1000,"height":750,"url":"https:\/\/dev.antudigital.cl\/sites\/vc\/wp-content\/uploads\/2020\/10\/Cristina.jpg","type":"image\/jpeg"}],"author":"Valparaiso Creativo","twitter_card":"summary_large_image","twitter_misc":{"Escrito por":"Valparaiso Creativo","Tiempo de lectura":"2 minutos"},"schema":{"@context":"https:\/\/schema.org","@graph":[{"@type":"Article","@id":"https:\/\/dev.antudigital.cl\/sites\/vc\/talleristas-fifv-2020-cristina-de-middel\/#article","isPartOf":{"@id":"https:\/\/dev.antudigital.cl\/sites\/vc\/talleristas-fifv-2020-cristina-de-middel\/"},"author":{"name":"Valparaiso Creativo","@id":"https:\/\/dev.antudigital.cl\/sites\/vc\/#\/schema\/person\/81d1dcd51abd542b5dfc00f5f951a0f1"},"headline":"Talleristas FIFV 2020: Cristina de Middel","datePublished":"2020-10-16T12:04:53+00:00","mainEntityOfPage":{"@id":"https:\/\/dev.antudigital.cl\/sites\/vc\/talleristas-fifv-2020-cristina-de-middel\/"},"wordCount":346,"image":{"@id":"https:\/\/dev.antudigital.cl\/sites\/vc\/talleristas-fifv-2020-cristina-de-middel\/#primaryimage"},"thumbnailUrl":"https:\/\/dev.antudigital.cl\/sites\/vc\/wp-content\/uploads\/2020\/10\/Cristina.jpg","articleSection":["Noticia"],"inLanguage":"es"},{"@type":"WebPage","@id":"https:\/\/dev.antudigital.cl\/sites\/vc\/talleristas-fifv-2020-cristina-de-middel\/","url":"https:\/\/dev.antudigital.cl\/sites\/vc\/talleristas-fifv-2020-cristina-de-middel\/","name":"Talleristas FIFV 2020: Cristina de Middel - Valpara\u00ed\u00adso Creativo","isPartOf":{"@id":"https:\/\/dev.antudigital.cl\/sites\/vc\/#website"},"primaryImageOfPage":{"@id":"https:\/\/dev.antudigital.cl\/sites\/vc\/talleristas-fifv-2020-cristina-de-middel\/#primaryimage"},"image":{"@id":"https:\/\/dev.antudigital.cl\/sites\/vc\/talleristas-fifv-2020-cristina-de-middel\/#primaryimage"},"thumbnailUrl":"https:\/\/dev.antudigital.cl\/sites\/vc\/wp-content\/uploads\/2020\/10\/Cristina.jpg","datePublished":"2020-10-16T12:04:53+00:00","author":{"@id":"https:\/\/dev.antudigital.cl\/sites\/vc\/#\/schema\/person\/81d1dcd51abd542b5dfc00f5f951a0f1"},"breadcrumb":{"@id":"https:\/\/dev.antudigital.cl\/sites\/vc\/talleristas-fifv-2020-cristina-de-middel\/#breadcrumb"},"inLanguage":"es","potentialAction":[{"@type":"ReadAction","target":["https:\/\/dev.antudigital.cl\/sites\/vc\/talleristas-fifv-2020-cristina-de-middel\/"]}]},{"@type":"ImageObject","inLanguage":"es","@id":"https:\/\/dev.antudigital.cl\/sites\/vc\/talleristas-fifv-2020-cristina-de-middel\/#primaryimage","url":"https:\/\/dev.antudigital.cl\/sites\/vc\/wp-content\/uploads\/2020\/10\/Cristina.jpg","contentUrl":"https:\/\/dev.antudigital.cl\/sites\/vc\/wp-content\/uploads\/2020\/10\/Cristina.jpg","width":1000,"height":750},{"@type":"BreadcrumbList","@id":"https:\/\/dev.antudigital.cl\/sites\/vc\/talleristas-fifv-2020-cristina-de-middel\/#breadcrumb","itemListElement":[{"@type":"ListItem","position":1,"name":"Home","item":"https:\/\/dev.antudigital.cl\/sites\/vc\/"},{"@type":"ListItem","position":2,"name":"Talleristas FIFV 2020: Cristina de Middel"}]},{"@type":"WebSite","@id":"https:\/\/dev.antudigital.cl\/sites\/vc\/#website","url":"https:\/\/dev.antudigital.cl\/sites\/vc\/","name":"Valpara\u00ed\u00adso Creativo","description":"","potentialAction":[{"@type":"SearchAction","target":{"@type":"EntryPoint","urlTemplate":"https:\/\/dev.antudigital.cl\/sites\/vc\/?s={search_term_string}"},"query-input":{"@type":"PropertyValueSpecification","valueRequired":true,"valueName":"search_term_string"}}],"inLanguage":"es"},{"@type":"Person","@id":"https:\/\/dev.antudigital.cl\/sites\/vc\/#\/schema\/person\/81d1dcd51abd542b5dfc00f5f951a0f1","name":"Valparaiso Creativo","url":"https:\/\/dev.antudigital.cl\/sites\/vc\/author\/valparaiso-creativo\/"}]}},"_links":{"self":[{"href":"https:\/\/dev.antudigital.cl\/sites\/vc\/wp-json\/wp\/v2\/posts\/8601","targetHints":{"allow":["GET"]}}],"collection":[{"href":"https:\/\/dev.antudigital.cl\/sites\/vc\/wp-json\/wp\/v2\/posts"}],"about":[{"href":"https:\/\/dev.antudigital.cl\/sites\/vc\/wp-json\/wp\/v2\/types\/post"}],"author":[{"embeddable":true,"href":"https:\/\/dev.antudigital.cl\/sites\/vc\/wp-json\/wp\/v2\/users\/3"}],"replies":[{"embeddable":true,"href":"https:\/\/dev.antudigital.cl\/sites\/vc\/wp-json\/wp\/v2\/comments?post=8601"}],"version-history":[{"count":0,"href":"https:\/\/dev.antudigital.cl\/sites\/vc\/wp-json\/wp\/v2\/posts\/8601\/revisions"}],"wp:featuredmedia":[{"embeddable":true,"href":"https:\/\/dev.antudigital.cl\/sites\/vc\/wp-json\/wp\/v2\/media\/8605"}],"wp:attachment":[{"href":"https:\/\/dev.antudigital.cl\/sites\/vc\/wp-json\/wp\/v2\/media?parent=8601"}],"wp:term":[{"taxonomy":"category","embeddable":true,"href":"https:\/\/dev.antudigital.cl\/sites\/vc\/wp-json\/wp\/v2\/categories?post=8601"},{"taxonomy":"post_tag","embeddable":true,"href":"https:\/\/dev.antudigital.cl\/sites\/vc\/wp-json\/wp\/v2\/tags?post=8601"}],"curies":[{"name":"wp","href":"https:\/\/api.w.org\/{rel}","templated":true}]}}