{"id":8609,"date":"2020-10-15T18:28:40","date_gmt":"2020-10-15T18:28:40","guid":{"rendered":"https:\/\/www.valparaisocreativo.cl\/?p=5314"},"modified":"2020-10-15T18:28:40","modified_gmt":"2020-10-15T18:28:40","slug":"ya-estan-disponibles-los-fondos-par-impulsa-para-la-provincia-de-valparaiso","status":"publish","type":"post","link":"https:\/\/dev.antudigital.cl\/sites\/vc\/ya-estan-disponibles-los-fondos-par-impulsa-para-la-provincia-de-valparaiso\/","title":{"rendered":"Ya est\u00e1n disponibles los fondos PAR IMPULSA para la Provincia de Valpara\u00edso"},"content":{"rendered":"<p>Hasta el\u00a0<strong>28 de octubre<\/strong>\u00a0a las 15:00hrs. est\u00e1n abiertas las postulaciones PAR IMPULSA para la Provincia de Valpara\u00edso. Esta busca apoyar a contribuyentes que pertenezcan al sector de micro y peque\u00f1as empresas, en la reactivaci\u00f3n de su actividad econ\u00f3mica o en el inicio de una distinta, recuperando y\/o mejorando su potencial productivo y su gesti\u00f3n, en el marco de la coyuntura social, econ\u00f3mica y sanitaria.<\/p>\n<p>Los beneficiarios de la convocatoria son empresarios o empresas de Valpara\u00edso. Es una oportunidad que brinda un cofinanciamiento de <strong>h<\/strong><strong>asta $3.000.000 por proyecto individual y podr\u00e1 elevarse el monto Hasta $ 4.000.000. con al menos el 30% del costo total en proyectos enfocados en digitalizaci\u00f3n de empresas.<\/strong><\/p>\n<h3>Revisa m\u00e1s detalles e inicia tu postulaci\u00f3n haciendo <strong><a href=\"https:\/\/www.corfo.cl\/sites\/cpp\/convocatorias\/par_impulsa_provincia_de_valparaiso\">click aqu\u00ed<\/a><\/strong>.<\/h3>\n","protected":false},"excerpt":{"rendered":"<p>Hasta el\u00a028 de octubre\u00a0a las 15:00hrs. est\u00e1n abiertas las postulaciones PAR IMPULSA para la Provincia de Valpara\u00edso. Esta busca apoyar a contribuyentes que pertenezcan al sector de micro y peque\u00f1as empresas, en la reactivaci\u00f3n de su actividad econ\u00f3mica o en el inicio de una distinta, recuperando y\/o mejorando su potencial productivo y su gesti\u00f3n, en [&hellip;]<\/p>\n","protected":false},"author":3,"featured_media":8610,"comment_status":"closed","ping_status":"closed","sticky":false,"template":"","format":"standard","meta":{"_acf_changed":false,"footnotes":""},"categories":[8],"tags":[],"class_list":["post-8609","post","type-post","status-publish","format-standard","has-post-thumbnail","hentry","category-noticia"],"acf":[],"yoast_head":"<!-- This site is optimized with the Yoast SEO plugin v27.1.1 - https:\/\/yoast.com\/product\/yoast-seo-wordpress\/ -->\n<title>Ya est\u00e1n disponibles los fondos PAR IMPULSA para la Provincia de Valpara\u00edso - Valpara\u00ed\u00adso Creativo<\/title>\n<meta name=\"robots\" content=\"index, follow, max-snippet:-1, max-image-preview:large, max-video-preview:-1\" \/>\n<link rel=\"canonical\" href=\"https:\/\/dev.antudigital.cl\/sites\/vc\/ya-estan-disponibles-los-fondos-par-impulsa-para-la-provincia-de-valparaiso\/\" \/>\n<meta property=\"og:locale\" content=\"es_ES\" \/>\n<meta property=\"og:type\" content=\"article\" \/>\n<meta property=\"og:title\" content=\"Ya est\u00e1n disponibles los fondos PAR IMPULSA para la Provincia de Valpara\u00edso - Valpara\u00ed\u00adso Creativo\" \/>\n<meta property=\"og:description\" content=\"Hasta el\u00a028 de octubre\u00a0a las 15:00hrs. est\u00e1n abiertas las postulaciones PAR IMPULSA para la Provincia de Valpara\u00edso. Esta busca apoyar a contribuyentes que pertenezcan al sector de micro y peque\u00f1as empresas, en la reactivaci\u00f3n de su actividad econ\u00f3mica o en el inicio de una distinta, recuperando y\/o mejorando su potencial productivo y su gesti\u00f3n, en [&hellip;]\" \/>\n<meta property=\"og:url\" content=\"https:\/\/dev.antudigital.cl\/sites\/vc\/ya-estan-disponibles-los-fondos-par-impulsa-para-la-provincia-de-valparaiso\/\" \/>\n<meta property=\"og:site_name\" content=\"Valpara\u00ed\u00adso Creativo\" \/>\n<meta property=\"article:published_time\" content=\"2020-10-15T18:28:40+00:00\" \/>\n<meta property=\"og:image\" content=\"https:\/\/dev.antudigital.cl\/sites\/vc\/wp-content\/uploads\/2020\/10\/PAR.jpg\" \/>\n\t<meta property=\"og:image:width\" content=\"1000\" \/>\n\t<meta property=\"og:image:height\" content=\"497\" \/>\n\t<meta property=\"og:image:type\" content=\"image\/jpeg\" \/>\n<meta name=\"author\" content=\"Valparaiso Creativo\" \/>\n<meta name=\"twitter:card\" content=\"summary_large_image\" \/>\n<meta name=\"twitter:label1\" content=\"Escrito por\" \/>\n\t<meta name=\"twitter:data1\" content=\"Valparaiso Creativo\" \/>\n\t<meta name=\"twitter:label2\" content=\"Tiempo de lectura\" \/>\n\t<meta name=\"twitter:data2\" content=\"1 minuto\" \/>\n<script type=\"application\/ld+json\" class=\"yoast-schema-graph\">{\"@context\":\"https:\/\/schema.org\",\"@graph\":[{\"@type\":\"Article\",\"@id\":\"https:\/\/dev.antudigital.cl\/sites\/vc\/ya-estan-disponibles-los-fondos-par-impulsa-para-la-provincia-de-valparaiso\/#article\",\"isPartOf\":{\"@id\":\"https:\/\/dev.antudigital.cl\/sites\/vc\/ya-estan-disponibles-los-fondos-par-impulsa-para-la-provincia-de-valparaiso\/\"},\"author\":{\"name\":\"Valparaiso Creativo\",\"@id\":\"https:\/\/dev.antudigital.cl\/sites\/vc\/#\/schema\/person\/81d1dcd51abd542b5dfc00f5f951a0f1\"},\"headline\":\"Ya est\u00e1n disponibles los fondos PAR IMPULSA para la Provincia de Valpara\u00edso\",\"datePublished\":\"2020-10-15T18:28:40+00:00\",\"mainEntityOfPage\":{\"@id\":\"https:\/\/dev.antudigital.cl\/sites\/vc\/ya-estan-disponibles-los-fondos-par-impulsa-para-la-provincia-de-valparaiso\/\"},\"wordCount\":145,\"image\":{\"@id\":\"https:\/\/dev.antudigital.cl\/sites\/vc\/ya-estan-disponibles-los-fondos-par-impulsa-para-la-provincia-de-valparaiso\/#primaryimage\"},\"thumbnailUrl\":\"https:\/\/dev.antudigital.cl\/sites\/vc\/wp-content\/uploads\/2020\/10\/PAR.jpg\",\"articleSection\":[\"Noticia\"],\"inLanguage\":\"es\"},{\"@type\":\"WebPage\",\"@id\":\"https:\/\/dev.antudigital.cl\/sites\/vc\/ya-estan-disponibles-los-fondos-par-impulsa-para-la-provincia-de-valparaiso\/\",\"url\":\"https:\/\/dev.antudigital.cl\/sites\/vc\/ya-estan-disponibles-los-fondos-par-impulsa-para-la-provincia-de-valparaiso\/\",\"name\":\"Ya est\u00e1n disponibles los fondos PAR IMPULSA para la Provincia de Valpara\u00edso - Valpara\u00ed\u00adso Creativo\",\"isPartOf\":{\"@id\":\"https:\/\/dev.antudigital.cl\/sites\/vc\/#website\"},\"primaryImageOfPage\":{\"@id\":\"https:\/\/dev.antudigital.cl\/sites\/vc\/ya-estan-disponibles-los-fondos-par-impulsa-para-la-provincia-de-valparaiso\/#primaryimage\"},\"image\":{\"@id\":\"https:\/\/dev.antudigital.cl\/sites\/vc\/ya-estan-disponibles-los-fondos-par-impulsa-para-la-provincia-de-valparaiso\/#primaryimage\"},\"thumbnailUrl\":\"https:\/\/dev.antudigital.cl\/sites\/vc\/wp-content\/uploads\/2020\/10\/PAR.jpg\",\"datePublished\":\"2020-10-15T18:28:40+00:00\",\"author\":{\"@id\":\"https:\/\/dev.antudigital.cl\/sites\/vc\/#\/schema\/person\/81d1dcd51abd542b5dfc00f5f951a0f1\"},\"breadcrumb\":{\"@id\":\"https:\/\/dev.antudigital.cl\/sites\/vc\/ya-estan-disponibles-los-fondos-par-impulsa-para-la-provincia-de-valparaiso\/#breadcrumb\"},\"inLanguage\":\"es\",\"potentialAction\":[{\"@type\":\"ReadAction\",\"target\":[\"https:\/\/dev.antudigital.cl\/sites\/vc\/ya-estan-disponibles-los-fondos-par-impulsa-para-la-provincia-de-valparaiso\/\"]}]},{\"@type\":\"ImageObject\",\"inLanguage\":\"es\",\"@id\":\"https:\/\/dev.antudigital.cl\/sites\/vc\/ya-estan-disponibles-los-fondos-par-impulsa-para-la-provincia-de-valparaiso\/#primaryimage\",\"url\":\"https:\/\/dev.antudigital.cl\/sites\/vc\/wp-content\/uploads\/2020\/10\/PAR.jpg\",\"contentUrl\":\"https:\/\/dev.antudigital.cl\/sites\/vc\/wp-content\/uploads\/2020\/10\/PAR.jpg\",\"width\":1000,\"height\":497},{\"@type\":\"BreadcrumbList\",\"@id\":\"https:\/\/dev.antudigital.cl\/sites\/vc\/ya-estan-disponibles-los-fondos-par-impulsa-para-la-provincia-de-valparaiso\/#breadcrumb\",\"itemListElement\":[{\"@type\":\"ListItem\",\"position\":1,\"name\":\"Home\",\"item\":\"https:\/\/dev.antudigital.cl\/sites\/vc\/\"},{\"@type\":\"ListItem\",\"position\":2,\"name\":\"Ya est\u00e1n disponibles los fondos PAR IMPULSA para la Provincia de Valpara\u00edso\"}]},{\"@type\":\"WebSite\",\"@id\":\"https:\/\/dev.antudigital.cl\/sites\/vc\/#website\",\"url\":\"https:\/\/dev.antudigital.cl\/sites\/vc\/\",\"name\":\"Valpara\u00ed\u00adso Creativo\",\"description\":\"\",\"potentialAction\":[{\"@type\":\"SearchAction\",\"target\":{\"@type\":\"EntryPoint\",\"urlTemplate\":\"https:\/\/dev.antudigital.cl\/sites\/vc\/?s={search_term_string}\"},\"query-input\":{\"@type\":\"PropertyValueSpecification\",\"valueRequired\":true,\"valueName\":\"search_term_string\"}}],\"inLanguage\":\"es\"},{\"@type\":\"Person\",\"@id\":\"https:\/\/dev.antudigital.cl\/sites\/vc\/#\/schema\/person\/81d1dcd51abd542b5dfc00f5f951a0f1\",\"name\":\"Valparaiso Creativo\",\"url\":\"https:\/\/dev.antudigital.cl\/sites\/vc\/author\/valparaiso-creativo\/\"}]}<\/script>\n<!-- \/ Yoast SEO plugin. -->","yoast_head_json":{"title":"Ya est\u00e1n disponibles los fondos PAR IMPULSA para la Provincia de Valpara\u00edso - Valpara\u00ed\u00adso Creativo","robots":{"index":"index","follow":"follow","max-snippet":"max-snippet:-1","max-image-preview":"max-image-preview:large","max-video-preview":"max-video-preview:-1"},"canonical":"https:\/\/dev.antudigital.cl\/sites\/vc\/ya-estan-disponibles-los-fondos-par-impulsa-para-la-provincia-de-valparaiso\/","og_locale":"es_ES","og_type":"article","og_title":"Ya est\u00e1n disponibles los fondos PAR IMPULSA para la Provincia de Valpara\u00edso - Valpara\u00ed\u00adso Creativo","og_description":"Hasta el\u00a028 de octubre\u00a0a las 15:00hrs. est\u00e1n abiertas las postulaciones PAR IMPULSA para la Provincia de Valpara\u00edso. Esta busca apoyar a contribuyentes que pertenezcan al sector de micro y peque\u00f1as empresas, en la reactivaci\u00f3n de su actividad econ\u00f3mica o en el inicio de una distinta, recuperando y\/o mejorando su potencial productivo y su gesti\u00f3n, en [&hellip;]","og_url":"https:\/\/dev.antudigital.cl\/sites\/vc\/ya-estan-disponibles-los-fondos-par-impulsa-para-la-provincia-de-valparaiso\/","og_site_name":"Valpara\u00ed\u00adso Creativo","article_published_time":"2020-10-15T18:28:40+00:00","og_image":[{"width":1000,"height":497,"url":"https:\/\/dev.antudigital.cl\/sites\/vc\/wp-content\/uploads\/2020\/10\/PAR.jpg","type":"image\/jpeg"}],"author":"Valparaiso Creativo","twitter_card":"summary_large_image","twitter_misc":{"Escrito por":"Valparaiso Creativo","Tiempo de lectura":"1 minuto"},"schema":{"@context":"https:\/\/schema.org","@graph":[{"@type":"Article","@id":"https:\/\/dev.antudigital.cl\/sites\/vc\/ya-estan-disponibles-los-fondos-par-impulsa-para-la-provincia-de-valparaiso\/#article","isPartOf":{"@id":"https:\/\/dev.antudigital.cl\/sites\/vc\/ya-estan-disponibles-los-fondos-par-impulsa-para-la-provincia-de-valparaiso\/"},"author":{"name":"Valparaiso Creativo","@id":"https:\/\/dev.antudigital.cl\/sites\/vc\/#\/schema\/person\/81d1dcd51abd542b5dfc00f5f951a0f1"},"headline":"Ya est\u00e1n disponibles los fondos PAR IMPULSA para la Provincia de Valpara\u00edso","datePublished":"2020-10-15T18:28:40+00:00","mainEntityOfPage":{"@id":"https:\/\/dev.antudigital.cl\/sites\/vc\/ya-estan-disponibles-los-fondos-par-impulsa-para-la-provincia-de-valparaiso\/"},"wordCount":145,"image":{"@id":"https:\/\/dev.antudigital.cl\/sites\/vc\/ya-estan-disponibles-los-fondos-par-impulsa-para-la-provincia-de-valparaiso\/#primaryimage"},"thumbnailUrl":"https:\/\/dev.antudigital.cl\/sites\/vc\/wp-content\/uploads\/2020\/10\/PAR.jpg","articleSection":["Noticia"],"inLanguage":"es"},{"@type":"WebPage","@id":"https:\/\/dev.antudigital.cl\/sites\/vc\/ya-estan-disponibles-los-fondos-par-impulsa-para-la-provincia-de-valparaiso\/","url":"https:\/\/dev.antudigital.cl\/sites\/vc\/ya-estan-disponibles-los-fondos-par-impulsa-para-la-provincia-de-valparaiso\/","name":"Ya est\u00e1n disponibles los fondos PAR IMPULSA para la Provincia de Valpara\u00edso - Valpara\u00ed\u00adso Creativo","isPartOf":{"@id":"https:\/\/dev.antudigital.cl\/sites\/vc\/#website"},"primaryImageOfPage":{"@id":"https:\/\/dev.antudigital.cl\/sites\/vc\/ya-estan-disponibles-los-fondos-par-impulsa-para-la-provincia-de-valparaiso\/#primaryimage"},"image":{"@id":"https:\/\/dev.antudigital.cl\/sites\/vc\/ya-estan-disponibles-los-fondos-par-impulsa-para-la-provincia-de-valparaiso\/#primaryimage"},"thumbnailUrl":"https:\/\/dev.antudigital.cl\/sites\/vc\/wp-content\/uploads\/2020\/10\/PAR.jpg","datePublished":"2020-10-15T18:28:40+00:00","author":{"@id":"https:\/\/dev.antudigital.cl\/sites\/vc\/#\/schema\/person\/81d1dcd51abd542b5dfc00f5f951a0f1"},"breadcrumb":{"@id":"https:\/\/dev.antudigital.cl\/sites\/vc\/ya-estan-disponibles-los-fondos-par-impulsa-para-la-provincia-de-valparaiso\/#breadcrumb"},"inLanguage":"es","potentialAction":[{"@type":"ReadAction","target":["https:\/\/dev.antudigital.cl\/sites\/vc\/ya-estan-disponibles-los-fondos-par-impulsa-para-la-provincia-de-valparaiso\/"]}]},{"@type":"ImageObject","inLanguage":"es","@id":"https:\/\/dev.antudigital.cl\/sites\/vc\/ya-estan-disponibles-los-fondos-par-impulsa-para-la-provincia-de-valparaiso\/#primaryimage","url":"https:\/\/dev.antudigital.cl\/sites\/vc\/wp-content\/uploads\/2020\/10\/PAR.jpg","contentUrl":"https:\/\/dev.antudigital.cl\/sites\/vc\/wp-content\/uploads\/2020\/10\/PAR.jpg","width":1000,"height":497},{"@type":"BreadcrumbList","@id":"https:\/\/dev.antudigital.cl\/sites\/vc\/ya-estan-disponibles-los-fondos-par-impulsa-para-la-provincia-de-valparaiso\/#breadcrumb","itemListElement":[{"@type":"ListItem","position":1,"name":"Home","item":"https:\/\/dev.antudigital.cl\/sites\/vc\/"},{"@type":"ListItem","position":2,"name":"Ya est\u00e1n disponibles los fondos PAR IMPULSA para la Provincia de Valpara\u00edso"}]},{"@type":"WebSite","@id":"https:\/\/dev.antudigital.cl\/sites\/vc\/#website","url":"https:\/\/dev.antudigital.cl\/sites\/vc\/","name":"Valpara\u00ed\u00adso Creativo","description":"","potentialAction":[{"@type":"SearchAction","target":{"@type":"EntryPoint","urlTemplate":"https:\/\/dev.antudigital.cl\/sites\/vc\/?s={search_term_string}"},"query-input":{"@type":"PropertyValueSpecification","valueRequired":true,"valueName":"search_term_string"}}],"inLanguage":"es"},{"@type":"Person","@id":"https:\/\/dev.antudigital.cl\/sites\/vc\/#\/schema\/person\/81d1dcd51abd542b5dfc00f5f951a0f1","name":"Valparaiso Creativo","url":"https:\/\/dev.antudigital.cl\/sites\/vc\/author\/valparaiso-creativo\/"}]}},"_links":{"self":[{"href":"https:\/\/dev.antudigital.cl\/sites\/vc\/wp-json\/wp\/v2\/posts\/8609","targetHints":{"allow":["GET"]}}],"collection":[{"href":"https:\/\/dev.antudigital.cl\/sites\/vc\/wp-json\/wp\/v2\/posts"}],"about":[{"href":"https:\/\/dev.antudigital.cl\/sites\/vc\/wp-json\/wp\/v2\/types\/post"}],"author":[{"embeddable":true,"href":"https:\/\/dev.antudigital.cl\/sites\/vc\/wp-json\/wp\/v2\/users\/3"}],"replies":[{"embeddable":true,"href":"https:\/\/dev.antudigital.cl\/sites\/vc\/wp-json\/wp\/v2\/comments?post=8609"}],"version-history":[{"count":0,"href":"https:\/\/dev.antudigital.cl\/sites\/vc\/wp-json\/wp\/v2\/posts\/8609\/revisions"}],"wp:featuredmedia":[{"embeddable":true,"href":"https:\/\/dev.antudigital.cl\/sites\/vc\/wp-json\/wp\/v2\/media\/8610"}],"wp:attachment":[{"href":"https:\/\/dev.antudigital.cl\/sites\/vc\/wp-json\/wp\/v2\/media?parent=8609"}],"wp:term":[{"taxonomy":"category","embeddable":true,"href":"https:\/\/dev.antudigital.cl\/sites\/vc\/wp-json\/wp\/v2\/categories?post=8609"},{"taxonomy":"post_tag","embeddable":true,"href":"https:\/\/dev.antudigital.cl\/sites\/vc\/wp-json\/wp\/v2\/tags?post=8609"}],"curies":[{"name":"wp","href":"https:\/\/api.w.org\/{rel}","templated":true}]}}