{"id":8613,"date":"2020-10-12T09:24:18","date_gmt":"2020-10-12T09:24:18","guid":{"rendered":"https:\/\/www.valparaisocreativo.cl\/?p=5298"},"modified":"2020-10-12T09:24:18","modified_gmt":"2020-10-12T09:24:18","slug":"talleristas-fifv-2020-carla-yovane-y-alexandre-christiaens","status":"publish","type":"post","link":"https:\/\/dev.antudigital.cl\/sites\/vc\/talleristas-fifv-2020-carla-yovane-y-alexandre-christiaens\/","title":{"rendered":"Talleristas FIFV 2020: Carla Yovane y Alexandre Christiaens"},"content":{"rendered":"<p><em>Cada semana, exploramos parte de los talleres y fot\u00f3graf@s que est\u00e1n tras la onceava versi\u00f3n del Festival Internacional de Fotograf\u00eda en Valpara\u00edso. Sigue atento durante la realizaci\u00f3n virtual de esta connotada instancia.<\/em><\/p>\n<pre>Por: Cristofer D\u00edaz.<\/pre>\n<p>&nbsp;<\/p>\n<p><b>Carla Yovane<\/b><span style=\"font-weight: 400;\"> es psic\u00f3loga, fot\u00f3grafa y realizadora audiovisual chilena. Desde muy peque\u00f1a fue inmigrante en varias ciudades, lo que despert\u00f3 en ella un gran inter\u00e9s por el ser humano, la cultura y las artes. La diversidad y los matices en la condici\u00f3n humana es una constante en su obra, en la que prima la fotograf\u00eda documental. Declara que en su trabajo mira \u201cdesde la subjetividad, el prejuicio, el deseo, el miedo, desde lo que somos, sabemos y querr\u00edamos saber\u201d.\u00a0<\/span><\/p>\n\n<p><span style=\"font-weight: 400;\">Carla ha sido parte de diversos workshops en Cuba, Bolivia, Francia y Ecuador. En 2019, fue seleccionada para ser parte del prestigioso Eddie Adams Workshop, en Nueva York; y entre sus galardones, recibi\u00f3 el premio a Mejor Portafolio en el FIFV 2018 y el primer lugar en la categor\u00eda \u201cVida diaria\u201d de FotoPrensa Chile 2019. A partir del mismo a\u00f1o, forma parte de Women Photograph, una iniciativa cuyo fin es realzar las voces de las mujeres.<\/span><\/p>\n<p><span style=\"font-weight: 400;\">Por su parte, <\/span><b>Alexandre Christiaens<\/b><span style=\"font-weight: 400;\">, fot\u00f3grafo belga, ha dirigido -y a\u00fan dirige- muchos viajes fotogr\u00e1ficos. Por sus recorridos, ha construido un lenguaje visual propio, que busca reflejar los diversos v\u00ednculos entre los seres vivos y el mundo en el que nacen. As\u00ed, personas, animales y plantas, cargados de territorialidad, son protagonistas permanentes de sus retratos, en una po\u00e9tica marcada por el gris.\u00a0<\/span><\/p>\n\n<p><span style=\"font-weight: 400;\">El fot\u00f3grafo, lidera diversos talleres en B\u00e9lgica y en el mundo, enfocado en fotograf\u00eda digital y an\u00e1loga.\u00a0 Ha sido parte de numerosas exposiciones individuales y colectivas en el mundo, y entre sus publicaciones destacan \u201cHunter Grill\u201d y \u201cEstonia\u201d, basadas en sus residencias en Tallin (Estonia).<\/span><\/p>\n<p><span style=\"font-weight: 400;\">Ambos autores fueron los talleristas invitados en el FIFV 2020, para liderar el taller \u00ab<\/span><b>Exploraci\u00f3n de una sinergia colectiva<\/b><span style=\"font-weight: 400;\">\u00ab.<\/span><\/p>\n<p><b>-\u00bfC\u00f3mo entienden la \u00absinergia colectiva\u00bb?\u00a0<\/b><\/p>\n<p><i><span style=\"font-weight: 400;\">La entendimos como el sentido de trabajar en conjunto para apoyar los proyectos que los participantes estaban realizando en sus pa\u00edses. Buscamos profundizar y discutir el tema que propuso el FIFV este a\u00f1o, para lograr una mirada y discurso que pudiera reflejar los distintos contenidos que se estaban cuestionando y abordando en el taller en torno al \u00abamor y pol\u00edtica\u00bb: inmigraci\u00f3n, Covid 19, territorio, memoria, fragilidad, diversidad, naturaleza, la huella humana, etc.<\/span><\/i><\/p>\n<p><b>-\u00bfC\u00f3mo exploraron este concepto en este taller virtual?<\/b><\/p>\n<p><i><span style=\"font-weight: 400;\">Lo m\u00e1s interesante es que esta se fue observando durante el proceso del taller y en el producto final de la serie, m\u00e1s que en una simple imagen.\u00a0 Los autores fueron profundizando, experimentando y abriendo nuevos caminos. Algunos probando nuevos desaf\u00edos y t\u00e9cnicas para lograr sus mejores fotograf\u00edas. Creo que para muchos de ellos se ve un antes y un despu\u00e9s en sus fotograf\u00edas, respecto a su contenido y edici\u00f3n del trabajo. Todos tomando en cuenta lo que se discut\u00eda y el feedback que recib\u00edan en el taller por parte de todos.\u00a0<\/span><\/i><\/p>\n<p><i><span style=\"font-weight: 400;\">Fuimos como grupo acompa\u00f1ando todos los procesos de cada individuo de manera colectiva, desde un principio -desde la idea que quer\u00edan trabajar con el tema propuesto por el FIFV hasta la serie final- y compartiendo miradas.\u00a0<\/span><\/i><\/p>\n<p><i><span style=\"font-weight: 400;\">Intercambiamos comentarios, textos, referencias y otros enlaces en un grupo de Facebook privado que armamos. En cada una de nuestras reuniones, establecimos ediciones del trabajo que estaba realizando cada participante y estas fueron probadas colectivamente. Por lo tanto, ve\u00edamos c\u00f3mo el trabajo estaba evolucionando, se discut\u00eda y se establec\u00edan los pasos a seguir.\u00a0<\/span><\/i><\/p>\n<p><i><span style=\"font-weight: 400;\">\u00a0Los resultados fueron valiosos, tanto en la forma como en el fondo. Algunos de ellos incluso dando pie a proyectos a largo plazo, donde nos hemos comprometido como grupo a seguir apoyando los procesos de los participantes.\u00a0<\/span><\/i><\/p>\n<p><span style=\"font-weight: 400;\">Te invitamos tambi\u00e9n a conocer m\u00e1s sobre los otros talleristas: <\/span><a href=\"https:\/\/www.valparaisocreativo.cl\/talleristas-fifv-2020-cristobal-olivares-y-yael-martinez\/\"><span style=\"font-weight: 400;\">Cristobal Olivares y Yael Mart\u00ednez<\/span><\/a><span style=\"font-weight: 400;\">, y <\/span><a href=\"https:\/\/www.valparaisocreativo.cl\/talleristas-fifv-2020-elde-gelos\/\"><span style=\"font-weight: 400;\">Elde Gelos<\/span><\/a><span style=\"font-weight: 400;\">. Los proyectos realizados en los talleres ser\u00e1n presentados entre el 28 y 31 de octubre. Conoce m\u00e1s en <\/span><a href=\"http:\/\/www.fifv.cl\"><span style=\"font-weight: 400;\">www.fifv.cl<\/span><\/a><span style=\"font-weight: 400;\">.\u00a0<\/span><\/p>\n","protected":false},"excerpt":{"rendered":"<p>Cada semana, exploramos parte de los talleres y fot\u00f3graf@s que est\u00e1n tras la onceava versi\u00f3n del Festival Internacional de Fotograf\u00eda en Valpara\u00edso. Sigue atento durante la realizaci\u00f3n virtual de esta connotada instancia. Por: Cristofer D\u00edaz. &nbsp; Carla Yovane es psic\u00f3loga, fot\u00f3grafa y realizadora audiovisual chilena. Desde muy peque\u00f1a fue inmigrante en varias ciudades, lo que [&hellip;]<\/p>\n","protected":false},"author":3,"featured_media":8618,"comment_status":"closed","ping_status":"closed","sticky":false,"template":"","format":"standard","meta":{"_acf_changed":false,"footnotes":""},"categories":[8],"tags":[75,160,197,135],"class_list":["post-8613","post","type-post","status-publish","format-standard","has-post-thumbnail","hentry","category-noticia","tag-artes-visuales","tag-fifv","tag-fifv-2020","tag-fotografia"],"acf":[],"yoast_head":"<!-- This site is optimized with the Yoast SEO plugin v27.1.1 - https:\/\/yoast.com\/product\/yoast-seo-wordpress\/ -->\n<title>Talleristas FIFV 2020: Carla Yovane y Alexandre Christiaens - Valpara\u00ed\u00adso Creativo<\/title>\n<meta name=\"robots\" content=\"index, follow, max-snippet:-1, max-image-preview:large, max-video-preview:-1\" \/>\n<link rel=\"canonical\" href=\"https:\/\/dev.antudigital.cl\/sites\/vc\/talleristas-fifv-2020-carla-yovane-y-alexandre-christiaens\/\" \/>\n<meta property=\"og:locale\" content=\"es_ES\" \/>\n<meta property=\"og:type\" content=\"article\" \/>\n<meta property=\"og:title\" content=\"Talleristas FIFV 2020: Carla Yovane y Alexandre Christiaens - Valpara\u00ed\u00adso Creativo\" \/>\n<meta property=\"og:description\" content=\"Cada semana, exploramos parte de los talleres y fot\u00f3graf@s que est\u00e1n tras la onceava versi\u00f3n del Festival Internacional de Fotograf\u00eda en Valpara\u00edso. Sigue atento durante la realizaci\u00f3n virtual de esta connotada instancia. Por: Cristofer D\u00edaz. &nbsp; Carla Yovane es psic\u00f3loga, fot\u00f3grafa y realizadora audiovisual chilena. Desde muy peque\u00f1a fue inmigrante en varias ciudades, lo que [&hellip;]\" \/>\n<meta property=\"og:url\" content=\"https:\/\/dev.antudigital.cl\/sites\/vc\/talleristas-fifv-2020-carla-yovane-y-alexandre-christiaens\/\" \/>\n<meta property=\"og:site_name\" content=\"Valpara\u00ed\u00adso Creativo\" \/>\n<meta property=\"article:published_time\" content=\"2020-10-12T09:24:18+00:00\" \/>\n<meta property=\"og:image\" content=\"https:\/\/dev.antudigital.cl\/sites\/vc\/wp-content\/uploads\/2020\/10\/Alexandre-3.jpg\" \/>\n\t<meta property=\"og:image:width\" content=\"1280\" \/>\n\t<meta property=\"og:image:height\" content=\"526\" \/>\n\t<meta property=\"og:image:type\" content=\"image\/jpeg\" \/>\n<meta name=\"author\" content=\"Valparaiso Creativo\" \/>\n<meta name=\"twitter:card\" content=\"summary_large_image\" \/>\n<meta name=\"twitter:label1\" content=\"Escrito por\" \/>\n\t<meta name=\"twitter:data1\" content=\"Valparaiso Creativo\" \/>\n\t<meta name=\"twitter:label2\" content=\"Tiempo de lectura\" \/>\n\t<meta name=\"twitter:data2\" content=\"4 minutos\" \/>\n<script type=\"application\/ld+json\" class=\"yoast-schema-graph\">{\"@context\":\"https:\/\/schema.org\",\"@graph\":[{\"@type\":\"Article\",\"@id\":\"https:\/\/dev.antudigital.cl\/sites\/vc\/talleristas-fifv-2020-carla-yovane-y-alexandre-christiaens\/#article\",\"isPartOf\":{\"@id\":\"https:\/\/dev.antudigital.cl\/sites\/vc\/talleristas-fifv-2020-carla-yovane-y-alexandre-christiaens\/\"},\"author\":{\"name\":\"Valparaiso Creativo\",\"@id\":\"https:\/\/dev.antudigital.cl\/sites\/vc\/#\/schema\/person\/81d1dcd51abd542b5dfc00f5f951a0f1\"},\"headline\":\"Talleristas FIFV 2020: Carla Yovane y Alexandre Christiaens\",\"datePublished\":\"2020-10-12T09:24:18+00:00\",\"mainEntityOfPage\":{\"@id\":\"https:\/\/dev.antudigital.cl\/sites\/vc\/talleristas-fifv-2020-carla-yovane-y-alexandre-christiaens\/\"},\"wordCount\":715,\"image\":{\"@id\":\"https:\/\/dev.antudigital.cl\/sites\/vc\/talleristas-fifv-2020-carla-yovane-y-alexandre-christiaens\/#primaryimage\"},\"thumbnailUrl\":\"https:\/\/dev.antudigital.cl\/sites\/vc\/wp-content\/uploads\/2020\/10\/Alexandre-3.jpg\",\"keywords\":[\"Artes Visuales\",\"FIFV\",\"FIFV 2020\",\"Fotograf\u00eda\"],\"articleSection\":[\"Noticia\"],\"inLanguage\":\"es\"},{\"@type\":\"WebPage\",\"@id\":\"https:\/\/dev.antudigital.cl\/sites\/vc\/talleristas-fifv-2020-carla-yovane-y-alexandre-christiaens\/\",\"url\":\"https:\/\/dev.antudigital.cl\/sites\/vc\/talleristas-fifv-2020-carla-yovane-y-alexandre-christiaens\/\",\"name\":\"Talleristas FIFV 2020: Carla Yovane y Alexandre Christiaens - Valpara\u00ed\u00adso Creativo\",\"isPartOf\":{\"@id\":\"https:\/\/dev.antudigital.cl\/sites\/vc\/#website\"},\"primaryImageOfPage\":{\"@id\":\"https:\/\/dev.antudigital.cl\/sites\/vc\/talleristas-fifv-2020-carla-yovane-y-alexandre-christiaens\/#primaryimage\"},\"image\":{\"@id\":\"https:\/\/dev.antudigital.cl\/sites\/vc\/talleristas-fifv-2020-carla-yovane-y-alexandre-christiaens\/#primaryimage\"},\"thumbnailUrl\":\"https:\/\/dev.antudigital.cl\/sites\/vc\/wp-content\/uploads\/2020\/10\/Alexandre-3.jpg\",\"datePublished\":\"2020-10-12T09:24:18+00:00\",\"author\":{\"@id\":\"https:\/\/dev.antudigital.cl\/sites\/vc\/#\/schema\/person\/81d1dcd51abd542b5dfc00f5f951a0f1\"},\"breadcrumb\":{\"@id\":\"https:\/\/dev.antudigital.cl\/sites\/vc\/talleristas-fifv-2020-carla-yovane-y-alexandre-christiaens\/#breadcrumb\"},\"inLanguage\":\"es\",\"potentialAction\":[{\"@type\":\"ReadAction\",\"target\":[\"https:\/\/dev.antudigital.cl\/sites\/vc\/talleristas-fifv-2020-carla-yovane-y-alexandre-christiaens\/\"]}]},{\"@type\":\"ImageObject\",\"inLanguage\":\"es\",\"@id\":\"https:\/\/dev.antudigital.cl\/sites\/vc\/talleristas-fifv-2020-carla-yovane-y-alexandre-christiaens\/#primaryimage\",\"url\":\"https:\/\/dev.antudigital.cl\/sites\/vc\/wp-content\/uploads\/2020\/10\/Alexandre-3.jpg\",\"contentUrl\":\"https:\/\/dev.antudigital.cl\/sites\/vc\/wp-content\/uploads\/2020\/10\/Alexandre-3.jpg\",\"width\":1280,\"height\":526},{\"@type\":\"BreadcrumbList\",\"@id\":\"https:\/\/dev.antudigital.cl\/sites\/vc\/talleristas-fifv-2020-carla-yovane-y-alexandre-christiaens\/#breadcrumb\",\"itemListElement\":[{\"@type\":\"ListItem\",\"position\":1,\"name\":\"Home\",\"item\":\"https:\/\/dev.antudigital.cl\/sites\/vc\/\"},{\"@type\":\"ListItem\",\"position\":2,\"name\":\"Talleristas FIFV 2020: Carla Yovane y Alexandre Christiaens\"}]},{\"@type\":\"WebSite\",\"@id\":\"https:\/\/dev.antudigital.cl\/sites\/vc\/#website\",\"url\":\"https:\/\/dev.antudigital.cl\/sites\/vc\/\",\"name\":\"Valpara\u00ed\u00adso Creativo\",\"description\":\"\",\"potentialAction\":[{\"@type\":\"SearchAction\",\"target\":{\"@type\":\"EntryPoint\",\"urlTemplate\":\"https:\/\/dev.antudigital.cl\/sites\/vc\/?s={search_term_string}\"},\"query-input\":{\"@type\":\"PropertyValueSpecification\",\"valueRequired\":true,\"valueName\":\"search_term_string\"}}],\"inLanguage\":\"es\"},{\"@type\":\"Person\",\"@id\":\"https:\/\/dev.antudigital.cl\/sites\/vc\/#\/schema\/person\/81d1dcd51abd542b5dfc00f5f951a0f1\",\"name\":\"Valparaiso Creativo\",\"url\":\"https:\/\/dev.antudigital.cl\/sites\/vc\/author\/valparaiso-creativo\/\"}]}<\/script>\n<!-- \/ Yoast SEO plugin. -->","yoast_head_json":{"title":"Talleristas FIFV 2020: Carla Yovane y Alexandre Christiaens - Valpara\u00ed\u00adso Creativo","robots":{"index":"index","follow":"follow","max-snippet":"max-snippet:-1","max-image-preview":"max-image-preview:large","max-video-preview":"max-video-preview:-1"},"canonical":"https:\/\/dev.antudigital.cl\/sites\/vc\/talleristas-fifv-2020-carla-yovane-y-alexandre-christiaens\/","og_locale":"es_ES","og_type":"article","og_title":"Talleristas FIFV 2020: Carla Yovane y Alexandre Christiaens - Valpara\u00ed\u00adso Creativo","og_description":"Cada semana, exploramos parte de los talleres y fot\u00f3graf@s que est\u00e1n tras la onceava versi\u00f3n del Festival Internacional de Fotograf\u00eda en Valpara\u00edso. Sigue atento durante la realizaci\u00f3n virtual de esta connotada instancia. Por: Cristofer D\u00edaz. &nbsp; Carla Yovane es psic\u00f3loga, fot\u00f3grafa y realizadora audiovisual chilena. Desde muy peque\u00f1a fue inmigrante en varias ciudades, lo que [&hellip;]","og_url":"https:\/\/dev.antudigital.cl\/sites\/vc\/talleristas-fifv-2020-carla-yovane-y-alexandre-christiaens\/","og_site_name":"Valpara\u00ed\u00adso Creativo","article_published_time":"2020-10-12T09:24:18+00:00","og_image":[{"width":1280,"height":526,"url":"https:\/\/dev.antudigital.cl\/sites\/vc\/wp-content\/uploads\/2020\/10\/Alexandre-3.jpg","type":"image\/jpeg"}],"author":"Valparaiso Creativo","twitter_card":"summary_large_image","twitter_misc":{"Escrito por":"Valparaiso Creativo","Tiempo de lectura":"4 minutos"},"schema":{"@context":"https:\/\/schema.org","@graph":[{"@type":"Article","@id":"https:\/\/dev.antudigital.cl\/sites\/vc\/talleristas-fifv-2020-carla-yovane-y-alexandre-christiaens\/#article","isPartOf":{"@id":"https:\/\/dev.antudigital.cl\/sites\/vc\/talleristas-fifv-2020-carla-yovane-y-alexandre-christiaens\/"},"author":{"name":"Valparaiso Creativo","@id":"https:\/\/dev.antudigital.cl\/sites\/vc\/#\/schema\/person\/81d1dcd51abd542b5dfc00f5f951a0f1"},"headline":"Talleristas FIFV 2020: Carla Yovane y Alexandre Christiaens","datePublished":"2020-10-12T09:24:18+00:00","mainEntityOfPage":{"@id":"https:\/\/dev.antudigital.cl\/sites\/vc\/talleristas-fifv-2020-carla-yovane-y-alexandre-christiaens\/"},"wordCount":715,"image":{"@id":"https:\/\/dev.antudigital.cl\/sites\/vc\/talleristas-fifv-2020-carla-yovane-y-alexandre-christiaens\/#primaryimage"},"thumbnailUrl":"https:\/\/dev.antudigital.cl\/sites\/vc\/wp-content\/uploads\/2020\/10\/Alexandre-3.jpg","keywords":["Artes Visuales","FIFV","FIFV 2020","Fotograf\u00eda"],"articleSection":["Noticia"],"inLanguage":"es"},{"@type":"WebPage","@id":"https:\/\/dev.antudigital.cl\/sites\/vc\/talleristas-fifv-2020-carla-yovane-y-alexandre-christiaens\/","url":"https:\/\/dev.antudigital.cl\/sites\/vc\/talleristas-fifv-2020-carla-yovane-y-alexandre-christiaens\/","name":"Talleristas FIFV 2020: Carla Yovane y Alexandre Christiaens - Valpara\u00ed\u00adso Creativo","isPartOf":{"@id":"https:\/\/dev.antudigital.cl\/sites\/vc\/#website"},"primaryImageOfPage":{"@id":"https:\/\/dev.antudigital.cl\/sites\/vc\/talleristas-fifv-2020-carla-yovane-y-alexandre-christiaens\/#primaryimage"},"image":{"@id":"https:\/\/dev.antudigital.cl\/sites\/vc\/talleristas-fifv-2020-carla-yovane-y-alexandre-christiaens\/#primaryimage"},"thumbnailUrl":"https:\/\/dev.antudigital.cl\/sites\/vc\/wp-content\/uploads\/2020\/10\/Alexandre-3.jpg","datePublished":"2020-10-12T09:24:18+00:00","author":{"@id":"https:\/\/dev.antudigital.cl\/sites\/vc\/#\/schema\/person\/81d1dcd51abd542b5dfc00f5f951a0f1"},"breadcrumb":{"@id":"https:\/\/dev.antudigital.cl\/sites\/vc\/talleristas-fifv-2020-carla-yovane-y-alexandre-christiaens\/#breadcrumb"},"inLanguage":"es","potentialAction":[{"@type":"ReadAction","target":["https:\/\/dev.antudigital.cl\/sites\/vc\/talleristas-fifv-2020-carla-yovane-y-alexandre-christiaens\/"]}]},{"@type":"ImageObject","inLanguage":"es","@id":"https:\/\/dev.antudigital.cl\/sites\/vc\/talleristas-fifv-2020-carla-yovane-y-alexandre-christiaens\/#primaryimage","url":"https:\/\/dev.antudigital.cl\/sites\/vc\/wp-content\/uploads\/2020\/10\/Alexandre-3.jpg","contentUrl":"https:\/\/dev.antudigital.cl\/sites\/vc\/wp-content\/uploads\/2020\/10\/Alexandre-3.jpg","width":1280,"height":526},{"@type":"BreadcrumbList","@id":"https:\/\/dev.antudigital.cl\/sites\/vc\/talleristas-fifv-2020-carla-yovane-y-alexandre-christiaens\/#breadcrumb","itemListElement":[{"@type":"ListItem","position":1,"name":"Home","item":"https:\/\/dev.antudigital.cl\/sites\/vc\/"},{"@type":"ListItem","position":2,"name":"Talleristas FIFV 2020: Carla Yovane y Alexandre Christiaens"}]},{"@type":"WebSite","@id":"https:\/\/dev.antudigital.cl\/sites\/vc\/#website","url":"https:\/\/dev.antudigital.cl\/sites\/vc\/","name":"Valpara\u00ed\u00adso Creativo","description":"","potentialAction":[{"@type":"SearchAction","target":{"@type":"EntryPoint","urlTemplate":"https:\/\/dev.antudigital.cl\/sites\/vc\/?s={search_term_string}"},"query-input":{"@type":"PropertyValueSpecification","valueRequired":true,"valueName":"search_term_string"}}],"inLanguage":"es"},{"@type":"Person","@id":"https:\/\/dev.antudigital.cl\/sites\/vc\/#\/schema\/person\/81d1dcd51abd542b5dfc00f5f951a0f1","name":"Valparaiso Creativo","url":"https:\/\/dev.antudigital.cl\/sites\/vc\/author\/valparaiso-creativo\/"}]}},"_links":{"self":[{"href":"https:\/\/dev.antudigital.cl\/sites\/vc\/wp-json\/wp\/v2\/posts\/8613","targetHints":{"allow":["GET"]}}],"collection":[{"href":"https:\/\/dev.antudigital.cl\/sites\/vc\/wp-json\/wp\/v2\/posts"}],"about":[{"href":"https:\/\/dev.antudigital.cl\/sites\/vc\/wp-json\/wp\/v2\/types\/post"}],"author":[{"embeddable":true,"href":"https:\/\/dev.antudigital.cl\/sites\/vc\/wp-json\/wp\/v2\/users\/3"}],"replies":[{"embeddable":true,"href":"https:\/\/dev.antudigital.cl\/sites\/vc\/wp-json\/wp\/v2\/comments?post=8613"}],"version-history":[{"count":0,"href":"https:\/\/dev.antudigital.cl\/sites\/vc\/wp-json\/wp\/v2\/posts\/8613\/revisions"}],"wp:featuredmedia":[{"embeddable":true,"href":"https:\/\/dev.antudigital.cl\/sites\/vc\/wp-json\/wp\/v2\/media\/8618"}],"wp:attachment":[{"href":"https:\/\/dev.antudigital.cl\/sites\/vc\/wp-json\/wp\/v2\/media?parent=8613"}],"wp:term":[{"taxonomy":"category","embeddable":true,"href":"https:\/\/dev.antudigital.cl\/sites\/vc\/wp-json\/wp\/v2\/categories?post=8613"},{"taxonomy":"post_tag","embeddable":true,"href":"https:\/\/dev.antudigital.cl\/sites\/vc\/wp-json\/wp\/v2\/tags?post=8613"}],"curies":[{"name":"wp","href":"https:\/\/api.w.org\/{rel}","templated":true}]}}