{"id":8623,"date":"2020-10-09T18:13:49","date_gmt":"2020-10-09T18:13:49","guid":{"rendered":"https:\/\/www.valparaisocreativo.cl\/?p=5289"},"modified":"2020-10-09T18:13:49","modified_gmt":"2020-10-09T18:13:49","slug":"locos-por-el-diseno-entrevista-al-equipo-de-ctrlg","status":"publish","type":"post","link":"https:\/\/dev.antudigital.cl\/sites\/vc\/locos-por-el-diseno-entrevista-al-equipo-de-ctrlg\/","title":{"rendered":"Locos por el dise\u00f1o: entrevista al equipo de CTRL+G"},"content":{"rendered":"<p>El 3 y 10 de octubre se llev\u00f3 a cabo la quinceava versi\u00f3n del <strong><a href=\"https:\/\/encuentrocontrolg.cl\/\">Encuentro de Dise\u00f1o CTRL+G<\/a><\/strong>, que lleva a\u00f1os innovando y generando un espacio de discusi\u00f3n y enriquecimiento en torno a al Dise\u00f1o, sus variantes y c\u00f3mo se conecta con otras disciplinas.<\/p>\n<p><span style=\"font-weight: 400;\">Conversamos con Nicole Burgos, Francisco Valencia y Marcela Alvarado de este interesante equipo que ama el dise\u00f1o y promueven su pasi\u00f3n como punto de encuentro.<\/span><\/p>\n<p><b>&#8211; \u00bfCu\u00e1ntos son y c\u00f3mo surge el Encuentro, en especial la versi\u00f3n actual que reci\u00e9n vivimos?<\/b><\/p>\n<p><span style=\"font-weight: 400;\"><img decoding=\"async\" class=\"alignleft size-medium wp-image-5290\" src=\"https:\/\/www.valparaisocreativo.cl\/wp-content\/uploads\/2020\/10\/Captura-de-Pantalla-2020-10-07-a-las-17.29.15-150x300.png\" alt=\"\" width=\"150\" height=\"300\" \/>&#8211; Junto con el animador del evento, somos un equipo de 7 personas. Todos a la par de nuestra vida laboral, podemos la energ\u00eda para este proyecto. Nosotros [Nicole y Francisco] somos dise\u00f1adores gr\u00e1ficos, y as\u00ed llegamos a ser parte de, nos gustaba desde que \u00e9ramos estudiantes y asist\u00edamos a \u00e9l.<\/span><\/p>\n<p><span style=\"font-weight: 400;\">Las tem\u00e1ticas y l\u00edneas que se tratar\u00e1n espec\u00edficamente en cada versi\u00f3n se ve con todo el equipo. Vamos hablando de nuestras \u00e1reas de inter\u00e9s y salen nombres, revisamos referencias, para siempre tener nuevas visiones que convergen. Este a\u00f1o decidimos mezclarnos m\u00e1s con la innovaci\u00f3n, y a quienes impulsan el desarrollo de la industria creativa.<\/span><\/p>\n<p>&nbsp;<\/p>\n<p><b>&#8211; \u00bfC\u00f3mo ha sido este a\u00f1o en cuanto a su funcionamiento, los desaf\u00edos que la virtualidad presenta?<\/b><\/p>\n<p><span style=\"font-weight: 400;\">Nicole: Ha sido un tiempo de adaptarse. Hicimos actividades como los Live en Instagram, para poder fomentar o ayudar a personas que tienen inter\u00e9s en el dise\u00f1o, o incluso a nosotros mismos, para saber c\u00f3mo nos replanteamos ahora y nos sirvi\u00f3. Los Live fueron una buena previa al evento.<\/span><\/p>\n<p><span style=\"font-weight: 400;\">Marcela: Creo que el camino que se hizo con los Live, era un formato para hablar con aquellas personas con gustos afines, y nos dio a entender que est\u00e1bamos instalando un tema y un proceso de adaptaci\u00f3n que ten\u00eda que terminar en algo concreto, m\u00e1s robusto, y se logr\u00f3 con el Encuentro.<\/span><\/p>\n<p>&nbsp;<\/p>\n<p><b>&#8211; \u00bfCu\u00e1l es el coraz\u00f3n del evento, el motor que permite que se mantenga a flote tantos a\u00f1os?<\/b><\/p>\n<p><span style=\"font-weight: 400;\">&#8211; Lo hacemos porque somos unos apasionados del dise\u00f1o no m\u00e1s. La base tambi\u00e9n est\u00e1 en los tres conceptos que re\u00fane el evento en s\u00ed: reunir, re pensar y re crear. Adoptamos eso mismo de la instituci\u00f3n de la que ven\u00eda el evento, y de ah\u00ed comenzar a hablar de eso mismo. El n\u00facleo de personas donde nos podemos juntar con personas que les gusta el dise\u00f1o, aunque no sean dise\u00f1adores. Nos podemos juntar y potenciar m\u00e1s cada uno de nosotros. Y difundir el dise\u00f1o, que se valore como tal.<\/span><\/p>\n<p><span style=\"font-weight: 400;\">Francisco: Para nosotros es normal hacer este proyecto porque nos gusta. Entonces cada persona que ingresa al equipo, es porque tambi\u00e9n lo aman y es la instancia que se crea, lo que permite generar un grupo humano que est\u00e9 ligado a la meta, de perfeccionar el evento cada vez m\u00e1s. Nos sirve para ir potenciando nuestras habilidades.<\/span><\/p>\n<p>&nbsp;<\/p>\n<p><b>&#8211; \u00bfC\u00f3mo piensan que la gente se relaciona con el dise\u00f1o y por ende, con el evento?<\/b><\/p>\n<p><span style=\"font-weight: 400;\">&#8211; Creo que la gente est\u00e1 acostumbrada al dise\u00f1o, y hoy cuando estamos en una revoluci\u00f3n digital, cuestionandonos h\u00e1bitos de consumo, el dise\u00f1o adquiere m\u00e1s importancia que antes. La \u00fanica manera de transparentar los procesos que vivimos es a trav\u00e9s del dise\u00f1o, entonces, hoy juega un rol fundamental. Lo mismo es c\u00f3mo la tecnolog\u00eda se vuelve con ello para ser atractiva, para tener una experiencia de usuario m\u00e1s ligera, tener m\u00e1s accesibilidad, no s\u00f3lo desde lo monetario, sino tambi\u00e9n desde el dise\u00f1o y el trabajo multidisciplinario. Y hay que comunicarlo.<\/span><\/p>\n","protected":false},"excerpt":{"rendered":"<p>El 3 y 10 de octubre se llev\u00f3 a cabo la quinceava versi\u00f3n del Encuentro de Dise\u00f1o CTRL+G, que lleva a\u00f1os innovando y generando un espacio de discusi\u00f3n y enriquecimiento en torno a al Dise\u00f1o, sus variantes y c\u00f3mo se conecta con otras disciplinas. Conversamos con Nicole Burgos, Francisco Valencia y Marcela Alvarado de este [&hellip;]<\/p>\n","protected":false},"author":3,"featured_media":8624,"comment_status":"closed","ping_status":"closed","sticky":false,"template":"","format":"standard","meta":{"_acf_changed":false,"footnotes":""},"categories":[8],"tags":[],"class_list":["post-8623","post","type-post","status-publish","format-standard","has-post-thumbnail","hentry","category-noticia"],"acf":[],"yoast_head":"<!-- This site is optimized with the Yoast SEO plugin v27.1.1 - https:\/\/yoast.com\/product\/yoast-seo-wordpress\/ -->\n<title>Locos por el dise\u00f1o: entrevista al equipo de CTRL+G - Valpara\u00ed\u00adso Creativo<\/title>\n<meta name=\"robots\" content=\"index, follow, max-snippet:-1, max-image-preview:large, max-video-preview:-1\" \/>\n<link rel=\"canonical\" href=\"https:\/\/dev.antudigital.cl\/sites\/vc\/locos-por-el-diseno-entrevista-al-equipo-de-ctrlg\/\" \/>\n<meta property=\"og:locale\" content=\"es_ES\" \/>\n<meta property=\"og:type\" content=\"article\" \/>\n<meta property=\"og:title\" content=\"Locos por el dise\u00f1o: entrevista al equipo de CTRL+G - Valpara\u00ed\u00adso Creativo\" \/>\n<meta property=\"og:description\" content=\"El 3 y 10 de octubre se llev\u00f3 a cabo la quinceava versi\u00f3n del Encuentro de Dise\u00f1o CTRL+G, que lleva a\u00f1os innovando y generando un espacio de discusi\u00f3n y enriquecimiento en torno a al Dise\u00f1o, sus variantes y c\u00f3mo se conecta con otras disciplinas. Conversamos con Nicole Burgos, Francisco Valencia y Marcela Alvarado de este [&hellip;]\" \/>\n<meta property=\"og:url\" content=\"https:\/\/dev.antudigital.cl\/sites\/vc\/locos-por-el-diseno-entrevista-al-equipo-de-ctrlg\/\" \/>\n<meta property=\"og:site_name\" content=\"Valpara\u00ed\u00adso Creativo\" \/>\n<meta property=\"article:published_time\" content=\"2020-10-09T18:13:49+00:00\" \/>\n<meta property=\"og:image\" content=\"https:\/\/dev.antudigital.cl\/sites\/vc\/wp-content\/uploads\/2020\/10\/CTRL.jpg\" \/>\n\t<meta property=\"og:image:width\" content=\"1944\" \/>\n\t<meta property=\"og:image:height\" content=\"1296\" \/>\n\t<meta property=\"og:image:type\" content=\"image\/jpeg\" \/>\n<meta name=\"author\" content=\"Valparaiso Creativo\" \/>\n<meta name=\"twitter:card\" content=\"summary_large_image\" \/>\n<meta name=\"twitter:label1\" content=\"Escrito por\" \/>\n\t<meta name=\"twitter:data1\" content=\"Valparaiso Creativo\" \/>\n\t<meta name=\"twitter:label2\" content=\"Tiempo de lectura\" \/>\n\t<meta name=\"twitter:data2\" content=\"3 minutos\" \/>\n<script type=\"application\/ld+json\" class=\"yoast-schema-graph\">{\"@context\":\"https:\/\/schema.org\",\"@graph\":[{\"@type\":\"Article\",\"@id\":\"https:\/\/dev.antudigital.cl\/sites\/vc\/locos-por-el-diseno-entrevista-al-equipo-de-ctrlg\/#article\",\"isPartOf\":{\"@id\":\"https:\/\/dev.antudigital.cl\/sites\/vc\/locos-por-el-diseno-entrevista-al-equipo-de-ctrlg\/\"},\"author\":{\"name\":\"Valparaiso Creativo\",\"@id\":\"https:\/\/dev.antudigital.cl\/sites\/vc\/#\/schema\/person\/81d1dcd51abd542b5dfc00f5f951a0f1\"},\"headline\":\"Locos por el dise\u00f1o: entrevista al equipo de CTRL+G\",\"datePublished\":\"2020-10-09T18:13:49+00:00\",\"mainEntityOfPage\":{\"@id\":\"https:\/\/dev.antudigital.cl\/sites\/vc\/locos-por-el-diseno-entrevista-al-equipo-de-ctrlg\/\"},\"wordCount\":659,\"image\":{\"@id\":\"https:\/\/dev.antudigital.cl\/sites\/vc\/locos-por-el-diseno-entrevista-al-equipo-de-ctrlg\/#primaryimage\"},\"thumbnailUrl\":\"https:\/\/dev.antudigital.cl\/sites\/vc\/wp-content\/uploads\/2020\/10\/CTRL.jpg\",\"articleSection\":[\"Noticia\"],\"inLanguage\":\"es\"},{\"@type\":\"WebPage\",\"@id\":\"https:\/\/dev.antudigital.cl\/sites\/vc\/locos-por-el-diseno-entrevista-al-equipo-de-ctrlg\/\",\"url\":\"https:\/\/dev.antudigital.cl\/sites\/vc\/locos-por-el-diseno-entrevista-al-equipo-de-ctrlg\/\",\"name\":\"Locos por el dise\u00f1o: entrevista al equipo de CTRL+G - Valpara\u00ed\u00adso Creativo\",\"isPartOf\":{\"@id\":\"https:\/\/dev.antudigital.cl\/sites\/vc\/#website\"},\"primaryImageOfPage\":{\"@id\":\"https:\/\/dev.antudigital.cl\/sites\/vc\/locos-por-el-diseno-entrevista-al-equipo-de-ctrlg\/#primaryimage\"},\"image\":{\"@id\":\"https:\/\/dev.antudigital.cl\/sites\/vc\/locos-por-el-diseno-entrevista-al-equipo-de-ctrlg\/#primaryimage\"},\"thumbnailUrl\":\"https:\/\/dev.antudigital.cl\/sites\/vc\/wp-content\/uploads\/2020\/10\/CTRL.jpg\",\"datePublished\":\"2020-10-09T18:13:49+00:00\",\"author\":{\"@id\":\"https:\/\/dev.antudigital.cl\/sites\/vc\/#\/schema\/person\/81d1dcd51abd542b5dfc00f5f951a0f1\"},\"breadcrumb\":{\"@id\":\"https:\/\/dev.antudigital.cl\/sites\/vc\/locos-por-el-diseno-entrevista-al-equipo-de-ctrlg\/#breadcrumb\"},\"inLanguage\":\"es\",\"potentialAction\":[{\"@type\":\"ReadAction\",\"target\":[\"https:\/\/dev.antudigital.cl\/sites\/vc\/locos-por-el-diseno-entrevista-al-equipo-de-ctrlg\/\"]}]},{\"@type\":\"ImageObject\",\"inLanguage\":\"es\",\"@id\":\"https:\/\/dev.antudigital.cl\/sites\/vc\/locos-por-el-diseno-entrevista-al-equipo-de-ctrlg\/#primaryimage\",\"url\":\"https:\/\/dev.antudigital.cl\/sites\/vc\/wp-content\/uploads\/2020\/10\/CTRL.jpg\",\"contentUrl\":\"https:\/\/dev.antudigital.cl\/sites\/vc\/wp-content\/uploads\/2020\/10\/CTRL.jpg\",\"width\":1944,\"height\":1296},{\"@type\":\"BreadcrumbList\",\"@id\":\"https:\/\/dev.antudigital.cl\/sites\/vc\/locos-por-el-diseno-entrevista-al-equipo-de-ctrlg\/#breadcrumb\",\"itemListElement\":[{\"@type\":\"ListItem\",\"position\":1,\"name\":\"Home\",\"item\":\"https:\/\/dev.antudigital.cl\/sites\/vc\/\"},{\"@type\":\"ListItem\",\"position\":2,\"name\":\"Locos por el dise\u00f1o: entrevista al equipo de CTRL+G\"}]},{\"@type\":\"WebSite\",\"@id\":\"https:\/\/dev.antudigital.cl\/sites\/vc\/#website\",\"url\":\"https:\/\/dev.antudigital.cl\/sites\/vc\/\",\"name\":\"Valpara\u00ed\u00adso Creativo\",\"description\":\"\",\"potentialAction\":[{\"@type\":\"SearchAction\",\"target\":{\"@type\":\"EntryPoint\",\"urlTemplate\":\"https:\/\/dev.antudigital.cl\/sites\/vc\/?s={search_term_string}\"},\"query-input\":{\"@type\":\"PropertyValueSpecification\",\"valueRequired\":true,\"valueName\":\"search_term_string\"}}],\"inLanguage\":\"es\"},{\"@type\":\"Person\",\"@id\":\"https:\/\/dev.antudigital.cl\/sites\/vc\/#\/schema\/person\/81d1dcd51abd542b5dfc00f5f951a0f1\",\"name\":\"Valparaiso Creativo\",\"url\":\"https:\/\/dev.antudigital.cl\/sites\/vc\/author\/valparaiso-creativo\/\"}]}<\/script>\n<!-- \/ Yoast SEO plugin. -->","yoast_head_json":{"title":"Locos por el dise\u00f1o: entrevista al equipo de CTRL+G - Valpara\u00ed\u00adso Creativo","robots":{"index":"index","follow":"follow","max-snippet":"max-snippet:-1","max-image-preview":"max-image-preview:large","max-video-preview":"max-video-preview:-1"},"canonical":"https:\/\/dev.antudigital.cl\/sites\/vc\/locos-por-el-diseno-entrevista-al-equipo-de-ctrlg\/","og_locale":"es_ES","og_type":"article","og_title":"Locos por el dise\u00f1o: entrevista al equipo de CTRL+G - Valpara\u00ed\u00adso Creativo","og_description":"El 3 y 10 de octubre se llev\u00f3 a cabo la quinceava versi\u00f3n del Encuentro de Dise\u00f1o CTRL+G, que lleva a\u00f1os innovando y generando un espacio de discusi\u00f3n y enriquecimiento en torno a al Dise\u00f1o, sus variantes y c\u00f3mo se conecta con otras disciplinas. Conversamos con Nicole Burgos, Francisco Valencia y Marcela Alvarado de este [&hellip;]","og_url":"https:\/\/dev.antudigital.cl\/sites\/vc\/locos-por-el-diseno-entrevista-al-equipo-de-ctrlg\/","og_site_name":"Valpara\u00ed\u00adso Creativo","article_published_time":"2020-10-09T18:13:49+00:00","og_image":[{"width":1944,"height":1296,"url":"https:\/\/dev.antudigital.cl\/sites\/vc\/wp-content\/uploads\/2020\/10\/CTRL.jpg","type":"image\/jpeg"}],"author":"Valparaiso Creativo","twitter_card":"summary_large_image","twitter_misc":{"Escrito por":"Valparaiso Creativo","Tiempo de lectura":"3 minutos"},"schema":{"@context":"https:\/\/schema.org","@graph":[{"@type":"Article","@id":"https:\/\/dev.antudigital.cl\/sites\/vc\/locos-por-el-diseno-entrevista-al-equipo-de-ctrlg\/#article","isPartOf":{"@id":"https:\/\/dev.antudigital.cl\/sites\/vc\/locos-por-el-diseno-entrevista-al-equipo-de-ctrlg\/"},"author":{"name":"Valparaiso Creativo","@id":"https:\/\/dev.antudigital.cl\/sites\/vc\/#\/schema\/person\/81d1dcd51abd542b5dfc00f5f951a0f1"},"headline":"Locos por el dise\u00f1o: entrevista al equipo de CTRL+G","datePublished":"2020-10-09T18:13:49+00:00","mainEntityOfPage":{"@id":"https:\/\/dev.antudigital.cl\/sites\/vc\/locos-por-el-diseno-entrevista-al-equipo-de-ctrlg\/"},"wordCount":659,"image":{"@id":"https:\/\/dev.antudigital.cl\/sites\/vc\/locos-por-el-diseno-entrevista-al-equipo-de-ctrlg\/#primaryimage"},"thumbnailUrl":"https:\/\/dev.antudigital.cl\/sites\/vc\/wp-content\/uploads\/2020\/10\/CTRL.jpg","articleSection":["Noticia"],"inLanguage":"es"},{"@type":"WebPage","@id":"https:\/\/dev.antudigital.cl\/sites\/vc\/locos-por-el-diseno-entrevista-al-equipo-de-ctrlg\/","url":"https:\/\/dev.antudigital.cl\/sites\/vc\/locos-por-el-diseno-entrevista-al-equipo-de-ctrlg\/","name":"Locos por el dise\u00f1o: entrevista al equipo de CTRL+G - Valpara\u00ed\u00adso Creativo","isPartOf":{"@id":"https:\/\/dev.antudigital.cl\/sites\/vc\/#website"},"primaryImageOfPage":{"@id":"https:\/\/dev.antudigital.cl\/sites\/vc\/locos-por-el-diseno-entrevista-al-equipo-de-ctrlg\/#primaryimage"},"image":{"@id":"https:\/\/dev.antudigital.cl\/sites\/vc\/locos-por-el-diseno-entrevista-al-equipo-de-ctrlg\/#primaryimage"},"thumbnailUrl":"https:\/\/dev.antudigital.cl\/sites\/vc\/wp-content\/uploads\/2020\/10\/CTRL.jpg","datePublished":"2020-10-09T18:13:49+00:00","author":{"@id":"https:\/\/dev.antudigital.cl\/sites\/vc\/#\/schema\/person\/81d1dcd51abd542b5dfc00f5f951a0f1"},"breadcrumb":{"@id":"https:\/\/dev.antudigital.cl\/sites\/vc\/locos-por-el-diseno-entrevista-al-equipo-de-ctrlg\/#breadcrumb"},"inLanguage":"es","potentialAction":[{"@type":"ReadAction","target":["https:\/\/dev.antudigital.cl\/sites\/vc\/locos-por-el-diseno-entrevista-al-equipo-de-ctrlg\/"]}]},{"@type":"ImageObject","inLanguage":"es","@id":"https:\/\/dev.antudigital.cl\/sites\/vc\/locos-por-el-diseno-entrevista-al-equipo-de-ctrlg\/#primaryimage","url":"https:\/\/dev.antudigital.cl\/sites\/vc\/wp-content\/uploads\/2020\/10\/CTRL.jpg","contentUrl":"https:\/\/dev.antudigital.cl\/sites\/vc\/wp-content\/uploads\/2020\/10\/CTRL.jpg","width":1944,"height":1296},{"@type":"BreadcrumbList","@id":"https:\/\/dev.antudigital.cl\/sites\/vc\/locos-por-el-diseno-entrevista-al-equipo-de-ctrlg\/#breadcrumb","itemListElement":[{"@type":"ListItem","position":1,"name":"Home","item":"https:\/\/dev.antudigital.cl\/sites\/vc\/"},{"@type":"ListItem","position":2,"name":"Locos por el dise\u00f1o: entrevista al equipo de CTRL+G"}]},{"@type":"WebSite","@id":"https:\/\/dev.antudigital.cl\/sites\/vc\/#website","url":"https:\/\/dev.antudigital.cl\/sites\/vc\/","name":"Valpara\u00ed\u00adso Creativo","description":"","potentialAction":[{"@type":"SearchAction","target":{"@type":"EntryPoint","urlTemplate":"https:\/\/dev.antudigital.cl\/sites\/vc\/?s={search_term_string}"},"query-input":{"@type":"PropertyValueSpecification","valueRequired":true,"valueName":"search_term_string"}}],"inLanguage":"es"},{"@type":"Person","@id":"https:\/\/dev.antudigital.cl\/sites\/vc\/#\/schema\/person\/81d1dcd51abd542b5dfc00f5f951a0f1","name":"Valparaiso Creativo","url":"https:\/\/dev.antudigital.cl\/sites\/vc\/author\/valparaiso-creativo\/"}]}},"_links":{"self":[{"href":"https:\/\/dev.antudigital.cl\/sites\/vc\/wp-json\/wp\/v2\/posts\/8623","targetHints":{"allow":["GET"]}}],"collection":[{"href":"https:\/\/dev.antudigital.cl\/sites\/vc\/wp-json\/wp\/v2\/posts"}],"about":[{"href":"https:\/\/dev.antudigital.cl\/sites\/vc\/wp-json\/wp\/v2\/types\/post"}],"author":[{"embeddable":true,"href":"https:\/\/dev.antudigital.cl\/sites\/vc\/wp-json\/wp\/v2\/users\/3"}],"replies":[{"embeddable":true,"href":"https:\/\/dev.antudigital.cl\/sites\/vc\/wp-json\/wp\/v2\/comments?post=8623"}],"version-history":[{"count":0,"href":"https:\/\/dev.antudigital.cl\/sites\/vc\/wp-json\/wp\/v2\/posts\/8623\/revisions"}],"wp:featuredmedia":[{"embeddable":true,"href":"https:\/\/dev.antudigital.cl\/sites\/vc\/wp-json\/wp\/v2\/media\/8624"}],"wp:attachment":[{"href":"https:\/\/dev.antudigital.cl\/sites\/vc\/wp-json\/wp\/v2\/media?parent=8623"}],"wp:term":[{"taxonomy":"category","embeddable":true,"href":"https:\/\/dev.antudigital.cl\/sites\/vc\/wp-json\/wp\/v2\/categories?post=8623"},{"taxonomy":"post_tag","embeddable":true,"href":"https:\/\/dev.antudigital.cl\/sites\/vc\/wp-json\/wp\/v2\/tags?post=8623"}],"curies":[{"name":"wp","href":"https:\/\/api.w.org\/{rel}","templated":true}]}}