{"id":8631,"date":"2020-10-09T16:05:52","date_gmt":"2020-10-09T16:05:52","guid":{"rendered":"https:\/\/www.valparaisocreativo.cl\/?p=5278"},"modified":"2021-12-24T20:53:53","modified_gmt":"2021-12-24T20:53:53","slug":"seminario-identidad-y-patrimonio-para-una-reactivacion-turistica-sustentable","status":"publish","type":"post","link":"https:\/\/dev.antudigital.cl\/sites\/vc\/seminario-identidad-y-patrimonio-para-una-reactivacion-turistica-sustentable\/","title":{"rendered":"Seminario: Identidad y Patrimonio para una reactivaci\u00f3n tur\u00edstica sustentable"},"content":{"rendered":"<p>Sernatur, en conjunto con el Ministerio de las Culturas, las Artes y el Patrimonio, est\u00e1n impulsando un seminario en el marco del Proyecto Rutas Patrimoniales Del Valle Del Aconcagua: <strong>Identidad y Patrimonio para una reactivaci\u00f3n tur\u00edstica sustentable\u00a0<\/strong>que se llevar\u00e1 a cabo el 14 y 15 de octubre a las 10:00hrs. v\u00eda Zoom.<\/p>\n<p>El objetivo de esta instancia es p<span style=\"font-weight: 400;\">romover y facilitar un encuentro en torno a la gesti\u00f3n del patrimonio y la identidad, como\u00a0 activadores del turismo y la econom\u00eda local. A trav\u00e9s de la identificaci\u00f3n de valores patrimoniales del territorio, la asociatividad de productores y otros ejes, se pretende explicar <\/span><span style=\"font-weight: 400;\">el proceso del proyecto Rutas Patrimoniales del Valle del Aconcagua y d<\/span><span style=\"font-weight: 400;\">ar a conocer los productos en desarrollo (pasaporte y c\u00e1psulas).\u00a0<\/span><\/p>\n<p><b>INVITADOS\u00a0<\/b><\/p>\n<ul>\n<li><i><span style=\"font-weight: 400;\">Gobierno Regional <\/span><\/i><\/li>\n<li><i><span>Sernatur <\/span><\/i><\/li>\n<li><i><span>Corfo <\/span><\/i><\/li>\n<li><i><span>Corporaci\u00f3n Regional de Turismo <\/span><\/i><\/li>\n<li><i><span>Emprendedores locales <\/span><\/i><\/li>\n<li><i><span>Actores relacionados a los hitos patrimoniales del Valle <\/span><\/i><\/li>\n<li><i><span>Portadores de experiencias culturales del Valle (artesanos, agricultores, cultores populares).<\/span><\/i><\/li>\n<\/ul>\n<h3>Puedes conectarte el 14 y 15 a las 10:00hrs. en el siguiente <a href=\"https:\/\/zoom.us\/meeting\/register\/tJckcuCsrD8pH9XgVmpHVShy1d1u8pkoHLlW\">link<\/a>.<\/h3>\n<p><img decoding=\"async\" class=\"alignleft size-medium wp-image-5281\" src=\"https:\/\/www.valparaisocreativo.cl\/wp-content\/uploads\/2020\/10\/Seminario-II-300x148.jpg\" alt=\"\" width=\"300\" height=\"148\" \/><\/p>\n","protected":false},"excerpt":{"rendered":"<p>Sernatur, en conjunto con el Ministerio de las Culturas, las Artes y el Patrimonio, est\u00e1n impulsando un seminario en el marco del Proyecto Rutas Patrimoniales Del Valle Del Aconcagua: Identidad y Patrimonio para una reactivaci\u00f3n tur\u00edstica sustentable\u00a0que se llevar\u00e1 a cabo el 14 y 15 de octubre a las 10:00hrs. v\u00eda Zoom. El objetivo de [&hellip;]<\/p>\n","protected":false},"author":3,"featured_media":8633,"comment_status":"closed","ping_status":"closed","sticky":false,"template":"","format":"standard","meta":{"_acf_changed":false,"footnotes":""},"categories":[8],"tags":[],"class_list":["post-8631","post","type-post","status-publish","format-standard","has-post-thumbnail","hentry","category-noticia"],"acf":[],"yoast_head":"<!-- This site is optimized with the Yoast SEO plugin v27.1.1 - https:\/\/yoast.com\/product\/yoast-seo-wordpress\/ -->\n<title>Seminario: Identidad y Patrimonio para una reactivaci\u00f3n tur\u00edstica sustentable - Valpara\u00ed\u00adso Creativo<\/title>\n<meta name=\"robots\" content=\"index, follow, max-snippet:-1, max-image-preview:large, max-video-preview:-1\" \/>\n<link rel=\"canonical\" href=\"https:\/\/dev.antudigital.cl\/sites\/vc\/seminario-identidad-y-patrimonio-para-una-reactivacion-turistica-sustentable\/\" \/>\n<meta property=\"og:locale\" content=\"es_ES\" \/>\n<meta property=\"og:type\" content=\"article\" \/>\n<meta property=\"og:title\" content=\"Seminario: Identidad y Patrimonio para una reactivaci\u00f3n tur\u00edstica sustentable - Valpara\u00ed\u00adso Creativo\" \/>\n<meta property=\"og:description\" content=\"Sernatur, en conjunto con el Ministerio de las Culturas, las Artes y el Patrimonio, est\u00e1n impulsando un seminario en el marco del Proyecto Rutas Patrimoniales Del Valle Del Aconcagua: Identidad y Patrimonio para una reactivaci\u00f3n tur\u00edstica sustentable\u00a0que se llevar\u00e1 a cabo el 14 y 15 de octubre a las 10:00hrs. v\u00eda Zoom. El objetivo de [&hellip;]\" \/>\n<meta property=\"og:url\" content=\"https:\/\/dev.antudigital.cl\/sites\/vc\/seminario-identidad-y-patrimonio-para-una-reactivacion-turistica-sustentable\/\" \/>\n<meta property=\"og:site_name\" content=\"Valpara\u00ed\u00adso Creativo\" \/>\n<meta property=\"article:published_time\" content=\"2020-10-09T16:05:52+00:00\" \/>\n<meta property=\"article:modified_time\" content=\"2021-12-24T20:53:53+00:00\" \/>\n<meta property=\"og:image\" content=\"https:\/\/dev.antudigital.cl\/sites\/vc\/wp-content\/uploads\/2020\/10\/Seminario.jpg\" \/>\n\t<meta property=\"og:image:width\" content=\"1729\" \/>\n\t<meta property=\"og:image:height\" content=\"774\" \/>\n\t<meta property=\"og:image:type\" content=\"image\/jpeg\" \/>\n<meta name=\"author\" content=\"Valparaiso Creativo\" \/>\n<meta name=\"twitter:card\" content=\"summary_large_image\" \/>\n<meta name=\"twitter:label1\" content=\"Escrito por\" \/>\n\t<meta name=\"twitter:data1\" content=\"Valparaiso Creativo\" \/>\n\t<meta name=\"twitter:label2\" content=\"Tiempo de lectura\" \/>\n\t<meta name=\"twitter:data2\" content=\"1 minuto\" \/>\n<script type=\"application\/ld+json\" class=\"yoast-schema-graph\">{\"@context\":\"https:\/\/schema.org\",\"@graph\":[{\"@type\":\"Article\",\"@id\":\"https:\/\/dev.antudigital.cl\/sites\/vc\/seminario-identidad-y-patrimonio-para-una-reactivacion-turistica-sustentable\/#article\",\"isPartOf\":{\"@id\":\"https:\/\/dev.antudigital.cl\/sites\/vc\/seminario-identidad-y-patrimonio-para-una-reactivacion-turistica-sustentable\/\"},\"author\":{\"name\":\"Valparaiso Creativo\",\"@id\":\"https:\/\/dev.antudigital.cl\/sites\/vc\/#\/schema\/person\/81d1dcd51abd542b5dfc00f5f951a0f1\"},\"headline\":\"Seminario: Identidad y Patrimonio para una reactivaci\u00f3n tur\u00edstica sustentable\",\"datePublished\":\"2020-10-09T16:05:52+00:00\",\"dateModified\":\"2021-12-24T20:53:53+00:00\",\"mainEntityOfPage\":{\"@id\":\"https:\/\/dev.antudigital.cl\/sites\/vc\/seminario-identidad-y-patrimonio-para-una-reactivacion-turistica-sustentable\/\"},\"wordCount\":183,\"image\":{\"@id\":\"https:\/\/dev.antudigital.cl\/sites\/vc\/seminario-identidad-y-patrimonio-para-una-reactivacion-turistica-sustentable\/#primaryimage\"},\"thumbnailUrl\":\"https:\/\/dev.antudigital.cl\/sites\/vc\/wp-content\/uploads\/2020\/10\/Seminario.jpg\",\"articleSection\":[\"Noticia\"],\"inLanguage\":\"es\"},{\"@type\":\"WebPage\",\"@id\":\"https:\/\/dev.antudigital.cl\/sites\/vc\/seminario-identidad-y-patrimonio-para-una-reactivacion-turistica-sustentable\/\",\"url\":\"https:\/\/dev.antudigital.cl\/sites\/vc\/seminario-identidad-y-patrimonio-para-una-reactivacion-turistica-sustentable\/\",\"name\":\"Seminario: Identidad y Patrimonio para una reactivaci\u00f3n tur\u00edstica sustentable - Valpara\u00ed\u00adso Creativo\",\"isPartOf\":{\"@id\":\"https:\/\/dev.antudigital.cl\/sites\/vc\/#website\"},\"primaryImageOfPage\":{\"@id\":\"https:\/\/dev.antudigital.cl\/sites\/vc\/seminario-identidad-y-patrimonio-para-una-reactivacion-turistica-sustentable\/#primaryimage\"},\"image\":{\"@id\":\"https:\/\/dev.antudigital.cl\/sites\/vc\/seminario-identidad-y-patrimonio-para-una-reactivacion-turistica-sustentable\/#primaryimage\"},\"thumbnailUrl\":\"https:\/\/dev.antudigital.cl\/sites\/vc\/wp-content\/uploads\/2020\/10\/Seminario.jpg\",\"datePublished\":\"2020-10-09T16:05:52+00:00\",\"dateModified\":\"2021-12-24T20:53:53+00:00\",\"author\":{\"@id\":\"https:\/\/dev.antudigital.cl\/sites\/vc\/#\/schema\/person\/81d1dcd51abd542b5dfc00f5f951a0f1\"},\"breadcrumb\":{\"@id\":\"https:\/\/dev.antudigital.cl\/sites\/vc\/seminario-identidad-y-patrimonio-para-una-reactivacion-turistica-sustentable\/#breadcrumb\"},\"inLanguage\":\"es\",\"potentialAction\":[{\"@type\":\"ReadAction\",\"target\":[\"https:\/\/dev.antudigital.cl\/sites\/vc\/seminario-identidad-y-patrimonio-para-una-reactivacion-turistica-sustentable\/\"]}]},{\"@type\":\"ImageObject\",\"inLanguage\":\"es\",\"@id\":\"https:\/\/dev.antudigital.cl\/sites\/vc\/seminario-identidad-y-patrimonio-para-una-reactivacion-turistica-sustentable\/#primaryimage\",\"url\":\"https:\/\/dev.antudigital.cl\/sites\/vc\/wp-content\/uploads\/2020\/10\/Seminario.jpg\",\"contentUrl\":\"https:\/\/dev.antudigital.cl\/sites\/vc\/wp-content\/uploads\/2020\/10\/Seminario.jpg\",\"width\":1729,\"height\":774},{\"@type\":\"BreadcrumbList\",\"@id\":\"https:\/\/dev.antudigital.cl\/sites\/vc\/seminario-identidad-y-patrimonio-para-una-reactivacion-turistica-sustentable\/#breadcrumb\",\"itemListElement\":[{\"@type\":\"ListItem\",\"position\":1,\"name\":\"Home\",\"item\":\"https:\/\/dev.antudigital.cl\/sites\/vc\/\"},{\"@type\":\"ListItem\",\"position\":2,\"name\":\"Seminario: Identidad y Patrimonio para una reactivaci\u00f3n tur\u00edstica sustentable\"}]},{\"@type\":\"WebSite\",\"@id\":\"https:\/\/dev.antudigital.cl\/sites\/vc\/#website\",\"url\":\"https:\/\/dev.antudigital.cl\/sites\/vc\/\",\"name\":\"Valpara\u00ed\u00adso Creativo\",\"description\":\"\",\"potentialAction\":[{\"@type\":\"SearchAction\",\"target\":{\"@type\":\"EntryPoint\",\"urlTemplate\":\"https:\/\/dev.antudigital.cl\/sites\/vc\/?s={search_term_string}\"},\"query-input\":{\"@type\":\"PropertyValueSpecification\",\"valueRequired\":true,\"valueName\":\"search_term_string\"}}],\"inLanguage\":\"es\"},{\"@type\":\"Person\",\"@id\":\"https:\/\/dev.antudigital.cl\/sites\/vc\/#\/schema\/person\/81d1dcd51abd542b5dfc00f5f951a0f1\",\"name\":\"Valparaiso Creativo\",\"url\":\"https:\/\/dev.antudigital.cl\/sites\/vc\/author\/valparaiso-creativo\/\"}]}<\/script>\n<!-- \/ Yoast SEO plugin. -->","yoast_head_json":{"title":"Seminario: Identidad y Patrimonio para una reactivaci\u00f3n tur\u00edstica sustentable - Valpara\u00ed\u00adso Creativo","robots":{"index":"index","follow":"follow","max-snippet":"max-snippet:-1","max-image-preview":"max-image-preview:large","max-video-preview":"max-video-preview:-1"},"canonical":"https:\/\/dev.antudigital.cl\/sites\/vc\/seminario-identidad-y-patrimonio-para-una-reactivacion-turistica-sustentable\/","og_locale":"es_ES","og_type":"article","og_title":"Seminario: Identidad y Patrimonio para una reactivaci\u00f3n tur\u00edstica sustentable - Valpara\u00ed\u00adso Creativo","og_description":"Sernatur, en conjunto con el Ministerio de las Culturas, las Artes y el Patrimonio, est\u00e1n impulsando un seminario en el marco del Proyecto Rutas Patrimoniales Del Valle Del Aconcagua: Identidad y Patrimonio para una reactivaci\u00f3n tur\u00edstica sustentable\u00a0que se llevar\u00e1 a cabo el 14 y 15 de octubre a las 10:00hrs. v\u00eda Zoom. El objetivo de [&hellip;]","og_url":"https:\/\/dev.antudigital.cl\/sites\/vc\/seminario-identidad-y-patrimonio-para-una-reactivacion-turistica-sustentable\/","og_site_name":"Valpara\u00ed\u00adso Creativo","article_published_time":"2020-10-09T16:05:52+00:00","article_modified_time":"2021-12-24T20:53:53+00:00","og_image":[{"width":1729,"height":774,"url":"https:\/\/dev.antudigital.cl\/sites\/vc\/wp-content\/uploads\/2020\/10\/Seminario.jpg","type":"image\/jpeg"}],"author":"Valparaiso Creativo","twitter_card":"summary_large_image","twitter_misc":{"Escrito por":"Valparaiso Creativo","Tiempo de lectura":"1 minuto"},"schema":{"@context":"https:\/\/schema.org","@graph":[{"@type":"Article","@id":"https:\/\/dev.antudigital.cl\/sites\/vc\/seminario-identidad-y-patrimonio-para-una-reactivacion-turistica-sustentable\/#article","isPartOf":{"@id":"https:\/\/dev.antudigital.cl\/sites\/vc\/seminario-identidad-y-patrimonio-para-una-reactivacion-turistica-sustentable\/"},"author":{"name":"Valparaiso Creativo","@id":"https:\/\/dev.antudigital.cl\/sites\/vc\/#\/schema\/person\/81d1dcd51abd542b5dfc00f5f951a0f1"},"headline":"Seminario: Identidad y Patrimonio para una reactivaci\u00f3n tur\u00edstica sustentable","datePublished":"2020-10-09T16:05:52+00:00","dateModified":"2021-12-24T20:53:53+00:00","mainEntityOfPage":{"@id":"https:\/\/dev.antudigital.cl\/sites\/vc\/seminario-identidad-y-patrimonio-para-una-reactivacion-turistica-sustentable\/"},"wordCount":183,"image":{"@id":"https:\/\/dev.antudigital.cl\/sites\/vc\/seminario-identidad-y-patrimonio-para-una-reactivacion-turistica-sustentable\/#primaryimage"},"thumbnailUrl":"https:\/\/dev.antudigital.cl\/sites\/vc\/wp-content\/uploads\/2020\/10\/Seminario.jpg","articleSection":["Noticia"],"inLanguage":"es"},{"@type":"WebPage","@id":"https:\/\/dev.antudigital.cl\/sites\/vc\/seminario-identidad-y-patrimonio-para-una-reactivacion-turistica-sustentable\/","url":"https:\/\/dev.antudigital.cl\/sites\/vc\/seminario-identidad-y-patrimonio-para-una-reactivacion-turistica-sustentable\/","name":"Seminario: Identidad y Patrimonio para una reactivaci\u00f3n tur\u00edstica sustentable - Valpara\u00ed\u00adso Creativo","isPartOf":{"@id":"https:\/\/dev.antudigital.cl\/sites\/vc\/#website"},"primaryImageOfPage":{"@id":"https:\/\/dev.antudigital.cl\/sites\/vc\/seminario-identidad-y-patrimonio-para-una-reactivacion-turistica-sustentable\/#primaryimage"},"image":{"@id":"https:\/\/dev.antudigital.cl\/sites\/vc\/seminario-identidad-y-patrimonio-para-una-reactivacion-turistica-sustentable\/#primaryimage"},"thumbnailUrl":"https:\/\/dev.antudigital.cl\/sites\/vc\/wp-content\/uploads\/2020\/10\/Seminario.jpg","datePublished":"2020-10-09T16:05:52+00:00","dateModified":"2021-12-24T20:53:53+00:00","author":{"@id":"https:\/\/dev.antudigital.cl\/sites\/vc\/#\/schema\/person\/81d1dcd51abd542b5dfc00f5f951a0f1"},"breadcrumb":{"@id":"https:\/\/dev.antudigital.cl\/sites\/vc\/seminario-identidad-y-patrimonio-para-una-reactivacion-turistica-sustentable\/#breadcrumb"},"inLanguage":"es","potentialAction":[{"@type":"ReadAction","target":["https:\/\/dev.antudigital.cl\/sites\/vc\/seminario-identidad-y-patrimonio-para-una-reactivacion-turistica-sustentable\/"]}]},{"@type":"ImageObject","inLanguage":"es","@id":"https:\/\/dev.antudigital.cl\/sites\/vc\/seminario-identidad-y-patrimonio-para-una-reactivacion-turistica-sustentable\/#primaryimage","url":"https:\/\/dev.antudigital.cl\/sites\/vc\/wp-content\/uploads\/2020\/10\/Seminario.jpg","contentUrl":"https:\/\/dev.antudigital.cl\/sites\/vc\/wp-content\/uploads\/2020\/10\/Seminario.jpg","width":1729,"height":774},{"@type":"BreadcrumbList","@id":"https:\/\/dev.antudigital.cl\/sites\/vc\/seminario-identidad-y-patrimonio-para-una-reactivacion-turistica-sustentable\/#breadcrumb","itemListElement":[{"@type":"ListItem","position":1,"name":"Home","item":"https:\/\/dev.antudigital.cl\/sites\/vc\/"},{"@type":"ListItem","position":2,"name":"Seminario: Identidad y Patrimonio para una reactivaci\u00f3n tur\u00edstica sustentable"}]},{"@type":"WebSite","@id":"https:\/\/dev.antudigital.cl\/sites\/vc\/#website","url":"https:\/\/dev.antudigital.cl\/sites\/vc\/","name":"Valpara\u00ed\u00adso Creativo","description":"","potentialAction":[{"@type":"SearchAction","target":{"@type":"EntryPoint","urlTemplate":"https:\/\/dev.antudigital.cl\/sites\/vc\/?s={search_term_string}"},"query-input":{"@type":"PropertyValueSpecification","valueRequired":true,"valueName":"search_term_string"}}],"inLanguage":"es"},{"@type":"Person","@id":"https:\/\/dev.antudigital.cl\/sites\/vc\/#\/schema\/person\/81d1dcd51abd542b5dfc00f5f951a0f1","name":"Valparaiso Creativo","url":"https:\/\/dev.antudigital.cl\/sites\/vc\/author\/valparaiso-creativo\/"}]}},"_links":{"self":[{"href":"https:\/\/dev.antudigital.cl\/sites\/vc\/wp-json\/wp\/v2\/posts\/8631","targetHints":{"allow":["GET"]}}],"collection":[{"href":"https:\/\/dev.antudigital.cl\/sites\/vc\/wp-json\/wp\/v2\/posts"}],"about":[{"href":"https:\/\/dev.antudigital.cl\/sites\/vc\/wp-json\/wp\/v2\/types\/post"}],"author":[{"embeddable":true,"href":"https:\/\/dev.antudigital.cl\/sites\/vc\/wp-json\/wp\/v2\/users\/3"}],"replies":[{"embeddable":true,"href":"https:\/\/dev.antudigital.cl\/sites\/vc\/wp-json\/wp\/v2\/comments?post=8631"}],"version-history":[{"count":1,"href":"https:\/\/dev.antudigital.cl\/sites\/vc\/wp-json\/wp\/v2\/posts\/8631\/revisions"}],"predecessor-version":[{"id":8640,"href":"https:\/\/dev.antudigital.cl\/sites\/vc\/wp-json\/wp\/v2\/posts\/8631\/revisions\/8640"}],"wp:featuredmedia":[{"embeddable":true,"href":"https:\/\/dev.antudigital.cl\/sites\/vc\/wp-json\/wp\/v2\/media\/8633"}],"wp:attachment":[{"href":"https:\/\/dev.antudigital.cl\/sites\/vc\/wp-json\/wp\/v2\/media?parent=8631"}],"wp:term":[{"taxonomy":"category","embeddable":true,"href":"https:\/\/dev.antudigital.cl\/sites\/vc\/wp-json\/wp\/v2\/categories?post=8631"},{"taxonomy":"post_tag","embeddable":true,"href":"https:\/\/dev.antudigital.cl\/sites\/vc\/wp-json\/wp\/v2\/tags?post=8631"}],"curies":[{"name":"wp","href":"https:\/\/api.w.org\/{rel}","templated":true}]}}