{"id":8636,"date":"2020-10-05T18:25:09","date_gmt":"2020-10-05T18:25:09","guid":{"rendered":"https:\/\/www.valparaisocreativo.cl\/?p=5268"},"modified":"2021-12-24T20:55:39","modified_gmt":"2021-12-24T20:55:39","slug":"no-te-pierdas-la-programacion-para-la-celebracion-de-este-dia-de-la-musica","status":"publish","type":"post","link":"https:\/\/dev.antudigital.cl\/sites\/vc\/no-te-pierdas-la-programacion-para-la-celebracion-de-este-dia-de-la-musica\/","title":{"rendered":"No te pierdas la programaci\u00f3n para la celebraci\u00f3n de este D\u00eda de la M\u00fasica"},"content":{"rendered":"<p><span style=\"font-weight: 400;\">El pr\u00f3ximo 9 de octubre ser\u00e1 \u201cSonidos que nos unen\u201d, la emisi\u00f3n por parte del Ministerio de las Culturas, las Artes y el Patrimonio de la Regi\u00f3n de Valpara\u00edso. La celebraci\u00f3n constar\u00e1 con la transmisi\u00f3n de 20 podcast, simult\u00e1neo con 11 radios de la regi\u00f3n y 6 espacios tem\u00e1ticos que exhibir\u00e1 UCV TV.<\/span><\/p>\n<p><span style=\"font-weight: 400;\">As\u00ed se llevar\u00e1 a cabo el D\u00eda de la M\u00fasica y los m\u00fasicos chilenos, que tambi\u00e9n considerar\u00e1 actividades toda la semana por parte de diferentes organismos y agrupaciones.<\/span><\/p>\n<p><span style=\"font-weight: 400;\">La seremi de las Culturas, Constance Harvey, explica que \u201cesta vez no pudimos realizar un concierto masivo para el D\u00eda de la M\u00fasica, como en a\u00f1os anteriores, pero quisimos mantener esta conexi\u00f3n tan necesaria de los artistas con los p\u00fablicos amplios y qu\u00e9 mejor forma que hacerlo trav\u00e9s de las radios, que cumplen un rol fundamental al informar y entretener a las personas y que adem\u00e1s lo hacen difundiendo la m\u00fasica chilena, as\u00ed como tambi\u00e9n lo har\u00e1 el canal cultural y primera estaci\u00f3n chilena de televisi\u00f3n, como lo es UCV TV. As\u00ed es que estamos muy contentos con este trabajo colaborativo que permitir\u00e1 que las y los m\u00fasicos de nuestra regi\u00f3n, en cada provincia, pueden hacer llegar su m\u00fasica a todos los rincones a trav\u00e9s de la TV y las radios locales\u201d.<\/span><span style=\"font-weight: 400;\">\u00a0\u00a0<\/span><\/p>\n<p><span style=\"font-weight: 400;\">La programaci\u00f3n especial comenzar\u00e1 en UCV TV este domingo 4 de octubre a las 10:00 y 15:00 horas con el programa dedicado a <\/span><b>\u201cValpara\u00edso ciudad musical\u201d,<\/b><span style=\"font-weight: 400;\"> que contar\u00e1 con la participaci\u00f3n de la seremi de las Culturas Constance Harvey, el integrante del grupo Congreso Hugo Pirovich y encargado de Cultura de la Municipalidad de Valpara\u00edso Sebasti\u00e1n Redol\u00e9s. El espacio ser\u00e1 transmitido tambi\u00e9n por UCV Radio (103.5 FM) a las 13:00 y 21:00 horas.<\/span><\/p>\n<p><span style=\"font-weight: 400;\">Dentro de los artistas que ser\u00e1n parte, est\u00e1n Mora Lucay, Ver\u00f3, Las Lul\u00fa de pancho, Chakra Negra, Pavez y los Inseguros, entre muchos otros nombres. La programaci\u00f3n, que tambi\u00e9n contendr\u00e1 a sellos discogr\u00e1ficos y actores de la escena musical de la regi\u00f3n, est\u00e1 disponible en l\u00ednea en el <\/span><a href=\"https:\/\/www.cultura.gob.cl\/agendacultural\/ministerio-de-las-culturas-celebra-el-dia-de-la-musica-y-los-musicos-chilenos-con-especial-en-eligecultura-cl\/\"><span style=\"font-weight: 400;\">siguiente link<\/span><\/a><span style=\"font-weight: 400;\">.<\/span><\/p>\n<p><span style=\"font-weight: 400;\">El <\/span><b>viernes 9 se concentra la transmisi\u00f3n, con 20 m\u00fasicos regionales que fueron seleccionados. <\/b><span style=\"font-weight: 400;\">Algunos emergentes y otros consagrados, para grabar c\u00e1psulas radiales: Mora Lucay, La Bandalismo, Enrique Icka, Chakra Negra, Yayo Castro y Los Surcadores del Viento, Viviana Morales y los Reptilianos, Savia Porte\u00f1a, Natalie Recabarren, Graciela Mu\u00f1oz, Mar\u00eda Carolina L\u00f3pez, Fabi\u00e1n Villalobos, Francisco Silva, Melissa Johnson, Pavez y Los Inseguros, Steppin Cerca, Andr\u00e9s Godoy, Rocko de la Rosa, Sof\u00eda Correa, Rompeola y Soluci\u00f3n Violeta.<\/span><\/p>\n<p><span style=\"font-weight: 400;\">Los podcast ser\u00e1n emitidos durante el d\u00eda por las 11 emisoras que se sumaron al D\u00eda de la M\u00fasica y los M\u00fasicos Chilenos, radios: Valpara\u00edso (102.5 FM), U. T\u00e9cnica Federico Santa Mar\u00eda (99.7 FM), Valent\u00edn Letelier (97.3 FM) y UCV Radio; adem\u00e1s de una emisora de cada provincia de la regi\u00f3n: radios Latina de Marga Marga (98.5 FM), Chilena de San Antonio (101.3 FM), Aconcagua de San Felipe (91.7 FM), Superandina de Los Andes (88.5 FM), Crystal de Petorca (105.3 FM), Manukena de Rapa Nui (88.9 FM) y Radio Quillota (101.5 FM).<\/span><\/p>\n<p><span style=\"font-weight: 400;\">\u00a0<\/span><\/p>\n<p><b>Estas radios tendr\u00e1n una programaci\u00f3n especial de manera simult\u00e1nea bajo el emblema \u201cSonidos que nos unen\u201d a partir de las 19:00 horas del viernes 9 de octubre. <\/b><\/p>\n","protected":false},"excerpt":{"rendered":"<p>El pr\u00f3ximo 9 de octubre ser\u00e1 \u201cSonidos que nos unen\u201d, la emisi\u00f3n por parte del Ministerio de las Culturas, las Artes y el Patrimonio de la Regi\u00f3n de Valpara\u00edso. La celebraci\u00f3n constar\u00e1 con la transmisi\u00f3n de 20 podcast, simult\u00e1neo con 11 radios de la regi\u00f3n y 6 espacios tem\u00e1ticos que exhibir\u00e1 UCV TV. As\u00ed se [&hellip;]<\/p>\n","protected":false},"author":3,"featured_media":8637,"comment_status":"closed","ping_status":"closed","sticky":false,"template":"","format":"standard","meta":{"_acf_changed":false,"footnotes":""},"categories":[8],"tags":[],"class_list":["post-8636","post","type-post","status-publish","format-standard","has-post-thumbnail","hentry","category-noticia"],"acf":[],"yoast_head":"<!-- This site is optimized with the Yoast SEO plugin v27.1.1 - https:\/\/yoast.com\/product\/yoast-seo-wordpress\/ -->\n<title>No te pierdas la programaci\u00f3n para la celebraci\u00f3n de este D\u00eda de la M\u00fasica - Valpara\u00ed\u00adso Creativo<\/title>\n<meta name=\"robots\" content=\"index, follow, max-snippet:-1, max-image-preview:large, max-video-preview:-1\" \/>\n<link rel=\"canonical\" href=\"https:\/\/dev.antudigital.cl\/sites\/vc\/no-te-pierdas-la-programacion-para-la-celebracion-de-este-dia-de-la-musica\/\" \/>\n<meta property=\"og:locale\" content=\"es_ES\" \/>\n<meta property=\"og:type\" content=\"article\" \/>\n<meta property=\"og:title\" content=\"No te pierdas la programaci\u00f3n para la celebraci\u00f3n de este D\u00eda de la M\u00fasica - Valpara\u00ed\u00adso Creativo\" \/>\n<meta property=\"og:description\" content=\"El pr\u00f3ximo 9 de octubre ser\u00e1 \u201cSonidos que nos unen\u201d, la emisi\u00f3n por parte del Ministerio de las Culturas, las Artes y el Patrimonio de la Regi\u00f3n de Valpara\u00edso. La celebraci\u00f3n constar\u00e1 con la transmisi\u00f3n de 20 podcast, simult\u00e1neo con 11 radios de la regi\u00f3n y 6 espacios tem\u00e1ticos que exhibir\u00e1 UCV TV. As\u00ed se [&hellip;]\" \/>\n<meta property=\"og:url\" content=\"https:\/\/dev.antudigital.cl\/sites\/vc\/no-te-pierdas-la-programacion-para-la-celebracion-de-este-dia-de-la-musica\/\" \/>\n<meta property=\"og:site_name\" content=\"Valpara\u00ed\u00adso Creativo\" \/>\n<meta property=\"article:published_time\" content=\"2020-10-05T18:25:09+00:00\" \/>\n<meta property=\"article:modified_time\" content=\"2021-12-24T20:55:39+00:00\" \/>\n<meta property=\"og:image\" content=\"https:\/\/dev.antudigital.cl\/sites\/vc\/wp-content\/uploads\/2020\/10\/Di\u0301a-de-la-Mu\u0301sica.png\" \/>\n\t<meta property=\"og:image:width\" content=\"708\" \/>\n\t<meta property=\"og:image:height\" content=\"473\" \/>\n\t<meta property=\"og:image:type\" content=\"image\/png\" \/>\n<meta name=\"author\" content=\"Valparaiso Creativo\" \/>\n<meta name=\"twitter:card\" content=\"summary_large_image\" \/>\n<meta name=\"twitter:label1\" content=\"Escrito por\" \/>\n\t<meta name=\"twitter:data1\" content=\"Valparaiso Creativo\" \/>\n\t<meta name=\"twitter:label2\" content=\"Tiempo de lectura\" \/>\n\t<meta name=\"twitter:data2\" content=\"3 minutos\" \/>\n<script type=\"application\/ld+json\" class=\"yoast-schema-graph\">{\"@context\":\"https:\/\/schema.org\",\"@graph\":[{\"@type\":\"Article\",\"@id\":\"https:\/\/dev.antudigital.cl\/sites\/vc\/no-te-pierdas-la-programacion-para-la-celebracion-de-este-dia-de-la-musica\/#article\",\"isPartOf\":{\"@id\":\"https:\/\/dev.antudigital.cl\/sites\/vc\/no-te-pierdas-la-programacion-para-la-celebracion-de-este-dia-de-la-musica\/\"},\"author\":{\"name\":\"Valparaiso Creativo\",\"@id\":\"https:\/\/dev.antudigital.cl\/sites\/vc\/#\/schema\/person\/81d1dcd51abd542b5dfc00f5f951a0f1\"},\"headline\":\"No te pierdas la programaci\u00f3n para la celebraci\u00f3n de este D\u00eda de la M\u00fasica\",\"datePublished\":\"2020-10-05T18:25:09+00:00\",\"dateModified\":\"2021-12-24T20:55:39+00:00\",\"mainEntityOfPage\":{\"@id\":\"https:\/\/dev.antudigital.cl\/sites\/vc\/no-te-pierdas-la-programacion-para-la-celebracion-de-este-dia-de-la-musica\/\"},\"wordCount\":591,\"image\":{\"@id\":\"https:\/\/dev.antudigital.cl\/sites\/vc\/no-te-pierdas-la-programacion-para-la-celebracion-de-este-dia-de-la-musica\/#primaryimage\"},\"thumbnailUrl\":\"https:\/\/dev.antudigital.cl\/sites\/vc\/wp-content\/uploads\/2020\/10\/Di\u0301a-de-la-Mu\u0301sica.png\",\"articleSection\":[\"Noticia\"],\"inLanguage\":\"es\"},{\"@type\":\"WebPage\",\"@id\":\"https:\/\/dev.antudigital.cl\/sites\/vc\/no-te-pierdas-la-programacion-para-la-celebracion-de-este-dia-de-la-musica\/\",\"url\":\"https:\/\/dev.antudigital.cl\/sites\/vc\/no-te-pierdas-la-programacion-para-la-celebracion-de-este-dia-de-la-musica\/\",\"name\":\"No te pierdas la programaci\u00f3n para la celebraci\u00f3n de este D\u00eda de la M\u00fasica - Valpara\u00ed\u00adso Creativo\",\"isPartOf\":{\"@id\":\"https:\/\/dev.antudigital.cl\/sites\/vc\/#website\"},\"primaryImageOfPage\":{\"@id\":\"https:\/\/dev.antudigital.cl\/sites\/vc\/no-te-pierdas-la-programacion-para-la-celebracion-de-este-dia-de-la-musica\/#primaryimage\"},\"image\":{\"@id\":\"https:\/\/dev.antudigital.cl\/sites\/vc\/no-te-pierdas-la-programacion-para-la-celebracion-de-este-dia-de-la-musica\/#primaryimage\"},\"thumbnailUrl\":\"https:\/\/dev.antudigital.cl\/sites\/vc\/wp-content\/uploads\/2020\/10\/Di\u0301a-de-la-Mu\u0301sica.png\",\"datePublished\":\"2020-10-05T18:25:09+00:00\",\"dateModified\":\"2021-12-24T20:55:39+00:00\",\"author\":{\"@id\":\"https:\/\/dev.antudigital.cl\/sites\/vc\/#\/schema\/person\/81d1dcd51abd542b5dfc00f5f951a0f1\"},\"breadcrumb\":{\"@id\":\"https:\/\/dev.antudigital.cl\/sites\/vc\/no-te-pierdas-la-programacion-para-la-celebracion-de-este-dia-de-la-musica\/#breadcrumb\"},\"inLanguage\":\"es\",\"potentialAction\":[{\"@type\":\"ReadAction\",\"target\":[\"https:\/\/dev.antudigital.cl\/sites\/vc\/no-te-pierdas-la-programacion-para-la-celebracion-de-este-dia-de-la-musica\/\"]}]},{\"@type\":\"ImageObject\",\"inLanguage\":\"es\",\"@id\":\"https:\/\/dev.antudigital.cl\/sites\/vc\/no-te-pierdas-la-programacion-para-la-celebracion-de-este-dia-de-la-musica\/#primaryimage\",\"url\":\"https:\/\/dev.antudigital.cl\/sites\/vc\/wp-content\/uploads\/2020\/10\/Di\u0301a-de-la-Mu\u0301sica.png\",\"contentUrl\":\"https:\/\/dev.antudigital.cl\/sites\/vc\/wp-content\/uploads\/2020\/10\/Di\u0301a-de-la-Mu\u0301sica.png\",\"width\":708,\"height\":473},{\"@type\":\"BreadcrumbList\",\"@id\":\"https:\/\/dev.antudigital.cl\/sites\/vc\/no-te-pierdas-la-programacion-para-la-celebracion-de-este-dia-de-la-musica\/#breadcrumb\",\"itemListElement\":[{\"@type\":\"ListItem\",\"position\":1,\"name\":\"Home\",\"item\":\"https:\/\/dev.antudigital.cl\/sites\/vc\/\"},{\"@type\":\"ListItem\",\"position\":2,\"name\":\"No te pierdas la programaci\u00f3n para la celebraci\u00f3n de este D\u00eda de la M\u00fasica\"}]},{\"@type\":\"WebSite\",\"@id\":\"https:\/\/dev.antudigital.cl\/sites\/vc\/#website\",\"url\":\"https:\/\/dev.antudigital.cl\/sites\/vc\/\",\"name\":\"Valpara\u00ed\u00adso Creativo\",\"description\":\"\",\"potentialAction\":[{\"@type\":\"SearchAction\",\"target\":{\"@type\":\"EntryPoint\",\"urlTemplate\":\"https:\/\/dev.antudigital.cl\/sites\/vc\/?s={search_term_string}\"},\"query-input\":{\"@type\":\"PropertyValueSpecification\",\"valueRequired\":true,\"valueName\":\"search_term_string\"}}],\"inLanguage\":\"es\"},{\"@type\":\"Person\",\"@id\":\"https:\/\/dev.antudigital.cl\/sites\/vc\/#\/schema\/person\/81d1dcd51abd542b5dfc00f5f951a0f1\",\"name\":\"Valparaiso Creativo\",\"url\":\"https:\/\/dev.antudigital.cl\/sites\/vc\/author\/valparaiso-creativo\/\"}]}<\/script>\n<!-- \/ Yoast SEO plugin. -->","yoast_head_json":{"title":"No te pierdas la programaci\u00f3n para la celebraci\u00f3n de este D\u00eda de la M\u00fasica - Valpara\u00ed\u00adso Creativo","robots":{"index":"index","follow":"follow","max-snippet":"max-snippet:-1","max-image-preview":"max-image-preview:large","max-video-preview":"max-video-preview:-1"},"canonical":"https:\/\/dev.antudigital.cl\/sites\/vc\/no-te-pierdas-la-programacion-para-la-celebracion-de-este-dia-de-la-musica\/","og_locale":"es_ES","og_type":"article","og_title":"No te pierdas la programaci\u00f3n para la celebraci\u00f3n de este D\u00eda de la M\u00fasica - Valpara\u00ed\u00adso Creativo","og_description":"El pr\u00f3ximo 9 de octubre ser\u00e1 \u201cSonidos que nos unen\u201d, la emisi\u00f3n por parte del Ministerio de las Culturas, las Artes y el Patrimonio de la Regi\u00f3n de Valpara\u00edso. La celebraci\u00f3n constar\u00e1 con la transmisi\u00f3n de 20 podcast, simult\u00e1neo con 11 radios de la regi\u00f3n y 6 espacios tem\u00e1ticos que exhibir\u00e1 UCV TV. As\u00ed se [&hellip;]","og_url":"https:\/\/dev.antudigital.cl\/sites\/vc\/no-te-pierdas-la-programacion-para-la-celebracion-de-este-dia-de-la-musica\/","og_site_name":"Valpara\u00ed\u00adso Creativo","article_published_time":"2020-10-05T18:25:09+00:00","article_modified_time":"2021-12-24T20:55:39+00:00","og_image":[{"width":708,"height":473,"url":"https:\/\/dev.antudigital.cl\/sites\/vc\/wp-content\/uploads\/2020\/10\/Di\u0301a-de-la-Mu\u0301sica.png","type":"image\/png"}],"author":"Valparaiso Creativo","twitter_card":"summary_large_image","twitter_misc":{"Escrito por":"Valparaiso Creativo","Tiempo de lectura":"3 minutos"},"schema":{"@context":"https:\/\/schema.org","@graph":[{"@type":"Article","@id":"https:\/\/dev.antudigital.cl\/sites\/vc\/no-te-pierdas-la-programacion-para-la-celebracion-de-este-dia-de-la-musica\/#article","isPartOf":{"@id":"https:\/\/dev.antudigital.cl\/sites\/vc\/no-te-pierdas-la-programacion-para-la-celebracion-de-este-dia-de-la-musica\/"},"author":{"name":"Valparaiso Creativo","@id":"https:\/\/dev.antudigital.cl\/sites\/vc\/#\/schema\/person\/81d1dcd51abd542b5dfc00f5f951a0f1"},"headline":"No te pierdas la programaci\u00f3n para la celebraci\u00f3n de este D\u00eda de la M\u00fasica","datePublished":"2020-10-05T18:25:09+00:00","dateModified":"2021-12-24T20:55:39+00:00","mainEntityOfPage":{"@id":"https:\/\/dev.antudigital.cl\/sites\/vc\/no-te-pierdas-la-programacion-para-la-celebracion-de-este-dia-de-la-musica\/"},"wordCount":591,"image":{"@id":"https:\/\/dev.antudigital.cl\/sites\/vc\/no-te-pierdas-la-programacion-para-la-celebracion-de-este-dia-de-la-musica\/#primaryimage"},"thumbnailUrl":"https:\/\/dev.antudigital.cl\/sites\/vc\/wp-content\/uploads\/2020\/10\/Di\u0301a-de-la-Mu\u0301sica.png","articleSection":["Noticia"],"inLanguage":"es"},{"@type":"WebPage","@id":"https:\/\/dev.antudigital.cl\/sites\/vc\/no-te-pierdas-la-programacion-para-la-celebracion-de-este-dia-de-la-musica\/","url":"https:\/\/dev.antudigital.cl\/sites\/vc\/no-te-pierdas-la-programacion-para-la-celebracion-de-este-dia-de-la-musica\/","name":"No te pierdas la programaci\u00f3n para la celebraci\u00f3n de este D\u00eda de la M\u00fasica - Valpara\u00ed\u00adso Creativo","isPartOf":{"@id":"https:\/\/dev.antudigital.cl\/sites\/vc\/#website"},"primaryImageOfPage":{"@id":"https:\/\/dev.antudigital.cl\/sites\/vc\/no-te-pierdas-la-programacion-para-la-celebracion-de-este-dia-de-la-musica\/#primaryimage"},"image":{"@id":"https:\/\/dev.antudigital.cl\/sites\/vc\/no-te-pierdas-la-programacion-para-la-celebracion-de-este-dia-de-la-musica\/#primaryimage"},"thumbnailUrl":"https:\/\/dev.antudigital.cl\/sites\/vc\/wp-content\/uploads\/2020\/10\/Di\u0301a-de-la-Mu\u0301sica.png","datePublished":"2020-10-05T18:25:09+00:00","dateModified":"2021-12-24T20:55:39+00:00","author":{"@id":"https:\/\/dev.antudigital.cl\/sites\/vc\/#\/schema\/person\/81d1dcd51abd542b5dfc00f5f951a0f1"},"breadcrumb":{"@id":"https:\/\/dev.antudigital.cl\/sites\/vc\/no-te-pierdas-la-programacion-para-la-celebracion-de-este-dia-de-la-musica\/#breadcrumb"},"inLanguage":"es","potentialAction":[{"@type":"ReadAction","target":["https:\/\/dev.antudigital.cl\/sites\/vc\/no-te-pierdas-la-programacion-para-la-celebracion-de-este-dia-de-la-musica\/"]}]},{"@type":"ImageObject","inLanguage":"es","@id":"https:\/\/dev.antudigital.cl\/sites\/vc\/no-te-pierdas-la-programacion-para-la-celebracion-de-este-dia-de-la-musica\/#primaryimage","url":"https:\/\/dev.antudigital.cl\/sites\/vc\/wp-content\/uploads\/2020\/10\/Di\u0301a-de-la-Mu\u0301sica.png","contentUrl":"https:\/\/dev.antudigital.cl\/sites\/vc\/wp-content\/uploads\/2020\/10\/Di\u0301a-de-la-Mu\u0301sica.png","width":708,"height":473},{"@type":"BreadcrumbList","@id":"https:\/\/dev.antudigital.cl\/sites\/vc\/no-te-pierdas-la-programacion-para-la-celebracion-de-este-dia-de-la-musica\/#breadcrumb","itemListElement":[{"@type":"ListItem","position":1,"name":"Home","item":"https:\/\/dev.antudigital.cl\/sites\/vc\/"},{"@type":"ListItem","position":2,"name":"No te pierdas la programaci\u00f3n para la celebraci\u00f3n de este D\u00eda de la M\u00fasica"}]},{"@type":"WebSite","@id":"https:\/\/dev.antudigital.cl\/sites\/vc\/#website","url":"https:\/\/dev.antudigital.cl\/sites\/vc\/","name":"Valpara\u00ed\u00adso Creativo","description":"","potentialAction":[{"@type":"SearchAction","target":{"@type":"EntryPoint","urlTemplate":"https:\/\/dev.antudigital.cl\/sites\/vc\/?s={search_term_string}"},"query-input":{"@type":"PropertyValueSpecification","valueRequired":true,"valueName":"search_term_string"}}],"inLanguage":"es"},{"@type":"Person","@id":"https:\/\/dev.antudigital.cl\/sites\/vc\/#\/schema\/person\/81d1dcd51abd542b5dfc00f5f951a0f1","name":"Valparaiso Creativo","url":"https:\/\/dev.antudigital.cl\/sites\/vc\/author\/valparaiso-creativo\/"}]}},"_links":{"self":[{"href":"https:\/\/dev.antudigital.cl\/sites\/vc\/wp-json\/wp\/v2\/posts\/8636","targetHints":{"allow":["GET"]}}],"collection":[{"href":"https:\/\/dev.antudigital.cl\/sites\/vc\/wp-json\/wp\/v2\/posts"}],"about":[{"href":"https:\/\/dev.antudigital.cl\/sites\/vc\/wp-json\/wp\/v2\/types\/post"}],"author":[{"embeddable":true,"href":"https:\/\/dev.antudigital.cl\/sites\/vc\/wp-json\/wp\/v2\/users\/3"}],"replies":[{"embeddable":true,"href":"https:\/\/dev.antudigital.cl\/sites\/vc\/wp-json\/wp\/v2\/comments?post=8636"}],"version-history":[{"count":1,"href":"https:\/\/dev.antudigital.cl\/sites\/vc\/wp-json\/wp\/v2\/posts\/8636\/revisions"}],"predecessor-version":[{"id":8643,"href":"https:\/\/dev.antudigital.cl\/sites\/vc\/wp-json\/wp\/v2\/posts\/8636\/revisions\/8643"}],"wp:featuredmedia":[{"embeddable":true,"href":"https:\/\/dev.antudigital.cl\/sites\/vc\/wp-json\/wp\/v2\/media\/8637"}],"wp:attachment":[{"href":"https:\/\/dev.antudigital.cl\/sites\/vc\/wp-json\/wp\/v2\/media?parent=8636"}],"wp:term":[{"taxonomy":"category","embeddable":true,"href":"https:\/\/dev.antudigital.cl\/sites\/vc\/wp-json\/wp\/v2\/categories?post=8636"},{"taxonomy":"post_tag","embeddable":true,"href":"https:\/\/dev.antudigital.cl\/sites\/vc\/wp-json\/wp\/v2\/tags?post=8636"}],"curies":[{"name":"wp","href":"https:\/\/api.w.org\/{rel}","templated":true}]}}