{"id":8638,"date":"2020-10-02T16:44:43","date_gmt":"2020-10-02T16:44:43","guid":{"rendered":"https:\/\/www.valparaisocreativo.cl\/?p=5259"},"modified":"2021-12-24T21:00:51","modified_gmt":"2021-12-24T21:00:51","slug":"talleristas-fifv-2020-cristobal-olivares-y-yael-martinez","status":"publish","type":"post","link":"https:\/\/dev.antudigital.cl\/sites\/vc\/talleristas-fifv-2020-cristobal-olivares-y-yael-martinez\/","title":{"rendered":"Talleristas FIFV 2020: Crist\u00f3bal Olivares y Yael Mart\u00ednez"},"content":{"rendered":"<p><em>Por: Cristofer D\u00edaz.<\/em><\/p>\n<p>&nbsp;<\/p>\n<figure id=\"attachment_5261\" aria-describedby=\"caption-attachment-5261\" style=\"width: 300px\" class=\"wp-caption alignleft\"><img fetchpriority=\"high\" decoding=\"async\" class=\"size-medium wp-image-5261\" src=\"https:\/\/www.valparaisocreativo.cl\/wp-content\/uploads\/2020\/10\/FIFV-Yael-Marti\u0301nez005-300x200.jpg\" alt=\"\" width=\"300\" height=\"200\"><figcaption id=\"caption-attachment-5261\" class=\"wp-caption-text\">Mexico.Oaxaca.2019.Landscape at dawn Oaxaca Mexico. on March 9, 2019.<\/figcaption><\/figure>\n<p><span style=\"font-weight: 400;\">La obra de <strong>Yael Mart\u00ednez<\/strong> aborda las comunidades fracturadas por el crimen organizado en su natal M\u00e9xico. En ella, ha intentado representar la relaci\u00f3n de ausencia y presencia y el estado de invisibilidad de manera simb\u00f3lica, trabajando con los conceptos \u201cdolor\u201d, \u201cvac\u00edo\u201d, \u201causencia\u201d y \u201colvido\u201d. Su trabajo ha sido presentado en exposiciones colectivas e individuales, en Am\u00e9rica, Europa, \u00c1frica y Asia, y actualmente est\u00e1 nominado para formar parte de la agencia Magnum Photos.&nbsp;&nbsp;<\/span><\/p>\n<p><span style=\"font-weight: 400;\"><strong>Cristobal Olivares<\/strong> es un fot\u00f3grafo documental con especial inter\u00e9s en temas sociales. Cofundador de Buen lugar, una iniciativa editorial independiente que publica libros y zines de fotograf\u00eda. Entre 2014 y 2016, fue parte del VII Mentor Program de la agencia VII. En 2019 fue elegido como becario de Magnum&nbsp;<\/span><\/p>\n<p><span style=\"font-weight: 400;\">Fundation. Entre sus reconocimientos destacan los otorgados por la MAST Foundation for Photography Grant (Italia), Open Society Foundation (EE.UU), Sony World Photography Awards (Reino Unido), Photographic Museum of Humanity, FotoVisura(EE.UU), el Premio Rodrigo Rojas Denegri (Chile) y el FIFV (Chile).&nbsp; Ha sido galardonado 15 veces en distintas categor\u00edas de Fotoprensa en Chile, incluyendo el premio a la Foto del A\u00f1o en 2017.<\/span><\/p>\n<p><img decoding=\"async\" class=\"alignleft size-medium wp-image-5262\" src=\"https:\/\/www.valparaisocreativo.cl\/wp-content\/uploads\/2020\/10\/Cristobal-AlSurPorElMar-300x200.jpg\" alt=\"\" width=\"300\" height=\"200\"><\/p>\n<p><span style=\"font-weight: 400;\">En este FIFV2020, Yael y Crist\u00f3bal lideran el Workshop \u201cCreaci\u00f3n de una narrativa visual\u201d, con la participaci\u00f3n de 11 autores de Chile, M\u00e9xico, Francia, Venezuela, Colombia y Ecuador.<\/span><\/p>\n<p>&nbsp;<\/p>\n<p><b>\u00bfCu\u00e1l es la b\u00fasqueda de este taller?&nbsp;<\/b><\/p>\n<p><span style=\"font-weight: 400;\">\u201cEl taller trata sobre la creaci\u00f3n y producci\u00f3n de un proyecto fotogr\u00e1fico prestando atenci\u00f3n a otras materialidades, visualidades o discursos que permitan contar mejor la historia o que permitan contar historias que con im\u00e1genes fijas no logran transmitir todo lo que un autor(a) quiere decir. Sin presionarlo, sin crear f\u00f3rmulas, pero s\u00ed buscando tener los ojos abiertos a las colaboraciones humanas y tecnol\u00f3gicas.&nbsp;<\/span><\/p>\n<p><span style=\"font-weight: 400;\">As\u00ed, el taller busca realizar un recorrido sobre distintos proyectos y ejercicios que ayuden a conceptualizar y estructurar una narrativa visual, expandiendo la idea de generar narrativas visuales, usando distintos recursos que no se limiten al uso exclusivo de la fotograf\u00eda como documento\u201d.<\/span><\/p>\n<p><img decoding=\"async\" class=\"alignleft size-medium wp-image-5263\" src=\"https:\/\/www.valparaisocreativo.cl\/wp-content\/uploads\/2020\/10\/CristobalOlivares_TEOT01-300x200.jpg\" alt=\"\" width=\"300\" height=\"200\"><\/p>\n<p><b>\u00bfC\u00f3mo se encuentra el amor y la pol\u00edtica en la creaci\u00f3n de este taller?<\/b><\/p>\n<p><span style=\"font-weight: 400;\">\u201cHemos dejado fluir lo de la tem\u00e1tica, que luego del primer d\u00eda ha aparecido&nbsp;sin presionarlo: La distancia. Ya sean f\u00edsicas, emocionales, la imposibilidad de estar, la distancia de las cercan\u00edas&nbsp;tambi\u00e9n, en todo su espectro de la palabra. La distancia del apego, la distancia que provoca estar tan cerca. Y para nosotros entre amor y pol\u00edtica&nbsp;hay una distancia y un apego fuerte al mismo tiempo.&nbsp;<\/span><\/p>\n<p><span style=\"font-weight: 400;\">El objetivo de poder incorporar eso a la narrativa grupal, teniendo en mente la plataforma y lo que nos permite esta. Queremos generar una experiencia\u201d.&nbsp;<\/span><\/p>\n<p>&nbsp;<\/p>\n<p><b>\u00bfC\u00f3mo ha sido el desarrollo del taller, respecto al trabajo del equipo en este formato digital?<\/b><\/p>\n<p><img loading=\"lazy\" decoding=\"async\" class=\"alignleft size-medium wp-image-5265\" src=\"https:\/\/www.valparaisocreativo.cl\/wp-content\/uploads\/2020\/10\/FIFV-Yael-Marti\u0301nez004s-300x200.png\" alt=\"\" width=\"300\" height=\"200\"><\/p>\n<p><span style=\"font-weight: 400;\">\u201cEn general es muy bueno, ya que permite explorar otras cosas, permite conocer gente de otras latitudes, que de lo contrario no podr\u00edan haber participado en esta instancia.&nbsp;<\/span><\/p>\n<p><span style=\"font-weight: 400;\">Pero tambi\u00e9n hay que reconocer que falta lo presencial, lo que aporta otras emociones al momento de trabajar en grupo, ya que hay instancias de reuni\u00f3n que ocurren antes o despu\u00e9s del momento de trabajo.&nbsp; Es por eso que hemos querido tomarlo como una nueva experiencia y tratar de hacernos cargo de la modalidad aprovechando todas sus virtudes.&nbsp;<\/span><\/p>\n<p><span style=\"font-weight: 400;\">El grupo se ha afiatado muy bien, tienen muy buenas ideas, entusiasmo y se apoyan entre todes. No queremos reemplazar una experiencia presencial, ni menos comprarla, por eso buscamos la m\u00e1xima horizontalidad del grupo\u201d.<\/span><\/p>\n<p><b>Los resultados de los talleres ser\u00e1n presentados entre el 28 y 31 de octubre. Conoce m\u00e1s en&nbsp;<\/b><a href=\"https:\/\/fifv.cl\/2020\/\"><b>www.fifv.cl<\/b><\/a><\/p>\n","protected":false},"excerpt":{"rendered":"<p>Por: Cristofer D\u00edaz. &nbsp; La obra de Yael Mart\u00ednez aborda las comunidades fracturadas por el crimen organizado en su natal M\u00e9xico. En ella, ha intentado representar la relaci\u00f3n de ausencia y presencia y el estado de invisibilidad de manera simb\u00f3lica, trabajando con los conceptos \u201cdolor\u201d, \u201cvac\u00edo\u201d, \u201causencia\u201d y \u201colvido\u201d. Su trabajo ha sido presentado en [&hellip;]<\/p>\n","protected":false},"author":3,"featured_media":8645,"comment_status":"closed","ping_status":"closed","sticky":false,"template":"","format":"standard","meta":{"_acf_changed":false,"footnotes":""},"categories":[8],"tags":[196,160,135,10],"class_list":["post-8638","post","type-post","status-publish","format-standard","has-post-thumbnail","hentry","category-noticia","tag-festival-internacional-de-fotografia-en-valparaiso","tag-fifv","tag-fotografia","tag-valparaiso"],"acf":[],"yoast_head":"<!-- This site is optimized with the Yoast SEO plugin v27.1.1 - https:\/\/yoast.com\/product\/yoast-seo-wordpress\/ -->\n<title>Talleristas FIFV 2020: Crist\u00f3bal Olivares y Yael Mart\u00ednez - Valpara\u00ed\u00adso Creativo<\/title>\n<meta name=\"robots\" content=\"index, follow, max-snippet:-1, max-image-preview:large, max-video-preview:-1\" \/>\n<link rel=\"canonical\" href=\"https:\/\/dev.antudigital.cl\/sites\/vc\/talleristas-fifv-2020-cristobal-olivares-y-yael-martinez\/\" \/>\n<meta property=\"og:locale\" content=\"es_ES\" \/>\n<meta property=\"og:type\" content=\"article\" \/>\n<meta property=\"og:title\" content=\"Talleristas FIFV 2020: Crist\u00f3bal Olivares y Yael Mart\u00ednez - Valpara\u00ed\u00adso Creativo\" \/>\n<meta property=\"og:description\" content=\"Por: Cristofer D\u00edaz. &nbsp; La obra de Yael Mart\u00ednez aborda las comunidades fracturadas por el crimen organizado en su natal M\u00e9xico. En ella, ha intentado representar la relaci\u00f3n de ausencia y presencia y el estado de invisibilidad de manera simb\u00f3lica, trabajando con los conceptos \u201cdolor\u201d, \u201cvac\u00edo\u201d, \u201causencia\u201d y \u201colvido\u201d. Su trabajo ha sido presentado en [&hellip;]\" \/>\n<meta property=\"og:url\" content=\"https:\/\/dev.antudigital.cl\/sites\/vc\/talleristas-fifv-2020-cristobal-olivares-y-yael-martinez\/\" \/>\n<meta property=\"og:site_name\" content=\"Valpara\u00ed\u00adso Creativo\" \/>\n<meta property=\"article:published_time\" content=\"2020-10-02T16:44:43+00:00\" \/>\n<meta property=\"article:modified_time\" content=\"2021-12-24T21:00:51+00:00\" \/>\n<meta property=\"og:image\" content=\"https:\/\/dev.antudigital.cl\/sites\/vc\/wp-content\/uploads\/2020\/10\/CristobalOlivares_TEOT01.jpg\" \/>\n\t<meta property=\"og:image:width\" content=\"1000\" \/>\n\t<meta property=\"og:image:height\" content=\"667\" \/>\n\t<meta property=\"og:image:type\" content=\"image\/jpeg\" \/>\n<meta name=\"author\" content=\"Valparaiso Creativo\" \/>\n<meta name=\"twitter:card\" content=\"summary_large_image\" \/>\n<meta name=\"twitter:label1\" content=\"Escrito por\" \/>\n\t<meta name=\"twitter:data1\" content=\"Valparaiso Creativo\" \/>\n\t<meta name=\"twitter:label2\" content=\"Tiempo de lectura\" \/>\n\t<meta name=\"twitter:data2\" content=\"4 minutos\" \/>\n<script type=\"application\/ld+json\" class=\"yoast-schema-graph\">{\"@context\":\"https:\/\/schema.org\",\"@graph\":[{\"@type\":\"Article\",\"@id\":\"https:\/\/dev.antudigital.cl\/sites\/vc\/talleristas-fifv-2020-cristobal-olivares-y-yael-martinez\/#article\",\"isPartOf\":{\"@id\":\"https:\/\/dev.antudigital.cl\/sites\/vc\/talleristas-fifv-2020-cristobal-olivares-y-yael-martinez\/\"},\"author\":{\"name\":\"Valparaiso Creativo\",\"@id\":\"https:\/\/dev.antudigital.cl\/sites\/vc\/#\/schema\/person\/81d1dcd51abd542b5dfc00f5f951a0f1\"},\"headline\":\"Talleristas FIFV 2020: Crist\u00f3bal Olivares y Yael Mart\u00ednez\",\"datePublished\":\"2020-10-02T16:44:43+00:00\",\"dateModified\":\"2021-12-24T21:00:51+00:00\",\"mainEntityOfPage\":{\"@id\":\"https:\/\/dev.antudigital.cl\/sites\/vc\/talleristas-fifv-2020-cristobal-olivares-y-yael-martinez\/\"},\"wordCount\":672,\"image\":{\"@id\":\"https:\/\/dev.antudigital.cl\/sites\/vc\/talleristas-fifv-2020-cristobal-olivares-y-yael-martinez\/#primaryimage\"},\"thumbnailUrl\":\"https:\/\/dev.antudigital.cl\/sites\/vc\/wp-content\/uploads\/2020\/10\/CristobalOlivares_TEOT01.jpg\",\"keywords\":[\"Festival Internacional de Fotograf\u00eda en Valpara\u00edso\",\"FIFV\",\"Fotograf\u00eda\",\"valpara\u00edso\"],\"articleSection\":[\"Noticia\"],\"inLanguage\":\"es\"},{\"@type\":\"WebPage\",\"@id\":\"https:\/\/dev.antudigital.cl\/sites\/vc\/talleristas-fifv-2020-cristobal-olivares-y-yael-martinez\/\",\"url\":\"https:\/\/dev.antudigital.cl\/sites\/vc\/talleristas-fifv-2020-cristobal-olivares-y-yael-martinez\/\",\"name\":\"Talleristas FIFV 2020: Crist\u00f3bal Olivares y Yael Mart\u00ednez - Valpara\u00ed\u00adso Creativo\",\"isPartOf\":{\"@id\":\"https:\/\/dev.antudigital.cl\/sites\/vc\/#website\"},\"primaryImageOfPage\":{\"@id\":\"https:\/\/dev.antudigital.cl\/sites\/vc\/talleristas-fifv-2020-cristobal-olivares-y-yael-martinez\/#primaryimage\"},\"image\":{\"@id\":\"https:\/\/dev.antudigital.cl\/sites\/vc\/talleristas-fifv-2020-cristobal-olivares-y-yael-martinez\/#primaryimage\"},\"thumbnailUrl\":\"https:\/\/dev.antudigital.cl\/sites\/vc\/wp-content\/uploads\/2020\/10\/CristobalOlivares_TEOT01.jpg\",\"datePublished\":\"2020-10-02T16:44:43+00:00\",\"dateModified\":\"2021-12-24T21:00:51+00:00\",\"author\":{\"@id\":\"https:\/\/dev.antudigital.cl\/sites\/vc\/#\/schema\/person\/81d1dcd51abd542b5dfc00f5f951a0f1\"},\"breadcrumb\":{\"@id\":\"https:\/\/dev.antudigital.cl\/sites\/vc\/talleristas-fifv-2020-cristobal-olivares-y-yael-martinez\/#breadcrumb\"},\"inLanguage\":\"es\",\"potentialAction\":[{\"@type\":\"ReadAction\",\"target\":[\"https:\/\/dev.antudigital.cl\/sites\/vc\/talleristas-fifv-2020-cristobal-olivares-y-yael-martinez\/\"]}]},{\"@type\":\"ImageObject\",\"inLanguage\":\"es\",\"@id\":\"https:\/\/dev.antudigital.cl\/sites\/vc\/talleristas-fifv-2020-cristobal-olivares-y-yael-martinez\/#primaryimage\",\"url\":\"https:\/\/dev.antudigital.cl\/sites\/vc\/wp-content\/uploads\/2020\/10\/CristobalOlivares_TEOT01.jpg\",\"contentUrl\":\"https:\/\/dev.antudigital.cl\/sites\/vc\/wp-content\/uploads\/2020\/10\/CristobalOlivares_TEOT01.jpg\",\"width\":1000,\"height\":667},{\"@type\":\"BreadcrumbList\",\"@id\":\"https:\/\/dev.antudigital.cl\/sites\/vc\/talleristas-fifv-2020-cristobal-olivares-y-yael-martinez\/#breadcrumb\",\"itemListElement\":[{\"@type\":\"ListItem\",\"position\":1,\"name\":\"Home\",\"item\":\"https:\/\/dev.antudigital.cl\/sites\/vc\/\"},{\"@type\":\"ListItem\",\"position\":2,\"name\":\"Talleristas FIFV 2020: Crist\u00f3bal Olivares y Yael Mart\u00ednez\"}]},{\"@type\":\"WebSite\",\"@id\":\"https:\/\/dev.antudigital.cl\/sites\/vc\/#website\",\"url\":\"https:\/\/dev.antudigital.cl\/sites\/vc\/\",\"name\":\"Valpara\u00ed\u00adso Creativo\",\"description\":\"\",\"potentialAction\":[{\"@type\":\"SearchAction\",\"target\":{\"@type\":\"EntryPoint\",\"urlTemplate\":\"https:\/\/dev.antudigital.cl\/sites\/vc\/?s={search_term_string}\"},\"query-input\":{\"@type\":\"PropertyValueSpecification\",\"valueRequired\":true,\"valueName\":\"search_term_string\"}}],\"inLanguage\":\"es\"},{\"@type\":\"Person\",\"@id\":\"https:\/\/dev.antudigital.cl\/sites\/vc\/#\/schema\/person\/81d1dcd51abd542b5dfc00f5f951a0f1\",\"name\":\"Valparaiso Creativo\",\"url\":\"https:\/\/dev.antudigital.cl\/sites\/vc\/author\/valparaiso-creativo\/\"}]}<\/script>\n<!-- \/ Yoast SEO plugin. -->","yoast_head_json":{"title":"Talleristas FIFV 2020: Crist\u00f3bal Olivares y Yael Mart\u00ednez - Valpara\u00ed\u00adso Creativo","robots":{"index":"index","follow":"follow","max-snippet":"max-snippet:-1","max-image-preview":"max-image-preview:large","max-video-preview":"max-video-preview:-1"},"canonical":"https:\/\/dev.antudigital.cl\/sites\/vc\/talleristas-fifv-2020-cristobal-olivares-y-yael-martinez\/","og_locale":"es_ES","og_type":"article","og_title":"Talleristas FIFV 2020: Crist\u00f3bal Olivares y Yael Mart\u00ednez - Valpara\u00ed\u00adso Creativo","og_description":"Por: Cristofer D\u00edaz. &nbsp; La obra de Yael Mart\u00ednez aborda las comunidades fracturadas por el crimen organizado en su natal M\u00e9xico. En ella, ha intentado representar la relaci\u00f3n de ausencia y presencia y el estado de invisibilidad de manera simb\u00f3lica, trabajando con los conceptos \u201cdolor\u201d, \u201cvac\u00edo\u201d, \u201causencia\u201d y \u201colvido\u201d. Su trabajo ha sido presentado en [&hellip;]","og_url":"https:\/\/dev.antudigital.cl\/sites\/vc\/talleristas-fifv-2020-cristobal-olivares-y-yael-martinez\/","og_site_name":"Valpara\u00ed\u00adso Creativo","article_published_time":"2020-10-02T16:44:43+00:00","article_modified_time":"2021-12-24T21:00:51+00:00","og_image":[{"width":1000,"height":667,"url":"https:\/\/dev.antudigital.cl\/sites\/vc\/wp-content\/uploads\/2020\/10\/CristobalOlivares_TEOT01.jpg","type":"image\/jpeg"}],"author":"Valparaiso Creativo","twitter_card":"summary_large_image","twitter_misc":{"Escrito por":"Valparaiso Creativo","Tiempo de lectura":"4 minutos"},"schema":{"@context":"https:\/\/schema.org","@graph":[{"@type":"Article","@id":"https:\/\/dev.antudigital.cl\/sites\/vc\/talleristas-fifv-2020-cristobal-olivares-y-yael-martinez\/#article","isPartOf":{"@id":"https:\/\/dev.antudigital.cl\/sites\/vc\/talleristas-fifv-2020-cristobal-olivares-y-yael-martinez\/"},"author":{"name":"Valparaiso Creativo","@id":"https:\/\/dev.antudigital.cl\/sites\/vc\/#\/schema\/person\/81d1dcd51abd542b5dfc00f5f951a0f1"},"headline":"Talleristas FIFV 2020: Crist\u00f3bal Olivares y Yael Mart\u00ednez","datePublished":"2020-10-02T16:44:43+00:00","dateModified":"2021-12-24T21:00:51+00:00","mainEntityOfPage":{"@id":"https:\/\/dev.antudigital.cl\/sites\/vc\/talleristas-fifv-2020-cristobal-olivares-y-yael-martinez\/"},"wordCount":672,"image":{"@id":"https:\/\/dev.antudigital.cl\/sites\/vc\/talleristas-fifv-2020-cristobal-olivares-y-yael-martinez\/#primaryimage"},"thumbnailUrl":"https:\/\/dev.antudigital.cl\/sites\/vc\/wp-content\/uploads\/2020\/10\/CristobalOlivares_TEOT01.jpg","keywords":["Festival Internacional de Fotograf\u00eda en Valpara\u00edso","FIFV","Fotograf\u00eda","valpara\u00edso"],"articleSection":["Noticia"],"inLanguage":"es"},{"@type":"WebPage","@id":"https:\/\/dev.antudigital.cl\/sites\/vc\/talleristas-fifv-2020-cristobal-olivares-y-yael-martinez\/","url":"https:\/\/dev.antudigital.cl\/sites\/vc\/talleristas-fifv-2020-cristobal-olivares-y-yael-martinez\/","name":"Talleristas FIFV 2020: Crist\u00f3bal Olivares y Yael Mart\u00ednez - Valpara\u00ed\u00adso Creativo","isPartOf":{"@id":"https:\/\/dev.antudigital.cl\/sites\/vc\/#website"},"primaryImageOfPage":{"@id":"https:\/\/dev.antudigital.cl\/sites\/vc\/talleristas-fifv-2020-cristobal-olivares-y-yael-martinez\/#primaryimage"},"image":{"@id":"https:\/\/dev.antudigital.cl\/sites\/vc\/talleristas-fifv-2020-cristobal-olivares-y-yael-martinez\/#primaryimage"},"thumbnailUrl":"https:\/\/dev.antudigital.cl\/sites\/vc\/wp-content\/uploads\/2020\/10\/CristobalOlivares_TEOT01.jpg","datePublished":"2020-10-02T16:44:43+00:00","dateModified":"2021-12-24T21:00:51+00:00","author":{"@id":"https:\/\/dev.antudigital.cl\/sites\/vc\/#\/schema\/person\/81d1dcd51abd542b5dfc00f5f951a0f1"},"breadcrumb":{"@id":"https:\/\/dev.antudigital.cl\/sites\/vc\/talleristas-fifv-2020-cristobal-olivares-y-yael-martinez\/#breadcrumb"},"inLanguage":"es","potentialAction":[{"@type":"ReadAction","target":["https:\/\/dev.antudigital.cl\/sites\/vc\/talleristas-fifv-2020-cristobal-olivares-y-yael-martinez\/"]}]},{"@type":"ImageObject","inLanguage":"es","@id":"https:\/\/dev.antudigital.cl\/sites\/vc\/talleristas-fifv-2020-cristobal-olivares-y-yael-martinez\/#primaryimage","url":"https:\/\/dev.antudigital.cl\/sites\/vc\/wp-content\/uploads\/2020\/10\/CristobalOlivares_TEOT01.jpg","contentUrl":"https:\/\/dev.antudigital.cl\/sites\/vc\/wp-content\/uploads\/2020\/10\/CristobalOlivares_TEOT01.jpg","width":1000,"height":667},{"@type":"BreadcrumbList","@id":"https:\/\/dev.antudigital.cl\/sites\/vc\/talleristas-fifv-2020-cristobal-olivares-y-yael-martinez\/#breadcrumb","itemListElement":[{"@type":"ListItem","position":1,"name":"Home","item":"https:\/\/dev.antudigital.cl\/sites\/vc\/"},{"@type":"ListItem","position":2,"name":"Talleristas FIFV 2020: Crist\u00f3bal Olivares y Yael Mart\u00ednez"}]},{"@type":"WebSite","@id":"https:\/\/dev.antudigital.cl\/sites\/vc\/#website","url":"https:\/\/dev.antudigital.cl\/sites\/vc\/","name":"Valpara\u00ed\u00adso Creativo","description":"","potentialAction":[{"@type":"SearchAction","target":{"@type":"EntryPoint","urlTemplate":"https:\/\/dev.antudigital.cl\/sites\/vc\/?s={search_term_string}"},"query-input":{"@type":"PropertyValueSpecification","valueRequired":true,"valueName":"search_term_string"}}],"inLanguage":"es"},{"@type":"Person","@id":"https:\/\/dev.antudigital.cl\/sites\/vc\/#\/schema\/person\/81d1dcd51abd542b5dfc00f5f951a0f1","name":"Valparaiso Creativo","url":"https:\/\/dev.antudigital.cl\/sites\/vc\/author\/valparaiso-creativo\/"}]}},"_links":{"self":[{"href":"https:\/\/dev.antudigital.cl\/sites\/vc\/wp-json\/wp\/v2\/posts\/8638","targetHints":{"allow":["GET"]}}],"collection":[{"href":"https:\/\/dev.antudigital.cl\/sites\/vc\/wp-json\/wp\/v2\/posts"}],"about":[{"href":"https:\/\/dev.antudigital.cl\/sites\/vc\/wp-json\/wp\/v2\/types\/post"}],"author":[{"embeddable":true,"href":"https:\/\/dev.antudigital.cl\/sites\/vc\/wp-json\/wp\/v2\/users\/3"}],"replies":[{"embeddable":true,"href":"https:\/\/dev.antudigital.cl\/sites\/vc\/wp-json\/wp\/v2\/comments?post=8638"}],"version-history":[{"count":2,"href":"https:\/\/dev.antudigital.cl\/sites\/vc\/wp-json\/wp\/v2\/posts\/8638\/revisions"}],"predecessor-version":[{"id":8646,"href":"https:\/\/dev.antudigital.cl\/sites\/vc\/wp-json\/wp\/v2\/posts\/8638\/revisions\/8646"}],"wp:featuredmedia":[{"embeddable":true,"href":"https:\/\/dev.antudigital.cl\/sites\/vc\/wp-json\/wp\/v2\/media\/8645"}],"wp:attachment":[{"href":"https:\/\/dev.antudigital.cl\/sites\/vc\/wp-json\/wp\/v2\/media?parent=8638"}],"wp:term":[{"taxonomy":"category","embeddable":true,"href":"https:\/\/dev.antudigital.cl\/sites\/vc\/wp-json\/wp\/v2\/categories?post=8638"},{"taxonomy":"post_tag","embeddable":true,"href":"https:\/\/dev.antudigital.cl\/sites\/vc\/wp-json\/wp\/v2\/tags?post=8638"}],"curies":[{"name":"wp","href":"https:\/\/api.w.org\/{rel}","templated":true}]}}