{"id":8650,"date":"2020-09-30T10:34:33","date_gmt":"2020-09-30T10:34:33","guid":{"rendered":"https:\/\/www.valparaisocreativo.cl\/?p=5247"},"modified":"2020-09-30T10:34:33","modified_gmt":"2020-09-30T10:34:33","slug":"chilecreativo-presenta-economia-creativa-y-politicas-culturales-en-latinoamerica","status":"publish","type":"post","link":"https:\/\/dev.antudigital.cl\/sites\/vc\/chilecreativo-presenta-economia-creativa-y-politicas-culturales-en-latinoamerica\/","title":{"rendered":"ChileCreativo presenta: Econom\u00eda Creativa y pol\u00edticas culturales en Latinoam\u00e9rica"},"content":{"rendered":"<p>El viernes 2 de octubre a las 11.30 hrs. tendremos un nuevo Encuentro de Industria de Chilecreativo, donde abordaremos los desaf\u00edos en la implementaci\u00f3n de pol\u00edticas p\u00fablicas desde una institucionalidad cultural, junto a\u00a0<strong>Maru G\u00e1lvez<\/strong>, Directora Nacional de Econom\u00eda Creativa del Ministerio de Cultura de Panam\u00e1. Adem\u00e1s,\u00a0<strong>Carolina Pereira<\/strong>, Secretaria Ejecutiva de Econom\u00eda Creativa del MINCAP, abordar\u00e1 los detalles de la primera l\u00ednea exclusiva del\u00a0<a href=\"https:\/\/www.fondosdecultura.cl\/area\/economia-creativa\/fomento-a-la-economia-creativa-fondart-nacional-2021\/\" target=\"_blank\" rel=\"noopener noreferrer\">Fondart Nacional<\/a>\u00a0para el fomento de la econom\u00eda creativa, la que se encuentra abierta hasta el 13 de octubre.<\/p>\n<p>Es una invitaci\u00f3n a dialogar en torno a renovadas ideas y oportunidades que el nuevo escenario mundial le entrega a las industrias creativas, panorama que ha puesto en evidencia la necesidad del sector de trabajar de manera articulada y fomentar espacios de intercambio para mejorar las capacidades de gesti\u00f3n y de recuperaci\u00f3n frente a la crisis global.<\/p>\n<h3>Puedes hacer <a href=\"https:\/\/docs.google.com\/forms\/d\/e\/1FAIpQLSfE_ieMWAidsTfwx4p3pjxd-7IGK4MvW5hZlONGZeMnK7bsAQ\/viewform?usp=sf_link\"><strong>click aqu\u00ed<\/strong><\/a> para inscribirte directamente.<\/h3>\n<p><img fetchpriority=\"high\" decoding=\"async\" class=\"alignleft size-medium wp-image-5249\" src=\"https:\/\/www.valparaisocreativo.cl\/wp-content\/uploads\/2020\/09\/EjAUyWdXYAEPd6w-300x300.png\" alt=\"\" width=\"300\" height=\"300\" \/><\/p>\n","protected":false},"excerpt":{"rendered":"<p>El viernes 2 de octubre a las 11.30 hrs. tendremos un nuevo Encuentro de Industria de Chilecreativo, donde abordaremos los desaf\u00edos en la implementaci\u00f3n de pol\u00edticas p\u00fablicas desde una institucionalidad cultural, junto a\u00a0Maru G\u00e1lvez, Directora Nacional de Econom\u00eda Creativa del Ministerio de Cultura de Panam\u00e1. Adem\u00e1s,\u00a0Carolina Pereira, Secretaria Ejecutiva de Econom\u00eda Creativa del MINCAP, abordar\u00e1 [&hellip;]<\/p>\n","protected":false},"author":3,"featured_media":8652,"comment_status":"closed","ping_status":"closed","sticky":false,"template":"","format":"standard","meta":{"_acf_changed":false,"footnotes":""},"categories":[8],"tags":[],"class_list":["post-8650","post","type-post","status-publish","format-standard","has-post-thumbnail","hentry","category-noticia"],"acf":[],"yoast_head":"<!-- This site is optimized with the Yoast SEO plugin v27.1.1 - https:\/\/yoast.com\/product\/yoast-seo-wordpress\/ -->\n<title>ChileCreativo presenta: Econom\u00eda Creativa y pol\u00edticas culturales en Latinoam\u00e9rica - Valpara\u00ed\u00adso Creativo<\/title>\n<meta name=\"robots\" content=\"index, follow, max-snippet:-1, max-image-preview:large, max-video-preview:-1\" \/>\n<link rel=\"canonical\" href=\"https:\/\/dev.antudigital.cl\/sites\/vc\/chilecreativo-presenta-economia-creativa-y-politicas-culturales-en-latinoamerica\/\" \/>\n<meta property=\"og:locale\" content=\"es_ES\" \/>\n<meta property=\"og:type\" content=\"article\" \/>\n<meta property=\"og:title\" content=\"ChileCreativo presenta: Econom\u00eda Creativa y pol\u00edticas culturales en Latinoam\u00e9rica - Valpara\u00ed\u00adso Creativo\" \/>\n<meta property=\"og:description\" content=\"El viernes 2 de octubre a las 11.30 hrs. tendremos un nuevo Encuentro de Industria de Chilecreativo, donde abordaremos los desaf\u00edos en la implementaci\u00f3n de pol\u00edticas p\u00fablicas desde una institucionalidad cultural, junto a\u00a0Maru G\u00e1lvez, Directora Nacional de Econom\u00eda Creativa del Ministerio de Cultura de Panam\u00e1. Adem\u00e1s,\u00a0Carolina Pereira, Secretaria Ejecutiva de Econom\u00eda Creativa del MINCAP, abordar\u00e1 [&hellip;]\" \/>\n<meta property=\"og:url\" content=\"https:\/\/dev.antudigital.cl\/sites\/vc\/chilecreativo-presenta-economia-creativa-y-politicas-culturales-en-latinoamerica\/\" \/>\n<meta property=\"og:site_name\" content=\"Valpara\u00ed\u00adso Creativo\" \/>\n<meta property=\"article:published_time\" content=\"2020-09-30T10:34:33+00:00\" \/>\n<meta property=\"og:image\" content=\"https:\/\/dev.antudigital.cl\/sites\/vc\/wp-content\/uploads\/2020\/09\/Portada-EjAUyWdXYAEPd6w.jpg\" \/>\n\t<meta property=\"og:image:width\" content=\"2250\" \/>\n\t<meta property=\"og:image:height\" content=\"978\" \/>\n\t<meta property=\"og:image:type\" content=\"image\/jpeg\" \/>\n<meta name=\"author\" content=\"Valparaiso Creativo\" \/>\n<meta name=\"twitter:card\" content=\"summary_large_image\" \/>\n<meta name=\"twitter:label1\" content=\"Escrito por\" \/>\n\t<meta name=\"twitter:data1\" content=\"Valparaiso Creativo\" \/>\n\t<meta name=\"twitter:label2\" content=\"Tiempo de lectura\" \/>\n\t<meta name=\"twitter:data2\" content=\"1 minuto\" \/>\n<script type=\"application\/ld+json\" class=\"yoast-schema-graph\">{\"@context\":\"https:\/\/schema.org\",\"@graph\":[{\"@type\":\"Article\",\"@id\":\"https:\/\/dev.antudigital.cl\/sites\/vc\/chilecreativo-presenta-economia-creativa-y-politicas-culturales-en-latinoamerica\/#article\",\"isPartOf\":{\"@id\":\"https:\/\/dev.antudigital.cl\/sites\/vc\/chilecreativo-presenta-economia-creativa-y-politicas-culturales-en-latinoamerica\/\"},\"author\":{\"name\":\"Valparaiso Creativo\",\"@id\":\"https:\/\/dev.antudigital.cl\/sites\/vc\/#\/schema\/person\/81d1dcd51abd542b5dfc00f5f951a0f1\"},\"headline\":\"ChileCreativo presenta: Econom\u00eda Creativa y pol\u00edticas culturales en Latinoam\u00e9rica\",\"datePublished\":\"2020-09-30T10:34:33+00:00\",\"mainEntityOfPage\":{\"@id\":\"https:\/\/dev.antudigital.cl\/sites\/vc\/chilecreativo-presenta-economia-creativa-y-politicas-culturales-en-latinoamerica\/\"},\"wordCount\":170,\"image\":{\"@id\":\"https:\/\/dev.antudigital.cl\/sites\/vc\/chilecreativo-presenta-economia-creativa-y-politicas-culturales-en-latinoamerica\/#primaryimage\"},\"thumbnailUrl\":\"https:\/\/dev.antudigital.cl\/sites\/vc\/wp-content\/uploads\/2020\/09\/Portada-EjAUyWdXYAEPd6w.jpg\",\"articleSection\":[\"Noticia\"],\"inLanguage\":\"es\"},{\"@type\":\"WebPage\",\"@id\":\"https:\/\/dev.antudigital.cl\/sites\/vc\/chilecreativo-presenta-economia-creativa-y-politicas-culturales-en-latinoamerica\/\",\"url\":\"https:\/\/dev.antudigital.cl\/sites\/vc\/chilecreativo-presenta-economia-creativa-y-politicas-culturales-en-latinoamerica\/\",\"name\":\"ChileCreativo presenta: Econom\u00eda Creativa y pol\u00edticas culturales en Latinoam\u00e9rica - Valpara\u00ed\u00adso Creativo\",\"isPartOf\":{\"@id\":\"https:\/\/dev.antudigital.cl\/sites\/vc\/#website\"},\"primaryImageOfPage\":{\"@id\":\"https:\/\/dev.antudigital.cl\/sites\/vc\/chilecreativo-presenta-economia-creativa-y-politicas-culturales-en-latinoamerica\/#primaryimage\"},\"image\":{\"@id\":\"https:\/\/dev.antudigital.cl\/sites\/vc\/chilecreativo-presenta-economia-creativa-y-politicas-culturales-en-latinoamerica\/#primaryimage\"},\"thumbnailUrl\":\"https:\/\/dev.antudigital.cl\/sites\/vc\/wp-content\/uploads\/2020\/09\/Portada-EjAUyWdXYAEPd6w.jpg\",\"datePublished\":\"2020-09-30T10:34:33+00:00\",\"author\":{\"@id\":\"https:\/\/dev.antudigital.cl\/sites\/vc\/#\/schema\/person\/81d1dcd51abd542b5dfc00f5f951a0f1\"},\"breadcrumb\":{\"@id\":\"https:\/\/dev.antudigital.cl\/sites\/vc\/chilecreativo-presenta-economia-creativa-y-politicas-culturales-en-latinoamerica\/#breadcrumb\"},\"inLanguage\":\"es\",\"potentialAction\":[{\"@type\":\"ReadAction\",\"target\":[\"https:\/\/dev.antudigital.cl\/sites\/vc\/chilecreativo-presenta-economia-creativa-y-politicas-culturales-en-latinoamerica\/\"]}]},{\"@type\":\"ImageObject\",\"inLanguage\":\"es\",\"@id\":\"https:\/\/dev.antudigital.cl\/sites\/vc\/chilecreativo-presenta-economia-creativa-y-politicas-culturales-en-latinoamerica\/#primaryimage\",\"url\":\"https:\/\/dev.antudigital.cl\/sites\/vc\/wp-content\/uploads\/2020\/09\/Portada-EjAUyWdXYAEPd6w.jpg\",\"contentUrl\":\"https:\/\/dev.antudigital.cl\/sites\/vc\/wp-content\/uploads\/2020\/09\/Portada-EjAUyWdXYAEPd6w.jpg\",\"width\":2250,\"height\":978},{\"@type\":\"BreadcrumbList\",\"@id\":\"https:\/\/dev.antudigital.cl\/sites\/vc\/chilecreativo-presenta-economia-creativa-y-politicas-culturales-en-latinoamerica\/#breadcrumb\",\"itemListElement\":[{\"@type\":\"ListItem\",\"position\":1,\"name\":\"Home\",\"item\":\"https:\/\/dev.antudigital.cl\/sites\/vc\/\"},{\"@type\":\"ListItem\",\"position\":2,\"name\":\"ChileCreativo presenta: Econom\u00eda Creativa y pol\u00edticas culturales en Latinoam\u00e9rica\"}]},{\"@type\":\"WebSite\",\"@id\":\"https:\/\/dev.antudigital.cl\/sites\/vc\/#website\",\"url\":\"https:\/\/dev.antudigital.cl\/sites\/vc\/\",\"name\":\"Valpara\u00ed\u00adso Creativo\",\"description\":\"\",\"potentialAction\":[{\"@type\":\"SearchAction\",\"target\":{\"@type\":\"EntryPoint\",\"urlTemplate\":\"https:\/\/dev.antudigital.cl\/sites\/vc\/?s={search_term_string}\"},\"query-input\":{\"@type\":\"PropertyValueSpecification\",\"valueRequired\":true,\"valueName\":\"search_term_string\"}}],\"inLanguage\":\"es\"},{\"@type\":\"Person\",\"@id\":\"https:\/\/dev.antudigital.cl\/sites\/vc\/#\/schema\/person\/81d1dcd51abd542b5dfc00f5f951a0f1\",\"name\":\"Valparaiso Creativo\",\"url\":\"https:\/\/dev.antudigital.cl\/sites\/vc\/author\/valparaiso-creativo\/\"}]}<\/script>\n<!-- \/ Yoast SEO plugin. -->","yoast_head_json":{"title":"ChileCreativo presenta: Econom\u00eda Creativa y pol\u00edticas culturales en Latinoam\u00e9rica - Valpara\u00ed\u00adso Creativo","robots":{"index":"index","follow":"follow","max-snippet":"max-snippet:-1","max-image-preview":"max-image-preview:large","max-video-preview":"max-video-preview:-1"},"canonical":"https:\/\/dev.antudigital.cl\/sites\/vc\/chilecreativo-presenta-economia-creativa-y-politicas-culturales-en-latinoamerica\/","og_locale":"es_ES","og_type":"article","og_title":"ChileCreativo presenta: Econom\u00eda Creativa y pol\u00edticas culturales en Latinoam\u00e9rica - Valpara\u00ed\u00adso Creativo","og_description":"El viernes 2 de octubre a las 11.30 hrs. tendremos un nuevo Encuentro de Industria de Chilecreativo, donde abordaremos los desaf\u00edos en la implementaci\u00f3n de pol\u00edticas p\u00fablicas desde una institucionalidad cultural, junto a\u00a0Maru G\u00e1lvez, Directora Nacional de Econom\u00eda Creativa del Ministerio de Cultura de Panam\u00e1. Adem\u00e1s,\u00a0Carolina Pereira, Secretaria Ejecutiva de Econom\u00eda Creativa del MINCAP, abordar\u00e1 [&hellip;]","og_url":"https:\/\/dev.antudigital.cl\/sites\/vc\/chilecreativo-presenta-economia-creativa-y-politicas-culturales-en-latinoamerica\/","og_site_name":"Valpara\u00ed\u00adso Creativo","article_published_time":"2020-09-30T10:34:33+00:00","og_image":[{"width":2250,"height":978,"url":"https:\/\/dev.antudigital.cl\/sites\/vc\/wp-content\/uploads\/2020\/09\/Portada-EjAUyWdXYAEPd6w.jpg","type":"image\/jpeg"}],"author":"Valparaiso Creativo","twitter_card":"summary_large_image","twitter_misc":{"Escrito por":"Valparaiso Creativo","Tiempo de lectura":"1 minuto"},"schema":{"@context":"https:\/\/schema.org","@graph":[{"@type":"Article","@id":"https:\/\/dev.antudigital.cl\/sites\/vc\/chilecreativo-presenta-economia-creativa-y-politicas-culturales-en-latinoamerica\/#article","isPartOf":{"@id":"https:\/\/dev.antudigital.cl\/sites\/vc\/chilecreativo-presenta-economia-creativa-y-politicas-culturales-en-latinoamerica\/"},"author":{"name":"Valparaiso Creativo","@id":"https:\/\/dev.antudigital.cl\/sites\/vc\/#\/schema\/person\/81d1dcd51abd542b5dfc00f5f951a0f1"},"headline":"ChileCreativo presenta: Econom\u00eda Creativa y pol\u00edticas culturales en Latinoam\u00e9rica","datePublished":"2020-09-30T10:34:33+00:00","mainEntityOfPage":{"@id":"https:\/\/dev.antudigital.cl\/sites\/vc\/chilecreativo-presenta-economia-creativa-y-politicas-culturales-en-latinoamerica\/"},"wordCount":170,"image":{"@id":"https:\/\/dev.antudigital.cl\/sites\/vc\/chilecreativo-presenta-economia-creativa-y-politicas-culturales-en-latinoamerica\/#primaryimage"},"thumbnailUrl":"https:\/\/dev.antudigital.cl\/sites\/vc\/wp-content\/uploads\/2020\/09\/Portada-EjAUyWdXYAEPd6w.jpg","articleSection":["Noticia"],"inLanguage":"es"},{"@type":"WebPage","@id":"https:\/\/dev.antudigital.cl\/sites\/vc\/chilecreativo-presenta-economia-creativa-y-politicas-culturales-en-latinoamerica\/","url":"https:\/\/dev.antudigital.cl\/sites\/vc\/chilecreativo-presenta-economia-creativa-y-politicas-culturales-en-latinoamerica\/","name":"ChileCreativo presenta: Econom\u00eda Creativa y pol\u00edticas culturales en Latinoam\u00e9rica - Valpara\u00ed\u00adso Creativo","isPartOf":{"@id":"https:\/\/dev.antudigital.cl\/sites\/vc\/#website"},"primaryImageOfPage":{"@id":"https:\/\/dev.antudigital.cl\/sites\/vc\/chilecreativo-presenta-economia-creativa-y-politicas-culturales-en-latinoamerica\/#primaryimage"},"image":{"@id":"https:\/\/dev.antudigital.cl\/sites\/vc\/chilecreativo-presenta-economia-creativa-y-politicas-culturales-en-latinoamerica\/#primaryimage"},"thumbnailUrl":"https:\/\/dev.antudigital.cl\/sites\/vc\/wp-content\/uploads\/2020\/09\/Portada-EjAUyWdXYAEPd6w.jpg","datePublished":"2020-09-30T10:34:33+00:00","author":{"@id":"https:\/\/dev.antudigital.cl\/sites\/vc\/#\/schema\/person\/81d1dcd51abd542b5dfc00f5f951a0f1"},"breadcrumb":{"@id":"https:\/\/dev.antudigital.cl\/sites\/vc\/chilecreativo-presenta-economia-creativa-y-politicas-culturales-en-latinoamerica\/#breadcrumb"},"inLanguage":"es","potentialAction":[{"@type":"ReadAction","target":["https:\/\/dev.antudigital.cl\/sites\/vc\/chilecreativo-presenta-economia-creativa-y-politicas-culturales-en-latinoamerica\/"]}]},{"@type":"ImageObject","inLanguage":"es","@id":"https:\/\/dev.antudigital.cl\/sites\/vc\/chilecreativo-presenta-economia-creativa-y-politicas-culturales-en-latinoamerica\/#primaryimage","url":"https:\/\/dev.antudigital.cl\/sites\/vc\/wp-content\/uploads\/2020\/09\/Portada-EjAUyWdXYAEPd6w.jpg","contentUrl":"https:\/\/dev.antudigital.cl\/sites\/vc\/wp-content\/uploads\/2020\/09\/Portada-EjAUyWdXYAEPd6w.jpg","width":2250,"height":978},{"@type":"BreadcrumbList","@id":"https:\/\/dev.antudigital.cl\/sites\/vc\/chilecreativo-presenta-economia-creativa-y-politicas-culturales-en-latinoamerica\/#breadcrumb","itemListElement":[{"@type":"ListItem","position":1,"name":"Home","item":"https:\/\/dev.antudigital.cl\/sites\/vc\/"},{"@type":"ListItem","position":2,"name":"ChileCreativo presenta: Econom\u00eda Creativa y pol\u00edticas culturales en Latinoam\u00e9rica"}]},{"@type":"WebSite","@id":"https:\/\/dev.antudigital.cl\/sites\/vc\/#website","url":"https:\/\/dev.antudigital.cl\/sites\/vc\/","name":"Valpara\u00ed\u00adso Creativo","description":"","potentialAction":[{"@type":"SearchAction","target":{"@type":"EntryPoint","urlTemplate":"https:\/\/dev.antudigital.cl\/sites\/vc\/?s={search_term_string}"},"query-input":{"@type":"PropertyValueSpecification","valueRequired":true,"valueName":"search_term_string"}}],"inLanguage":"es"},{"@type":"Person","@id":"https:\/\/dev.antudigital.cl\/sites\/vc\/#\/schema\/person\/81d1dcd51abd542b5dfc00f5f951a0f1","name":"Valparaiso Creativo","url":"https:\/\/dev.antudigital.cl\/sites\/vc\/author\/valparaiso-creativo\/"}]}},"_links":{"self":[{"href":"https:\/\/dev.antudigital.cl\/sites\/vc\/wp-json\/wp\/v2\/posts\/8650","targetHints":{"allow":["GET"]}}],"collection":[{"href":"https:\/\/dev.antudigital.cl\/sites\/vc\/wp-json\/wp\/v2\/posts"}],"about":[{"href":"https:\/\/dev.antudigital.cl\/sites\/vc\/wp-json\/wp\/v2\/types\/post"}],"author":[{"embeddable":true,"href":"https:\/\/dev.antudigital.cl\/sites\/vc\/wp-json\/wp\/v2\/users\/3"}],"replies":[{"embeddable":true,"href":"https:\/\/dev.antudigital.cl\/sites\/vc\/wp-json\/wp\/v2\/comments?post=8650"}],"version-history":[{"count":0,"href":"https:\/\/dev.antudigital.cl\/sites\/vc\/wp-json\/wp\/v2\/posts\/8650\/revisions"}],"wp:featuredmedia":[{"embeddable":true,"href":"https:\/\/dev.antudigital.cl\/sites\/vc\/wp-json\/wp\/v2\/media\/8652"}],"wp:attachment":[{"href":"https:\/\/dev.antudigital.cl\/sites\/vc\/wp-json\/wp\/v2\/media?parent=8650"}],"wp:term":[{"taxonomy":"category","embeddable":true,"href":"https:\/\/dev.antudigital.cl\/sites\/vc\/wp-json\/wp\/v2\/categories?post=8650"},{"taxonomy":"post_tag","embeddable":true,"href":"https:\/\/dev.antudigital.cl\/sites\/vc\/wp-json\/wp\/v2\/tags?post=8650"}],"curies":[{"name":"wp","href":"https:\/\/api.w.org\/{rel}","templated":true}]}}