{"id":8656,"date":"2020-09-25T21:16:34","date_gmt":"2020-09-25T21:16:34","guid":{"rendered":"https:\/\/www.valparaisocreativo.cl\/?p=5222"},"modified":"2020-09-25T21:16:34","modified_gmt":"2020-09-25T21:16:34","slug":"casa-recreo-una-apuesta-audiovisual-desde-la-colaboratividad","status":"publish","type":"post","link":"https:\/\/dev.antudigital.cl\/sites\/vc\/casa-recreo-una-apuesta-audiovisual-desde-la-colaboratividad\/","title":{"rendered":"Casa Bellavista: una apuesta audiovisual desde la colaboratividad"},"content":{"rendered":"<p class=\"p1\">En el coraz\u00f3n de Vi\u00f1a del Mar se est\u00e1 activando un importante espacio para la creaci\u00f3n audiovisual. Han sido meses de pausado trabajo, en los cuales un grupo de profesionales de este rubro decidi\u00f3 reunirse en una hermosa casa de la ciudad jard\u00edn para crear. Los conocemos hoy, pero ya llevan 4 a\u00f1os juntos.<\/p>\n<p><img fetchpriority=\"high\" decoding=\"async\" class=\"alignleft size-medium wp-image-5226\" src=\"https:\/\/www.valparaisocreativo.cl\/wp-content\/uploads\/2020\/09\/WhatsApp-Image-2020-09-25-at-18.25.31-300x225.jpeg\" alt=\"\" width=\"300\" height=\"225\" \/><\/p>\n<p class=\"p1\">Tomando todos los cuidados posibles, est\u00e1n comenzando nuevamente a reunirse y gestionar desde ac\u00e1 sus proyectos. Fuimos a conocer de qu\u00e9 se trataba esta iniciativa que promete traer muchas noticias en el futuro.<\/p>\n<p class=\"p1\">Se trata de cuatro productoras audiovisuales que decidieron compartir el lugar. Una casa con mucha energ\u00eda, que de manera autogestionada han ido perfeccionando como estudio. Lo llaman: <b>Casa Bellavista.<\/b><\/p>\n<p class=\"p1\"><b>Lo conforman <a href=\"https:\/\/www.instagram.com\/reinos_cine\/\">Reinos Cine<\/a>, <a href=\"http:\/\/instagram.com\/suroestefilms\">Suroeste Films<\/a>, <a href=\"https:\/\/www.instagram.com\/sinopticoaudiovisual\/\">Sin\u00f3ptico Audiovisual<\/a> y <a href=\"https:\/\/www.instagram.com\/helios_films_cl\/\">Helios Films<\/a>.<\/b><\/p>\n<p class=\"p1\">Desde ac\u00e1 realizan postproducci\u00f3n documental, de pel\u00edculas, material corporativo, y diferentes contenidos audiovisuales. La pandemia les ha afectado, pero por medio de la colaboraci\u00f3n comenzaron a abrirse una nueva oportunidad.<\/p>\n<p><img decoding=\"async\" class=\"alignleft size-medium wp-image-5225\" src=\"https:\/\/www.valparaisocreativo.cl\/wp-content\/uploads\/2020\/09\/WhatsApp-Image-2020-09-25-at-18.25.32-300x225.jpeg\" alt=\"\" width=\"300\" height=\"225\" \/><\/p>\n<p class=\"p1\">Dentro de la casa, las productoras conviven con mucha hermandad, apoy\u00e1ndose en sus diferentes iniciativas e ideas. Todos tienen diferentes contextos e historias, pero se han mantenido a trav\u00e9s de fondos y otros tipos de financiamiento.<\/p>\n<p class=\"p1\">Lo que m\u00e1s se transmite de ellos es el optimismo, saben que por ahora el trabajo ha sido m\u00e1s complejo y en otros tiempos. Tienen motivaci\u00f3n y apuestan a que el verano reactivar\u00e1 oportunidades, lo que les tiene esperanzados.<\/p>\n<p class=\"p1\">Este espacio de Vi\u00f1a del Mar seguir\u00e1 creciendo y trayendo novedades. Puedes conocer las redes de cada productora para seguirles el rastro, revisar sus trabajos y estar atentos a pr\u00f3ximas noticias.<\/p>\n<p>&nbsp;<\/p>\n<p><img decoding=\"async\" class=\"alignleft size-medium wp-image-5227\" src=\"https:\/\/www.valparaisocreativo.cl\/wp-content\/uploads\/2020\/09\/WhatsApp-Image-2020-09-25-at-18.25.28-225x300.jpeg\" alt=\"\" width=\"225\" height=\"300\" \/><\/p>\n","protected":false},"excerpt":{"rendered":"<p>En el coraz\u00f3n de Vi\u00f1a del Mar se est\u00e1 activando un importante espacio para la creaci\u00f3n audiovisual. Han sido meses de pausado trabajo, en los cuales un grupo de profesionales de este rubro decidi\u00f3 reunirse en una hermosa casa de la ciudad jard\u00edn para crear. Los conocemos hoy, pero ya llevan 4 a\u00f1os juntos. Tomando [&hellip;]<\/p>\n","protected":false},"author":3,"featured_media":8660,"comment_status":"closed","ping_status":"closed","sticky":false,"template":"","format":"standard","meta":{"_acf_changed":false,"footnotes":""},"categories":[8],"tags":[],"class_list":["post-8656","post","type-post","status-publish","format-standard","has-post-thumbnail","hentry","category-noticia"],"acf":[],"yoast_head":"<!-- This site is optimized with the Yoast SEO plugin v27.1.1 - https:\/\/yoast.com\/product\/yoast-seo-wordpress\/ -->\n<title>Casa Bellavista: una apuesta audiovisual desde la colaboratividad - Valpara\u00ed\u00adso Creativo<\/title>\n<meta name=\"robots\" content=\"index, follow, max-snippet:-1, max-image-preview:large, max-video-preview:-1\" \/>\n<link rel=\"canonical\" href=\"https:\/\/dev.antudigital.cl\/sites\/vc\/casa-recreo-una-apuesta-audiovisual-desde-la-colaboratividad\/\" \/>\n<meta property=\"og:locale\" content=\"es_ES\" \/>\n<meta property=\"og:type\" content=\"article\" \/>\n<meta property=\"og:title\" content=\"Casa Bellavista: una apuesta audiovisual desde la colaboratividad - Valpara\u00ed\u00adso Creativo\" \/>\n<meta property=\"og:description\" content=\"En el coraz\u00f3n de Vi\u00f1a del Mar se est\u00e1 activando un importante espacio para la creaci\u00f3n audiovisual. Han sido meses de pausado trabajo, en los cuales un grupo de profesionales de este rubro decidi\u00f3 reunirse en una hermosa casa de la ciudad jard\u00edn para crear. Los conocemos hoy, pero ya llevan 4 a\u00f1os juntos. Tomando [&hellip;]\" \/>\n<meta property=\"og:url\" content=\"https:\/\/dev.antudigital.cl\/sites\/vc\/casa-recreo-una-apuesta-audiovisual-desde-la-colaboratividad\/\" \/>\n<meta property=\"og:site_name\" content=\"Valpara\u00ed\u00adso Creativo\" \/>\n<meta property=\"article:published_time\" content=\"2020-09-25T21:16:34+00:00\" \/>\n<meta property=\"og:image\" content=\"https:\/\/dev.antudigital.cl\/sites\/vc\/wp-content\/uploads\/2020\/09\/WhatsApp-Image-2020-09-25-at-18.25.29-1.jpeg\" \/>\n\t<meta property=\"og:image:width\" content=\"1280\" \/>\n\t<meta property=\"og:image:height\" content=\"960\" \/>\n\t<meta property=\"og:image:type\" content=\"image\/jpeg\" \/>\n<meta name=\"author\" content=\"Valparaiso Creativo\" \/>\n<meta name=\"twitter:card\" content=\"summary_large_image\" \/>\n<meta name=\"twitter:label1\" content=\"Escrito por\" \/>\n\t<meta name=\"twitter:data1\" content=\"Valparaiso Creativo\" \/>\n\t<meta name=\"twitter:label2\" content=\"Tiempo de lectura\" \/>\n\t<meta name=\"twitter:data2\" content=\"1 minuto\" \/>\n<script type=\"application\/ld+json\" class=\"yoast-schema-graph\">{\"@context\":\"https:\/\/schema.org\",\"@graph\":[{\"@type\":\"Article\",\"@id\":\"https:\/\/dev.antudigital.cl\/sites\/vc\/casa-recreo-una-apuesta-audiovisual-desde-la-colaboratividad\/#article\",\"isPartOf\":{\"@id\":\"https:\/\/dev.antudigital.cl\/sites\/vc\/casa-recreo-una-apuesta-audiovisual-desde-la-colaboratividad\/\"},\"author\":{\"name\":\"Valparaiso Creativo\",\"@id\":\"https:\/\/dev.antudigital.cl\/sites\/vc\/#\/schema\/person\/81d1dcd51abd542b5dfc00f5f951a0f1\"},\"headline\":\"Casa Bellavista: una apuesta audiovisual desde la colaboratividad\",\"datePublished\":\"2020-09-25T21:16:34+00:00\",\"mainEntityOfPage\":{\"@id\":\"https:\/\/dev.antudigital.cl\/sites\/vc\/casa-recreo-una-apuesta-audiovisual-desde-la-colaboratividad\/\"},\"wordCount\":289,\"image\":{\"@id\":\"https:\/\/dev.antudigital.cl\/sites\/vc\/casa-recreo-una-apuesta-audiovisual-desde-la-colaboratividad\/#primaryimage\"},\"thumbnailUrl\":\"https:\/\/dev.antudigital.cl\/sites\/vc\/wp-content\/uploads\/2020\/09\/WhatsApp-Image-2020-09-25-at-18.25.29-1.jpeg\",\"articleSection\":[\"Noticia\"],\"inLanguage\":\"es\"},{\"@type\":\"WebPage\",\"@id\":\"https:\/\/dev.antudigital.cl\/sites\/vc\/casa-recreo-una-apuesta-audiovisual-desde-la-colaboratividad\/\",\"url\":\"https:\/\/dev.antudigital.cl\/sites\/vc\/casa-recreo-una-apuesta-audiovisual-desde-la-colaboratividad\/\",\"name\":\"Casa Bellavista: una apuesta audiovisual desde la colaboratividad - Valpara\u00ed\u00adso Creativo\",\"isPartOf\":{\"@id\":\"https:\/\/dev.antudigital.cl\/sites\/vc\/#website\"},\"primaryImageOfPage\":{\"@id\":\"https:\/\/dev.antudigital.cl\/sites\/vc\/casa-recreo-una-apuesta-audiovisual-desde-la-colaboratividad\/#primaryimage\"},\"image\":{\"@id\":\"https:\/\/dev.antudigital.cl\/sites\/vc\/casa-recreo-una-apuesta-audiovisual-desde-la-colaboratividad\/#primaryimage\"},\"thumbnailUrl\":\"https:\/\/dev.antudigital.cl\/sites\/vc\/wp-content\/uploads\/2020\/09\/WhatsApp-Image-2020-09-25-at-18.25.29-1.jpeg\",\"datePublished\":\"2020-09-25T21:16:34+00:00\",\"author\":{\"@id\":\"https:\/\/dev.antudigital.cl\/sites\/vc\/#\/schema\/person\/81d1dcd51abd542b5dfc00f5f951a0f1\"},\"breadcrumb\":{\"@id\":\"https:\/\/dev.antudigital.cl\/sites\/vc\/casa-recreo-una-apuesta-audiovisual-desde-la-colaboratividad\/#breadcrumb\"},\"inLanguage\":\"es\",\"potentialAction\":[{\"@type\":\"ReadAction\",\"target\":[\"https:\/\/dev.antudigital.cl\/sites\/vc\/casa-recreo-una-apuesta-audiovisual-desde-la-colaboratividad\/\"]}]},{\"@type\":\"ImageObject\",\"inLanguage\":\"es\",\"@id\":\"https:\/\/dev.antudigital.cl\/sites\/vc\/casa-recreo-una-apuesta-audiovisual-desde-la-colaboratividad\/#primaryimage\",\"url\":\"https:\/\/dev.antudigital.cl\/sites\/vc\/wp-content\/uploads\/2020\/09\/WhatsApp-Image-2020-09-25-at-18.25.29-1.jpeg\",\"contentUrl\":\"https:\/\/dev.antudigital.cl\/sites\/vc\/wp-content\/uploads\/2020\/09\/WhatsApp-Image-2020-09-25-at-18.25.29-1.jpeg\",\"width\":1280,\"height\":960},{\"@type\":\"BreadcrumbList\",\"@id\":\"https:\/\/dev.antudigital.cl\/sites\/vc\/casa-recreo-una-apuesta-audiovisual-desde-la-colaboratividad\/#breadcrumb\",\"itemListElement\":[{\"@type\":\"ListItem\",\"position\":1,\"name\":\"Home\",\"item\":\"https:\/\/dev.antudigital.cl\/sites\/vc\/\"},{\"@type\":\"ListItem\",\"position\":2,\"name\":\"Casa Bellavista: una apuesta audiovisual desde la colaboratividad\"}]},{\"@type\":\"WebSite\",\"@id\":\"https:\/\/dev.antudigital.cl\/sites\/vc\/#website\",\"url\":\"https:\/\/dev.antudigital.cl\/sites\/vc\/\",\"name\":\"Valpara\u00ed\u00adso Creativo\",\"description\":\"\",\"potentialAction\":[{\"@type\":\"SearchAction\",\"target\":{\"@type\":\"EntryPoint\",\"urlTemplate\":\"https:\/\/dev.antudigital.cl\/sites\/vc\/?s={search_term_string}\"},\"query-input\":{\"@type\":\"PropertyValueSpecification\",\"valueRequired\":true,\"valueName\":\"search_term_string\"}}],\"inLanguage\":\"es\"},{\"@type\":\"Person\",\"@id\":\"https:\/\/dev.antudigital.cl\/sites\/vc\/#\/schema\/person\/81d1dcd51abd542b5dfc00f5f951a0f1\",\"name\":\"Valparaiso Creativo\",\"url\":\"https:\/\/dev.antudigital.cl\/sites\/vc\/author\/valparaiso-creativo\/\"}]}<\/script>\n<!-- \/ Yoast SEO plugin. -->","yoast_head_json":{"title":"Casa Bellavista: una apuesta audiovisual desde la colaboratividad - Valpara\u00ed\u00adso Creativo","robots":{"index":"index","follow":"follow","max-snippet":"max-snippet:-1","max-image-preview":"max-image-preview:large","max-video-preview":"max-video-preview:-1"},"canonical":"https:\/\/dev.antudigital.cl\/sites\/vc\/casa-recreo-una-apuesta-audiovisual-desde-la-colaboratividad\/","og_locale":"es_ES","og_type":"article","og_title":"Casa Bellavista: una apuesta audiovisual desde la colaboratividad - Valpara\u00ed\u00adso Creativo","og_description":"En el coraz\u00f3n de Vi\u00f1a del Mar se est\u00e1 activando un importante espacio para la creaci\u00f3n audiovisual. Han sido meses de pausado trabajo, en los cuales un grupo de profesionales de este rubro decidi\u00f3 reunirse en una hermosa casa de la ciudad jard\u00edn para crear. Los conocemos hoy, pero ya llevan 4 a\u00f1os juntos. Tomando [&hellip;]","og_url":"https:\/\/dev.antudigital.cl\/sites\/vc\/casa-recreo-una-apuesta-audiovisual-desde-la-colaboratividad\/","og_site_name":"Valpara\u00ed\u00adso Creativo","article_published_time":"2020-09-25T21:16:34+00:00","og_image":[{"width":1280,"height":960,"url":"https:\/\/dev.antudigital.cl\/sites\/vc\/wp-content\/uploads\/2020\/09\/WhatsApp-Image-2020-09-25-at-18.25.29-1.jpeg","type":"image\/jpeg"}],"author":"Valparaiso Creativo","twitter_card":"summary_large_image","twitter_misc":{"Escrito por":"Valparaiso Creativo","Tiempo de lectura":"1 minuto"},"schema":{"@context":"https:\/\/schema.org","@graph":[{"@type":"Article","@id":"https:\/\/dev.antudigital.cl\/sites\/vc\/casa-recreo-una-apuesta-audiovisual-desde-la-colaboratividad\/#article","isPartOf":{"@id":"https:\/\/dev.antudigital.cl\/sites\/vc\/casa-recreo-una-apuesta-audiovisual-desde-la-colaboratividad\/"},"author":{"name":"Valparaiso Creativo","@id":"https:\/\/dev.antudigital.cl\/sites\/vc\/#\/schema\/person\/81d1dcd51abd542b5dfc00f5f951a0f1"},"headline":"Casa Bellavista: una apuesta audiovisual desde la colaboratividad","datePublished":"2020-09-25T21:16:34+00:00","mainEntityOfPage":{"@id":"https:\/\/dev.antudigital.cl\/sites\/vc\/casa-recreo-una-apuesta-audiovisual-desde-la-colaboratividad\/"},"wordCount":289,"image":{"@id":"https:\/\/dev.antudigital.cl\/sites\/vc\/casa-recreo-una-apuesta-audiovisual-desde-la-colaboratividad\/#primaryimage"},"thumbnailUrl":"https:\/\/dev.antudigital.cl\/sites\/vc\/wp-content\/uploads\/2020\/09\/WhatsApp-Image-2020-09-25-at-18.25.29-1.jpeg","articleSection":["Noticia"],"inLanguage":"es"},{"@type":"WebPage","@id":"https:\/\/dev.antudigital.cl\/sites\/vc\/casa-recreo-una-apuesta-audiovisual-desde-la-colaboratividad\/","url":"https:\/\/dev.antudigital.cl\/sites\/vc\/casa-recreo-una-apuesta-audiovisual-desde-la-colaboratividad\/","name":"Casa Bellavista: una apuesta audiovisual desde la colaboratividad - Valpara\u00ed\u00adso Creativo","isPartOf":{"@id":"https:\/\/dev.antudigital.cl\/sites\/vc\/#website"},"primaryImageOfPage":{"@id":"https:\/\/dev.antudigital.cl\/sites\/vc\/casa-recreo-una-apuesta-audiovisual-desde-la-colaboratividad\/#primaryimage"},"image":{"@id":"https:\/\/dev.antudigital.cl\/sites\/vc\/casa-recreo-una-apuesta-audiovisual-desde-la-colaboratividad\/#primaryimage"},"thumbnailUrl":"https:\/\/dev.antudigital.cl\/sites\/vc\/wp-content\/uploads\/2020\/09\/WhatsApp-Image-2020-09-25-at-18.25.29-1.jpeg","datePublished":"2020-09-25T21:16:34+00:00","author":{"@id":"https:\/\/dev.antudigital.cl\/sites\/vc\/#\/schema\/person\/81d1dcd51abd542b5dfc00f5f951a0f1"},"breadcrumb":{"@id":"https:\/\/dev.antudigital.cl\/sites\/vc\/casa-recreo-una-apuesta-audiovisual-desde-la-colaboratividad\/#breadcrumb"},"inLanguage":"es","potentialAction":[{"@type":"ReadAction","target":["https:\/\/dev.antudigital.cl\/sites\/vc\/casa-recreo-una-apuesta-audiovisual-desde-la-colaboratividad\/"]}]},{"@type":"ImageObject","inLanguage":"es","@id":"https:\/\/dev.antudigital.cl\/sites\/vc\/casa-recreo-una-apuesta-audiovisual-desde-la-colaboratividad\/#primaryimage","url":"https:\/\/dev.antudigital.cl\/sites\/vc\/wp-content\/uploads\/2020\/09\/WhatsApp-Image-2020-09-25-at-18.25.29-1.jpeg","contentUrl":"https:\/\/dev.antudigital.cl\/sites\/vc\/wp-content\/uploads\/2020\/09\/WhatsApp-Image-2020-09-25-at-18.25.29-1.jpeg","width":1280,"height":960},{"@type":"BreadcrumbList","@id":"https:\/\/dev.antudigital.cl\/sites\/vc\/casa-recreo-una-apuesta-audiovisual-desde-la-colaboratividad\/#breadcrumb","itemListElement":[{"@type":"ListItem","position":1,"name":"Home","item":"https:\/\/dev.antudigital.cl\/sites\/vc\/"},{"@type":"ListItem","position":2,"name":"Casa Bellavista: una apuesta audiovisual desde la colaboratividad"}]},{"@type":"WebSite","@id":"https:\/\/dev.antudigital.cl\/sites\/vc\/#website","url":"https:\/\/dev.antudigital.cl\/sites\/vc\/","name":"Valpara\u00ed\u00adso Creativo","description":"","potentialAction":[{"@type":"SearchAction","target":{"@type":"EntryPoint","urlTemplate":"https:\/\/dev.antudigital.cl\/sites\/vc\/?s={search_term_string}"},"query-input":{"@type":"PropertyValueSpecification","valueRequired":true,"valueName":"search_term_string"}}],"inLanguage":"es"},{"@type":"Person","@id":"https:\/\/dev.antudigital.cl\/sites\/vc\/#\/schema\/person\/81d1dcd51abd542b5dfc00f5f951a0f1","name":"Valparaiso Creativo","url":"https:\/\/dev.antudigital.cl\/sites\/vc\/author\/valparaiso-creativo\/"}]}},"_links":{"self":[{"href":"https:\/\/dev.antudigital.cl\/sites\/vc\/wp-json\/wp\/v2\/posts\/8656","targetHints":{"allow":["GET"]}}],"collection":[{"href":"https:\/\/dev.antudigital.cl\/sites\/vc\/wp-json\/wp\/v2\/posts"}],"about":[{"href":"https:\/\/dev.antudigital.cl\/sites\/vc\/wp-json\/wp\/v2\/types\/post"}],"author":[{"embeddable":true,"href":"https:\/\/dev.antudigital.cl\/sites\/vc\/wp-json\/wp\/v2\/users\/3"}],"replies":[{"embeddable":true,"href":"https:\/\/dev.antudigital.cl\/sites\/vc\/wp-json\/wp\/v2\/comments?post=8656"}],"version-history":[{"count":0,"href":"https:\/\/dev.antudigital.cl\/sites\/vc\/wp-json\/wp\/v2\/posts\/8656\/revisions"}],"wp:featuredmedia":[{"embeddable":true,"href":"https:\/\/dev.antudigital.cl\/sites\/vc\/wp-json\/wp\/v2\/media\/8660"}],"wp:attachment":[{"href":"https:\/\/dev.antudigital.cl\/sites\/vc\/wp-json\/wp\/v2\/media?parent=8656"}],"wp:term":[{"taxonomy":"category","embeddable":true,"href":"https:\/\/dev.antudigital.cl\/sites\/vc\/wp-json\/wp\/v2\/categories?post=8656"},{"taxonomy":"post_tag","embeddable":true,"href":"https:\/\/dev.antudigital.cl\/sites\/vc\/wp-json\/wp\/v2\/tags?post=8656"}],"curies":[{"name":"wp","href":"https:\/\/api.w.org\/{rel}","templated":true}]}}