{"id":8661,"date":"2020-09-25T21:00:36","date_gmt":"2020-09-25T21:00:36","guid":{"rendered":"https:\/\/www.valparaisocreativo.cl\/?p=5218"},"modified":"2020-09-25T21:00:36","modified_gmt":"2020-09-25T21:00:36","slug":"talleristas-fifv-2020-elde-gelos","status":"publish","type":"post","link":"https:\/\/dev.antudigital.cl\/sites\/vc\/talleristas-fifv-2020-elde-gelos\/","title":{"rendered":"Talleristas FIFV 2020: Elde Gelos"},"content":{"rendered":"<p><span style=\"font-weight: 400;\">Miguel \u00c1ngel Felipe Fidalgo (Asturias, Espa\u00f1a -1969) es periodista, fot\u00f3grafo y editor. Ha desarrollado su obra fotogr\u00e1fica con el heter\u00f3nimo <strong>Elde Gelos,<\/strong> con el que ha realizado varias exposiciones y ha publicado varios fotolibros de manera individual y colectiva. <\/span><\/p>\n<p><span style=\"font-weight: 400;\">Dirige el sello independiente Ediciones <\/span><a href=\"http:\/\/www.lavisita.cl\"><span style=\"font-weight: 400;\">La Visita<\/span><\/a><span style=\"font-weight: 400;\">, que ha editado m\u00e1s de una veintena de libros y colecciones de fanzines, recopilando trabajos de destacados autores nacionales. Es fundador y miembro de la plataforma <\/span><a href=\"http:\/\/www.humo.cl\"><span style=\"font-weight: 400;\">Humo <\/span><\/a><span style=\"font-weight: 400;\">\u00a0, dedicada a la producci\u00f3n y difusi\u00f3n de eventos fotogr\u00e1ficos. Actualmente, trabaja como editor fotogr\u00e1fico del diario Las Ultimas Noticias y ha ejercido la docencia de forma regular en varias instituciones acad\u00e9micas.\u00a0\u00a0<\/span><\/p>\n<p><span style=\"font-weight: 400;\">En el <strong>FIFV2020<\/strong>, Elde Gelos dirigi\u00f3 el taller \u201c<em>La deriva imaginaria. Construcci\u00f3n colectiva de un diccionario ilustrado contestatario universal e incompleto<\/em>\u201d, enfocado en formadores y estudiantes que forman parte de <strong>Imagen Salvaje<\/strong>, el programa de mediaci\u00f3n de Casa Espacio Buenos Aires 824.<\/span><\/p>\n<p><b>&#8211; \u00bfDe qu\u00e9 se trata este taller?<\/b><\/p>\n<p><span style=\"font-weight: 400;\">&#8211; Estamos creando un nuevo diccionario. El taller tiene la din\u00e1mica de entregarle a cada participante una letra y asociar esa letra a una palabra del diccionario. Buscamos palabras con \u201cAmor y pol\u00edtica\u201d, la tem\u00e1tica general del FIFV2020, y los participantes iniciaron una deriva imaginaria a partir de una definici\u00f3n formal de la palabra , para as\u00ed conquistarla y rearmar una definici\u00f3n propia.\u00a0<\/span><\/p>\n<p><span style=\"font-weight: 400;\">La idea es hacer un viaje en im\u00e1genes, que se materializa en que cada uno de los 29 participantes hizo una deriva de 29 im\u00e1genes en torno a un concepto que tom\u00f3 del diccionario y que, de alguna manera, lo movi\u00f3 hacia lo que \u00e9l o ella consideraba que la palabra debiese significar.\u00a0<\/span><\/p>\n<p><span style=\"font-weight: 400;\">Tratamos de buscar palabras que de alguna manera tuvieran en el \u00e1mbito sem\u00e1ntico del amor y la pol\u00edtica. Por ejemplo, palabras como emigraci\u00f3n, coraz\u00f3n y frontera, palabras que de alguna manera tocaran al menos uno de los dos conceptos. Tambi\u00e9n, poniendo el eje en la situaci\u00f3n actual del pa\u00eds, del mundo. La idea con la que partimos es que el mundo aparece definido en las enciclopedias, y si el mundo est\u00e1 mal, entonces hay que modificar esas definiciones.<\/span><\/p>\n<p><span style=\"font-weight: 400;\">Los viajes han sido muy libres. La mayor\u00eda de las palabras fueron en castellano, 3 de las palabras fueron en mapudung\u00fan.<\/span><\/p>\n<p><img fetchpriority=\"high\" decoding=\"async\" class=\"alignleft size-medium wp-image-5219\" src=\"https:\/\/www.valparaisocreativo.cl\/wp-content\/uploads\/2020\/09\/ELDE-GELOS-IMAGEN-SALVAJE01-300x200.jpg\" alt=\"\" width=\"300\" height=\"200\" \/><\/p>\n<p><b>&#8211; \u00bfC\u00f3mo ha sido desarrollar un taller como este en formato digital?<\/b><\/p>\n<p><span style=\"font-weight: 400;\">&#8211; Buscamos generar una din\u00e1mica en la que hubiera sorpresa, donde las sesiones se vieran de alguna manera interrumpidas por algo inesperados y que se moviera un poco el eje hacia otra parte.\u00a0<\/span><\/p>\n<p><span style=\"font-weight: 400;\">Es interesante que en la \u00faltima sesi\u00f3n, donde mostraron sus im\u00e1genes y dieron una impresi\u00f3n cada una de los y las participantes, se\u00f1alaban algunas cosas: que se sintieron perdidos, que descubrieron un m\u00e9todo, que se abrieron a las im\u00e1genes que no hab\u00edan pensado. Ese proceso funcion\u00f3 bien.\u00a0<\/span><\/p>\n<p><span style=\"font-weight: 400;\">Trabajamos en la ficci\u00f3n en la que est\u00e1bamos en un barco, donde ellos eran la tripulaci\u00f3n y yo era el capit\u00e1n. Un capit\u00e1n peligroso, de alguna manera, con ocurrencias tempestivas. Engancharon muy bien con esta din\u00e1mica l\u00fadica.<\/span><\/p>\n<p><span style=\"font-weight: 400;\">Tambi\u00e9n tuvimos algunos participantes invitados, como el poeta y abogado Samuel Soto, adem\u00e1s de materiales diversos para lograr que esto fuera divertido.<\/span><\/p>\n<p>&nbsp;<\/p>\n<p><b>Los resultados de los talleres ser\u00e1n presentados entre el 28 y 31 de octubre. Conoce m\u00e1s en <a href=\"https:\/\/fifv.cl\/2020\/\">www.fifv.cl<\/a><\/b><\/p>\n","protected":false},"excerpt":{"rendered":"<p>Miguel \u00c1ngel Felipe Fidalgo (Asturias, Espa\u00f1a -1969) es periodista, fot\u00f3grafo y editor. Ha desarrollado su obra fotogr\u00e1fica con el heter\u00f3nimo Elde Gelos, con el que ha realizado varias exposiciones y ha publicado varios fotolibros de manera individual y colectiva. Dirige el sello independiente Ediciones La Visita, que ha editado m\u00e1s de una veintena de libros [&hellip;]<\/p>\n","protected":false},"author":3,"featured_media":8662,"comment_status":"closed","ping_status":"closed","sticky":false,"template":"","format":"standard","meta":{"_acf_changed":false,"footnotes":""},"categories":[8],"tags":[],"class_list":["post-8661","post","type-post","status-publish","format-standard","has-post-thumbnail","hentry","category-noticia"],"acf":[],"yoast_head":"<!-- This site is optimized with the Yoast SEO plugin v27.1.1 - https:\/\/yoast.com\/product\/yoast-seo-wordpress\/ -->\n<title>Talleristas FIFV 2020: Elde Gelos - Valpara\u00ed\u00adso Creativo<\/title>\n<meta name=\"robots\" content=\"index, follow, max-snippet:-1, max-image-preview:large, max-video-preview:-1\" \/>\n<link rel=\"canonical\" href=\"https:\/\/dev.antudigital.cl\/sites\/vc\/talleristas-fifv-2020-elde-gelos\/\" \/>\n<meta property=\"og:locale\" content=\"es_ES\" \/>\n<meta property=\"og:type\" content=\"article\" \/>\n<meta property=\"og:title\" content=\"Talleristas FIFV 2020: Elde Gelos - Valpara\u00ed\u00adso Creativo\" \/>\n<meta property=\"og:description\" content=\"Miguel \u00c1ngel Felipe Fidalgo (Asturias, Espa\u00f1a -1969) es periodista, fot\u00f3grafo y editor. Ha desarrollado su obra fotogr\u00e1fica con el heter\u00f3nimo Elde Gelos, con el que ha realizado varias exposiciones y ha publicado varios fotolibros de manera individual y colectiva. Dirige el sello independiente Ediciones La Visita, que ha editado m\u00e1s de una veintena de libros [&hellip;]\" \/>\n<meta property=\"og:url\" content=\"https:\/\/dev.antudigital.cl\/sites\/vc\/talleristas-fifv-2020-elde-gelos\/\" \/>\n<meta property=\"og:site_name\" content=\"Valpara\u00ed\u00adso Creativo\" \/>\n<meta property=\"article:published_time\" content=\"2020-09-25T21:00:36+00:00\" \/>\n<meta property=\"og:image\" content=\"https:\/\/dev.antudigital.cl\/sites\/vc\/wp-content\/uploads\/2020\/09\/ELDE-GELOS-IMAGEN-SALVAJE09.jpg\" \/>\n\t<meta property=\"og:image:width\" content=\"1000\" \/>\n\t<meta property=\"og:image:height\" content=\"750\" \/>\n\t<meta property=\"og:image:type\" content=\"image\/jpeg\" \/>\n<meta name=\"author\" content=\"Valparaiso Creativo\" \/>\n<meta name=\"twitter:card\" content=\"summary_large_image\" \/>\n<meta name=\"twitter:label1\" content=\"Escrito por\" \/>\n\t<meta name=\"twitter:data1\" content=\"Valparaiso Creativo\" \/>\n\t<meta name=\"twitter:label2\" content=\"Tiempo de lectura\" \/>\n\t<meta name=\"twitter:data2\" content=\"3 minutos\" \/>\n<script type=\"application\/ld+json\" class=\"yoast-schema-graph\">{\"@context\":\"https:\/\/schema.org\",\"@graph\":[{\"@type\":\"Article\",\"@id\":\"https:\/\/dev.antudigital.cl\/sites\/vc\/talleristas-fifv-2020-elde-gelos\/#article\",\"isPartOf\":{\"@id\":\"https:\/\/dev.antudigital.cl\/sites\/vc\/talleristas-fifv-2020-elde-gelos\/\"},\"author\":{\"name\":\"Valparaiso Creativo\",\"@id\":\"https:\/\/dev.antudigital.cl\/sites\/vc\/#\/schema\/person\/81d1dcd51abd542b5dfc00f5f951a0f1\"},\"headline\":\"Talleristas FIFV 2020: Elde Gelos\",\"datePublished\":\"2020-09-25T21:00:36+00:00\",\"mainEntityOfPage\":{\"@id\":\"https:\/\/dev.antudigital.cl\/sites\/vc\/talleristas-fifv-2020-elde-gelos\/\"},\"wordCount\":585,\"image\":{\"@id\":\"https:\/\/dev.antudigital.cl\/sites\/vc\/talleristas-fifv-2020-elde-gelos\/#primaryimage\"},\"thumbnailUrl\":\"https:\/\/dev.antudigital.cl\/sites\/vc\/wp-content\/uploads\/2020\/09\/ELDE-GELOS-IMAGEN-SALVAJE09.jpg\",\"articleSection\":[\"Noticia\"],\"inLanguage\":\"es\"},{\"@type\":\"WebPage\",\"@id\":\"https:\/\/dev.antudigital.cl\/sites\/vc\/talleristas-fifv-2020-elde-gelos\/\",\"url\":\"https:\/\/dev.antudigital.cl\/sites\/vc\/talleristas-fifv-2020-elde-gelos\/\",\"name\":\"Talleristas FIFV 2020: Elde Gelos - Valpara\u00ed\u00adso Creativo\",\"isPartOf\":{\"@id\":\"https:\/\/dev.antudigital.cl\/sites\/vc\/#website\"},\"primaryImageOfPage\":{\"@id\":\"https:\/\/dev.antudigital.cl\/sites\/vc\/talleristas-fifv-2020-elde-gelos\/#primaryimage\"},\"image\":{\"@id\":\"https:\/\/dev.antudigital.cl\/sites\/vc\/talleristas-fifv-2020-elde-gelos\/#primaryimage\"},\"thumbnailUrl\":\"https:\/\/dev.antudigital.cl\/sites\/vc\/wp-content\/uploads\/2020\/09\/ELDE-GELOS-IMAGEN-SALVAJE09.jpg\",\"datePublished\":\"2020-09-25T21:00:36+00:00\",\"author\":{\"@id\":\"https:\/\/dev.antudigital.cl\/sites\/vc\/#\/schema\/person\/81d1dcd51abd542b5dfc00f5f951a0f1\"},\"breadcrumb\":{\"@id\":\"https:\/\/dev.antudigital.cl\/sites\/vc\/talleristas-fifv-2020-elde-gelos\/#breadcrumb\"},\"inLanguage\":\"es\",\"potentialAction\":[{\"@type\":\"ReadAction\",\"target\":[\"https:\/\/dev.antudigital.cl\/sites\/vc\/talleristas-fifv-2020-elde-gelos\/\"]}]},{\"@type\":\"ImageObject\",\"inLanguage\":\"es\",\"@id\":\"https:\/\/dev.antudigital.cl\/sites\/vc\/talleristas-fifv-2020-elde-gelos\/#primaryimage\",\"url\":\"https:\/\/dev.antudigital.cl\/sites\/vc\/wp-content\/uploads\/2020\/09\/ELDE-GELOS-IMAGEN-SALVAJE09.jpg\",\"contentUrl\":\"https:\/\/dev.antudigital.cl\/sites\/vc\/wp-content\/uploads\/2020\/09\/ELDE-GELOS-IMAGEN-SALVAJE09.jpg\",\"width\":1000,\"height\":750},{\"@type\":\"BreadcrumbList\",\"@id\":\"https:\/\/dev.antudigital.cl\/sites\/vc\/talleristas-fifv-2020-elde-gelos\/#breadcrumb\",\"itemListElement\":[{\"@type\":\"ListItem\",\"position\":1,\"name\":\"Home\",\"item\":\"https:\/\/dev.antudigital.cl\/sites\/vc\/\"},{\"@type\":\"ListItem\",\"position\":2,\"name\":\"Talleristas FIFV 2020: Elde Gelos\"}]},{\"@type\":\"WebSite\",\"@id\":\"https:\/\/dev.antudigital.cl\/sites\/vc\/#website\",\"url\":\"https:\/\/dev.antudigital.cl\/sites\/vc\/\",\"name\":\"Valpara\u00ed\u00adso Creativo\",\"description\":\"\",\"potentialAction\":[{\"@type\":\"SearchAction\",\"target\":{\"@type\":\"EntryPoint\",\"urlTemplate\":\"https:\/\/dev.antudigital.cl\/sites\/vc\/?s={search_term_string}\"},\"query-input\":{\"@type\":\"PropertyValueSpecification\",\"valueRequired\":true,\"valueName\":\"search_term_string\"}}],\"inLanguage\":\"es\"},{\"@type\":\"Person\",\"@id\":\"https:\/\/dev.antudigital.cl\/sites\/vc\/#\/schema\/person\/81d1dcd51abd542b5dfc00f5f951a0f1\",\"name\":\"Valparaiso Creativo\",\"url\":\"https:\/\/dev.antudigital.cl\/sites\/vc\/author\/valparaiso-creativo\/\"}]}<\/script>\n<!-- \/ Yoast SEO plugin. -->","yoast_head_json":{"title":"Talleristas FIFV 2020: Elde Gelos - Valpara\u00ed\u00adso Creativo","robots":{"index":"index","follow":"follow","max-snippet":"max-snippet:-1","max-image-preview":"max-image-preview:large","max-video-preview":"max-video-preview:-1"},"canonical":"https:\/\/dev.antudigital.cl\/sites\/vc\/talleristas-fifv-2020-elde-gelos\/","og_locale":"es_ES","og_type":"article","og_title":"Talleristas FIFV 2020: Elde Gelos - Valpara\u00ed\u00adso Creativo","og_description":"Miguel \u00c1ngel Felipe Fidalgo (Asturias, Espa\u00f1a -1969) es periodista, fot\u00f3grafo y editor. Ha desarrollado su obra fotogr\u00e1fica con el heter\u00f3nimo Elde Gelos, con el que ha realizado varias exposiciones y ha publicado varios fotolibros de manera individual y colectiva. Dirige el sello independiente Ediciones La Visita, que ha editado m\u00e1s de una veintena de libros [&hellip;]","og_url":"https:\/\/dev.antudigital.cl\/sites\/vc\/talleristas-fifv-2020-elde-gelos\/","og_site_name":"Valpara\u00ed\u00adso Creativo","article_published_time":"2020-09-25T21:00:36+00:00","og_image":[{"width":1000,"height":750,"url":"https:\/\/dev.antudigital.cl\/sites\/vc\/wp-content\/uploads\/2020\/09\/ELDE-GELOS-IMAGEN-SALVAJE09.jpg","type":"image\/jpeg"}],"author":"Valparaiso Creativo","twitter_card":"summary_large_image","twitter_misc":{"Escrito por":"Valparaiso Creativo","Tiempo de lectura":"3 minutos"},"schema":{"@context":"https:\/\/schema.org","@graph":[{"@type":"Article","@id":"https:\/\/dev.antudigital.cl\/sites\/vc\/talleristas-fifv-2020-elde-gelos\/#article","isPartOf":{"@id":"https:\/\/dev.antudigital.cl\/sites\/vc\/talleristas-fifv-2020-elde-gelos\/"},"author":{"name":"Valparaiso Creativo","@id":"https:\/\/dev.antudigital.cl\/sites\/vc\/#\/schema\/person\/81d1dcd51abd542b5dfc00f5f951a0f1"},"headline":"Talleristas FIFV 2020: Elde Gelos","datePublished":"2020-09-25T21:00:36+00:00","mainEntityOfPage":{"@id":"https:\/\/dev.antudigital.cl\/sites\/vc\/talleristas-fifv-2020-elde-gelos\/"},"wordCount":585,"image":{"@id":"https:\/\/dev.antudigital.cl\/sites\/vc\/talleristas-fifv-2020-elde-gelos\/#primaryimage"},"thumbnailUrl":"https:\/\/dev.antudigital.cl\/sites\/vc\/wp-content\/uploads\/2020\/09\/ELDE-GELOS-IMAGEN-SALVAJE09.jpg","articleSection":["Noticia"],"inLanguage":"es"},{"@type":"WebPage","@id":"https:\/\/dev.antudigital.cl\/sites\/vc\/talleristas-fifv-2020-elde-gelos\/","url":"https:\/\/dev.antudigital.cl\/sites\/vc\/talleristas-fifv-2020-elde-gelos\/","name":"Talleristas FIFV 2020: Elde Gelos - Valpara\u00ed\u00adso Creativo","isPartOf":{"@id":"https:\/\/dev.antudigital.cl\/sites\/vc\/#website"},"primaryImageOfPage":{"@id":"https:\/\/dev.antudigital.cl\/sites\/vc\/talleristas-fifv-2020-elde-gelos\/#primaryimage"},"image":{"@id":"https:\/\/dev.antudigital.cl\/sites\/vc\/talleristas-fifv-2020-elde-gelos\/#primaryimage"},"thumbnailUrl":"https:\/\/dev.antudigital.cl\/sites\/vc\/wp-content\/uploads\/2020\/09\/ELDE-GELOS-IMAGEN-SALVAJE09.jpg","datePublished":"2020-09-25T21:00:36+00:00","author":{"@id":"https:\/\/dev.antudigital.cl\/sites\/vc\/#\/schema\/person\/81d1dcd51abd542b5dfc00f5f951a0f1"},"breadcrumb":{"@id":"https:\/\/dev.antudigital.cl\/sites\/vc\/talleristas-fifv-2020-elde-gelos\/#breadcrumb"},"inLanguage":"es","potentialAction":[{"@type":"ReadAction","target":["https:\/\/dev.antudigital.cl\/sites\/vc\/talleristas-fifv-2020-elde-gelos\/"]}]},{"@type":"ImageObject","inLanguage":"es","@id":"https:\/\/dev.antudigital.cl\/sites\/vc\/talleristas-fifv-2020-elde-gelos\/#primaryimage","url":"https:\/\/dev.antudigital.cl\/sites\/vc\/wp-content\/uploads\/2020\/09\/ELDE-GELOS-IMAGEN-SALVAJE09.jpg","contentUrl":"https:\/\/dev.antudigital.cl\/sites\/vc\/wp-content\/uploads\/2020\/09\/ELDE-GELOS-IMAGEN-SALVAJE09.jpg","width":1000,"height":750},{"@type":"BreadcrumbList","@id":"https:\/\/dev.antudigital.cl\/sites\/vc\/talleristas-fifv-2020-elde-gelos\/#breadcrumb","itemListElement":[{"@type":"ListItem","position":1,"name":"Home","item":"https:\/\/dev.antudigital.cl\/sites\/vc\/"},{"@type":"ListItem","position":2,"name":"Talleristas FIFV 2020: Elde Gelos"}]},{"@type":"WebSite","@id":"https:\/\/dev.antudigital.cl\/sites\/vc\/#website","url":"https:\/\/dev.antudigital.cl\/sites\/vc\/","name":"Valpara\u00ed\u00adso Creativo","description":"","potentialAction":[{"@type":"SearchAction","target":{"@type":"EntryPoint","urlTemplate":"https:\/\/dev.antudigital.cl\/sites\/vc\/?s={search_term_string}"},"query-input":{"@type":"PropertyValueSpecification","valueRequired":true,"valueName":"search_term_string"}}],"inLanguage":"es"},{"@type":"Person","@id":"https:\/\/dev.antudigital.cl\/sites\/vc\/#\/schema\/person\/81d1dcd51abd542b5dfc00f5f951a0f1","name":"Valparaiso Creativo","url":"https:\/\/dev.antudigital.cl\/sites\/vc\/author\/valparaiso-creativo\/"}]}},"_links":{"self":[{"href":"https:\/\/dev.antudigital.cl\/sites\/vc\/wp-json\/wp\/v2\/posts\/8661","targetHints":{"allow":["GET"]}}],"collection":[{"href":"https:\/\/dev.antudigital.cl\/sites\/vc\/wp-json\/wp\/v2\/posts"}],"about":[{"href":"https:\/\/dev.antudigital.cl\/sites\/vc\/wp-json\/wp\/v2\/types\/post"}],"author":[{"embeddable":true,"href":"https:\/\/dev.antudigital.cl\/sites\/vc\/wp-json\/wp\/v2\/users\/3"}],"replies":[{"embeddable":true,"href":"https:\/\/dev.antudigital.cl\/sites\/vc\/wp-json\/wp\/v2\/comments?post=8661"}],"version-history":[{"count":0,"href":"https:\/\/dev.antudigital.cl\/sites\/vc\/wp-json\/wp\/v2\/posts\/8661\/revisions"}],"wp:featuredmedia":[{"embeddable":true,"href":"https:\/\/dev.antudigital.cl\/sites\/vc\/wp-json\/wp\/v2\/media\/8662"}],"wp:attachment":[{"href":"https:\/\/dev.antudigital.cl\/sites\/vc\/wp-json\/wp\/v2\/media?parent=8661"}],"wp:term":[{"taxonomy":"category","embeddable":true,"href":"https:\/\/dev.antudigital.cl\/sites\/vc\/wp-json\/wp\/v2\/categories?post=8661"},{"taxonomy":"post_tag","embeddable":true,"href":"https:\/\/dev.antudigital.cl\/sites\/vc\/wp-json\/wp\/v2\/tags?post=8661"}],"curies":[{"name":"wp","href":"https:\/\/api.w.org\/{rel}","templated":true}]}}