{"id":8664,"date":"2020-09-25T20:49:19","date_gmt":"2020-09-25T20:49:19","guid":{"rendered":"https:\/\/www.valparaisocreativo.cl\/?p=5214"},"modified":"2020-09-25T20:49:19","modified_gmt":"2020-09-25T20:49:19","slug":"el-audiovisual-y-su-impulso-productivo-desde-la-corfo-charla-en-docsvalparaiso","status":"publish","type":"post","link":"https:\/\/dev.antudigital.cl\/sites\/vc\/el-audiovisual-y-su-impulso-productivo-desde-la-corfo-charla-en-docsvalparaiso\/","title":{"rendered":"El audiovisual y su impulso productivo desde la Corfo: charla en DocsValpara\u00edso"},"content":{"rendered":"<p>El pr\u00f3ximo viernes 2 de octubre, nos encontraremos a las 12:00hrs. a trav\u00e9s de <a href=\"https:\/\/www.facebook.com\/DocsValparaiso\">DocsValpara\u00edso<\/a>\u00a0 junto al Coordinador General del Programa Valpara\u00edso Creativo, Mauricio Cifuentes. Seremos parte de una charla junto a Felipe Mujica de Chile Creativo, para analizar las oportunidades para el mundo audiovisual desde Corfo.<\/p>\n<p>La actividad se transmitir\u00e1 a trav\u00e9s de la <a href=\"https:\/\/www.facebook.com\/DocsValparaiso\">FanPage del Festival<\/a>, como parte del programa del mismo. Puedes conocer m\u00e1s de sus talleres, charlas y proyecciones en el<a href=\"https:\/\/www.valparaisocreativo.cl\/vuelven-los-documentales-se-acerca-una-nueva-version-de-docsvalparaiso\/\"> siguiente link<\/a>.<\/p>\n<blockquote><p>\u00abEn un contexto general de complejidad que est\u00e1n pasando las econom\u00edas creativas y en especial para el mundo audiovisual y entendiendo no solo el rol de las direcciones audiovisuales sino que todo el encadenamiento productivo que estas generan. Desde distintas verticales de la estatal, se han generado instancias de apoyo que en su conjunto, forman una kit de herramientas de actualizaci\u00f3n, formaci\u00f3n y financiamiento muy atractivas para la industria.<br \/>\nAdem\u00e1s se suma la articulaci\u00f3n de fondos de atracci\u00f3n para la inversi\u00f3n extranjera en rodajes internacionales, fondos de inversi\u00f3n sectorizados y la reciente apertura del Centro Nacional para la Revoluci\u00f3n de las Industrias Creativas\u00bb.<\/p><\/blockquote>\n<p>&nbsp;<\/p>\n<p><strong>Viernes 2 de octubre &#8211; 12:00hrs &#8211; Facebook Live: DocsValparaiso<\/strong><\/p>\n","protected":false},"excerpt":{"rendered":"<p>El pr\u00f3ximo viernes 2 de octubre, nos encontraremos a las 12:00hrs. a trav\u00e9s de DocsValpara\u00edso\u00a0 junto al Coordinador General del Programa Valpara\u00edso Creativo, Mauricio Cifuentes. Seremos parte de una charla junto a Felipe Mujica de Chile Creativo, para analizar las oportunidades para el mundo audiovisual desde Corfo. La actividad se transmitir\u00e1 a trav\u00e9s de la [&hellip;]<\/p>\n","protected":false},"author":3,"featured_media":8665,"comment_status":"closed","ping_status":"closed","sticky":false,"template":"","format":"standard","meta":{"_acf_changed":false,"footnotes":""},"categories":[8],"tags":[],"class_list":["post-8664","post","type-post","status-publish","format-standard","has-post-thumbnail","hentry","category-noticia"],"acf":[],"yoast_head":"<!-- This site is optimized with the Yoast SEO plugin v27.1.1 - https:\/\/yoast.com\/product\/yoast-seo-wordpress\/ -->\n<title>El audiovisual y su impulso productivo desde la Corfo: charla en DocsValpara\u00edso - Valpara\u00ed\u00adso Creativo<\/title>\n<meta name=\"robots\" content=\"index, follow, max-snippet:-1, max-image-preview:large, max-video-preview:-1\" \/>\n<link rel=\"canonical\" href=\"https:\/\/dev.antudigital.cl\/sites\/vc\/el-audiovisual-y-su-impulso-productivo-desde-la-corfo-charla-en-docsvalparaiso\/\" \/>\n<meta property=\"og:locale\" content=\"es_ES\" \/>\n<meta property=\"og:type\" content=\"article\" \/>\n<meta property=\"og:title\" content=\"El audiovisual y su impulso productivo desde la Corfo: charla en DocsValpara\u00edso - Valpara\u00ed\u00adso Creativo\" \/>\n<meta property=\"og:description\" content=\"El pr\u00f3ximo viernes 2 de octubre, nos encontraremos a las 12:00hrs. a trav\u00e9s de DocsValpara\u00edso\u00a0 junto al Coordinador General del Programa Valpara\u00edso Creativo, Mauricio Cifuentes. Seremos parte de una charla junto a Felipe Mujica de Chile Creativo, para analizar las oportunidades para el mundo audiovisual desde Corfo. La actividad se transmitir\u00e1 a trav\u00e9s de la [&hellip;]\" \/>\n<meta property=\"og:url\" content=\"https:\/\/dev.antudigital.cl\/sites\/vc\/el-audiovisual-y-su-impulso-productivo-desde-la-corfo-charla-en-docsvalparaiso\/\" \/>\n<meta property=\"og:site_name\" content=\"Valpara\u00ed\u00adso Creativo\" \/>\n<meta property=\"article:published_time\" content=\"2020-09-25T20:49:19+00:00\" \/>\n<meta property=\"og:image\" content=\"https:\/\/dev.antudigital.cl\/sites\/vc\/wp-content\/uploads\/2020\/09\/WhatsApp-Image-2020-09-26-at-17.04.55.jpeg\" \/>\n\t<meta property=\"og:image:width\" content=\"1024\" \/>\n\t<meta property=\"og:image:height\" content=\"576\" \/>\n\t<meta property=\"og:image:type\" content=\"image\/jpeg\" \/>\n<meta name=\"author\" content=\"Valparaiso Creativo\" \/>\n<meta name=\"twitter:card\" content=\"summary_large_image\" \/>\n<meta name=\"twitter:label1\" content=\"Escrito por\" \/>\n\t<meta name=\"twitter:data1\" content=\"Valparaiso Creativo\" \/>\n\t<meta name=\"twitter:label2\" content=\"Tiempo de lectura\" \/>\n\t<meta name=\"twitter:data2\" content=\"1 minuto\" \/>\n<script type=\"application\/ld+json\" class=\"yoast-schema-graph\">{\"@context\":\"https:\/\/schema.org\",\"@graph\":[{\"@type\":\"Article\",\"@id\":\"https:\/\/dev.antudigital.cl\/sites\/vc\/el-audiovisual-y-su-impulso-productivo-desde-la-corfo-charla-en-docsvalparaiso\/#article\",\"isPartOf\":{\"@id\":\"https:\/\/dev.antudigital.cl\/sites\/vc\/el-audiovisual-y-su-impulso-productivo-desde-la-corfo-charla-en-docsvalparaiso\/\"},\"author\":{\"name\":\"Valparaiso Creativo\",\"@id\":\"https:\/\/dev.antudigital.cl\/sites\/vc\/#\/schema\/person\/81d1dcd51abd542b5dfc00f5f951a0f1\"},\"headline\":\"El audiovisual y su impulso productivo desde la Corfo: charla en DocsValpara\u00edso\",\"datePublished\":\"2020-09-25T20:49:19+00:00\",\"mainEntityOfPage\":{\"@id\":\"https:\/\/dev.antudigital.cl\/sites\/vc\/el-audiovisual-y-su-impulso-productivo-desde-la-corfo-charla-en-docsvalparaiso\/\"},\"wordCount\":218,\"image\":{\"@id\":\"https:\/\/dev.antudigital.cl\/sites\/vc\/el-audiovisual-y-su-impulso-productivo-desde-la-corfo-charla-en-docsvalparaiso\/#primaryimage\"},\"thumbnailUrl\":\"https:\/\/dev.antudigital.cl\/sites\/vc\/wp-content\/uploads\/2020\/09\/WhatsApp-Image-2020-09-26-at-17.04.55.jpeg\",\"articleSection\":[\"Noticia\"],\"inLanguage\":\"es\"},{\"@type\":\"WebPage\",\"@id\":\"https:\/\/dev.antudigital.cl\/sites\/vc\/el-audiovisual-y-su-impulso-productivo-desde-la-corfo-charla-en-docsvalparaiso\/\",\"url\":\"https:\/\/dev.antudigital.cl\/sites\/vc\/el-audiovisual-y-su-impulso-productivo-desde-la-corfo-charla-en-docsvalparaiso\/\",\"name\":\"El audiovisual y su impulso productivo desde la Corfo: charla en DocsValpara\u00edso - Valpara\u00ed\u00adso Creativo\",\"isPartOf\":{\"@id\":\"https:\/\/dev.antudigital.cl\/sites\/vc\/#website\"},\"primaryImageOfPage\":{\"@id\":\"https:\/\/dev.antudigital.cl\/sites\/vc\/el-audiovisual-y-su-impulso-productivo-desde-la-corfo-charla-en-docsvalparaiso\/#primaryimage\"},\"image\":{\"@id\":\"https:\/\/dev.antudigital.cl\/sites\/vc\/el-audiovisual-y-su-impulso-productivo-desde-la-corfo-charla-en-docsvalparaiso\/#primaryimage\"},\"thumbnailUrl\":\"https:\/\/dev.antudigital.cl\/sites\/vc\/wp-content\/uploads\/2020\/09\/WhatsApp-Image-2020-09-26-at-17.04.55.jpeg\",\"datePublished\":\"2020-09-25T20:49:19+00:00\",\"author\":{\"@id\":\"https:\/\/dev.antudigital.cl\/sites\/vc\/#\/schema\/person\/81d1dcd51abd542b5dfc00f5f951a0f1\"},\"breadcrumb\":{\"@id\":\"https:\/\/dev.antudigital.cl\/sites\/vc\/el-audiovisual-y-su-impulso-productivo-desde-la-corfo-charla-en-docsvalparaiso\/#breadcrumb\"},\"inLanguage\":\"es\",\"potentialAction\":[{\"@type\":\"ReadAction\",\"target\":[\"https:\/\/dev.antudigital.cl\/sites\/vc\/el-audiovisual-y-su-impulso-productivo-desde-la-corfo-charla-en-docsvalparaiso\/\"]}]},{\"@type\":\"ImageObject\",\"inLanguage\":\"es\",\"@id\":\"https:\/\/dev.antudigital.cl\/sites\/vc\/el-audiovisual-y-su-impulso-productivo-desde-la-corfo-charla-en-docsvalparaiso\/#primaryimage\",\"url\":\"https:\/\/dev.antudigital.cl\/sites\/vc\/wp-content\/uploads\/2020\/09\/WhatsApp-Image-2020-09-26-at-17.04.55.jpeg\",\"contentUrl\":\"https:\/\/dev.antudigital.cl\/sites\/vc\/wp-content\/uploads\/2020\/09\/WhatsApp-Image-2020-09-26-at-17.04.55.jpeg\",\"width\":1024,\"height\":576},{\"@type\":\"BreadcrumbList\",\"@id\":\"https:\/\/dev.antudigital.cl\/sites\/vc\/el-audiovisual-y-su-impulso-productivo-desde-la-corfo-charla-en-docsvalparaiso\/#breadcrumb\",\"itemListElement\":[{\"@type\":\"ListItem\",\"position\":1,\"name\":\"Home\",\"item\":\"https:\/\/dev.antudigital.cl\/sites\/vc\/\"},{\"@type\":\"ListItem\",\"position\":2,\"name\":\"El audiovisual y su impulso productivo desde la Corfo: charla en DocsValpara\u00edso\"}]},{\"@type\":\"WebSite\",\"@id\":\"https:\/\/dev.antudigital.cl\/sites\/vc\/#website\",\"url\":\"https:\/\/dev.antudigital.cl\/sites\/vc\/\",\"name\":\"Valpara\u00ed\u00adso Creativo\",\"description\":\"\",\"potentialAction\":[{\"@type\":\"SearchAction\",\"target\":{\"@type\":\"EntryPoint\",\"urlTemplate\":\"https:\/\/dev.antudigital.cl\/sites\/vc\/?s={search_term_string}\"},\"query-input\":{\"@type\":\"PropertyValueSpecification\",\"valueRequired\":true,\"valueName\":\"search_term_string\"}}],\"inLanguage\":\"es\"},{\"@type\":\"Person\",\"@id\":\"https:\/\/dev.antudigital.cl\/sites\/vc\/#\/schema\/person\/81d1dcd51abd542b5dfc00f5f951a0f1\",\"name\":\"Valparaiso Creativo\",\"url\":\"https:\/\/dev.antudigital.cl\/sites\/vc\/author\/valparaiso-creativo\/\"}]}<\/script>\n<!-- \/ Yoast SEO plugin. -->","yoast_head_json":{"title":"El audiovisual y su impulso productivo desde la Corfo: charla en DocsValpara\u00edso - Valpara\u00ed\u00adso Creativo","robots":{"index":"index","follow":"follow","max-snippet":"max-snippet:-1","max-image-preview":"max-image-preview:large","max-video-preview":"max-video-preview:-1"},"canonical":"https:\/\/dev.antudigital.cl\/sites\/vc\/el-audiovisual-y-su-impulso-productivo-desde-la-corfo-charla-en-docsvalparaiso\/","og_locale":"es_ES","og_type":"article","og_title":"El audiovisual y su impulso productivo desde la Corfo: charla en DocsValpara\u00edso - Valpara\u00ed\u00adso Creativo","og_description":"El pr\u00f3ximo viernes 2 de octubre, nos encontraremos a las 12:00hrs. a trav\u00e9s de DocsValpara\u00edso\u00a0 junto al Coordinador General del Programa Valpara\u00edso Creativo, Mauricio Cifuentes. Seremos parte de una charla junto a Felipe Mujica de Chile Creativo, para analizar las oportunidades para el mundo audiovisual desde Corfo. La actividad se transmitir\u00e1 a trav\u00e9s de la [&hellip;]","og_url":"https:\/\/dev.antudigital.cl\/sites\/vc\/el-audiovisual-y-su-impulso-productivo-desde-la-corfo-charla-en-docsvalparaiso\/","og_site_name":"Valpara\u00ed\u00adso Creativo","article_published_time":"2020-09-25T20:49:19+00:00","og_image":[{"width":1024,"height":576,"url":"https:\/\/dev.antudigital.cl\/sites\/vc\/wp-content\/uploads\/2020\/09\/WhatsApp-Image-2020-09-26-at-17.04.55.jpeg","type":"image\/jpeg"}],"author":"Valparaiso Creativo","twitter_card":"summary_large_image","twitter_misc":{"Escrito por":"Valparaiso Creativo","Tiempo de lectura":"1 minuto"},"schema":{"@context":"https:\/\/schema.org","@graph":[{"@type":"Article","@id":"https:\/\/dev.antudigital.cl\/sites\/vc\/el-audiovisual-y-su-impulso-productivo-desde-la-corfo-charla-en-docsvalparaiso\/#article","isPartOf":{"@id":"https:\/\/dev.antudigital.cl\/sites\/vc\/el-audiovisual-y-su-impulso-productivo-desde-la-corfo-charla-en-docsvalparaiso\/"},"author":{"name":"Valparaiso Creativo","@id":"https:\/\/dev.antudigital.cl\/sites\/vc\/#\/schema\/person\/81d1dcd51abd542b5dfc00f5f951a0f1"},"headline":"El audiovisual y su impulso productivo desde la Corfo: charla en DocsValpara\u00edso","datePublished":"2020-09-25T20:49:19+00:00","mainEntityOfPage":{"@id":"https:\/\/dev.antudigital.cl\/sites\/vc\/el-audiovisual-y-su-impulso-productivo-desde-la-corfo-charla-en-docsvalparaiso\/"},"wordCount":218,"image":{"@id":"https:\/\/dev.antudigital.cl\/sites\/vc\/el-audiovisual-y-su-impulso-productivo-desde-la-corfo-charla-en-docsvalparaiso\/#primaryimage"},"thumbnailUrl":"https:\/\/dev.antudigital.cl\/sites\/vc\/wp-content\/uploads\/2020\/09\/WhatsApp-Image-2020-09-26-at-17.04.55.jpeg","articleSection":["Noticia"],"inLanguage":"es"},{"@type":"WebPage","@id":"https:\/\/dev.antudigital.cl\/sites\/vc\/el-audiovisual-y-su-impulso-productivo-desde-la-corfo-charla-en-docsvalparaiso\/","url":"https:\/\/dev.antudigital.cl\/sites\/vc\/el-audiovisual-y-su-impulso-productivo-desde-la-corfo-charla-en-docsvalparaiso\/","name":"El audiovisual y su impulso productivo desde la Corfo: charla en DocsValpara\u00edso - Valpara\u00ed\u00adso Creativo","isPartOf":{"@id":"https:\/\/dev.antudigital.cl\/sites\/vc\/#website"},"primaryImageOfPage":{"@id":"https:\/\/dev.antudigital.cl\/sites\/vc\/el-audiovisual-y-su-impulso-productivo-desde-la-corfo-charla-en-docsvalparaiso\/#primaryimage"},"image":{"@id":"https:\/\/dev.antudigital.cl\/sites\/vc\/el-audiovisual-y-su-impulso-productivo-desde-la-corfo-charla-en-docsvalparaiso\/#primaryimage"},"thumbnailUrl":"https:\/\/dev.antudigital.cl\/sites\/vc\/wp-content\/uploads\/2020\/09\/WhatsApp-Image-2020-09-26-at-17.04.55.jpeg","datePublished":"2020-09-25T20:49:19+00:00","author":{"@id":"https:\/\/dev.antudigital.cl\/sites\/vc\/#\/schema\/person\/81d1dcd51abd542b5dfc00f5f951a0f1"},"breadcrumb":{"@id":"https:\/\/dev.antudigital.cl\/sites\/vc\/el-audiovisual-y-su-impulso-productivo-desde-la-corfo-charla-en-docsvalparaiso\/#breadcrumb"},"inLanguage":"es","potentialAction":[{"@type":"ReadAction","target":["https:\/\/dev.antudigital.cl\/sites\/vc\/el-audiovisual-y-su-impulso-productivo-desde-la-corfo-charla-en-docsvalparaiso\/"]}]},{"@type":"ImageObject","inLanguage":"es","@id":"https:\/\/dev.antudigital.cl\/sites\/vc\/el-audiovisual-y-su-impulso-productivo-desde-la-corfo-charla-en-docsvalparaiso\/#primaryimage","url":"https:\/\/dev.antudigital.cl\/sites\/vc\/wp-content\/uploads\/2020\/09\/WhatsApp-Image-2020-09-26-at-17.04.55.jpeg","contentUrl":"https:\/\/dev.antudigital.cl\/sites\/vc\/wp-content\/uploads\/2020\/09\/WhatsApp-Image-2020-09-26-at-17.04.55.jpeg","width":1024,"height":576},{"@type":"BreadcrumbList","@id":"https:\/\/dev.antudigital.cl\/sites\/vc\/el-audiovisual-y-su-impulso-productivo-desde-la-corfo-charla-en-docsvalparaiso\/#breadcrumb","itemListElement":[{"@type":"ListItem","position":1,"name":"Home","item":"https:\/\/dev.antudigital.cl\/sites\/vc\/"},{"@type":"ListItem","position":2,"name":"El audiovisual y su impulso productivo desde la Corfo: charla en DocsValpara\u00edso"}]},{"@type":"WebSite","@id":"https:\/\/dev.antudigital.cl\/sites\/vc\/#website","url":"https:\/\/dev.antudigital.cl\/sites\/vc\/","name":"Valpara\u00ed\u00adso Creativo","description":"","potentialAction":[{"@type":"SearchAction","target":{"@type":"EntryPoint","urlTemplate":"https:\/\/dev.antudigital.cl\/sites\/vc\/?s={search_term_string}"},"query-input":{"@type":"PropertyValueSpecification","valueRequired":true,"valueName":"search_term_string"}}],"inLanguage":"es"},{"@type":"Person","@id":"https:\/\/dev.antudigital.cl\/sites\/vc\/#\/schema\/person\/81d1dcd51abd542b5dfc00f5f951a0f1","name":"Valparaiso Creativo","url":"https:\/\/dev.antudigital.cl\/sites\/vc\/author\/valparaiso-creativo\/"}]}},"_links":{"self":[{"href":"https:\/\/dev.antudigital.cl\/sites\/vc\/wp-json\/wp\/v2\/posts\/8664","targetHints":{"allow":["GET"]}}],"collection":[{"href":"https:\/\/dev.antudigital.cl\/sites\/vc\/wp-json\/wp\/v2\/posts"}],"about":[{"href":"https:\/\/dev.antudigital.cl\/sites\/vc\/wp-json\/wp\/v2\/types\/post"}],"author":[{"embeddable":true,"href":"https:\/\/dev.antudigital.cl\/sites\/vc\/wp-json\/wp\/v2\/users\/3"}],"replies":[{"embeddable":true,"href":"https:\/\/dev.antudigital.cl\/sites\/vc\/wp-json\/wp\/v2\/comments?post=8664"}],"version-history":[{"count":0,"href":"https:\/\/dev.antudigital.cl\/sites\/vc\/wp-json\/wp\/v2\/posts\/8664\/revisions"}],"wp:featuredmedia":[{"embeddable":true,"href":"https:\/\/dev.antudigital.cl\/sites\/vc\/wp-json\/wp\/v2\/media\/8665"}],"wp:attachment":[{"href":"https:\/\/dev.antudigital.cl\/sites\/vc\/wp-json\/wp\/v2\/media?parent=8664"}],"wp:term":[{"taxonomy":"category","embeddable":true,"href":"https:\/\/dev.antudigital.cl\/sites\/vc\/wp-json\/wp\/v2\/categories?post=8664"},{"taxonomy":"post_tag","embeddable":true,"href":"https:\/\/dev.antudigital.cl\/sites\/vc\/wp-json\/wp\/v2\/tags?post=8664"}],"curies":[{"name":"wp","href":"https:\/\/api.w.org\/{rel}","templated":true}]}}