{"id":8669,"date":"2020-09-25T20:19:01","date_gmt":"2020-09-25T20:19:01","guid":{"rendered":"https:\/\/www.valparaisocreativo.cl\/?p=5207"},"modified":"2021-12-25T18:55:59","modified_gmt":"2021-12-25T18:55:59","slug":"antonia-valenzuela-estos-meses-de-cuarentena-demuestras-la-importancia-de-la-cultura","status":"publish","type":"post","link":"https:\/\/dev.antudigital.cl\/sites\/vc\/antonia-valenzuela-estos-meses-de-cuarentena-demuestras-la-importancia-de-la-cultura\/","title":{"rendered":"Antonia Valenzuela: \u00abEstos meses de cuarentena demuestran la importancia de la cultura\u00bb"},"content":{"rendered":"<p><span style=\"font-weight: 400;\"><strong>Antonia Valenzuela<\/strong> es productora ejecutiva del <a href=\"https:\/\/www.docsvalparaiso.com\/actividades\/conversacion-con-valparaiso-creativo\/\">Festival DocsValpara\u00edso<\/a>, que este 2020 vuelve con una renovada cuarta versi\u00f3n, su primera en l\u00ednea. Desde el 2004 est\u00e1n activos y transformando la escena audiovisual local, a trav\u00e9s de su labor, destacando el trabajo que anteriormente hicieron en SurDocs.\u00a0<\/span><\/p>\n<p><span style=\"font-weight: 400;\">Despu\u00e9s de conocer a Joan Gonz\u00e1lez, la mente tras DocsBarcelona, generaron un v\u00ednculo que deriv\u00f3 en la implementaci\u00f3n de ese modelo en Valpara\u00edso, hasta que el a\u00f1o pasado cambiaron su nombre.\u00a0<\/span><\/p>\n<p><span style=\"font-weight: 400;\">\u201c<em>Esa vinculaci\u00f3n inicial nos permiti\u00f3 apostar por ese proyecto y en ning\u00fan caso quisimos parar\u201d<\/em>, comenta Antonia, quien ha trabajado todos estos a\u00f1os en la gesti\u00f3n del Festival. Su programaci\u00f3n combina proyecciones documentales nacionales, con resultados de las convocatorias, y un espacio de talleres. Adem\u00e1s de la formaci\u00f3n de p\u00fablicos y el v\u00ednculo con las audiencias escolares.<\/span><\/p>\n<p>&nbsp;<\/p>\n<p><b>&#8211; \u00bfC\u00f3mo fue la organizaci\u00f3n de esta versi\u00f3n virtual?<\/b><\/p>\n<p><span style=\"font-weight: 400;\">&#8211; Para nuestra suerte la versi\u00f3n en Barcelona va en mayo, entonces fueron un antecedente en c\u00f3mo hab\u00eda que hacerlo, cu\u00e1les eran las metas, c\u00f3mo desarrollar las otras instancias adem\u00e1s del visionado de manera <\/span><i><span style=\"font-weight: 400;\">online.<\/span><\/i><span style=\"font-weight: 400;\"> Poder seleccionar algo que tuviese espacio particular en el Festival, con estrenos, es un desaf\u00edo siempre.<\/span><\/p>\n<p><span style=\"font-weight: 400;\">Quisimos apostar por estrategias para que las audiencias nos elijan. Tuvimos que rearmar la web para que fuese amigable y sencilla. Tuvimos que adaptarnos, pero nos lanzamos.<\/span><\/p>\n<p>&nbsp;<\/p>\n<p><b>&#8211; \u00bfC\u00f3mo pensaron su programaci\u00f3n?<\/b><\/p>\n<p><span style=\"font-weight: 400;\">&#8211; Pensamos que una forma muy efectiva de dar nuestra programaci\u00f3n, tiene que ver con las l\u00edneas curatoriales que tenemos: contingente, pel\u00edculas que tengan buena llegada al p\u00fablico. Nuestra mirada es poder llegar a un p\u00fablico transversal. Mediana edad, ni\u00f1os, que todos encuentren un espacio y salgan con la experiencia de haberse llevado algo potente.\u00a0<\/span><\/p>\n<p><span style=\"font-weight: 400;\">Las Masterclass y ponencias las grabamos para un mejor funcionamiento. Adem\u00e1s, el transmitir en l\u00ednea nos abre la oportunidad de extender la programaci\u00f3n a todo Chile, y hay material de todas partes del pa\u00eds.<\/span><\/p>\n<p><img fetchpriority=\"high\" decoding=\"async\" class=\"alignleft size-medium wp-image-5209\" src=\"https:\/\/www.valparaisocreativo.cl\/wp-content\/uploads\/2020\/09\/Prensa-DocsValpo-300x199.jpg\" alt=\"\" width=\"300\" height=\"199\" \/><\/p>\n<p><b>&#8211; \u00bfCu\u00e1les han sido los mayores obst\u00e1culos en este desarrollo del Festival?<\/b><\/p>\n<p><span style=\"font-weight: 400;\">&#8211; Creo que hoy en d\u00eda tenemos que competir con mucho contenido interesante. Hay dificultades en t\u00e9rminos comunicacionales. Ahora que es digital, hay muchos est\u00edmulos en l\u00ednea, un primer obst\u00e1culo es la cantidad de contenido a disposici\u00f3n. La apuesta es tener una pel\u00edcula para cada persona,, poder encontrar con cada documental a los interesados. Creo que e hecho de que no sea s\u00f3lo en la sala y que est\u00e9 con alcance nacional tambi\u00e9n lo vuelve interesante.<\/span><\/p>\n<p>&nbsp;<\/p>\n<p><b>&#8211; \u00bfQu\u00e9 piensas sobre el escenario actual de la cultura, la crisis constante y que se agudiza en la pandemia?\u00a0<\/b><\/p>\n<p><span style=\"font-weight: 400;\">&#8211; Creo que lo que ha arrojado todos estos meses de cuarentena, es la importancia del contenido cultural. Es lo que nos tiene en pie en t\u00e9rminos emocionales, mentales, es lo que nos entretiene, lo que nos hace pensar. Tiene una importancia que las autoridades deber\u00edan tomar en cuenta: la importancia y el trabajo que hay cada tras pieza. Hay una industria grande que se mueve y que hoy m\u00e1s que nunca le ha hecho el soporte de esta situaci\u00f3n y espero que eso se vea reflejado en los fondos disponibles. El presupuesto en cultura es muy bajito, deber\u00eda haber m\u00e1s fomento.\u00a0<\/span><\/p>\n<p>&nbsp;<\/p>\n<p><b>&#8211; \u00bfCu\u00e1les son sus actuales desaf\u00edos?<\/b><\/p>\n<p><span style=\"font-weight: 400;\">&#8211; El 2018 fue la \u00faltima versi\u00f3n presencial, y quedamos impresionados. Subimos un 150% en audiencia. Eso fue un impulso muy grande. Creo que todav\u00eda nos queda mucho trabajo por hacer, poder vincularnos todav\u00eda m\u00e1s con proyectos, y dar cabida a nuevas opciones y formatos. Hoy usamos otras plataformas. Todav\u00eda nos queda un camino grande para poder posicionarnos ac\u00e1, y queremos ser un Festival referente en Latinoam\u00e9rica.\u00a0<\/span><\/p>\n<p><span style=\"font-weight: 400;\">Vamos paso a paso pero firme. Estamos confiados en que la Regi\u00f3n nos d\u00e9 el aguante y podamos seguir haci\u00e9ndolo a\u00f1o a a\u00f1o, ese es nuestro objetivo. <\/span><\/p>\n","protected":false},"excerpt":{"rendered":"<p>Antonia Valenzuela es productora ejecutiva del Festival DocsValpara\u00edso, que este 2020 vuelve con una renovada cuarta versi\u00f3n, su primera en l\u00ednea. Desde el 2004 est\u00e1n activos y transformando la escena audiovisual local, a trav\u00e9s de su labor, destacando el trabajo que anteriormente hicieron en SurDocs.\u00a0 Despu\u00e9s de conocer a Joan Gonz\u00e1lez, la mente tras DocsBarcelona, [&hellip;]<\/p>\n","protected":false},"author":3,"featured_media":8671,"comment_status":"closed","ping_status":"closed","sticky":false,"template":"","format":"standard","meta":{"_acf_changed":false,"footnotes":""},"categories":[8],"tags":[],"class_list":["post-8669","post","type-post","status-publish","format-standard","has-post-thumbnail","hentry","category-noticia"],"acf":[],"yoast_head":"<!-- This site is optimized with the Yoast SEO plugin v27.1.1 - https:\/\/yoast.com\/product\/yoast-seo-wordpress\/ -->\n<title>Antonia Valenzuela: &quot;Estos meses de cuarentena demuestran la importancia de la cultura&quot; - Valpara\u00ed\u00adso Creativo<\/title>\n<meta name=\"robots\" content=\"index, follow, max-snippet:-1, max-image-preview:large, max-video-preview:-1\" \/>\n<link rel=\"canonical\" href=\"https:\/\/dev.antudigital.cl\/sites\/vc\/antonia-valenzuela-estos-meses-de-cuarentena-demuestras-la-importancia-de-la-cultura\/\" \/>\n<meta property=\"og:locale\" content=\"es_ES\" \/>\n<meta property=\"og:type\" content=\"article\" \/>\n<meta property=\"og:title\" content=\"Antonia Valenzuela: &quot;Estos meses de cuarentena demuestran la importancia de la cultura&quot; - Valpara\u00ed\u00adso Creativo\" \/>\n<meta property=\"og:description\" content=\"Antonia Valenzuela es productora ejecutiva del Festival DocsValpara\u00edso, que este 2020 vuelve con una renovada cuarta versi\u00f3n, su primera en l\u00ednea. Desde el 2004 est\u00e1n activos y transformando la escena audiovisual local, a trav\u00e9s de su labor, destacando el trabajo que anteriormente hicieron en SurDocs.\u00a0 Despu\u00e9s de conocer a Joan Gonz\u00e1lez, la mente tras DocsBarcelona, [&hellip;]\" \/>\n<meta property=\"og:url\" content=\"https:\/\/dev.antudigital.cl\/sites\/vc\/antonia-valenzuela-estos-meses-de-cuarentena-demuestras-la-importancia-de-la-cultura\/\" \/>\n<meta property=\"og:site_name\" content=\"Valpara\u00ed\u00adso Creativo\" \/>\n<meta property=\"article:published_time\" content=\"2020-09-25T20:19:01+00:00\" \/>\n<meta property=\"article:modified_time\" content=\"2021-12-25T18:55:59+00:00\" \/>\n<meta property=\"og:image\" content=\"https:\/\/dev.antudigital.cl\/sites\/vc\/wp-content\/uploads\/2020\/09\/Docsvalpo-1.jpg\" \/>\n\t<meta property=\"og:image:width\" content=\"1000\" \/>\n\t<meta property=\"og:image:height\" content=\"664\" \/>\n\t<meta property=\"og:image:type\" content=\"image\/jpeg\" \/>\n<meta name=\"author\" content=\"Valparaiso Creativo\" \/>\n<meta name=\"twitter:card\" content=\"summary_large_image\" \/>\n<meta name=\"twitter:label1\" content=\"Escrito por\" \/>\n\t<meta name=\"twitter:data1\" content=\"Valparaiso Creativo\" \/>\n\t<meta name=\"twitter:label2\" content=\"Tiempo de lectura\" \/>\n\t<meta name=\"twitter:data2\" content=\"3 minutos\" \/>\n<script type=\"application\/ld+json\" class=\"yoast-schema-graph\">{\"@context\":\"https:\/\/schema.org\",\"@graph\":[{\"@type\":\"Article\",\"@id\":\"https:\/\/dev.antudigital.cl\/sites\/vc\/antonia-valenzuela-estos-meses-de-cuarentena-demuestras-la-importancia-de-la-cultura\/#article\",\"isPartOf\":{\"@id\":\"https:\/\/dev.antudigital.cl\/sites\/vc\/antonia-valenzuela-estos-meses-de-cuarentena-demuestras-la-importancia-de-la-cultura\/\"},\"author\":{\"name\":\"Valparaiso Creativo\",\"@id\":\"https:\/\/dev.antudigital.cl\/sites\/vc\/#\/schema\/person\/81d1dcd51abd542b5dfc00f5f951a0f1\"},\"headline\":\"Antonia Valenzuela: \u00abEstos meses de cuarentena demuestran la importancia de la cultura\u00bb\",\"datePublished\":\"2020-09-25T20:19:01+00:00\",\"dateModified\":\"2021-12-25T18:55:59+00:00\",\"mainEntityOfPage\":{\"@id\":\"https:\/\/dev.antudigital.cl\/sites\/vc\/antonia-valenzuela-estos-meses-de-cuarentena-demuestras-la-importancia-de-la-cultura\/\"},\"wordCount\":707,\"image\":{\"@id\":\"https:\/\/dev.antudigital.cl\/sites\/vc\/antonia-valenzuela-estos-meses-de-cuarentena-demuestras-la-importancia-de-la-cultura\/#primaryimage\"},\"thumbnailUrl\":\"https:\/\/dev.antudigital.cl\/sites\/vc\/wp-content\/uploads\/2020\/09\/Docsvalpo-1.jpg\",\"articleSection\":[\"Noticia\"],\"inLanguage\":\"es\"},{\"@type\":\"WebPage\",\"@id\":\"https:\/\/dev.antudigital.cl\/sites\/vc\/antonia-valenzuela-estos-meses-de-cuarentena-demuestras-la-importancia-de-la-cultura\/\",\"url\":\"https:\/\/dev.antudigital.cl\/sites\/vc\/antonia-valenzuela-estos-meses-de-cuarentena-demuestras-la-importancia-de-la-cultura\/\",\"name\":\"Antonia Valenzuela: \\\"Estos meses de cuarentena demuestran la importancia de la cultura\\\" - Valpara\u00ed\u00adso Creativo\",\"isPartOf\":{\"@id\":\"https:\/\/dev.antudigital.cl\/sites\/vc\/#website\"},\"primaryImageOfPage\":{\"@id\":\"https:\/\/dev.antudigital.cl\/sites\/vc\/antonia-valenzuela-estos-meses-de-cuarentena-demuestras-la-importancia-de-la-cultura\/#primaryimage\"},\"image\":{\"@id\":\"https:\/\/dev.antudigital.cl\/sites\/vc\/antonia-valenzuela-estos-meses-de-cuarentena-demuestras-la-importancia-de-la-cultura\/#primaryimage\"},\"thumbnailUrl\":\"https:\/\/dev.antudigital.cl\/sites\/vc\/wp-content\/uploads\/2020\/09\/Docsvalpo-1.jpg\",\"datePublished\":\"2020-09-25T20:19:01+00:00\",\"dateModified\":\"2021-12-25T18:55:59+00:00\",\"author\":{\"@id\":\"https:\/\/dev.antudigital.cl\/sites\/vc\/#\/schema\/person\/81d1dcd51abd542b5dfc00f5f951a0f1\"},\"breadcrumb\":{\"@id\":\"https:\/\/dev.antudigital.cl\/sites\/vc\/antonia-valenzuela-estos-meses-de-cuarentena-demuestras-la-importancia-de-la-cultura\/#breadcrumb\"},\"inLanguage\":\"es\",\"potentialAction\":[{\"@type\":\"ReadAction\",\"target\":[\"https:\/\/dev.antudigital.cl\/sites\/vc\/antonia-valenzuela-estos-meses-de-cuarentena-demuestras-la-importancia-de-la-cultura\/\"]}]},{\"@type\":\"ImageObject\",\"inLanguage\":\"es\",\"@id\":\"https:\/\/dev.antudigital.cl\/sites\/vc\/antonia-valenzuela-estos-meses-de-cuarentena-demuestras-la-importancia-de-la-cultura\/#primaryimage\",\"url\":\"https:\/\/dev.antudigital.cl\/sites\/vc\/wp-content\/uploads\/2020\/09\/Docsvalpo-1.jpg\",\"contentUrl\":\"https:\/\/dev.antudigital.cl\/sites\/vc\/wp-content\/uploads\/2020\/09\/Docsvalpo-1.jpg\",\"width\":1000,\"height\":664},{\"@type\":\"BreadcrumbList\",\"@id\":\"https:\/\/dev.antudigital.cl\/sites\/vc\/antonia-valenzuela-estos-meses-de-cuarentena-demuestras-la-importancia-de-la-cultura\/#breadcrumb\",\"itemListElement\":[{\"@type\":\"ListItem\",\"position\":1,\"name\":\"Home\",\"item\":\"https:\/\/dev.antudigital.cl\/sites\/vc\/\"},{\"@type\":\"ListItem\",\"position\":2,\"name\":\"Antonia Valenzuela: \u00abEstos meses de cuarentena demuestran la importancia de la cultura\u00bb\"}]},{\"@type\":\"WebSite\",\"@id\":\"https:\/\/dev.antudigital.cl\/sites\/vc\/#website\",\"url\":\"https:\/\/dev.antudigital.cl\/sites\/vc\/\",\"name\":\"Valpara\u00ed\u00adso Creativo\",\"description\":\"\",\"potentialAction\":[{\"@type\":\"SearchAction\",\"target\":{\"@type\":\"EntryPoint\",\"urlTemplate\":\"https:\/\/dev.antudigital.cl\/sites\/vc\/?s={search_term_string}\"},\"query-input\":{\"@type\":\"PropertyValueSpecification\",\"valueRequired\":true,\"valueName\":\"search_term_string\"}}],\"inLanguage\":\"es\"},{\"@type\":\"Person\",\"@id\":\"https:\/\/dev.antudigital.cl\/sites\/vc\/#\/schema\/person\/81d1dcd51abd542b5dfc00f5f951a0f1\",\"name\":\"Valparaiso Creativo\",\"url\":\"https:\/\/dev.antudigital.cl\/sites\/vc\/author\/valparaiso-creativo\/\"}]}<\/script>\n<!-- \/ Yoast SEO plugin. -->","yoast_head_json":{"title":"Antonia Valenzuela: \"Estos meses de cuarentena demuestran la importancia de la cultura\" - Valpara\u00ed\u00adso Creativo","robots":{"index":"index","follow":"follow","max-snippet":"max-snippet:-1","max-image-preview":"max-image-preview:large","max-video-preview":"max-video-preview:-1"},"canonical":"https:\/\/dev.antudigital.cl\/sites\/vc\/antonia-valenzuela-estos-meses-de-cuarentena-demuestras-la-importancia-de-la-cultura\/","og_locale":"es_ES","og_type":"article","og_title":"Antonia Valenzuela: \"Estos meses de cuarentena demuestran la importancia de la cultura\" - Valpara\u00ed\u00adso Creativo","og_description":"Antonia Valenzuela es productora ejecutiva del Festival DocsValpara\u00edso, que este 2020 vuelve con una renovada cuarta versi\u00f3n, su primera en l\u00ednea. Desde el 2004 est\u00e1n activos y transformando la escena audiovisual local, a trav\u00e9s de su labor, destacando el trabajo que anteriormente hicieron en SurDocs.\u00a0 Despu\u00e9s de conocer a Joan Gonz\u00e1lez, la mente tras DocsBarcelona, [&hellip;]","og_url":"https:\/\/dev.antudigital.cl\/sites\/vc\/antonia-valenzuela-estos-meses-de-cuarentena-demuestras-la-importancia-de-la-cultura\/","og_site_name":"Valpara\u00ed\u00adso Creativo","article_published_time":"2020-09-25T20:19:01+00:00","article_modified_time":"2021-12-25T18:55:59+00:00","og_image":[{"width":1000,"height":664,"url":"https:\/\/dev.antudigital.cl\/sites\/vc\/wp-content\/uploads\/2020\/09\/Docsvalpo-1.jpg","type":"image\/jpeg"}],"author":"Valparaiso Creativo","twitter_card":"summary_large_image","twitter_misc":{"Escrito por":"Valparaiso Creativo","Tiempo de lectura":"3 minutos"},"schema":{"@context":"https:\/\/schema.org","@graph":[{"@type":"Article","@id":"https:\/\/dev.antudigital.cl\/sites\/vc\/antonia-valenzuela-estos-meses-de-cuarentena-demuestras-la-importancia-de-la-cultura\/#article","isPartOf":{"@id":"https:\/\/dev.antudigital.cl\/sites\/vc\/antonia-valenzuela-estos-meses-de-cuarentena-demuestras-la-importancia-de-la-cultura\/"},"author":{"name":"Valparaiso Creativo","@id":"https:\/\/dev.antudigital.cl\/sites\/vc\/#\/schema\/person\/81d1dcd51abd542b5dfc00f5f951a0f1"},"headline":"Antonia Valenzuela: \u00abEstos meses de cuarentena demuestran la importancia de la cultura\u00bb","datePublished":"2020-09-25T20:19:01+00:00","dateModified":"2021-12-25T18:55:59+00:00","mainEntityOfPage":{"@id":"https:\/\/dev.antudigital.cl\/sites\/vc\/antonia-valenzuela-estos-meses-de-cuarentena-demuestras-la-importancia-de-la-cultura\/"},"wordCount":707,"image":{"@id":"https:\/\/dev.antudigital.cl\/sites\/vc\/antonia-valenzuela-estos-meses-de-cuarentena-demuestras-la-importancia-de-la-cultura\/#primaryimage"},"thumbnailUrl":"https:\/\/dev.antudigital.cl\/sites\/vc\/wp-content\/uploads\/2020\/09\/Docsvalpo-1.jpg","articleSection":["Noticia"],"inLanguage":"es"},{"@type":"WebPage","@id":"https:\/\/dev.antudigital.cl\/sites\/vc\/antonia-valenzuela-estos-meses-de-cuarentena-demuestras-la-importancia-de-la-cultura\/","url":"https:\/\/dev.antudigital.cl\/sites\/vc\/antonia-valenzuela-estos-meses-de-cuarentena-demuestras-la-importancia-de-la-cultura\/","name":"Antonia Valenzuela: \"Estos meses de cuarentena demuestran la importancia de la cultura\" - Valpara\u00ed\u00adso Creativo","isPartOf":{"@id":"https:\/\/dev.antudigital.cl\/sites\/vc\/#website"},"primaryImageOfPage":{"@id":"https:\/\/dev.antudigital.cl\/sites\/vc\/antonia-valenzuela-estos-meses-de-cuarentena-demuestras-la-importancia-de-la-cultura\/#primaryimage"},"image":{"@id":"https:\/\/dev.antudigital.cl\/sites\/vc\/antonia-valenzuela-estos-meses-de-cuarentena-demuestras-la-importancia-de-la-cultura\/#primaryimage"},"thumbnailUrl":"https:\/\/dev.antudigital.cl\/sites\/vc\/wp-content\/uploads\/2020\/09\/Docsvalpo-1.jpg","datePublished":"2020-09-25T20:19:01+00:00","dateModified":"2021-12-25T18:55:59+00:00","author":{"@id":"https:\/\/dev.antudigital.cl\/sites\/vc\/#\/schema\/person\/81d1dcd51abd542b5dfc00f5f951a0f1"},"breadcrumb":{"@id":"https:\/\/dev.antudigital.cl\/sites\/vc\/antonia-valenzuela-estos-meses-de-cuarentena-demuestras-la-importancia-de-la-cultura\/#breadcrumb"},"inLanguage":"es","potentialAction":[{"@type":"ReadAction","target":["https:\/\/dev.antudigital.cl\/sites\/vc\/antonia-valenzuela-estos-meses-de-cuarentena-demuestras-la-importancia-de-la-cultura\/"]}]},{"@type":"ImageObject","inLanguage":"es","@id":"https:\/\/dev.antudigital.cl\/sites\/vc\/antonia-valenzuela-estos-meses-de-cuarentena-demuestras-la-importancia-de-la-cultura\/#primaryimage","url":"https:\/\/dev.antudigital.cl\/sites\/vc\/wp-content\/uploads\/2020\/09\/Docsvalpo-1.jpg","contentUrl":"https:\/\/dev.antudigital.cl\/sites\/vc\/wp-content\/uploads\/2020\/09\/Docsvalpo-1.jpg","width":1000,"height":664},{"@type":"BreadcrumbList","@id":"https:\/\/dev.antudigital.cl\/sites\/vc\/antonia-valenzuela-estos-meses-de-cuarentena-demuestras-la-importancia-de-la-cultura\/#breadcrumb","itemListElement":[{"@type":"ListItem","position":1,"name":"Home","item":"https:\/\/dev.antudigital.cl\/sites\/vc\/"},{"@type":"ListItem","position":2,"name":"Antonia Valenzuela: \u00abEstos meses de cuarentena demuestran la importancia de la cultura\u00bb"}]},{"@type":"WebSite","@id":"https:\/\/dev.antudigital.cl\/sites\/vc\/#website","url":"https:\/\/dev.antudigital.cl\/sites\/vc\/","name":"Valpara\u00ed\u00adso Creativo","description":"","potentialAction":[{"@type":"SearchAction","target":{"@type":"EntryPoint","urlTemplate":"https:\/\/dev.antudigital.cl\/sites\/vc\/?s={search_term_string}"},"query-input":{"@type":"PropertyValueSpecification","valueRequired":true,"valueName":"search_term_string"}}],"inLanguage":"es"},{"@type":"Person","@id":"https:\/\/dev.antudigital.cl\/sites\/vc\/#\/schema\/person\/81d1dcd51abd542b5dfc00f5f951a0f1","name":"Valparaiso Creativo","url":"https:\/\/dev.antudigital.cl\/sites\/vc\/author\/valparaiso-creativo\/"}]}},"_links":{"self":[{"href":"https:\/\/dev.antudigital.cl\/sites\/vc\/wp-json\/wp\/v2\/posts\/8669","targetHints":{"allow":["GET"]}}],"collection":[{"href":"https:\/\/dev.antudigital.cl\/sites\/vc\/wp-json\/wp\/v2\/posts"}],"about":[{"href":"https:\/\/dev.antudigital.cl\/sites\/vc\/wp-json\/wp\/v2\/types\/post"}],"author":[{"embeddable":true,"href":"https:\/\/dev.antudigital.cl\/sites\/vc\/wp-json\/wp\/v2\/users\/3"}],"replies":[{"embeddable":true,"href":"https:\/\/dev.antudigital.cl\/sites\/vc\/wp-json\/wp\/v2\/comments?post=8669"}],"version-history":[{"count":1,"href":"https:\/\/dev.antudigital.cl\/sites\/vc\/wp-json\/wp\/v2\/posts\/8669\/revisions"}],"predecessor-version":[{"id":8676,"href":"https:\/\/dev.antudigital.cl\/sites\/vc\/wp-json\/wp\/v2\/posts\/8669\/revisions\/8676"}],"wp:featuredmedia":[{"embeddable":true,"href":"https:\/\/dev.antudigital.cl\/sites\/vc\/wp-json\/wp\/v2\/media\/8671"}],"wp:attachment":[{"href":"https:\/\/dev.antudigital.cl\/sites\/vc\/wp-json\/wp\/v2\/media?parent=8669"}],"wp:term":[{"taxonomy":"category","embeddable":true,"href":"https:\/\/dev.antudigital.cl\/sites\/vc\/wp-json\/wp\/v2\/categories?post=8669"},{"taxonomy":"post_tag","embeddable":true,"href":"https:\/\/dev.antudigital.cl\/sites\/vc\/wp-json\/wp\/v2\/tags?post=8669"}],"curies":[{"name":"wp","href":"https:\/\/api.w.org\/{rel}","templated":true}]}}