{"id":8690,"date":"2020-09-15T20:04:13","date_gmt":"2020-09-15T20:04:13","guid":{"rendered":"https:\/\/www.valparaisocreativo.cl\/?p=5163"},"modified":"2020-09-15T20:04:13","modified_gmt":"2020-09-15T20:04:13","slug":"el-diseno-nacional-se-reune-en-linea-para-mi-casa-design","status":"publish","type":"post","link":"https:\/\/dev.antudigital.cl\/sites\/vc\/el-diseno-nacional-se-reune-en-linea-para-mi-casa-design\/","title":{"rendered":"El dise\u00f1o nacional se re\u00fane en l\u00ednea para \u00abMi casa Design\u00bb"},"content":{"rendered":"<p>Chimbarongo es reconocida como la Capital del Mimbre. Una de las Ciudades Artesanales del mundo, que desde la regi\u00f3n de O&#8217;Higgins no suelta su tradici\u00f3n, que se ha mantenido por generaciones. Es por esto que la Cooperativa del Mimbre de Niebla invita al evento\u00a0<strong>Mi casa Design,\u00a0<\/strong>en l\u00ednea y gratuito y que pretende ser una puerta para las creaciones actuales que la comuna tiene por ofrecer.<\/p>\n<p>\u201cEl evento de alguna forma nos conectar\u00e1 con aquellos recuerdos de viajes y paseos familiares en los que pasamos por Chimbarongo y visitamos ese lugar tan caracter\u00edstico al costado de la carretera con los puestos de los artesanos\u201d, reflexion\u00f3 el ingeniero comercial, <strong>Mauricio Lorca, <\/strong>quien\u00a0es hijo de mimbreros y el a\u00f1o pasado se convirti\u00f3 en\u00a0<strong>fundador y gerente de la cooperativa<\/strong>.<\/p>\n<p>En el encuentro, financiado por Sercotec, los artesanos mostrar\u00e1n sus productos y conversar\u00e1n acerca de sus experiencias. Por otra parte, destacados expositores abordar\u00e1n distintas tem\u00e1ticas sobre decoraci\u00f3n y dise\u00f1o de interiores: \u201cLa importancia de definir un estilo\u201d, a cargo del <strong>arquitecto y<\/strong>\u00a0<strong>dise\u00f1ador Gonzalo Andrade<\/strong>; \u201cEspacios peque\u00f1os: \u00bfc\u00f3mo hacer que un espacio se vea m\u00e1s grande\u201d con\u00a0<strong>Paola Espinoza, directora y fundadora de Latif<\/strong>\u00a0<strong>Dor\u00e9<\/strong>; \u201cErrores comunes en decoraci\u00f3n y asesor\u00eda online\u201d, junto a la<strong>\u00a0arquitecta e interiorista Pin Ant\u00fanez<\/strong>, y \u201cTips para modificar tu casa en cuarentena\u201d con\u00a0<strong>Paula Hern\u00e1ndez, fundadora de Concepto Morada<\/strong>.<\/p>\n<p><strong>\u201cMi casa Design\u201d<\/strong>\u00a0se transmitir\u00e1 el\u00a0<strong>viernes 25 y s\u00e1bado 26 de septiembre de 18:00 a 21:00 horas<\/strong>\u00a0a trav\u00e9s del Fanpage\u00a0<a href=\"https:\/\/www.facebook.com\/Mimbreentrenieblas\">@Mimbreentrenieblas<\/a>\u00a0y el Instagram\u00a0<a href=\"https:\/\/www.instagram.com\/mimbreentreniebla.cl\/\">@mimbrentreniebla.cl<\/a><\/p>\n","protected":false},"excerpt":{"rendered":"<p>Chimbarongo es reconocida como la Capital del Mimbre. Una de las Ciudades Artesanales del mundo, que desde la regi\u00f3n de O&#8217;Higgins no suelta su tradici\u00f3n, que se ha mantenido por generaciones. Es por esto que la Cooperativa del Mimbre de Niebla invita al evento\u00a0Mi casa Design,\u00a0en l\u00ednea y gratuito y que pretende ser una puerta [&hellip;]<\/p>\n","protected":false},"author":3,"featured_media":8691,"comment_status":"closed","ping_status":"closed","sticky":false,"template":"","format":"standard","meta":{"_acf_changed":false,"footnotes":""},"categories":[8],"tags":[],"class_list":["post-8690","post","type-post","status-publish","format-standard","has-post-thumbnail","hentry","category-noticia"],"acf":[],"yoast_head":"<!-- This site is optimized with the Yoast SEO plugin v27.1.1 - https:\/\/yoast.com\/product\/yoast-seo-wordpress\/ -->\n<title>El dise\u00f1o nacional se re\u00fane en l\u00ednea para &quot;Mi casa Design&quot; - Valpara\u00ed\u00adso Creativo<\/title>\n<meta name=\"robots\" content=\"index, follow, max-snippet:-1, max-image-preview:large, max-video-preview:-1\" \/>\n<link rel=\"canonical\" href=\"https:\/\/dev.antudigital.cl\/sites\/vc\/el-diseno-nacional-se-reune-en-linea-para-mi-casa-design\/\" \/>\n<meta property=\"og:locale\" content=\"es_ES\" \/>\n<meta property=\"og:type\" content=\"article\" \/>\n<meta property=\"og:title\" content=\"El dise\u00f1o nacional se re\u00fane en l\u00ednea para &quot;Mi casa Design&quot; - Valpara\u00ed\u00adso Creativo\" \/>\n<meta property=\"og:description\" content=\"Chimbarongo es reconocida como la Capital del Mimbre. Una de las Ciudades Artesanales del mundo, que desde la regi\u00f3n de O&#8217;Higgins no suelta su tradici\u00f3n, que se ha mantenido por generaciones. Es por esto que la Cooperativa del Mimbre de Niebla invita al evento\u00a0Mi casa Design,\u00a0en l\u00ednea y gratuito y que pretende ser una puerta [&hellip;]\" \/>\n<meta property=\"og:url\" content=\"https:\/\/dev.antudigital.cl\/sites\/vc\/el-diseno-nacional-se-reune-en-linea-para-mi-casa-design\/\" \/>\n<meta property=\"og:site_name\" content=\"Valpara\u00ed\u00adso Creativo\" \/>\n<meta property=\"article:published_time\" content=\"2020-09-15T20:04:13+00:00\" \/>\n<meta property=\"og:image\" content=\"https:\/\/dev.antudigital.cl\/sites\/vc\/wp-content\/uploads\/2020\/09\/MiCasa.png\" \/>\n\t<meta property=\"og:image:width\" content=\"1920\" \/>\n\t<meta property=\"og:image:height\" content=\"600\" \/>\n\t<meta property=\"og:image:type\" content=\"image\/png\" \/>\n<meta name=\"author\" content=\"Valparaiso Creativo\" \/>\n<meta name=\"twitter:card\" content=\"summary_large_image\" \/>\n<meta name=\"twitter:label1\" content=\"Escrito por\" \/>\n\t<meta name=\"twitter:data1\" content=\"Valparaiso Creativo\" \/>\n\t<meta name=\"twitter:label2\" content=\"Tiempo de lectura\" \/>\n\t<meta name=\"twitter:data2\" content=\"1 minuto\" \/>\n<script type=\"application\/ld+json\" class=\"yoast-schema-graph\">{\"@context\":\"https:\/\/schema.org\",\"@graph\":[{\"@type\":\"Article\",\"@id\":\"https:\/\/dev.antudigital.cl\/sites\/vc\/el-diseno-nacional-se-reune-en-linea-para-mi-casa-design\/#article\",\"isPartOf\":{\"@id\":\"https:\/\/dev.antudigital.cl\/sites\/vc\/el-diseno-nacional-se-reune-en-linea-para-mi-casa-design\/\"},\"author\":{\"name\":\"Valparaiso Creativo\",\"@id\":\"https:\/\/dev.antudigital.cl\/sites\/vc\/#\/schema\/person\/81d1dcd51abd542b5dfc00f5f951a0f1\"},\"headline\":\"El dise\u00f1o nacional se re\u00fane en l\u00ednea para \u00abMi casa Design\u00bb\",\"datePublished\":\"2020-09-15T20:04:13+00:00\",\"mainEntityOfPage\":{\"@id\":\"https:\/\/dev.antudigital.cl\/sites\/vc\/el-diseno-nacional-se-reune-en-linea-para-mi-casa-design\/\"},\"wordCount\":284,\"image\":{\"@id\":\"https:\/\/dev.antudigital.cl\/sites\/vc\/el-diseno-nacional-se-reune-en-linea-para-mi-casa-design\/#primaryimage\"},\"thumbnailUrl\":\"https:\/\/dev.antudigital.cl\/sites\/vc\/wp-content\/uploads\/2020\/09\/MiCasa.png\",\"articleSection\":[\"Noticia\"],\"inLanguage\":\"es\"},{\"@type\":\"WebPage\",\"@id\":\"https:\/\/dev.antudigital.cl\/sites\/vc\/el-diseno-nacional-se-reune-en-linea-para-mi-casa-design\/\",\"url\":\"https:\/\/dev.antudigital.cl\/sites\/vc\/el-diseno-nacional-se-reune-en-linea-para-mi-casa-design\/\",\"name\":\"El dise\u00f1o nacional se re\u00fane en l\u00ednea para \\\"Mi casa Design\\\" - Valpara\u00ed\u00adso Creativo\",\"isPartOf\":{\"@id\":\"https:\/\/dev.antudigital.cl\/sites\/vc\/#website\"},\"primaryImageOfPage\":{\"@id\":\"https:\/\/dev.antudigital.cl\/sites\/vc\/el-diseno-nacional-se-reune-en-linea-para-mi-casa-design\/#primaryimage\"},\"image\":{\"@id\":\"https:\/\/dev.antudigital.cl\/sites\/vc\/el-diseno-nacional-se-reune-en-linea-para-mi-casa-design\/#primaryimage\"},\"thumbnailUrl\":\"https:\/\/dev.antudigital.cl\/sites\/vc\/wp-content\/uploads\/2020\/09\/MiCasa.png\",\"datePublished\":\"2020-09-15T20:04:13+00:00\",\"author\":{\"@id\":\"https:\/\/dev.antudigital.cl\/sites\/vc\/#\/schema\/person\/81d1dcd51abd542b5dfc00f5f951a0f1\"},\"breadcrumb\":{\"@id\":\"https:\/\/dev.antudigital.cl\/sites\/vc\/el-diseno-nacional-se-reune-en-linea-para-mi-casa-design\/#breadcrumb\"},\"inLanguage\":\"es\",\"potentialAction\":[{\"@type\":\"ReadAction\",\"target\":[\"https:\/\/dev.antudigital.cl\/sites\/vc\/el-diseno-nacional-se-reune-en-linea-para-mi-casa-design\/\"]}]},{\"@type\":\"ImageObject\",\"inLanguage\":\"es\",\"@id\":\"https:\/\/dev.antudigital.cl\/sites\/vc\/el-diseno-nacional-se-reune-en-linea-para-mi-casa-design\/#primaryimage\",\"url\":\"https:\/\/dev.antudigital.cl\/sites\/vc\/wp-content\/uploads\/2020\/09\/MiCasa.png\",\"contentUrl\":\"https:\/\/dev.antudigital.cl\/sites\/vc\/wp-content\/uploads\/2020\/09\/MiCasa.png\",\"width\":1920,\"height\":600},{\"@type\":\"BreadcrumbList\",\"@id\":\"https:\/\/dev.antudigital.cl\/sites\/vc\/el-diseno-nacional-se-reune-en-linea-para-mi-casa-design\/#breadcrumb\",\"itemListElement\":[{\"@type\":\"ListItem\",\"position\":1,\"name\":\"Home\",\"item\":\"https:\/\/dev.antudigital.cl\/sites\/vc\/\"},{\"@type\":\"ListItem\",\"position\":2,\"name\":\"El dise\u00f1o nacional se re\u00fane en l\u00ednea para \u00abMi casa Design\u00bb\"}]},{\"@type\":\"WebSite\",\"@id\":\"https:\/\/dev.antudigital.cl\/sites\/vc\/#website\",\"url\":\"https:\/\/dev.antudigital.cl\/sites\/vc\/\",\"name\":\"Valpara\u00ed\u00adso Creativo\",\"description\":\"\",\"potentialAction\":[{\"@type\":\"SearchAction\",\"target\":{\"@type\":\"EntryPoint\",\"urlTemplate\":\"https:\/\/dev.antudigital.cl\/sites\/vc\/?s={search_term_string}\"},\"query-input\":{\"@type\":\"PropertyValueSpecification\",\"valueRequired\":true,\"valueName\":\"search_term_string\"}}],\"inLanguage\":\"es\"},{\"@type\":\"Person\",\"@id\":\"https:\/\/dev.antudigital.cl\/sites\/vc\/#\/schema\/person\/81d1dcd51abd542b5dfc00f5f951a0f1\",\"name\":\"Valparaiso Creativo\",\"url\":\"https:\/\/dev.antudigital.cl\/sites\/vc\/author\/valparaiso-creativo\/\"}]}<\/script>\n<!-- \/ Yoast SEO plugin. -->","yoast_head_json":{"title":"El dise\u00f1o nacional se re\u00fane en l\u00ednea para \"Mi casa Design\" - Valpara\u00ed\u00adso Creativo","robots":{"index":"index","follow":"follow","max-snippet":"max-snippet:-1","max-image-preview":"max-image-preview:large","max-video-preview":"max-video-preview:-1"},"canonical":"https:\/\/dev.antudigital.cl\/sites\/vc\/el-diseno-nacional-se-reune-en-linea-para-mi-casa-design\/","og_locale":"es_ES","og_type":"article","og_title":"El dise\u00f1o nacional se re\u00fane en l\u00ednea para \"Mi casa Design\" - Valpara\u00ed\u00adso Creativo","og_description":"Chimbarongo es reconocida como la Capital del Mimbre. Una de las Ciudades Artesanales del mundo, que desde la regi\u00f3n de O&#8217;Higgins no suelta su tradici\u00f3n, que se ha mantenido por generaciones. Es por esto que la Cooperativa del Mimbre de Niebla invita al evento\u00a0Mi casa Design,\u00a0en l\u00ednea y gratuito y que pretende ser una puerta [&hellip;]","og_url":"https:\/\/dev.antudigital.cl\/sites\/vc\/el-diseno-nacional-se-reune-en-linea-para-mi-casa-design\/","og_site_name":"Valpara\u00ed\u00adso Creativo","article_published_time":"2020-09-15T20:04:13+00:00","og_image":[{"width":1920,"height":600,"url":"https:\/\/dev.antudigital.cl\/sites\/vc\/wp-content\/uploads\/2020\/09\/MiCasa.png","type":"image\/png"}],"author":"Valparaiso Creativo","twitter_card":"summary_large_image","twitter_misc":{"Escrito por":"Valparaiso Creativo","Tiempo de lectura":"1 minuto"},"schema":{"@context":"https:\/\/schema.org","@graph":[{"@type":"Article","@id":"https:\/\/dev.antudigital.cl\/sites\/vc\/el-diseno-nacional-se-reune-en-linea-para-mi-casa-design\/#article","isPartOf":{"@id":"https:\/\/dev.antudigital.cl\/sites\/vc\/el-diseno-nacional-se-reune-en-linea-para-mi-casa-design\/"},"author":{"name":"Valparaiso Creativo","@id":"https:\/\/dev.antudigital.cl\/sites\/vc\/#\/schema\/person\/81d1dcd51abd542b5dfc00f5f951a0f1"},"headline":"El dise\u00f1o nacional se re\u00fane en l\u00ednea para \u00abMi casa Design\u00bb","datePublished":"2020-09-15T20:04:13+00:00","mainEntityOfPage":{"@id":"https:\/\/dev.antudigital.cl\/sites\/vc\/el-diseno-nacional-se-reune-en-linea-para-mi-casa-design\/"},"wordCount":284,"image":{"@id":"https:\/\/dev.antudigital.cl\/sites\/vc\/el-diseno-nacional-se-reune-en-linea-para-mi-casa-design\/#primaryimage"},"thumbnailUrl":"https:\/\/dev.antudigital.cl\/sites\/vc\/wp-content\/uploads\/2020\/09\/MiCasa.png","articleSection":["Noticia"],"inLanguage":"es"},{"@type":"WebPage","@id":"https:\/\/dev.antudigital.cl\/sites\/vc\/el-diseno-nacional-se-reune-en-linea-para-mi-casa-design\/","url":"https:\/\/dev.antudigital.cl\/sites\/vc\/el-diseno-nacional-se-reune-en-linea-para-mi-casa-design\/","name":"El dise\u00f1o nacional se re\u00fane en l\u00ednea para \"Mi casa Design\" - Valpara\u00ed\u00adso Creativo","isPartOf":{"@id":"https:\/\/dev.antudigital.cl\/sites\/vc\/#website"},"primaryImageOfPage":{"@id":"https:\/\/dev.antudigital.cl\/sites\/vc\/el-diseno-nacional-se-reune-en-linea-para-mi-casa-design\/#primaryimage"},"image":{"@id":"https:\/\/dev.antudigital.cl\/sites\/vc\/el-diseno-nacional-se-reune-en-linea-para-mi-casa-design\/#primaryimage"},"thumbnailUrl":"https:\/\/dev.antudigital.cl\/sites\/vc\/wp-content\/uploads\/2020\/09\/MiCasa.png","datePublished":"2020-09-15T20:04:13+00:00","author":{"@id":"https:\/\/dev.antudigital.cl\/sites\/vc\/#\/schema\/person\/81d1dcd51abd542b5dfc00f5f951a0f1"},"breadcrumb":{"@id":"https:\/\/dev.antudigital.cl\/sites\/vc\/el-diseno-nacional-se-reune-en-linea-para-mi-casa-design\/#breadcrumb"},"inLanguage":"es","potentialAction":[{"@type":"ReadAction","target":["https:\/\/dev.antudigital.cl\/sites\/vc\/el-diseno-nacional-se-reune-en-linea-para-mi-casa-design\/"]}]},{"@type":"ImageObject","inLanguage":"es","@id":"https:\/\/dev.antudigital.cl\/sites\/vc\/el-diseno-nacional-se-reune-en-linea-para-mi-casa-design\/#primaryimage","url":"https:\/\/dev.antudigital.cl\/sites\/vc\/wp-content\/uploads\/2020\/09\/MiCasa.png","contentUrl":"https:\/\/dev.antudigital.cl\/sites\/vc\/wp-content\/uploads\/2020\/09\/MiCasa.png","width":1920,"height":600},{"@type":"BreadcrumbList","@id":"https:\/\/dev.antudigital.cl\/sites\/vc\/el-diseno-nacional-se-reune-en-linea-para-mi-casa-design\/#breadcrumb","itemListElement":[{"@type":"ListItem","position":1,"name":"Home","item":"https:\/\/dev.antudigital.cl\/sites\/vc\/"},{"@type":"ListItem","position":2,"name":"El dise\u00f1o nacional se re\u00fane en l\u00ednea para \u00abMi casa Design\u00bb"}]},{"@type":"WebSite","@id":"https:\/\/dev.antudigital.cl\/sites\/vc\/#website","url":"https:\/\/dev.antudigital.cl\/sites\/vc\/","name":"Valpara\u00ed\u00adso Creativo","description":"","potentialAction":[{"@type":"SearchAction","target":{"@type":"EntryPoint","urlTemplate":"https:\/\/dev.antudigital.cl\/sites\/vc\/?s={search_term_string}"},"query-input":{"@type":"PropertyValueSpecification","valueRequired":true,"valueName":"search_term_string"}}],"inLanguage":"es"},{"@type":"Person","@id":"https:\/\/dev.antudigital.cl\/sites\/vc\/#\/schema\/person\/81d1dcd51abd542b5dfc00f5f951a0f1","name":"Valparaiso Creativo","url":"https:\/\/dev.antudigital.cl\/sites\/vc\/author\/valparaiso-creativo\/"}]}},"_links":{"self":[{"href":"https:\/\/dev.antudigital.cl\/sites\/vc\/wp-json\/wp\/v2\/posts\/8690","targetHints":{"allow":["GET"]}}],"collection":[{"href":"https:\/\/dev.antudigital.cl\/sites\/vc\/wp-json\/wp\/v2\/posts"}],"about":[{"href":"https:\/\/dev.antudigital.cl\/sites\/vc\/wp-json\/wp\/v2\/types\/post"}],"author":[{"embeddable":true,"href":"https:\/\/dev.antudigital.cl\/sites\/vc\/wp-json\/wp\/v2\/users\/3"}],"replies":[{"embeddable":true,"href":"https:\/\/dev.antudigital.cl\/sites\/vc\/wp-json\/wp\/v2\/comments?post=8690"}],"version-history":[{"count":0,"href":"https:\/\/dev.antudigital.cl\/sites\/vc\/wp-json\/wp\/v2\/posts\/8690\/revisions"}],"wp:featuredmedia":[{"embeddable":true,"href":"https:\/\/dev.antudigital.cl\/sites\/vc\/wp-json\/wp\/v2\/media\/8691"}],"wp:attachment":[{"href":"https:\/\/dev.antudigital.cl\/sites\/vc\/wp-json\/wp\/v2\/media?parent=8690"}],"wp:term":[{"taxonomy":"category","embeddable":true,"href":"https:\/\/dev.antudigital.cl\/sites\/vc\/wp-json\/wp\/v2\/categories?post=8690"},{"taxonomy":"post_tag","embeddable":true,"href":"https:\/\/dev.antudigital.cl\/sites\/vc\/wp-json\/wp\/v2\/tags?post=8690"}],"curies":[{"name":"wp","href":"https:\/\/api.w.org\/{rel}","templated":true}]}}