{"id":8701,"date":"2020-09-11T16:40:36","date_gmt":"2020-09-11T16:40:36","guid":{"rendered":"https:\/\/www.valparaisocreativo.cl\/?p=5133"},"modified":"2021-12-25T19:00:52","modified_gmt":"2021-12-25T19:00:52","slug":"sexto-concurso-nacional-de-booktubers-y-bookstagrammers","status":"publish","type":"post","link":"https:\/\/dev.antudigital.cl\/sites\/vc\/sexto-concurso-nacional-de-booktubers-y-bookstagrammers\/","title":{"rendered":"Sexto concurso nacional de Booktubers y Bookstagrammers"},"content":{"rendered":"<p>Por sexto a\u00f1o consecutivo se extiende esta convocatoria que promueve la creaci\u00f3n de rese\u00f1as literarias en diversos formatos. Esto dedicado a los usuarios y usuarias de la red de bibliotecas p\u00fablicas, bajo el lema\u00a0<em>Lee, graba y comparte en casa.<\/em><\/p>\n<p>Desde el 24 de agosto est\u00e1 en pie esta oportunidad, el Concurso Nacional de Booktbers de las Bibliotecas P\u00fablicas. A trav\u00e9s de esta, se pretende fomentar la lectura por medio de quienes generan difusi\u00f3n de obras literarias v\u00eda redes sociales. En especial, va dirigido para quienes lo hacen por las plataformas YouTube e Instagram.<\/p>\n<p>\u00abEsta iniciativa, a lo largo de sus distintas versiones, ha sido un \u00e9xito rotundo para acercar a ni\u00f1os, j\u00f3venes y adultos a la lectura y a las bibliotecas p\u00fablicas. Queremos realzar a\u00fan m\u00e1s la tecnolog\u00eda en favor de la lectura, y el acceso gratuito a las colecciones digitales que est\u00e1n a disposici\u00f3n de toda la comunidad\u00bb, dice Consuelo Vald\u00e9s, ministra de las Culturas, las Artes y el Patrimonio.<\/p>\n<p><img fetchpriority=\"high\" decoding=\"async\" class=\"alignleft size-medium wp-image-5135\" src=\"https:\/\/www.valparaisocreativo.cl\/wp-content\/uploads\/2020\/09\/Captura-de-Pantalla-2020-09-11-a-las-16.37.02-300x179.png\" alt=\"\" width=\"300\" height=\"179\" \/>El certamen pretende acercar la lectura a todos los segmentos y edades. Esto a trav\u00e9s de plataformas digitales durante el presente a\u00f1o, debido al contexto sanitario.<\/p>\n<p><strong>La invitaci\u00f3n a participar est\u00e1 abierta a todos los interesados e interesadas que deseen compartir sus rese\u00f1as literarias y propuestas audiovisuales en YouTube e Instagram bajo los\u00a0#BooktuberSNBP2020\u00a0y\u00a0#BookstagrammerSNBP2020, respectivamente.<\/strong><\/p>\n<blockquote><p>Para ser parte de esta edici\u00f3n, los participantes pueden referir una publicaci\u00f3n o\u00a0 ingresar a la\u00a0<a href=\"http:\/\/www.bpdigital.cl\/\">Biblioteca P\u00fablica Digital<\/a>\u00a0donde podr\u00e1n seleccionar entre m\u00e1s de 20 mil t\u00edtulos o acceder a los sitios web\u00a0<a href=\"http:\/\/www.memoriachilena.gob.cl\/602\/w3-channel.html\">Memoria Chilena<\/a>,\u00a0<a href=\"http:\/\/www.chileparaninos.gob.cl\/639\/w3-propertyvalue-737902.html\">Chile para Ni\u00f1os<\/a>\u00a0y la\u00a0<a href=\"http:\/\/www.bibliotecanacionaldigital.gob.cl\/\">Biblioteca Nacional Digital<\/a>\u00a0desde donde pueden revisar en l\u00ednea y\/o descargar m\u00faltiples publicaciones.<\/p>\n<p>El plazo para la recepci\u00f3n de las propuestas audiovisuales ser\u00e1 desde este jueves 20 de agosto de 2020 hasta el jueves 1 de octubre de 2020 a las 15:00 horas. Los y las concursantes Booktubers podr\u00e1n inscribirse subiendo un video en su canal de YouTube, mientras que los y las concursantes Bookstagrammers deben poseer una cuenta en Instagram y tener al menos una publicaci\u00f3n propia en su IGTV. En ambos casos, las piezas deben considerar la recomendaci\u00f3n de un libro que hayan le\u00eddo.<\/p>\n<p>Adem\u00e1s, en esta edici\u00f3n, los equipos de la red de bibliotecas p\u00fablicas pueden apoyar la promoci\u00f3n del concurso entre sus usuarios y usuarias a trav\u00e9s de videos en sus respectivos canales de YouTube y optar a un premio especial que se otorgar\u00e1 al equipo que mejor difunda e incentive la participaci\u00f3n en esta competencia.<\/p><\/blockquote>\n","protected":false},"excerpt":{"rendered":"<p>Por sexto a\u00f1o consecutivo se extiende esta convocatoria que promueve la creaci\u00f3n de rese\u00f1as literarias en diversos formatos. Esto dedicado a los usuarios y usuarias de la red de bibliotecas p\u00fablicas, bajo el lema\u00a0Lee, graba y comparte en casa. Desde el 24 de agosto est\u00e1 en pie esta oportunidad, el Concurso Nacional de Booktbers de [&hellip;]<\/p>\n","protected":false},"author":3,"featured_media":8702,"comment_status":"closed","ping_status":"closed","sticky":false,"template":"","format":"standard","meta":{"_acf_changed":false,"footnotes":""},"categories":[8],"tags":[173,174,20,175,176],"class_list":["post-8701","post","type-post","status-publish","format-standard","has-post-thumbnail","hentry","category-noticia","tag-bookstagrammers","tag-booktubers","tag-concurso","tag-lectoria","tag-literatura"],"acf":[],"yoast_head":"<!-- This site is optimized with the Yoast SEO plugin v27.1.1 - https:\/\/yoast.com\/product\/yoast-seo-wordpress\/ -->\n<title>Sexto concurso nacional de Booktubers y Bookstagrammers - Valpara\u00ed\u00adso Creativo<\/title>\n<meta name=\"robots\" content=\"index, follow, max-snippet:-1, max-image-preview:large, max-video-preview:-1\" \/>\n<link rel=\"canonical\" href=\"https:\/\/dev.antudigital.cl\/sites\/vc\/sexto-concurso-nacional-de-booktubers-y-bookstagrammers\/\" \/>\n<meta property=\"og:locale\" content=\"es_ES\" \/>\n<meta property=\"og:type\" content=\"article\" \/>\n<meta property=\"og:title\" content=\"Sexto concurso nacional de Booktubers y Bookstagrammers - Valpara\u00ed\u00adso Creativo\" \/>\n<meta property=\"og:description\" content=\"Por sexto a\u00f1o consecutivo se extiende esta convocatoria que promueve la creaci\u00f3n de rese\u00f1as literarias en diversos formatos. Esto dedicado a los usuarios y usuarias de la red de bibliotecas p\u00fablicas, bajo el lema\u00a0Lee, graba y comparte en casa. Desde el 24 de agosto est\u00e1 en pie esta oportunidad, el Concurso Nacional de Booktbers de [&hellip;]\" \/>\n<meta property=\"og:url\" content=\"https:\/\/dev.antudigital.cl\/sites\/vc\/sexto-concurso-nacional-de-booktubers-y-bookstagrammers\/\" \/>\n<meta property=\"og:site_name\" content=\"Valpara\u00ed\u00adso Creativo\" \/>\n<meta property=\"article:published_time\" content=\"2020-09-11T16:40:36+00:00\" \/>\n<meta property=\"article:modified_time\" content=\"2021-12-25T19:00:52+00:00\" \/>\n<meta property=\"og:image\" content=\"https:\/\/dev.antudigital.cl\/sites\/vc\/wp-content\/uploads\/2020\/09\/Booktubers.jpg\" \/>\n\t<meta property=\"og:image:width\" content=\"1920\" \/>\n\t<meta property=\"og:image:height\" content=\"1080\" \/>\n\t<meta property=\"og:image:type\" content=\"image\/jpeg\" \/>\n<meta name=\"author\" content=\"Valparaiso Creativo\" \/>\n<meta name=\"twitter:card\" content=\"summary_large_image\" \/>\n<meta name=\"twitter:label1\" content=\"Escrito por\" \/>\n\t<meta name=\"twitter:data1\" content=\"Valparaiso Creativo\" \/>\n\t<meta name=\"twitter:label2\" content=\"Tiempo de lectura\" \/>\n\t<meta name=\"twitter:data2\" content=\"2 minutos\" \/>\n<script type=\"application\/ld+json\" class=\"yoast-schema-graph\">{\"@context\":\"https:\/\/schema.org\",\"@graph\":[{\"@type\":\"Article\",\"@id\":\"https:\/\/dev.antudigital.cl\/sites\/vc\/sexto-concurso-nacional-de-booktubers-y-bookstagrammers\/#article\",\"isPartOf\":{\"@id\":\"https:\/\/dev.antudigital.cl\/sites\/vc\/sexto-concurso-nacional-de-booktubers-y-bookstagrammers\/\"},\"author\":{\"name\":\"Valparaiso Creativo\",\"@id\":\"https:\/\/dev.antudigital.cl\/sites\/vc\/#\/schema\/person\/81d1dcd51abd542b5dfc00f5f951a0f1\"},\"headline\":\"Sexto concurso nacional de Booktubers y Bookstagrammers\",\"datePublished\":\"2020-09-11T16:40:36+00:00\",\"dateModified\":\"2021-12-25T19:00:52+00:00\",\"mainEntityOfPage\":{\"@id\":\"https:\/\/dev.antudigital.cl\/sites\/vc\/sexto-concurso-nacional-de-booktubers-y-bookstagrammers\/\"},\"wordCount\":452,\"image\":{\"@id\":\"https:\/\/dev.antudigital.cl\/sites\/vc\/sexto-concurso-nacional-de-booktubers-y-bookstagrammers\/#primaryimage\"},\"thumbnailUrl\":\"https:\/\/dev.antudigital.cl\/sites\/vc\/wp-content\/uploads\/2020\/09\/Booktubers.jpg\",\"keywords\":[\"Bookstagrammers\",\"Booktubers\",\"concurso\",\"Lector\u00eda\",\"Literatura\"],\"articleSection\":[\"Noticia\"],\"inLanguage\":\"es\"},{\"@type\":\"WebPage\",\"@id\":\"https:\/\/dev.antudigital.cl\/sites\/vc\/sexto-concurso-nacional-de-booktubers-y-bookstagrammers\/\",\"url\":\"https:\/\/dev.antudigital.cl\/sites\/vc\/sexto-concurso-nacional-de-booktubers-y-bookstagrammers\/\",\"name\":\"Sexto concurso nacional de Booktubers y Bookstagrammers - Valpara\u00ed\u00adso Creativo\",\"isPartOf\":{\"@id\":\"https:\/\/dev.antudigital.cl\/sites\/vc\/#website\"},\"primaryImageOfPage\":{\"@id\":\"https:\/\/dev.antudigital.cl\/sites\/vc\/sexto-concurso-nacional-de-booktubers-y-bookstagrammers\/#primaryimage\"},\"image\":{\"@id\":\"https:\/\/dev.antudigital.cl\/sites\/vc\/sexto-concurso-nacional-de-booktubers-y-bookstagrammers\/#primaryimage\"},\"thumbnailUrl\":\"https:\/\/dev.antudigital.cl\/sites\/vc\/wp-content\/uploads\/2020\/09\/Booktubers.jpg\",\"datePublished\":\"2020-09-11T16:40:36+00:00\",\"dateModified\":\"2021-12-25T19:00:52+00:00\",\"author\":{\"@id\":\"https:\/\/dev.antudigital.cl\/sites\/vc\/#\/schema\/person\/81d1dcd51abd542b5dfc00f5f951a0f1\"},\"breadcrumb\":{\"@id\":\"https:\/\/dev.antudigital.cl\/sites\/vc\/sexto-concurso-nacional-de-booktubers-y-bookstagrammers\/#breadcrumb\"},\"inLanguage\":\"es\",\"potentialAction\":[{\"@type\":\"ReadAction\",\"target\":[\"https:\/\/dev.antudigital.cl\/sites\/vc\/sexto-concurso-nacional-de-booktubers-y-bookstagrammers\/\"]}]},{\"@type\":\"ImageObject\",\"inLanguage\":\"es\",\"@id\":\"https:\/\/dev.antudigital.cl\/sites\/vc\/sexto-concurso-nacional-de-booktubers-y-bookstagrammers\/#primaryimage\",\"url\":\"https:\/\/dev.antudigital.cl\/sites\/vc\/wp-content\/uploads\/2020\/09\/Booktubers.jpg\",\"contentUrl\":\"https:\/\/dev.antudigital.cl\/sites\/vc\/wp-content\/uploads\/2020\/09\/Booktubers.jpg\",\"width\":1920,\"height\":1080},{\"@type\":\"BreadcrumbList\",\"@id\":\"https:\/\/dev.antudigital.cl\/sites\/vc\/sexto-concurso-nacional-de-booktubers-y-bookstagrammers\/#breadcrumb\",\"itemListElement\":[{\"@type\":\"ListItem\",\"position\":1,\"name\":\"Home\",\"item\":\"https:\/\/dev.antudigital.cl\/sites\/vc\/\"},{\"@type\":\"ListItem\",\"position\":2,\"name\":\"Sexto concurso nacional de Booktubers y Bookstagrammers\"}]},{\"@type\":\"WebSite\",\"@id\":\"https:\/\/dev.antudigital.cl\/sites\/vc\/#website\",\"url\":\"https:\/\/dev.antudigital.cl\/sites\/vc\/\",\"name\":\"Valpara\u00ed\u00adso Creativo\",\"description\":\"\",\"potentialAction\":[{\"@type\":\"SearchAction\",\"target\":{\"@type\":\"EntryPoint\",\"urlTemplate\":\"https:\/\/dev.antudigital.cl\/sites\/vc\/?s={search_term_string}\"},\"query-input\":{\"@type\":\"PropertyValueSpecification\",\"valueRequired\":true,\"valueName\":\"search_term_string\"}}],\"inLanguage\":\"es\"},{\"@type\":\"Person\",\"@id\":\"https:\/\/dev.antudigital.cl\/sites\/vc\/#\/schema\/person\/81d1dcd51abd542b5dfc00f5f951a0f1\",\"name\":\"Valparaiso Creativo\",\"url\":\"https:\/\/dev.antudigital.cl\/sites\/vc\/author\/valparaiso-creativo\/\"}]}<\/script>\n<!-- \/ Yoast SEO plugin. -->","yoast_head_json":{"title":"Sexto concurso nacional de Booktubers y Bookstagrammers - Valpara\u00ed\u00adso Creativo","robots":{"index":"index","follow":"follow","max-snippet":"max-snippet:-1","max-image-preview":"max-image-preview:large","max-video-preview":"max-video-preview:-1"},"canonical":"https:\/\/dev.antudigital.cl\/sites\/vc\/sexto-concurso-nacional-de-booktubers-y-bookstagrammers\/","og_locale":"es_ES","og_type":"article","og_title":"Sexto concurso nacional de Booktubers y Bookstagrammers - Valpara\u00ed\u00adso Creativo","og_description":"Por sexto a\u00f1o consecutivo se extiende esta convocatoria que promueve la creaci\u00f3n de rese\u00f1as literarias en diversos formatos. Esto dedicado a los usuarios y usuarias de la red de bibliotecas p\u00fablicas, bajo el lema\u00a0Lee, graba y comparte en casa. Desde el 24 de agosto est\u00e1 en pie esta oportunidad, el Concurso Nacional de Booktbers de [&hellip;]","og_url":"https:\/\/dev.antudigital.cl\/sites\/vc\/sexto-concurso-nacional-de-booktubers-y-bookstagrammers\/","og_site_name":"Valpara\u00ed\u00adso Creativo","article_published_time":"2020-09-11T16:40:36+00:00","article_modified_time":"2021-12-25T19:00:52+00:00","og_image":[{"width":1920,"height":1080,"url":"https:\/\/dev.antudigital.cl\/sites\/vc\/wp-content\/uploads\/2020\/09\/Booktubers.jpg","type":"image\/jpeg"}],"author":"Valparaiso Creativo","twitter_card":"summary_large_image","twitter_misc":{"Escrito por":"Valparaiso Creativo","Tiempo de lectura":"2 minutos"},"schema":{"@context":"https:\/\/schema.org","@graph":[{"@type":"Article","@id":"https:\/\/dev.antudigital.cl\/sites\/vc\/sexto-concurso-nacional-de-booktubers-y-bookstagrammers\/#article","isPartOf":{"@id":"https:\/\/dev.antudigital.cl\/sites\/vc\/sexto-concurso-nacional-de-booktubers-y-bookstagrammers\/"},"author":{"name":"Valparaiso Creativo","@id":"https:\/\/dev.antudigital.cl\/sites\/vc\/#\/schema\/person\/81d1dcd51abd542b5dfc00f5f951a0f1"},"headline":"Sexto concurso nacional de Booktubers y Bookstagrammers","datePublished":"2020-09-11T16:40:36+00:00","dateModified":"2021-12-25T19:00:52+00:00","mainEntityOfPage":{"@id":"https:\/\/dev.antudigital.cl\/sites\/vc\/sexto-concurso-nacional-de-booktubers-y-bookstagrammers\/"},"wordCount":452,"image":{"@id":"https:\/\/dev.antudigital.cl\/sites\/vc\/sexto-concurso-nacional-de-booktubers-y-bookstagrammers\/#primaryimage"},"thumbnailUrl":"https:\/\/dev.antudigital.cl\/sites\/vc\/wp-content\/uploads\/2020\/09\/Booktubers.jpg","keywords":["Bookstagrammers","Booktubers","concurso","Lector\u00eda","Literatura"],"articleSection":["Noticia"],"inLanguage":"es"},{"@type":"WebPage","@id":"https:\/\/dev.antudigital.cl\/sites\/vc\/sexto-concurso-nacional-de-booktubers-y-bookstagrammers\/","url":"https:\/\/dev.antudigital.cl\/sites\/vc\/sexto-concurso-nacional-de-booktubers-y-bookstagrammers\/","name":"Sexto concurso nacional de Booktubers y Bookstagrammers - Valpara\u00ed\u00adso Creativo","isPartOf":{"@id":"https:\/\/dev.antudigital.cl\/sites\/vc\/#website"},"primaryImageOfPage":{"@id":"https:\/\/dev.antudigital.cl\/sites\/vc\/sexto-concurso-nacional-de-booktubers-y-bookstagrammers\/#primaryimage"},"image":{"@id":"https:\/\/dev.antudigital.cl\/sites\/vc\/sexto-concurso-nacional-de-booktubers-y-bookstagrammers\/#primaryimage"},"thumbnailUrl":"https:\/\/dev.antudigital.cl\/sites\/vc\/wp-content\/uploads\/2020\/09\/Booktubers.jpg","datePublished":"2020-09-11T16:40:36+00:00","dateModified":"2021-12-25T19:00:52+00:00","author":{"@id":"https:\/\/dev.antudigital.cl\/sites\/vc\/#\/schema\/person\/81d1dcd51abd542b5dfc00f5f951a0f1"},"breadcrumb":{"@id":"https:\/\/dev.antudigital.cl\/sites\/vc\/sexto-concurso-nacional-de-booktubers-y-bookstagrammers\/#breadcrumb"},"inLanguage":"es","potentialAction":[{"@type":"ReadAction","target":["https:\/\/dev.antudigital.cl\/sites\/vc\/sexto-concurso-nacional-de-booktubers-y-bookstagrammers\/"]}]},{"@type":"ImageObject","inLanguage":"es","@id":"https:\/\/dev.antudigital.cl\/sites\/vc\/sexto-concurso-nacional-de-booktubers-y-bookstagrammers\/#primaryimage","url":"https:\/\/dev.antudigital.cl\/sites\/vc\/wp-content\/uploads\/2020\/09\/Booktubers.jpg","contentUrl":"https:\/\/dev.antudigital.cl\/sites\/vc\/wp-content\/uploads\/2020\/09\/Booktubers.jpg","width":1920,"height":1080},{"@type":"BreadcrumbList","@id":"https:\/\/dev.antudigital.cl\/sites\/vc\/sexto-concurso-nacional-de-booktubers-y-bookstagrammers\/#breadcrumb","itemListElement":[{"@type":"ListItem","position":1,"name":"Home","item":"https:\/\/dev.antudigital.cl\/sites\/vc\/"},{"@type":"ListItem","position":2,"name":"Sexto concurso nacional de Booktubers y Bookstagrammers"}]},{"@type":"WebSite","@id":"https:\/\/dev.antudigital.cl\/sites\/vc\/#website","url":"https:\/\/dev.antudigital.cl\/sites\/vc\/","name":"Valpara\u00ed\u00adso Creativo","description":"","potentialAction":[{"@type":"SearchAction","target":{"@type":"EntryPoint","urlTemplate":"https:\/\/dev.antudigital.cl\/sites\/vc\/?s={search_term_string}"},"query-input":{"@type":"PropertyValueSpecification","valueRequired":true,"valueName":"search_term_string"}}],"inLanguage":"es"},{"@type":"Person","@id":"https:\/\/dev.antudigital.cl\/sites\/vc\/#\/schema\/person\/81d1dcd51abd542b5dfc00f5f951a0f1","name":"Valparaiso Creativo","url":"https:\/\/dev.antudigital.cl\/sites\/vc\/author\/valparaiso-creativo\/"}]}},"_links":{"self":[{"href":"https:\/\/dev.antudigital.cl\/sites\/vc\/wp-json\/wp\/v2\/posts\/8701","targetHints":{"allow":["GET"]}}],"collection":[{"href":"https:\/\/dev.antudigital.cl\/sites\/vc\/wp-json\/wp\/v2\/posts"}],"about":[{"href":"https:\/\/dev.antudigital.cl\/sites\/vc\/wp-json\/wp\/v2\/types\/post"}],"author":[{"embeddable":true,"href":"https:\/\/dev.antudigital.cl\/sites\/vc\/wp-json\/wp\/v2\/users\/3"}],"replies":[{"embeddable":true,"href":"https:\/\/dev.antudigital.cl\/sites\/vc\/wp-json\/wp\/v2\/comments?post=8701"}],"version-history":[{"count":1,"href":"https:\/\/dev.antudigital.cl\/sites\/vc\/wp-json\/wp\/v2\/posts\/8701\/revisions"}],"predecessor-version":[{"id":8707,"href":"https:\/\/dev.antudigital.cl\/sites\/vc\/wp-json\/wp\/v2\/posts\/8701\/revisions\/8707"}],"wp:featuredmedia":[{"embeddable":true,"href":"https:\/\/dev.antudigital.cl\/sites\/vc\/wp-json\/wp\/v2\/media\/8702"}],"wp:attachment":[{"href":"https:\/\/dev.antudigital.cl\/sites\/vc\/wp-json\/wp\/v2\/media?parent=8701"}],"wp:term":[{"taxonomy":"category","embeddable":true,"href":"https:\/\/dev.antudigital.cl\/sites\/vc\/wp-json\/wp\/v2\/categories?post=8701"},{"taxonomy":"post_tag","embeddable":true,"href":"https:\/\/dev.antudigital.cl\/sites\/vc\/wp-json\/wp\/v2\/tags?post=8701"}],"curies":[{"name":"wp","href":"https:\/\/api.w.org\/{rel}","templated":true}]}}