{"id":8744,"date":"2020-09-02T18:45:37","date_gmt":"2020-09-02T18:45:37","guid":{"rendered":"https:\/\/www.valparaisocreativo.cl\/?p=5065"},"modified":"2021-12-25T19:23:21","modified_gmt":"2021-12-25T19:23:21","slug":"ya-estan-abiertas-las-postulaciones-para-semilla-inicia","status":"publish","type":"post","link":"https:\/\/dev.antudigital.cl\/sites\/vc\/ya-estan-abiertas-las-postulaciones-para-semilla-inicia\/","title":{"rendered":"\u00a1Ya est\u00e1n abiertas las postulaciones para Semilla Inicia!"},"content":{"rendered":"<p>Hasta el 23 de septiembre est\u00e1 abierta la convocatoria <strong>Semilla Inicia de Corfo<\/strong>. \u00bfQui\u00e9nes pueden postular? Personas naturales o jur\u00eddicas que cumplan los siguientes requisitos: ser mayor de 18 a\u00f1os y residir en Chile, o ser persona jur\u00eddica constituida en Chile sin inicio de actividades ni ventas.<\/p>\n<p>Una oportunidad de obtener hasta $15.000.ooo para tu proyecto, del cual debes aportar el 25% restante. Este es un programa orientado a apoyar emprendimientos innovadores, esto es, proyectos cuya soluci\u00f3n propuesta a una problem\u00e1tica relevante, represente un nuevo o mejorado producto o servicio, que tenga un alcance nacional y potencial de internacionalizaci\u00f3n.<\/p>\n<p>Si tienes un emprendimiento innovador con alcance nacional y potencial de internacionalizarse, para el cual ya cuentas con un prototipo de la soluci\u00f3n, postula a esta convocatoria para acceder a un subsidio de hasta $15.000.000 que cofinanciar\u00e1 las actividades para su validaci\u00f3n t\u00e9cnica y comercial.<\/p>\n<h2>\u00a1Ojo! El 15 y 17 de septiembre al respecto para quienes tengan dudas.<\/h2>\n<p>M\u00e1s info en el <strong><a href=\"https:\/\/www.corfo.cl\/sites\/cpp\/convocatorias\/semilla_inicia\">siguiente link<\/a><\/strong>.<\/p>\n<p>&nbsp;<\/p>\n<p>&nbsp;<\/p>\n","protected":false},"excerpt":{"rendered":"<p>Hasta el 23 de septiembre est\u00e1 abierta la convocatoria Semilla Inicia de Corfo. \u00bfQui\u00e9nes pueden postular? Personas naturales o jur\u00eddicas que cumplan los siguientes requisitos: ser mayor de 18 a\u00f1os y residir en Chile, o ser persona jur\u00eddica constituida en Chile sin inicio de actividades ni ventas. Una oportunidad de obtener hasta $15.000.ooo para tu [&hellip;]<\/p>\n","protected":false},"author":3,"featured_media":8745,"comment_status":"closed","ping_status":"closed","sticky":false,"template":"","format":"standard","meta":{"_acf_changed":false,"footnotes":""},"categories":[8],"tags":[],"class_list":["post-8744","post","type-post","status-publish","format-standard","has-post-thumbnail","hentry","category-noticia"],"acf":[],"yoast_head":"<!-- This site is optimized with the Yoast SEO plugin v27.1.1 - https:\/\/yoast.com\/product\/yoast-seo-wordpress\/ -->\n<title>\u00a1Ya est\u00e1n abiertas las postulaciones para Semilla Inicia! - Valpara\u00ed\u00adso Creativo<\/title>\n<meta name=\"robots\" content=\"index, follow, max-snippet:-1, max-image-preview:large, max-video-preview:-1\" \/>\n<link rel=\"canonical\" href=\"https:\/\/dev.antudigital.cl\/sites\/vc\/ya-estan-abiertas-las-postulaciones-para-semilla-inicia\/\" \/>\n<meta property=\"og:locale\" content=\"es_ES\" \/>\n<meta property=\"og:type\" content=\"article\" \/>\n<meta property=\"og:title\" content=\"\u00a1Ya est\u00e1n abiertas las postulaciones para Semilla Inicia! - Valpara\u00ed\u00adso Creativo\" \/>\n<meta property=\"og:description\" content=\"Hasta el 23 de septiembre est\u00e1 abierta la convocatoria Semilla Inicia de Corfo. \u00bfQui\u00e9nes pueden postular? Personas naturales o jur\u00eddicas que cumplan los siguientes requisitos: ser mayor de 18 a\u00f1os y residir en Chile, o ser persona jur\u00eddica constituida en Chile sin inicio de actividades ni ventas. Una oportunidad de obtener hasta $15.000.ooo para tu [&hellip;]\" \/>\n<meta property=\"og:url\" content=\"https:\/\/dev.antudigital.cl\/sites\/vc\/ya-estan-abiertas-las-postulaciones-para-semilla-inicia\/\" \/>\n<meta property=\"og:site_name\" content=\"Valpara\u00ed\u00adso Creativo\" \/>\n<meta property=\"article:published_time\" content=\"2020-09-02T18:45:37+00:00\" \/>\n<meta property=\"article:modified_time\" content=\"2021-12-25T19:23:21+00:00\" \/>\n<meta property=\"og:image\" content=\"https:\/\/dev.antudigital.cl\/sites\/vc\/wp-content\/uploads\/2020\/09\/Captura-de-Pantalla-2020-09-02-a-las-18.36.51.png\" \/>\n\t<meta property=\"og:image:width\" content=\"643\" \/>\n\t<meta property=\"og:image:height\" content=\"397\" \/>\n\t<meta property=\"og:image:type\" content=\"image\/png\" \/>\n<meta name=\"author\" content=\"Valparaiso Creativo\" \/>\n<meta name=\"twitter:card\" content=\"summary_large_image\" \/>\n<meta name=\"twitter:label1\" content=\"Escrito por\" \/>\n\t<meta name=\"twitter:data1\" content=\"Valparaiso Creativo\" \/>\n\t<meta name=\"twitter:label2\" content=\"Tiempo de lectura\" \/>\n\t<meta name=\"twitter:data2\" content=\"1 minuto\" \/>\n<script type=\"application\/ld+json\" class=\"yoast-schema-graph\">{\"@context\":\"https:\/\/schema.org\",\"@graph\":[{\"@type\":\"Article\",\"@id\":\"https:\/\/dev.antudigital.cl\/sites\/vc\/ya-estan-abiertas-las-postulaciones-para-semilla-inicia\/#article\",\"isPartOf\":{\"@id\":\"https:\/\/dev.antudigital.cl\/sites\/vc\/ya-estan-abiertas-las-postulaciones-para-semilla-inicia\/\"},\"author\":{\"name\":\"Valparaiso Creativo\",\"@id\":\"https:\/\/dev.antudigital.cl\/sites\/vc\/#\/schema\/person\/81d1dcd51abd542b5dfc00f5f951a0f1\"},\"headline\":\"\u00a1Ya est\u00e1n abiertas las postulaciones para Semilla Inicia!\",\"datePublished\":\"2020-09-02T18:45:37+00:00\",\"dateModified\":\"2021-12-25T19:23:21+00:00\",\"mainEntityOfPage\":{\"@id\":\"https:\/\/dev.antudigital.cl\/sites\/vc\/ya-estan-abiertas-las-postulaciones-para-semilla-inicia\/\"},\"wordCount\":179,\"image\":{\"@id\":\"https:\/\/dev.antudigital.cl\/sites\/vc\/ya-estan-abiertas-las-postulaciones-para-semilla-inicia\/#primaryimage\"},\"thumbnailUrl\":\"https:\/\/dev.antudigital.cl\/sites\/vc\/wp-content\/uploads\/2020\/09\/Captura-de-Pantalla-2020-09-02-a-las-18.36.51.png\",\"articleSection\":[\"Noticia\"],\"inLanguage\":\"es\"},{\"@type\":\"WebPage\",\"@id\":\"https:\/\/dev.antudigital.cl\/sites\/vc\/ya-estan-abiertas-las-postulaciones-para-semilla-inicia\/\",\"url\":\"https:\/\/dev.antudigital.cl\/sites\/vc\/ya-estan-abiertas-las-postulaciones-para-semilla-inicia\/\",\"name\":\"\u00a1Ya est\u00e1n abiertas las postulaciones para Semilla Inicia! - Valpara\u00ed\u00adso Creativo\",\"isPartOf\":{\"@id\":\"https:\/\/dev.antudigital.cl\/sites\/vc\/#website\"},\"primaryImageOfPage\":{\"@id\":\"https:\/\/dev.antudigital.cl\/sites\/vc\/ya-estan-abiertas-las-postulaciones-para-semilla-inicia\/#primaryimage\"},\"image\":{\"@id\":\"https:\/\/dev.antudigital.cl\/sites\/vc\/ya-estan-abiertas-las-postulaciones-para-semilla-inicia\/#primaryimage\"},\"thumbnailUrl\":\"https:\/\/dev.antudigital.cl\/sites\/vc\/wp-content\/uploads\/2020\/09\/Captura-de-Pantalla-2020-09-02-a-las-18.36.51.png\",\"datePublished\":\"2020-09-02T18:45:37+00:00\",\"dateModified\":\"2021-12-25T19:23:21+00:00\",\"author\":{\"@id\":\"https:\/\/dev.antudigital.cl\/sites\/vc\/#\/schema\/person\/81d1dcd51abd542b5dfc00f5f951a0f1\"},\"breadcrumb\":{\"@id\":\"https:\/\/dev.antudigital.cl\/sites\/vc\/ya-estan-abiertas-las-postulaciones-para-semilla-inicia\/#breadcrumb\"},\"inLanguage\":\"es\",\"potentialAction\":[{\"@type\":\"ReadAction\",\"target\":[\"https:\/\/dev.antudigital.cl\/sites\/vc\/ya-estan-abiertas-las-postulaciones-para-semilla-inicia\/\"]}]},{\"@type\":\"ImageObject\",\"inLanguage\":\"es\",\"@id\":\"https:\/\/dev.antudigital.cl\/sites\/vc\/ya-estan-abiertas-las-postulaciones-para-semilla-inicia\/#primaryimage\",\"url\":\"https:\/\/dev.antudigital.cl\/sites\/vc\/wp-content\/uploads\/2020\/09\/Captura-de-Pantalla-2020-09-02-a-las-18.36.51.png\",\"contentUrl\":\"https:\/\/dev.antudigital.cl\/sites\/vc\/wp-content\/uploads\/2020\/09\/Captura-de-Pantalla-2020-09-02-a-las-18.36.51.png\",\"width\":643,\"height\":397},{\"@type\":\"BreadcrumbList\",\"@id\":\"https:\/\/dev.antudigital.cl\/sites\/vc\/ya-estan-abiertas-las-postulaciones-para-semilla-inicia\/#breadcrumb\",\"itemListElement\":[{\"@type\":\"ListItem\",\"position\":1,\"name\":\"Home\",\"item\":\"https:\/\/dev.antudigital.cl\/sites\/vc\/\"},{\"@type\":\"ListItem\",\"position\":2,\"name\":\"\u00a1Ya est\u00e1n abiertas las postulaciones para Semilla Inicia!\"}]},{\"@type\":\"WebSite\",\"@id\":\"https:\/\/dev.antudigital.cl\/sites\/vc\/#website\",\"url\":\"https:\/\/dev.antudigital.cl\/sites\/vc\/\",\"name\":\"Valpara\u00ed\u00adso Creativo\",\"description\":\"\",\"potentialAction\":[{\"@type\":\"SearchAction\",\"target\":{\"@type\":\"EntryPoint\",\"urlTemplate\":\"https:\/\/dev.antudigital.cl\/sites\/vc\/?s={search_term_string}\"},\"query-input\":{\"@type\":\"PropertyValueSpecification\",\"valueRequired\":true,\"valueName\":\"search_term_string\"}}],\"inLanguage\":\"es\"},{\"@type\":\"Person\",\"@id\":\"https:\/\/dev.antudigital.cl\/sites\/vc\/#\/schema\/person\/81d1dcd51abd542b5dfc00f5f951a0f1\",\"name\":\"Valparaiso Creativo\",\"url\":\"https:\/\/dev.antudigital.cl\/sites\/vc\/author\/valparaiso-creativo\/\"}]}<\/script>\n<!-- \/ Yoast SEO plugin. -->","yoast_head_json":{"title":"\u00a1Ya est\u00e1n abiertas las postulaciones para Semilla Inicia! - Valpara\u00ed\u00adso Creativo","robots":{"index":"index","follow":"follow","max-snippet":"max-snippet:-1","max-image-preview":"max-image-preview:large","max-video-preview":"max-video-preview:-1"},"canonical":"https:\/\/dev.antudigital.cl\/sites\/vc\/ya-estan-abiertas-las-postulaciones-para-semilla-inicia\/","og_locale":"es_ES","og_type":"article","og_title":"\u00a1Ya est\u00e1n abiertas las postulaciones para Semilla Inicia! - Valpara\u00ed\u00adso Creativo","og_description":"Hasta el 23 de septiembre est\u00e1 abierta la convocatoria Semilla Inicia de Corfo. \u00bfQui\u00e9nes pueden postular? Personas naturales o jur\u00eddicas que cumplan los siguientes requisitos: ser mayor de 18 a\u00f1os y residir en Chile, o ser persona jur\u00eddica constituida en Chile sin inicio de actividades ni ventas. Una oportunidad de obtener hasta $15.000.ooo para tu [&hellip;]","og_url":"https:\/\/dev.antudigital.cl\/sites\/vc\/ya-estan-abiertas-las-postulaciones-para-semilla-inicia\/","og_site_name":"Valpara\u00ed\u00adso Creativo","article_published_time":"2020-09-02T18:45:37+00:00","article_modified_time":"2021-12-25T19:23:21+00:00","og_image":[{"width":643,"height":397,"url":"https:\/\/dev.antudigital.cl\/sites\/vc\/wp-content\/uploads\/2020\/09\/Captura-de-Pantalla-2020-09-02-a-las-18.36.51.png","type":"image\/png"}],"author":"Valparaiso Creativo","twitter_card":"summary_large_image","twitter_misc":{"Escrito por":"Valparaiso Creativo","Tiempo de lectura":"1 minuto"},"schema":{"@context":"https:\/\/schema.org","@graph":[{"@type":"Article","@id":"https:\/\/dev.antudigital.cl\/sites\/vc\/ya-estan-abiertas-las-postulaciones-para-semilla-inicia\/#article","isPartOf":{"@id":"https:\/\/dev.antudigital.cl\/sites\/vc\/ya-estan-abiertas-las-postulaciones-para-semilla-inicia\/"},"author":{"name":"Valparaiso Creativo","@id":"https:\/\/dev.antudigital.cl\/sites\/vc\/#\/schema\/person\/81d1dcd51abd542b5dfc00f5f951a0f1"},"headline":"\u00a1Ya est\u00e1n abiertas las postulaciones para Semilla Inicia!","datePublished":"2020-09-02T18:45:37+00:00","dateModified":"2021-12-25T19:23:21+00:00","mainEntityOfPage":{"@id":"https:\/\/dev.antudigital.cl\/sites\/vc\/ya-estan-abiertas-las-postulaciones-para-semilla-inicia\/"},"wordCount":179,"image":{"@id":"https:\/\/dev.antudigital.cl\/sites\/vc\/ya-estan-abiertas-las-postulaciones-para-semilla-inicia\/#primaryimage"},"thumbnailUrl":"https:\/\/dev.antudigital.cl\/sites\/vc\/wp-content\/uploads\/2020\/09\/Captura-de-Pantalla-2020-09-02-a-las-18.36.51.png","articleSection":["Noticia"],"inLanguage":"es"},{"@type":"WebPage","@id":"https:\/\/dev.antudigital.cl\/sites\/vc\/ya-estan-abiertas-las-postulaciones-para-semilla-inicia\/","url":"https:\/\/dev.antudigital.cl\/sites\/vc\/ya-estan-abiertas-las-postulaciones-para-semilla-inicia\/","name":"\u00a1Ya est\u00e1n abiertas las postulaciones para Semilla Inicia! - Valpara\u00ed\u00adso Creativo","isPartOf":{"@id":"https:\/\/dev.antudigital.cl\/sites\/vc\/#website"},"primaryImageOfPage":{"@id":"https:\/\/dev.antudigital.cl\/sites\/vc\/ya-estan-abiertas-las-postulaciones-para-semilla-inicia\/#primaryimage"},"image":{"@id":"https:\/\/dev.antudigital.cl\/sites\/vc\/ya-estan-abiertas-las-postulaciones-para-semilla-inicia\/#primaryimage"},"thumbnailUrl":"https:\/\/dev.antudigital.cl\/sites\/vc\/wp-content\/uploads\/2020\/09\/Captura-de-Pantalla-2020-09-02-a-las-18.36.51.png","datePublished":"2020-09-02T18:45:37+00:00","dateModified":"2021-12-25T19:23:21+00:00","author":{"@id":"https:\/\/dev.antudigital.cl\/sites\/vc\/#\/schema\/person\/81d1dcd51abd542b5dfc00f5f951a0f1"},"breadcrumb":{"@id":"https:\/\/dev.antudigital.cl\/sites\/vc\/ya-estan-abiertas-las-postulaciones-para-semilla-inicia\/#breadcrumb"},"inLanguage":"es","potentialAction":[{"@type":"ReadAction","target":["https:\/\/dev.antudigital.cl\/sites\/vc\/ya-estan-abiertas-las-postulaciones-para-semilla-inicia\/"]}]},{"@type":"ImageObject","inLanguage":"es","@id":"https:\/\/dev.antudigital.cl\/sites\/vc\/ya-estan-abiertas-las-postulaciones-para-semilla-inicia\/#primaryimage","url":"https:\/\/dev.antudigital.cl\/sites\/vc\/wp-content\/uploads\/2020\/09\/Captura-de-Pantalla-2020-09-02-a-las-18.36.51.png","contentUrl":"https:\/\/dev.antudigital.cl\/sites\/vc\/wp-content\/uploads\/2020\/09\/Captura-de-Pantalla-2020-09-02-a-las-18.36.51.png","width":643,"height":397},{"@type":"BreadcrumbList","@id":"https:\/\/dev.antudigital.cl\/sites\/vc\/ya-estan-abiertas-las-postulaciones-para-semilla-inicia\/#breadcrumb","itemListElement":[{"@type":"ListItem","position":1,"name":"Home","item":"https:\/\/dev.antudigital.cl\/sites\/vc\/"},{"@type":"ListItem","position":2,"name":"\u00a1Ya est\u00e1n abiertas las postulaciones para Semilla Inicia!"}]},{"@type":"WebSite","@id":"https:\/\/dev.antudigital.cl\/sites\/vc\/#website","url":"https:\/\/dev.antudigital.cl\/sites\/vc\/","name":"Valpara\u00ed\u00adso Creativo","description":"","potentialAction":[{"@type":"SearchAction","target":{"@type":"EntryPoint","urlTemplate":"https:\/\/dev.antudigital.cl\/sites\/vc\/?s={search_term_string}"},"query-input":{"@type":"PropertyValueSpecification","valueRequired":true,"valueName":"search_term_string"}}],"inLanguage":"es"},{"@type":"Person","@id":"https:\/\/dev.antudigital.cl\/sites\/vc\/#\/schema\/person\/81d1dcd51abd542b5dfc00f5f951a0f1","name":"Valparaiso Creativo","url":"https:\/\/dev.antudigital.cl\/sites\/vc\/author\/valparaiso-creativo\/"}]}},"_links":{"self":[{"href":"https:\/\/dev.antudigital.cl\/sites\/vc\/wp-json\/wp\/v2\/posts\/8744","targetHints":{"allow":["GET"]}}],"collection":[{"href":"https:\/\/dev.antudigital.cl\/sites\/vc\/wp-json\/wp\/v2\/posts"}],"about":[{"href":"https:\/\/dev.antudigital.cl\/sites\/vc\/wp-json\/wp\/v2\/types\/post"}],"author":[{"embeddable":true,"href":"https:\/\/dev.antudigital.cl\/sites\/vc\/wp-json\/wp\/v2\/users\/3"}],"replies":[{"embeddable":true,"href":"https:\/\/dev.antudigital.cl\/sites\/vc\/wp-json\/wp\/v2\/comments?post=8744"}],"version-history":[{"count":1,"href":"https:\/\/dev.antudigital.cl\/sites\/vc\/wp-json\/wp\/v2\/posts\/8744\/revisions"}],"predecessor-version":[{"id":8752,"href":"https:\/\/dev.antudigital.cl\/sites\/vc\/wp-json\/wp\/v2\/posts\/8744\/revisions\/8752"}],"wp:featuredmedia":[{"embeddable":true,"href":"https:\/\/dev.antudigital.cl\/sites\/vc\/wp-json\/wp\/v2\/media\/8745"}],"wp:attachment":[{"href":"https:\/\/dev.antudigital.cl\/sites\/vc\/wp-json\/wp\/v2\/media?parent=8744"}],"wp:term":[{"taxonomy":"category","embeddable":true,"href":"https:\/\/dev.antudigital.cl\/sites\/vc\/wp-json\/wp\/v2\/categories?post=8744"},{"taxonomy":"post_tag","embeddable":true,"href":"https:\/\/dev.antudigital.cl\/sites\/vc\/wp-json\/wp\/v2\/tags?post=8744"}],"curies":[{"name":"wp","href":"https:\/\/api.w.org\/{rel}","templated":true}]}}