{"id":8746,"date":"2020-09-02T18:31:33","date_gmt":"2020-09-02T18:31:33","guid":{"rendered":"https:\/\/www.valparaisocreativo.cl\/?p=5059"},"modified":"2021-12-25T19:23:24","modified_gmt":"2021-12-25T19:23:24","slug":"inscribete-en-de-ellas-para-todes-programa-de-formacion-en-industria-e-musica-de-la-scd","status":"publish","type":"post","link":"https:\/\/dev.antudigital.cl\/sites\/vc\/inscribete-en-de-ellas-para-todes-programa-de-formacion-en-industria-e-musica-de-la-scd\/","title":{"rendered":"Inscr\u00edbete en \u00abDe ellas para todes: Programa de formaci\u00f3n en industria e m\u00fasica\u00bb de la SCD"},"content":{"rendered":"<p>Desde el 7 de septiembre se llevar\u00e1 a cabo el programa <em>De ellas para todes,\u00a0<\/em>enfocado en la formaci\u00f3n respecto a la industria musical. Se trata de un ciclo de talleres y charlas dictado por destacadas trabajadoras de la escena, para poder guiar a otras artistas, una invitaci\u00f3n completamente abierta para quienes tengan inter\u00e9s.<\/p>\n<p>Se extiende esta instancia para mujeres y disidencias, y\u00a0toda persona que quiera se sientan llamados a participar. Dentro de las exposiciones se encontrar\u00e1n t\u00e9cnicas de grabaci\u00f3n y sonido en vivo, gu\u00eda para hacer videos, informaci\u00f3n sobre derechos de autor y m\u00e1s.<\/p>\n<p>Desde ya puedes inscribirte en el siguiente link:\u00a0<a href=\"https:\/\/bit.ly\/FORMACIONparatodes\"><strong>https:\/\/bit.ly\/FORMACIONparatodes<\/strong><\/a><\/p>\n<p><img fetchpriority=\"high\" decoding=\"async\" class=\"alignleft size-medium wp-image-5062\" src=\"https:\/\/www.valparaisocreativo.cl\/wp-content\/uploads\/2020\/09\/SCD-300x300.jpg\" alt=\"\" width=\"300\" height=\"300\" \/><\/p>\n","protected":false},"excerpt":{"rendered":"<p>Desde el 7 de septiembre se llevar\u00e1 a cabo el programa De ellas para todes,\u00a0enfocado en la formaci\u00f3n respecto a la industria musical. Se trata de un ciclo de talleres y charlas dictado por destacadas trabajadoras de la escena, para poder guiar a otras artistas, una invitaci\u00f3n completamente abierta para quienes tengan inter\u00e9s. Se extiende [&hellip;]<\/p>\n","protected":false},"author":3,"featured_media":8747,"comment_status":"closed","ping_status":"closed","sticky":false,"template":"","format":"standard","meta":{"_acf_changed":false,"footnotes":""},"categories":[8],"tags":[],"class_list":["post-8746","post","type-post","status-publish","format-standard","has-post-thumbnail","hentry","category-noticia"],"acf":[],"yoast_head":"<!-- This site is optimized with the Yoast SEO plugin v27.1.1 - https:\/\/yoast.com\/product\/yoast-seo-wordpress\/ -->\n<title>Inscr\u00edbete en &quot;De ellas para todes: Programa de formaci\u00f3n en industria e m\u00fasica&quot; de la SCD - Valpara\u00ed\u00adso Creativo<\/title>\n<meta name=\"robots\" content=\"index, follow, max-snippet:-1, max-image-preview:large, max-video-preview:-1\" \/>\n<link rel=\"canonical\" href=\"https:\/\/dev.antudigital.cl\/sites\/vc\/inscribete-en-de-ellas-para-todes-programa-de-formacion-en-industria-e-musica-de-la-scd\/\" \/>\n<meta property=\"og:locale\" content=\"es_ES\" \/>\n<meta property=\"og:type\" content=\"article\" \/>\n<meta property=\"og:title\" content=\"Inscr\u00edbete en &quot;De ellas para todes: Programa de formaci\u00f3n en industria e m\u00fasica&quot; de la SCD - Valpara\u00ed\u00adso Creativo\" \/>\n<meta property=\"og:description\" content=\"Desde el 7 de septiembre se llevar\u00e1 a cabo el programa De ellas para todes,\u00a0enfocado en la formaci\u00f3n respecto a la industria musical. Se trata de un ciclo de talleres y charlas dictado por destacadas trabajadoras de la escena, para poder guiar a otras artistas, una invitaci\u00f3n completamente abierta para quienes tengan inter\u00e9s. Se extiende [&hellip;]\" \/>\n<meta property=\"og:url\" content=\"https:\/\/dev.antudigital.cl\/sites\/vc\/inscribete-en-de-ellas-para-todes-programa-de-formacion-en-industria-e-musica-de-la-scd\/\" \/>\n<meta property=\"og:site_name\" content=\"Valpara\u00ed\u00adso Creativo\" \/>\n<meta property=\"article:published_time\" content=\"2020-09-02T18:31:33+00:00\" \/>\n<meta property=\"article:modified_time\" content=\"2021-12-25T19:23:24+00:00\" \/>\n<meta property=\"og:image\" content=\"https:\/\/dev.antudigital.cl\/sites\/vc\/wp-content\/uploads\/2020\/09\/Captura-de-Pantalla-2020-09-02-a-las-18.30.18.png\" \/>\n\t<meta property=\"og:image:width\" content=\"622\" \/>\n\t<meta property=\"og:image:height\" content=\"306\" \/>\n\t<meta property=\"og:image:type\" content=\"image\/png\" \/>\n<meta name=\"author\" content=\"Valparaiso Creativo\" \/>\n<meta name=\"twitter:card\" content=\"summary_large_image\" \/>\n<meta name=\"twitter:label1\" content=\"Escrito por\" \/>\n\t<meta name=\"twitter:data1\" content=\"Valparaiso Creativo\" \/>\n\t<meta name=\"twitter:label2\" content=\"Tiempo de lectura\" \/>\n\t<meta name=\"twitter:data2\" content=\"1 minuto\" \/>\n<script type=\"application\/ld+json\" class=\"yoast-schema-graph\">{\"@context\":\"https:\/\/schema.org\",\"@graph\":[{\"@type\":\"Article\",\"@id\":\"https:\/\/dev.antudigital.cl\/sites\/vc\/inscribete-en-de-ellas-para-todes-programa-de-formacion-en-industria-e-musica-de-la-scd\/#article\",\"isPartOf\":{\"@id\":\"https:\/\/dev.antudigital.cl\/sites\/vc\/inscribete-en-de-ellas-para-todes-programa-de-formacion-en-industria-e-musica-de-la-scd\/\"},\"author\":{\"name\":\"Valparaiso Creativo\",\"@id\":\"https:\/\/dev.antudigital.cl\/sites\/vc\/#\/schema\/person\/81d1dcd51abd542b5dfc00f5f951a0f1\"},\"headline\":\"Inscr\u00edbete en \u00abDe ellas para todes: Programa de formaci\u00f3n en industria e m\u00fasica\u00bb de la SCD\",\"datePublished\":\"2020-09-02T18:31:33+00:00\",\"dateModified\":\"2021-12-25T19:23:24+00:00\",\"mainEntityOfPage\":{\"@id\":\"https:\/\/dev.antudigital.cl\/sites\/vc\/inscribete-en-de-ellas-para-todes-programa-de-formacion-en-industria-e-musica-de-la-scd\/\"},\"wordCount\":135,\"image\":{\"@id\":\"https:\/\/dev.antudigital.cl\/sites\/vc\/inscribete-en-de-ellas-para-todes-programa-de-formacion-en-industria-e-musica-de-la-scd\/#primaryimage\"},\"thumbnailUrl\":\"https:\/\/dev.antudigital.cl\/sites\/vc\/wp-content\/uploads\/2020\/09\/Captura-de-Pantalla-2020-09-02-a-las-18.30.18.png\",\"articleSection\":[\"Noticia\"],\"inLanguage\":\"es\"},{\"@type\":\"WebPage\",\"@id\":\"https:\/\/dev.antudigital.cl\/sites\/vc\/inscribete-en-de-ellas-para-todes-programa-de-formacion-en-industria-e-musica-de-la-scd\/\",\"url\":\"https:\/\/dev.antudigital.cl\/sites\/vc\/inscribete-en-de-ellas-para-todes-programa-de-formacion-en-industria-e-musica-de-la-scd\/\",\"name\":\"Inscr\u00edbete en \\\"De ellas para todes: Programa de formaci\u00f3n en industria e m\u00fasica\\\" de la SCD - Valpara\u00ed\u00adso Creativo\",\"isPartOf\":{\"@id\":\"https:\/\/dev.antudigital.cl\/sites\/vc\/#website\"},\"primaryImageOfPage\":{\"@id\":\"https:\/\/dev.antudigital.cl\/sites\/vc\/inscribete-en-de-ellas-para-todes-programa-de-formacion-en-industria-e-musica-de-la-scd\/#primaryimage\"},\"image\":{\"@id\":\"https:\/\/dev.antudigital.cl\/sites\/vc\/inscribete-en-de-ellas-para-todes-programa-de-formacion-en-industria-e-musica-de-la-scd\/#primaryimage\"},\"thumbnailUrl\":\"https:\/\/dev.antudigital.cl\/sites\/vc\/wp-content\/uploads\/2020\/09\/Captura-de-Pantalla-2020-09-02-a-las-18.30.18.png\",\"datePublished\":\"2020-09-02T18:31:33+00:00\",\"dateModified\":\"2021-12-25T19:23:24+00:00\",\"author\":{\"@id\":\"https:\/\/dev.antudigital.cl\/sites\/vc\/#\/schema\/person\/81d1dcd51abd542b5dfc00f5f951a0f1\"},\"breadcrumb\":{\"@id\":\"https:\/\/dev.antudigital.cl\/sites\/vc\/inscribete-en-de-ellas-para-todes-programa-de-formacion-en-industria-e-musica-de-la-scd\/#breadcrumb\"},\"inLanguage\":\"es\",\"potentialAction\":[{\"@type\":\"ReadAction\",\"target\":[\"https:\/\/dev.antudigital.cl\/sites\/vc\/inscribete-en-de-ellas-para-todes-programa-de-formacion-en-industria-e-musica-de-la-scd\/\"]}]},{\"@type\":\"ImageObject\",\"inLanguage\":\"es\",\"@id\":\"https:\/\/dev.antudigital.cl\/sites\/vc\/inscribete-en-de-ellas-para-todes-programa-de-formacion-en-industria-e-musica-de-la-scd\/#primaryimage\",\"url\":\"https:\/\/dev.antudigital.cl\/sites\/vc\/wp-content\/uploads\/2020\/09\/Captura-de-Pantalla-2020-09-02-a-las-18.30.18.png\",\"contentUrl\":\"https:\/\/dev.antudigital.cl\/sites\/vc\/wp-content\/uploads\/2020\/09\/Captura-de-Pantalla-2020-09-02-a-las-18.30.18.png\",\"width\":622,\"height\":306},{\"@type\":\"BreadcrumbList\",\"@id\":\"https:\/\/dev.antudigital.cl\/sites\/vc\/inscribete-en-de-ellas-para-todes-programa-de-formacion-en-industria-e-musica-de-la-scd\/#breadcrumb\",\"itemListElement\":[{\"@type\":\"ListItem\",\"position\":1,\"name\":\"Home\",\"item\":\"https:\/\/dev.antudigital.cl\/sites\/vc\/\"},{\"@type\":\"ListItem\",\"position\":2,\"name\":\"Inscr\u00edbete en \u00abDe ellas para todes: Programa de formaci\u00f3n en industria e m\u00fasica\u00bb de la SCD\"}]},{\"@type\":\"WebSite\",\"@id\":\"https:\/\/dev.antudigital.cl\/sites\/vc\/#website\",\"url\":\"https:\/\/dev.antudigital.cl\/sites\/vc\/\",\"name\":\"Valpara\u00ed\u00adso Creativo\",\"description\":\"\",\"potentialAction\":[{\"@type\":\"SearchAction\",\"target\":{\"@type\":\"EntryPoint\",\"urlTemplate\":\"https:\/\/dev.antudigital.cl\/sites\/vc\/?s={search_term_string}\"},\"query-input\":{\"@type\":\"PropertyValueSpecification\",\"valueRequired\":true,\"valueName\":\"search_term_string\"}}],\"inLanguage\":\"es\"},{\"@type\":\"Person\",\"@id\":\"https:\/\/dev.antudigital.cl\/sites\/vc\/#\/schema\/person\/81d1dcd51abd542b5dfc00f5f951a0f1\",\"name\":\"Valparaiso Creativo\",\"url\":\"https:\/\/dev.antudigital.cl\/sites\/vc\/author\/valparaiso-creativo\/\"}]}<\/script>\n<!-- \/ Yoast SEO plugin. -->","yoast_head_json":{"title":"Inscr\u00edbete en \"De ellas para todes: Programa de formaci\u00f3n en industria e m\u00fasica\" de la SCD - Valpara\u00ed\u00adso Creativo","robots":{"index":"index","follow":"follow","max-snippet":"max-snippet:-1","max-image-preview":"max-image-preview:large","max-video-preview":"max-video-preview:-1"},"canonical":"https:\/\/dev.antudigital.cl\/sites\/vc\/inscribete-en-de-ellas-para-todes-programa-de-formacion-en-industria-e-musica-de-la-scd\/","og_locale":"es_ES","og_type":"article","og_title":"Inscr\u00edbete en \"De ellas para todes: Programa de formaci\u00f3n en industria e m\u00fasica\" de la SCD - Valpara\u00ed\u00adso Creativo","og_description":"Desde el 7 de septiembre se llevar\u00e1 a cabo el programa De ellas para todes,\u00a0enfocado en la formaci\u00f3n respecto a la industria musical. Se trata de un ciclo de talleres y charlas dictado por destacadas trabajadoras de la escena, para poder guiar a otras artistas, una invitaci\u00f3n completamente abierta para quienes tengan inter\u00e9s. Se extiende [&hellip;]","og_url":"https:\/\/dev.antudigital.cl\/sites\/vc\/inscribete-en-de-ellas-para-todes-programa-de-formacion-en-industria-e-musica-de-la-scd\/","og_site_name":"Valpara\u00ed\u00adso Creativo","article_published_time":"2020-09-02T18:31:33+00:00","article_modified_time":"2021-12-25T19:23:24+00:00","og_image":[{"width":622,"height":306,"url":"https:\/\/dev.antudigital.cl\/sites\/vc\/wp-content\/uploads\/2020\/09\/Captura-de-Pantalla-2020-09-02-a-las-18.30.18.png","type":"image\/png"}],"author":"Valparaiso Creativo","twitter_card":"summary_large_image","twitter_misc":{"Escrito por":"Valparaiso Creativo","Tiempo de lectura":"1 minuto"},"schema":{"@context":"https:\/\/schema.org","@graph":[{"@type":"Article","@id":"https:\/\/dev.antudigital.cl\/sites\/vc\/inscribete-en-de-ellas-para-todes-programa-de-formacion-en-industria-e-musica-de-la-scd\/#article","isPartOf":{"@id":"https:\/\/dev.antudigital.cl\/sites\/vc\/inscribete-en-de-ellas-para-todes-programa-de-formacion-en-industria-e-musica-de-la-scd\/"},"author":{"name":"Valparaiso Creativo","@id":"https:\/\/dev.antudigital.cl\/sites\/vc\/#\/schema\/person\/81d1dcd51abd542b5dfc00f5f951a0f1"},"headline":"Inscr\u00edbete en \u00abDe ellas para todes: Programa de formaci\u00f3n en industria e m\u00fasica\u00bb de la SCD","datePublished":"2020-09-02T18:31:33+00:00","dateModified":"2021-12-25T19:23:24+00:00","mainEntityOfPage":{"@id":"https:\/\/dev.antudigital.cl\/sites\/vc\/inscribete-en-de-ellas-para-todes-programa-de-formacion-en-industria-e-musica-de-la-scd\/"},"wordCount":135,"image":{"@id":"https:\/\/dev.antudigital.cl\/sites\/vc\/inscribete-en-de-ellas-para-todes-programa-de-formacion-en-industria-e-musica-de-la-scd\/#primaryimage"},"thumbnailUrl":"https:\/\/dev.antudigital.cl\/sites\/vc\/wp-content\/uploads\/2020\/09\/Captura-de-Pantalla-2020-09-02-a-las-18.30.18.png","articleSection":["Noticia"],"inLanguage":"es"},{"@type":"WebPage","@id":"https:\/\/dev.antudigital.cl\/sites\/vc\/inscribete-en-de-ellas-para-todes-programa-de-formacion-en-industria-e-musica-de-la-scd\/","url":"https:\/\/dev.antudigital.cl\/sites\/vc\/inscribete-en-de-ellas-para-todes-programa-de-formacion-en-industria-e-musica-de-la-scd\/","name":"Inscr\u00edbete en \"De ellas para todes: Programa de formaci\u00f3n en industria e m\u00fasica\" de la SCD - Valpara\u00ed\u00adso Creativo","isPartOf":{"@id":"https:\/\/dev.antudigital.cl\/sites\/vc\/#website"},"primaryImageOfPage":{"@id":"https:\/\/dev.antudigital.cl\/sites\/vc\/inscribete-en-de-ellas-para-todes-programa-de-formacion-en-industria-e-musica-de-la-scd\/#primaryimage"},"image":{"@id":"https:\/\/dev.antudigital.cl\/sites\/vc\/inscribete-en-de-ellas-para-todes-programa-de-formacion-en-industria-e-musica-de-la-scd\/#primaryimage"},"thumbnailUrl":"https:\/\/dev.antudigital.cl\/sites\/vc\/wp-content\/uploads\/2020\/09\/Captura-de-Pantalla-2020-09-02-a-las-18.30.18.png","datePublished":"2020-09-02T18:31:33+00:00","dateModified":"2021-12-25T19:23:24+00:00","author":{"@id":"https:\/\/dev.antudigital.cl\/sites\/vc\/#\/schema\/person\/81d1dcd51abd542b5dfc00f5f951a0f1"},"breadcrumb":{"@id":"https:\/\/dev.antudigital.cl\/sites\/vc\/inscribete-en-de-ellas-para-todes-programa-de-formacion-en-industria-e-musica-de-la-scd\/#breadcrumb"},"inLanguage":"es","potentialAction":[{"@type":"ReadAction","target":["https:\/\/dev.antudigital.cl\/sites\/vc\/inscribete-en-de-ellas-para-todes-programa-de-formacion-en-industria-e-musica-de-la-scd\/"]}]},{"@type":"ImageObject","inLanguage":"es","@id":"https:\/\/dev.antudigital.cl\/sites\/vc\/inscribete-en-de-ellas-para-todes-programa-de-formacion-en-industria-e-musica-de-la-scd\/#primaryimage","url":"https:\/\/dev.antudigital.cl\/sites\/vc\/wp-content\/uploads\/2020\/09\/Captura-de-Pantalla-2020-09-02-a-las-18.30.18.png","contentUrl":"https:\/\/dev.antudigital.cl\/sites\/vc\/wp-content\/uploads\/2020\/09\/Captura-de-Pantalla-2020-09-02-a-las-18.30.18.png","width":622,"height":306},{"@type":"BreadcrumbList","@id":"https:\/\/dev.antudigital.cl\/sites\/vc\/inscribete-en-de-ellas-para-todes-programa-de-formacion-en-industria-e-musica-de-la-scd\/#breadcrumb","itemListElement":[{"@type":"ListItem","position":1,"name":"Home","item":"https:\/\/dev.antudigital.cl\/sites\/vc\/"},{"@type":"ListItem","position":2,"name":"Inscr\u00edbete en \u00abDe ellas para todes: Programa de formaci\u00f3n en industria e m\u00fasica\u00bb de la SCD"}]},{"@type":"WebSite","@id":"https:\/\/dev.antudigital.cl\/sites\/vc\/#website","url":"https:\/\/dev.antudigital.cl\/sites\/vc\/","name":"Valpara\u00ed\u00adso Creativo","description":"","potentialAction":[{"@type":"SearchAction","target":{"@type":"EntryPoint","urlTemplate":"https:\/\/dev.antudigital.cl\/sites\/vc\/?s={search_term_string}"},"query-input":{"@type":"PropertyValueSpecification","valueRequired":true,"valueName":"search_term_string"}}],"inLanguage":"es"},{"@type":"Person","@id":"https:\/\/dev.antudigital.cl\/sites\/vc\/#\/schema\/person\/81d1dcd51abd542b5dfc00f5f951a0f1","name":"Valparaiso Creativo","url":"https:\/\/dev.antudigital.cl\/sites\/vc\/author\/valparaiso-creativo\/"}]}},"_links":{"self":[{"href":"https:\/\/dev.antudigital.cl\/sites\/vc\/wp-json\/wp\/v2\/posts\/8746","targetHints":{"allow":["GET"]}}],"collection":[{"href":"https:\/\/dev.antudigital.cl\/sites\/vc\/wp-json\/wp\/v2\/posts"}],"about":[{"href":"https:\/\/dev.antudigital.cl\/sites\/vc\/wp-json\/wp\/v2\/types\/post"}],"author":[{"embeddable":true,"href":"https:\/\/dev.antudigital.cl\/sites\/vc\/wp-json\/wp\/v2\/users\/3"}],"replies":[{"embeddable":true,"href":"https:\/\/dev.antudigital.cl\/sites\/vc\/wp-json\/wp\/v2\/comments?post=8746"}],"version-history":[{"count":1,"href":"https:\/\/dev.antudigital.cl\/sites\/vc\/wp-json\/wp\/v2\/posts\/8746\/revisions"}],"predecessor-version":[{"id":8753,"href":"https:\/\/dev.antudigital.cl\/sites\/vc\/wp-json\/wp\/v2\/posts\/8746\/revisions\/8753"}],"wp:featuredmedia":[{"embeddable":true,"href":"https:\/\/dev.antudigital.cl\/sites\/vc\/wp-json\/wp\/v2\/media\/8747"}],"wp:attachment":[{"href":"https:\/\/dev.antudigital.cl\/sites\/vc\/wp-json\/wp\/v2\/media?parent=8746"}],"wp:term":[{"taxonomy":"category","embeddable":true,"href":"https:\/\/dev.antudigital.cl\/sites\/vc\/wp-json\/wp\/v2\/categories?post=8746"},{"taxonomy":"post_tag","embeddable":true,"href":"https:\/\/dev.antudigital.cl\/sites\/vc\/wp-json\/wp\/v2\/tags?post=8746"}],"curies":[{"name":"wp","href":"https:\/\/api.w.org\/{rel}","templated":true}]}}